{"id":14136,"date":"2023-07-18T07:41:31","date_gmt":"2023-07-18T06:41:31","guid":{"rendered":"http:\/\/www.unionbelge.be\/?p=14136"},"modified":"2023-07-31T19:14:28","modified_gmt":"2023-07-31T18:14:28","slug":"le-premier-livre-unitariste-est-pret-het-eerste-unitaristische-boek-is-af-das-erste-unitaristische-buch-ist-fertig","status":"publish","type":"post","link":"https:\/\/www.unionbelge.be\/?p=14136","title":{"rendered":"LE PREMIER LIVRE UNITARISTE EST PRET &#8211; HET EERSTE UNITARISTISCHE BOEK IS AF &#8211; DAS ERSTE UNITARISTISCHE BUCH IST FERTIG"},"content":{"rendered":"\n<p><strong>STAND DU B.U.B. DU 21 JUILLET 2023<\/strong><\/p>\n\n\n\n<p><strong>Comme chaque ann\u00e9e, le B.U.B. aura un stand dans la Rue de la R\u00e9gence \u00e0 Bruxelles. Les membres du parti pr\u00e9sents y expliqueront notre parti et mouvement unitariste et centriste et vendront des articles tricolores comme des drapeaux belges. Ils feront aussi compl\u00e9ter des formulaires pour le parti en vue des \u00e9lections. Il sera \u00e9galement possible de commander le livre unitariste de notre fondateur et pr\u00e9sident, Hans Van de Cauter, qui sera disponible \u00e0 partir de la fin du mois de juillet. Ce livre sera aussi publi\u00e9 sur notre site web.<\/strong><\/p>\n\n\n\n<p>Ce livre d\u00e9cortique scientifiquement les probl\u00e8mes politico-communautaires qui agitent la Belgique depuis un demi-si\u00e8cle. La cause de ces probl\u00e8mes est le nationalisme linguistique et, en particulier, le nationalisme &#8220;flamand&#8221; et &#8220;wallon&#8221;. Le principal catalyseur de ce ph\u00e9nom\u00e8ne est le f\u00e9d\u00e9ralisme linguistique dispendieux, inefficace, \u00e9parpillant et polarisant qui a divis\u00e9 la Belgique en communaut\u00e9s et en r\u00e9gions. Celles-ci se comportent comme de petits Etats au sein de l&#8217;Etat, chacun ayant son propre parlement, son propre gouvernement et son propre symbolisme. Ces institutions ont \u00e9t\u00e9 cr\u00e9\u00e9es par diverses \u201cr\u00e9formes\u201d de l&#8217;\u00c9tat mises en \u0153uvre par la particratie. Cette particratie a un quasi-monopole sur le pouvoir et \u00e9rode la d\u00e9mocratie belge. Cette oligarchie de partis parvient \u00e0 son tour \u00e0 perp\u00e9tuer son pouvoir par le biais de la m\u00e9diacratie. Parce qu&#8217;il n&#8217;y a pas de libre circulation des id\u00e9es en Belgique et que seuls les discours f\u00e9d\u00e9ralistes, s\u00e9paratistes et conf\u00e9d\u00e9ralistes (les deux derniers \u00e9tant plus ou moins synonymes) sont repris dans les m\u00e9dias audiovisuels, toute solution structurelle reste exclue. Et pourtant, celle-ci est simple: le r\u00e9tablissement de la Belgique unitaire telle qu&#8217;elle existait jusqu&#8217;en 1970.<\/p>\n\n\n\n<p>Chaque ann\u00e9e, le B.U.B. remarque que la plupart des Belges souhaitent au plus vite le retour \u00e0 cette Belgique unitaire. Plusieurs \u00e9tudes le confirment d\u2019ailleurs. Le nombre de s\u00e9paratistes est inversement proportionnel \u00e0 l\u2019attention que les m\u00e9dias leur accordent. Cela est d\u00fb au fait que la plupart des m\u00e9dias sont&nbsp;aux mains de flamingants au nord du pays ou de wallingants (voire de flamingants) ou de d\u00e9faitistes au sud de la Belgique. Cela se voit notamment au niveau de la couverture m\u00e9diatique de la F\u00eate nationale. Les journalistes n\u2019en parlent pas avant, mais seulement la veille pour r\u00e9sumer le discours royal et le jour m\u00eame pour mentionner le d\u00e9fil\u00e9 militaire, sans enthousiasme et tout cela souvent dans un sens particratique, sensationnel et antimonarchique. En revanche, on n\u2019entend pas un mot sur la foule incroyable qu\u2019attirent les festivit\u00e9s chaque ann\u00e9e et encore moins sur l\u2019esprit unitariste de cette foule. La presse nous cache la v\u00e9rit\u00e9 sur ordre de ses patrons particratiques et s\u00e9paratistes.<\/p>\n\n\n\n<p>Par ailleurs, plus personne ne croit encore au f\u00e9d\u00e9ralisme linguistique, \u00e0 l\u2019exception de quelques excentriques. Quoi de plus normal vu que le f\u00e9d\u00e9ralisme a \u00e9t\u00e9 instaur\u00e9 en Belgique pour scinder le pays et non pour l\u2019unifier, comme aux Etats-Unis ou en Suisse. Le respect n\u00e9cessaire des langues nationales ne n\u00e9cessite aucune autonomie. C\u2019est un leurre de la particratie.<\/p>\n\n\n\n<p><strong>Il n\u2019y a qu\u2019une Union Belge (B.U.B.) forte qui puisse remettre notre pays \u00e0 nouveau sur le droit chemin. Celui-ci doit garantir l&#8217;organisation d&#8217;un r\u00e9f\u00e9rendum sur la structure \u00e9tatique souhait\u00e9e, ce qu&#8217;aucun autre parti n&#8217;ose faire. Sinon, ce ne sont pas le conf\u00e9d\u00e9ralisme ou le s\u00e9paratisme qui menacent, mais des ann\u00e9es de discussions inutiles et le d\u00e9clin \u00e9conomique. Le B.U.B. n\u2019en veut pas! Nous voulons un avenir positif et unitaire pour notre petit pays magnifique!<\/strong><\/p>\n\n\n\n<p><strong>B.U.B.-STAND VAN 21 JULI 2023<\/strong><\/p>\n\n\n\n<p><strong>Op 21 juli 2023 houdt de B.U.B. in de Regentschapsstraat te Brussel zijn jaarlijkse stand. De aanwezige partijleden zullen er uitleg geven over onze unieke unitaristische centrumpartij en -beweging, tricolore artikelen zoals Belgische vlaggen uitdelen en verkopen alsook formulieren voor de verkiezingen laten invullen. Ook het unitaristische boek van onze stichter en voorzitter, Hans Van de Cauter, dat vanaf eind juli beschikbaar zal zijn, zal er besteld kunnen worden. Dit boek wordt ook op onze website gepubliceerd.<\/strong><\/p>\n\n\n\n<p>In dat boek wordt de politiek-communautaire problematiek die Belgi\u00eb sedert een halve eeuw in de ban houdt op een wetenschappelijke wijze ontleed. De oorzaak van die problemen is het taalnationalisme en met name het \u2018Vlaams-\u2018 en het \u2018Waals\u2019-nationalisme. De belangrijkste versterker hiervan is het peperdure, ineffici\u00ebnte, versnipperende en polariserende taalfederalisme waardoor Belgi\u00eb opgedeeld is in gemeenschappen en gewesten. Die gedragen zich als staatjes binnen de staat, elk met hun eigen parlement, regering en symboliek. Deze instellingen werden gecre\u00eberd door verschillende \u2018staatshervormingen\u2019 die door de taalgesplitste particratie werden doorgevoerd. Deze particratie heeft het quasi-monopolie op de macht en holt de Belgische democratie uit. Die partijenoligarchie weet op haar beurt haar macht te bestendigen via de mediacratie. Omdat er in Belgi\u00eb geen vrij verkeer van idee\u00ebn bestaat en enkel federalistische, separatistische en confederalistische (de laatste twee zijn ongeveer synoniemen) in de audiovisuele media aan bod komen, blijft elke structurele oplossing uit. En die is nochtans simpel: het herstel van het unitaire Belgi\u00eb zoals dat tot 1970 bestond.<\/p>\n\n\n\n<p>Elk jaar merkt de B.U.B. opnieuw dat de meeste Belgen zo spoedig mogelijk naar dat unitaire Belgi\u00eb willen terugkeren. Meerdere studies bevestigen dit trouwens. Het aantal separatisten is omgekeerd evenredig aan de media-aandacht die ze krijgen. En dat komt omdat de meeste media in handen zijn van flaminganten in het noorden van het land of in handen van wallinganten (en soms zelfs flaminganten) of defaitisten in het zuiden van het land. Dat ziet men ondermeer in de media-aandacht voor de Nationale Feestdag. De journalisten spreken er tevoren niet over, maar alleen de avond tevoren om de koninklijke toespraak samen te vatten en de dag zelf om te berichten over het militair d\u00e9fil\u00e9, zonder enthousiasme en dikwijls op een particratische, sensationele en anti-monarchistische wijze. Men rept daarentegen met geen woord over de ongelooflijke mensenmassa\u2019s die de festiviteiten jaarlijks aantrekken en nog minder over de unitaristische gezindheid van die mensen. Een groot deel van de pers verbergt de waarheid in opdracht van haar particratische en separatistische broodheren.<\/p>\n\n\n\n<p>Anderzijds gelooft niemand nog in het taalfederalisme of het moet \u00e9\u00e9n of andere zonderling zijn. En dat is ook normaal want het federalisme werd in Belgi\u00eb ingevoerd om het land te splitsen, niet om het te verenigen zoals in de VSA of Zwitserland. Het noodzakelijke respect voor de landstalen moet helemaal niet gepaard gaan met autonomie. Dat is een leugen van de particratie.<\/p>\n\n\n\n<p><strong>Alleen een sterke Belgische Unie (B.U.B.) kan ons land weer op het juiste spoor brengen. Die moet zorgen voor de organisatie van een referendum over de gewenste staatsstructuur, iets wat geen enkele andere partij aandurft. Anders dreigen niet het confederalisme of het separatisme, maar jaren van nutteloze discussies en economisch verval. Dat wil de B.U.B. niet ! Wij willen een positieve en unitaire toekomst voor ons kleine, maar prachtige land!<\/strong><\/p>\n\n\n\n<p><strong>STAND DES B.U.B. VOM 21. JULI 2023<\/strong><\/p>\n\n\n\n<p><strong>Wie jedes Jahr wird die B.U.B. einen Stand in der Rue de la R\u00e9gence in Br\u00fcssel haben. Die anwesenden Parteimitglieder werden dort unsere unitaristische und zentristische Partei und Bewegung erkl\u00e4ren und dreifarbige Artikeln wie belgische Flaggen verkaufen. Sie werden auch Formulare f\u00fcr die Partei im Hinblick auf die Wahlen ausf\u00fcllen lassen. Es wird auch m\u00f6glich sein, das unitaristische Buch, das ab Ende Juli verf\u00fcgbar sein wird, unseres Gr\u00fcnders und Vorsitzenden, Hans Van de Cauter, zu bestellen. Dieses Buch wird auch auf unserer Webseite ver\u00f6ffentlicht.<\/strong><\/p>\n\n\n\n<p>Dieses Buch zerlegt auf wissenschaftliche Weise die politisch-gemeinschaftlichen Probleme, die Belgien seit einem halben Jahrhundert bewegen. Die Ursache dieser Probleme ist der sprachliche Nationalismus, insbesondere der &#8220;fl\u00e4mische&#8221; und der &#8220;wallonische&#8221; Nationalismus. Der wichtigste Verst\u00e4rker dieses Ph\u00e4nomens ist der kostspielige, ineffiziente, zersplitternde und polarisierende Sprachf\u00f6deralismus, der Belgien in Gemeinschaften und Regionen aufgeteilt hat. Diese verhalten sich wie kleine Staaten innerhalb des Staates, jeder mit seinem eigenen Parlament, seiner eigenen Regierung und seiner eigenen Symbolik. Diese Institutionen wurden durch verschiedene &#8220;Reformen&#8221; des Staates geschaffen, die von der Parkratie umgesetzt wurden. Diese Partikratie hat ein Quasi-Monopol auf die Macht und erodiert die belgische Demokratie. Diese Parteienoligarchie schafft es wiederum, ihre Macht durch die Mediakratie zu verewigen. Da es in Belgien keine freie Zirkulation von Ideen gibt und in den audiovisuellen Medien nur f\u00f6deralistische, separatistische und konf\u00f6deralistische (wobei die beiden letzteren mehr oder weniger synonym sind) Diskurse wiedergegeben werden, ist eine strukturelle L\u00f6sung ausgeschlossen. Dabei ist die strukturelle L\u00f6sung ganz einfach: die Wiederherstellung des einheitlichen Belgiens, wie es bis 1970 bestand.<\/p>\n\n\n\n<p>Jedes Jahr stellt der B.U.B. fest, dass die meisten Belgier so schnell wie m\u00f6glich zu diesem unit\u00e4rische Belgien zur\u00fcckkehren m\u00f6chten. Dies wird auch durch mehrere Studien belegt. Die Zahl der Separatisten ist umgekehrt proportional zur Aufmerksamkeit, die ihnen die Medien widmen. Das liegt daran, dass die meisten Medien im Norden des Landes in der Hand von Flaminganten sind und im S\u00fcden Belgiens in der Hand von Wallinganten (oder sogar Flaminganten) oder Def\u00e4tisten. Dies zeigt sich vor allem in der Berichterstattung \u00fcber den Nationalfeiertag. Die Journalisten berichten nicht vorher, sondern nur am Vortag, um die k\u00f6nigliche Rede zusammenzufassen, und am selben Tag, um die Milit\u00e4rparade zu erw\u00e4hnen, ohne Begeisterung und alles oft in einem partikratischen, sensationellen und antimonarchischen Sinne. Im Gegensatz dazu h\u00f6rt man kein Wort \u00fcber die unglaubliche Menschenmenge, die die Feierlichkeiten jedes Jahr anziehen, und noch weniger \u00fcber den unitaristischen Geist dieser Menschenmenge. Die Presse verschweigt uns auf Befehl ihrer partikratischen und separatistischen Anf\u00fchrer die Wahrheit.<\/p>\n\n\n\n<p>Andererseits glaubt niemand mehr an den sprachlichen F\u00f6deralismus, es sei denn, es handelt sich um einen Exzentriker. Und das ist auch normal, denn der F\u00f6deralismus wurde in Belgien eingef\u00fchrt, um das Land zu spalten, nicht um es wie in den USA oder der Schweiz zu vereinen. Der notwendige Respekt vor den Landessprachen sollte keinesfalls mit Autonomie einhergehen. Das ist eine L\u00fcge der Partikratie.&nbsp;<\/p>\n\n\n\n<p><strong>Nur eine starke Belgische Union (B.U.B.) kann unser Land wieder auf den richtigen Weg bringen. Sie muss die Organisation eines Referendums \u00fcber die gew\u00fcnschte Staatsstruktur sicherstellen, was keine andere Partei wagt. Andernfalls drohen nicht Konf\u00f6deralismus oder Separatismus, sondern jahrelange sinnlose Diskussionen und wirtschaftlicher Niedergang. Das will die B.U.B. nicht! Wir wollen eine positive und einheitliche Zukunft f\u00fcr unser kleines, aber sch\u00f6nes Land!<\/strong><\/p>\n","protected":false},"excerpt":{"rendered":"<p>Comme chaque ann\u00e9e, le B.U.B. aura un stand dans la Rue de la R\u00e9gence \u00e0 Bruxelles &#8211; Op 21 juli 2023 houdt de B.U.B. in de Regentschapsstraat te Brussel zijn jaarlijkse stand &#8211; Wie jedes Jahr wird die B.U.B. einen Stand in der Rue de la R\u00e9gence in Br\u00fcssel haben. <\/p>\n","protected":false},"author":2,"featured_media":14137,"comment_status":"closed","ping_status":"closed","sticky":false,"template":"","format":"standard","meta":{"ngg_post_thumbnail":0,"jetpack_post_was_ever_published":false,"_jetpack_newsletter_access":"","_jetpack_dont_email_post_to_subs":false,"_jetpack_newsletter_tier_id":0,"_jetpack_memberships_contains_paywalled_content":false,"powered_cache_disable_cache":false,"_jetpack_memberships_contains_paid_content":false,"footnotes":"","jetpack_publicize_message":"","jetpack_publicize_feature_enabled":true,"jetpack_social_post_already_shared":true,"jetpack_social_options":{"image_generator_settings":{"template":"highway","default_image_id":0,"font":"","enabled":false},"version":2}},"categories":[1,5],"tags":[],"class_list":["post-14136","post","type-post","status-publish","format-standard","has-post-thumbnail","hentry","category-news0","category-opinions"],"jetpack_publicize_connections":[],"jetpack_featured_media_url":"https:\/\/www.unionbelge.be\/wp-content\/uploads\/2023\/07\/BUB.jpg","jetpack_sharing_enabled":true,"jetpack_shortlink":"https:\/\/wp.me\/p6Y7u0-3G0","jetpack_likes_enabled":false,"_links":{"self":[{"href":"https:\/\/www.unionbelge.be\/index.php?rest_route=\/wp\/v2\/posts\/14136","targetHints":{"allow":["GET"]}}],"collection":[{"href":"https:\/\/www.unionbelge.be\/index.php?rest_route=\/wp\/v2\/posts"}],"about":[{"href":"https:\/\/www.unionbelge.be\/index.php?rest_route=\/wp\/v2\/types\/post"}],"author":[{"embeddable":true,"href":"https:\/\/www.unionbelge.be\/index.php?rest_route=\/wp\/v2\/users\/2"}],"replies":[{"embeddable":true,"href":"https:\/\/www.unionbelge.be\/index.php?rest_route=%2Fwp%2Fv2%2Fcomments&post=14136"}],"version-history":[{"count":2,"href":"https:\/\/www.unionbelge.be\/index.php?rest_route=\/wp\/v2\/posts\/14136\/revisions"}],"predecessor-version":[{"id":14246,"href":"https:\/\/www.unionbelge.be\/index.php?rest_route=\/wp\/v2\/posts\/14136\/revisions\/14246"}],"wp:featuredmedia":[{"embeddable":true,"href":"https:\/\/www.unionbelge.be\/index.php?rest_route=\/wp\/v2\/media\/14137"}],"wp:attachment":[{"href":"https:\/\/www.unionbelge.be\/index.php?rest_route=%2Fwp%2Fv2%2Fmedia&parent=14136"}],"wp:term":[{"taxonomy":"category","embeddable":true,"href":"https:\/\/www.unionbelge.be\/index.php?rest_route=%2Fwp%2Fv2%2Fcategories&post=14136"},{"taxonomy":"post_tag","embeddable":true,"href":"https:\/\/www.unionbelge.be\/index.php?rest_route=%2Fwp%2Fv2%2Ftags&post=14136"}],"curies":[{"name":"wp","href":"https:\/\/api.w.org\/{rel}","templated":true}]}}