{"id":14116,"date":"2023-05-27T19:41:55","date_gmt":"2023-05-27T18:41:55","guid":{"rendered":"http:\/\/www.unionbelge.be\/?p=14116"},"modified":"2023-07-31T19:18:34","modified_gmt":"2023-07-31T18:18:34","slug":"vlaamse-canon-is-uiteraard-flamingantisch-propaganda-instrument-le-canon-flamand-est-evidemment-un-outil-de-propagande-flamingant-flamische-kanon-ist-selsbs","status":"publish","type":"post","link":"https:\/\/www.unionbelge.be\/?p=14116","title":{"rendered":"&#8220;VLAAMSE&#8221; CANON IS UITERAARD FLAMINGANTISCH PROPAGANDA-INSTRUMENT &#8211; LE CANON \u201cFLAMAND\u201d EST EVIDEMMENT UN OUTIL DE PROPAGANDE FLAMINGANT &#8211; \u201cFL\u00c4MISCHE\u201d KANON IST SELSBSTVERST\u00c4NDLICH EIN FLAMINGANTISCHE PROPAGANDAINSTRUMENT"},"content":{"rendered":"\n<p>Foto &#8211; Image &#8211; Bild: Chambre de Commerce (Lille, dans la Flandre fran\u00e7aise) &#8211; Kamer van Koophandel (Rijsel in Frans-Vlaanderen) &#8211; Handelskammer (Lille, franz\u00f6sisch Flandern); Bron &#8211; Source &#8211; Quelle: wikipedia<\/p>\n\n\n\n<p><strong>EEN VERSPILLING VAN OVERHEIDSGELD<\/strong><\/p>\n\n\n\n<p><strong>De zogenaamde \u201cCanon van Vlaanderen\u201d is zowel elektronisch als in boekvorm verschenen. De B.U.B. vraagt zich af waar dit nationalistisch project goed voor is.<\/strong><\/p>\n\n\n\n<p>Doorheen zestig thema\u2019s wordt de geschiedenis van het zogenaamde \u201cVlaanderen\u201d gecanoniseerd, van het einde van de laatste Ijstijd tot de hedendaagse migratie. In dat laatste thema lezen we hoe \u201c<em>volkeren<\/em>\u201d zelden \u201c<em>homogene, gesloten gemeenschappen<\/em>\u201d vormen. Daarmee wordt al meteen het problematische punt in deze hele \u201ccanon\u201d blootgelegd. Die is immers, ongeacht de inhoud, een \u201cVlaams\u201d-nationalistisch propaganda-instrument, omdat hij de lezer dwingt het debat over het zogenaamde \u201cVlaanderen\u201d in de nationalistische en foutieve zin van het woord te voeren en niet in de correcte betekenis als verzamelnaam van het tweetalige gebied bestaande uit West-, Oost-, Zeeuws- en Frans-Vlaanderen. We worden er anders gezegd, toe aangespoord om de hele realiteit en met name de hele geschiedenis vanuit een taalnationalistische invalshoek te bekijken.<\/p>\n\n\n\n<p>Vanwaar komt dit \u201cVlaams\u201d-nationalisme? In de \u201ccanon\u201d lezen we hoe tijdens de Eerste Wereldoorlog de \u201c<em>Duitse bezetter<\/em>\u201d een \u201c<em>zogenaamde Flamenpolitik<\/em>\u201d voerde. \u201c<em>Door radicale elementen in de Vlaamse beweging, de zogenoemde \u2018activisten\u2019 te steunen, hoopte Duitsland in Vlaanderen een anti-Belgische en pro-Duitse houding te kweken<\/em>\u201d. Dat klopt maar ten dele. Het was immers de <em>Flamenpolitik<\/em> die het activisme in het leven riep. Maar, belangrijker, in de canon lezen we dat er pas tijdens de Eerste Wereldoorlog een anti-Belgisch \u201cVlaams\u201d-nationalisme \u201c<em>gekweekt<\/em>\u201d werd door de Duitse bezetter. Verderop lezen we ook dat \u201cuit het ongenoegen van de activisten\u201d na de Eerste Wereldoorlog het \u201c<em>politieke Vlaams-nationalisme ontstond<\/em>\u201d (bedoeld wordt: het partijpolitieke anti-Belgische flamingantisme, het zogenaamde \u201cactivisme\u201d, was immers ook al een politieke stroming tijdens de Eerste Wereldoorlog). <\/p>\n\n\n\n<p><strong>Met andere woorden, een anti-Belgisch \u201cVlaams\u201d nationaal gevoel ontstond amper honderd jaar geleden en dan nog niet eens bij de Nederlandstalige bevolking, maar wel bij een (klein) deel van de \u201cVlaamse\u201d beweging. Nochtans is het dit anti-Belgisch gevoelen waarbij enkel uitgegaan wordt van een zogenaamde \u201cVlaamse\u201d realiteit waarop de canon zich beroept om tienduizend jaar geschiedenis te herinterpreteren!<\/strong><\/p>\n\n\n\n<p>Omdat het zogenaamde \u201cVlaanderen\u201d in de foutieve betekenis van het woord, d.w.z. het Nederlandstalig deel van Belgi\u00eb al dan niet met het tweetalige Brussel erbij, een onwetenschappelijk concept is, is het ook onmogelijk om vanuit die invalshoek aan ernstige geschiedschrijving te doen. Daarom ook moet de canon zich bij het onderwerp 1302 (een onderwerp dat nota bene tweemaal voorkomt, eenmaal bij de historische gebeurtenis en eenmaal bij het boek van Conscience) noodgedwongen beperken tot de sociale revoluties in het graafschap Vlaanderen en het hertogdom Brabant (die overigens tweetalige vorstendommen waren). Over het graafschap Loon (het huidige Limburg) vernemen we niets. Veelvuldig moet men zich beroepen op \u201cde Nederlanden\u201d of gewoon op Belgi\u00eb, waarvan de geschiedenis natuurlijk veel ouder en rijker is dan die van het zogenaamde \u201cVlaanderen\u201d. Het is ook geen toeval dat de auteurs bij \u201cSport\u201d gekozen hebben voor het wielrennen, waarin traditioneel relatief meer Nederlandstalige sporters actief zijn, maar niet voor andere sporten, zoals voetbal bijvoorbeeld. Die raken immers aan het Belgisch identiteitsbesef en in de \u201ccanon\u201d is Belgisch onverenigbaar met \u201cVlaams\u201d. Voorts lezen we elders over \u201c<em>de Vlaamse eetcultuur<\/em>\u201d. Alsof die zou verschillen van de Belgische eetcultuur die gedurende honderden jaren is gegroeid en duidelijk verschilt van die van onze buurlanden.<\/p>\n\n\n\n<p><strong>Belgi\u00eb werd na honderden jaren een gemeenschappelijk nationaal bestaan te hebben gekend, onafhankelijk in 1830 en uit het nationale enthousiasme rond de Belgische Revolutie ontstond een Nederlandstalige beweging in Noord-Belgi\u00eb. Die hield zich aanvankelijk enkel bezig met het opwaarderen van de volkstaal, maar zou na enkele decennia politieke eisen op taalvlak gaan stellen. Pas tijdens de Eerste Wereldoorlog, onder invloed van de Duitse bezetter werd een klein deel van de flaminganten anti-Belgisch. Gaandeweg zou dit deel de hele \u201cVlaamse\u201d beweging radicaliseren. Deze evolutie kreeg een enorme impuls toen tijdens de Tweede Wereldoorlog de hele \u201cVlaamse\u201d beweging collaboreerde. Vandaag wil deze \u201cVlaamse\u201d beweging Belgi\u00eb vernietigen en de geschiedenis moet ten dienste staan van dat project. Dat een overheid de geschiedenis zo misbruikt, is verwerpelijk. <\/strong><\/p>\n\n\n\n<p><strong>Zoals een zekere Bart De Wever, de huidige voorzitter van de N-VA verklaarde (<em>De Standaard<\/em>, 27 februari 2002): \u201c<em><span style=\"text-decoration: underline;\">Evenmin is het de taak van een parlement om een politieke interpretatie van historische feiten op te leggen.<\/span> <\/em>[\u2026] <em><span style=\"text-decoration: underline;\">Geschiedenis laat zich niet canoniseren tot absolute en eeuwige waarheid. Een offici\u00eble versie van het verleden opleggen, als dienstmaagd voor het politieke heden, is typisch voor totalitaire regimes<\/span><\/em>\u201d.<\/strong><\/p>\n\n\n\n<p><strong>UN GASPILLAGE DE DENIERS PUBLICS<\/strong><\/p>\n\n\n\n<p><strong>Le soi-disant \u201cCanon flamand\u201d est paru \u00e0 la fois sous forme \u00e9lectronique et sous forme de livre. Le B.U.B. se demande \u00e0 quoi sert ce projet nationaliste.<\/strong><\/p>\n\n\n\n<p>Au travers de soixante th\u00e8mes, l&#8217;histoire de la \u201cFlandre\u201d est canonis\u00e9e, depuis la fin de la derni\u00e8re p\u00e9riode glaciaire jusqu&#8217;aux migrations contemporaines. Dans ce dernier th\u00e8me, on apprend que les \u201c<em>peuples<\/em>\u201d forment rarement des \u201c<em>communaut\u00e9s homog\u00e8nes et ferm\u00e9es<\/em>\u201d. Cela met imm\u00e9diatement en \u00e9vidence le point probl\u00e9matique de tout ce \u201ccanon\u201d. En effet, ind\u00e9pendamment de son contenu, il s&#8217;agit d&#8217;un outil de propagande nationaliste \u201cflamande\u201d, car il oblige le lecteur \u00e0 d\u00e9battre de la \u201cFlandre\u201d au sens nationaliste et erron\u00e9 du terme, et non au sens correct de nom collectif de la r\u00e9gion bilingue compos\u00e9e de la Flandre occidentale, orientale, z\u00e9landaise et fran\u00e7aise. En d&#8217;autres termes, nous sommes invit\u00e9s \u00e0 consid\u00e9rer toute la r\u00e9alit\u00e9 et surtout toute l&#8217;histoire sous l&#8217;angle du nationalisme linguistique.<\/p>\n\n\n\n<p>D&#8217;o\u00f9 vient ce nationalisme &#8220;flamand&#8221; ? Dans le \u201ccanon\u201d, nous lisons que pendant la Premi\u00e8re Guerre mondiale, l&#8217;\u201d<em>occupant allemand<\/em>\u201d a men\u00e9 une soi-disant <em>Flamenpolitik<\/em>. \u201c<em>En soutenant les \u00e9l\u00e9ments radicaux du mouvement flamand, les \u201cactivistes\u201d, l&#8217;Allemagne esp\u00e9rait encourager une attitude anti-belge et pro-allemande en Flandre<\/em>\u201d. Ce n&#8217;est que partiellement vrai. En effet, c&#8217;est la Flamenpolitik qui a cr\u00e9\u00e9 l&#8217;activisme. Mais, plus important encore, nous lisons dans le canon que ce n&#8217;est que pendant la Premi\u00e8re Guerre mondiale que le nationalisme &#8220;flamand&#8221; anti-belge a \u00e9t\u00e9 &#8220;<em>cultiv\u00e9<\/em>&#8221; par l&#8217;occupant allemand. Plus loin, nous lisons \u00e9galement que \u201c<em>le m\u00e9contentement des activistes\u201d apr\u00e8s la Premi\u00e8re Guerre mondiale a donn\u00e9 naissance au &#8220;nationalisme politique flamand<\/em>&#8221; (plus pr\u00e9cis\u00e9ment: au nationalisme \u201cflamand\u201d partisan, le soi-disant \u201cactivisme\u201d, \u00e9tant aussi un mouvement politique pendant la Premi\u00e8re Guerre mondiale). <\/p>\n\n\n\n<p><strong>En d&#8217;autres termes, un sentiment national \u201cflamand\u201d anti-belge est n\u00e9 il y a \u00e0 peine cent ans, et pas m\u00eame au sein de la population n\u00e9erlandophone, mais dans une (petite) partie du mouvement \u201cflamand\u201d. Or, c&#8217;est sur ce sentiment anti-belge bas\u00e9 uniquement sur une soi-disant r\u00e9alit\u00e9 \u201cflamande\u201d que le canon s&#8217;appuie pour r\u00e9interpr\u00e9ter dix mille ans d&#8217;histoire!<\/strong><\/p>\n\n\n\n<p>Parce que la &#8220;Flandre&#8221; au sens erron\u00e9 du terme, c&#8217;est-\u00e0-dire la partie n\u00e9erlandophone de la Belgique avec ou sans la region bruxelloise bilingue, est un concept non scientifique, il est \u00e9galement impossible de faire de l&#8217;historiographie s\u00e9rieuse sous cet angle. C&#8217;est \u00e9galement la raison pour laquelle le canon doit se limiter aux r\u00e9volutions sociales dans le comt\u00e9 de Flandre et le duch\u00e9 de Brabant (qui \u00e9taient des principaut\u00e9s bilingues) lorsqu&#8217;il s&#8217;agit du sujet 1302 (un sujet qui appara\u00eet deux fois, une fois dans l&#8217;\u00e9v\u00e9nement historique et une fois dans le livre de Conscience). Nous n&#8217;entendons pas parler du comt\u00e9 de Loon (l&#8217;actuel Limbourg). Il faut souvent se r\u00e9f\u00e9rer aux &#8220;Pays-Bas&#8221; ou simplement \u00e0 la Belgique, dont l&#8217;histoire est bien s\u00fbr beaucoup plus ancienne et plus riche que celle de la &#8220;Flandre&#8221;. Ce n&#8217;est pas non plus un hasard si, dans la rubrique &#8220;Sport&#8221;, les auteurs ont choisi le cyclisme, sport dans lequel les sportifs n\u00e9erlandophones sont traditionnellement relativement plus nombreux, mais pas d&#8217;autres sports, comme le football par exemple. En effet, ceux-ci touchent au sens de l&#8217;identit\u00e9 belge et, dans le &#8220;canon&#8221;, belge est incompatible avec &#8220;flamand&#8221;. En outre, nous lisons qu&#8217;il existe une \u201cculture alimentaire flamande\u201d. Comme si cette culture diff\u00e9rait de la culture alimentaire belge qui s&#8217;est d\u00e9velopp\u00e9e au cours de centaines d&#8217;ann\u00e9es et qui est clairement diff\u00e9rente de celle de nos pays voisins.<\/p>\n\n\n\n<p><strong>La Belgique est devenue ind\u00e9pendante en 1830 apr\u00e8s des centaines d&#8217;ann\u00e9es d&#8217;existence nationale commune et un mouvement n\u00e9erlandophone a \u00e9merg\u00e9 dans le nord de la Belgique \u00e0 la suite de l&#8217;enthousiasme national entourant la R\u00e9volution belge. Au d\u00e9part, ce mouvement ne s&#8217;int\u00e9ressait qu&#8217;\u00e0 l&#8217;am\u00e9lioration de la langue vernaculaire, mais apr\u00e8s quelques d\u00e9cennies, il a commenc\u00e9 \u00e0 formuler des demandes politiques en termes de langue. Ce n&#8217;est que pendant la Premi\u00e8re Guerre mondiale, sous l&#8217;influence des occupants allemands, qu&#8217;une petite partie des flamingants est devenu anti-belge. Progressivement, cette partie radicalisera l&#8217;ensemble du mouvement &#8220;flamand&#8221;. Cette \u00e9volution a connu un essor consid\u00e9rable lorsque, pendant la Seconde Guerre mondiale, l&#8217;ensemble du mouvement \u201cflamand\u201d a collabor\u00e9. Aujourd&#8217;hui, ce mouvement \u201cflamand\u201d veut d\u00e9truire la Belgique et l&#8217;histoire doit servir ce projet. Un tel d\u00e9tournement de l&#8217;histoire par un gouvernement est condamnable.<\/strong><\/p>\n\n\n\n<p><strong>Comme l&#8217;a d\u00e9clar\u00e9 un certain Bart De Wever, l&#8217;actuel pr\u00e9sident de la N-VA (<em>De Standaard<\/em>, 27 f\u00e9vrier 2002) : &#8220;<em>I<span style=\"text-decoration: underline;\">l n&#8217;appartient pas non plus \u00e0 un parlement d&#8217;imposer une interpr\u00e9tation politique des faits historiques. L&#8217;histoire ne peut \u00eatre canonis\u00e9e en v\u00e9rit\u00e9 absolue et \u00e9ternelle. L&#8217;imposition d&#8217;une version officielle du pass\u00e9, en tant que servante du pr\u00e9sent politique, est typique des r\u00e9gimes totalitaires<\/span><\/em>&#8220;.<\/strong><\/p>\n\n\n\n<p><strong>EINE VERSCHWENDUNG VON \u00d6FFENTLICHEN GELDERN<\/strong><\/p>\n\n\n\n<p><strong>Der so genannte &#8220;Kanon von Flandern&#8221; ist sowohl elektronisch als auch in Buchform erschienen ist. Die B.U.B. fragt sich, wozu dieses nationalistische Projekt gut ist.<\/strong><\/p>\n\n\n\n<p>In sechzig Themen wird die Geschichte des so genannten &#8220;Flandern&#8221; kanonisiert, vom Ende der letzten Eiszeit bis zur heutigen Migration. Im letzten Thema lesen wir, dass &#8220;<em>V\u00f6lker<\/em>&#8221; selten &#8220;<em>homogene, geschlossene Gemeinschaften<\/em>&#8221; bilden. Damit wird sofort der problematische Punkt in diesem ganzen &#8220;Kanon&#8221; deutlich. Denn unabh\u00e4ngig von seinem Inhalt handelt es sich um ein &#8220;fl\u00e4misches&#8221; nationalistisches Propagandainstrument, weil es den Leser zwingt, \u00fcber das so genannte &#8220;Flandern&#8221; im nationalistischen und falschen Sinne des Wortes zu debattieren und nicht im korrekten Sinne als kollektive Bezeichnung des zweisprachigen Gebiets, das aus West-, Ost-, seel\u00e4ndischem und franz\u00f6sischem Flandern besteht. Mit anderen Worten, wir werden dazu angehalten, die gesamte Realit\u00e4t und vor allem die gesamte Geschichte aus einem sprachnationalistischen Blickwinkel zu betrachten.<\/p>\n\n\n\n<p>Woher kommt dieser &#8220;fl\u00e4mische&#8221; Nationalismus? Im &#8220;Kanon&#8221; lesen wir, wie w\u00e4hrend des Ersten Weltkriegs die &#8220;<em>deutschen Besatzer<\/em>&#8221; eine &#8220;<em>sogenannte Flamenpolitik<\/em>&#8221; betrieben. &#8220;<em>Durch die Unterst\u00fctzung radikaler Elemente in der fl\u00e4mischen Bewegung, der so genannten &#8216;Aktivisten&#8217;, hoffte Deutschland, eine antibelgische und prodeutsche Haltung in Flandern zu f\u00f6rdern<\/em>&#8220;. Dies ist nur teilweise richtig. Schlie\u00dflich war es die Flamenpolitik, die den Aktivismus hervorgebracht hat. Wichtiger ist jedoch, dass im Kanon zu lesen ist, dass der antibelgische &#8220;fl\u00e4mische&#8221; Nationalismus erst w\u00e4hrend des Ersten Weltkriegs von den deutschen Besatzern &#8220;<em>kultiviert<\/em>&#8221; wurde. Weiter hei\u00dft es, dass nach dem Ersten Weltkrieg &#8220;<em>aus der Unzufriedenheit der Aktivisten<\/em>&#8221; ein &#8220;<em>politischer fl\u00e4mischer Nationalismus<\/em>&#8221; entstanden sei. (das hei\u00dft: der parteipolitische anti-belgische Flamingantismus, der sogenannte &#8220;Aktivismus&#8221;, war ja auch eine politische Bewegung in dem Ersten Weltkrieg). <\/p>\n\n\n\n<p><strong>Mit anderen Worten, ein antibelgisches &#8220;fl\u00e4misches&#8221; Nationalgef\u00fchl entstand vor kaum hundert Jahren, und zwar nicht einmal in der niederl\u00e4ndischsprachigen Bev\u00f6lkerung, sondern bei einem (kleinen) Teil der &#8220;fl\u00e4mischen&#8221; Bewegung. Es ist jedoch dieses antibelgische Gef\u00fchl, das nur auf einer so genannten &#8220;fl\u00e4mischen&#8221; Realit\u00e4t beruht, auf die sich der Kanon st\u00fctzt, um zehntausend Jahre Geschichte neu zu interpretieren!<\/strong><\/p>\n\n\n\n<p>Da das so genannte &#8220;Flandern&#8221; im falschen Sinne des Wortes, d.h. der niederl\u00e4ndischsprachige Teil Belgiens mit oder ohne das zweisprachige Br\u00fcssel, ein unwissenschaftliches Konzept ist, ist es auch unm\u00f6glich, eine ernsthafte Geschichtsschreibung unter diesem Gesichtspunkt zu betreiben. Das ist auch der Grund, warum sich der Kanon auf die sozialen Umw\u00e4lzungen in der Grafschaft Flandern und dem Herzogtum Brabant (die zweisprachige F\u00fcrstent\u00fcmer waren) beschr\u00e4nken muss, wenn es um das Thema 1302 geht (ein Thema, das zweimal vorkommt, einmal im historischen Ereignis und einmal im Buch von Conscience). \u00dcber die Grafschaft Loon (das heutige Limburg) wird nichts gesagt. H\u00e4ufig muss man auf &#8220;die Niederlande&#8221; oder einfach auf Belgien verweisen, dessen Geschichte nat\u00fcrlich viel \u00e4lter und reicher ist als die des sogenannten &#8220;Flandern&#8221;. Es ist auch kein Zufall, dass die Autoren im Bereich &#8220;Sport&#8221; den Radsport gew\u00e4hlt haben, in dem traditionell relativ viele niederl\u00e4ndischsprachige Sportler aktiv sind, nicht aber andere Sportarten, wie z.B. Fu\u00dfball. Denn diese ber\u00fchren das belgische Identit\u00e4tsgef\u00fchl, und im &#8220;Kanon&#8221; ist &#8220;belgisch&#8221; unvereinbar mit &#8220;fl\u00e4misch&#8221;. Au\u00dferdem lesen wir an anderer Stelle von &#8220;fl\u00e4mischer Esskultur&#8221;. Als ob sich diese von der belgischen Esskultur unterscheiden w\u00fcrde, die \u00fcber Hunderte von Jahren gewachsen ist und sich deutlich von der unserer Nachbarl\u00e4nder unterscheidet.<\/p>\n\n\n\n<p><strong>Nach Hunderten von Jahren gemeinsamer nationaler Existenz wurde Belgien 1830 unabh\u00e4ngig, und aus der nationalen Begeisterung f\u00fcr die belgische Revolution heraus entstand in Nordbelgien eine niederl\u00e4ndischsprachige Bewegung. Zun\u00e4chst ging es nur um die Aufwertung der Volkssprache, doch nach einigen Jahrzehnten begann sie, sprachpolitische Forderungen zu stellen. Erst w\u00e4hrend des Ersten Weltkriegs, unter dem Einfluss der deutschen Besatzer, wurde ein kleiner Teil der Flaminganten anti-belgisch. Nach und nach radikalisiert dieser Teil die gesamte &#8220;fl\u00e4mische&#8221; Bewegung. Diese Entwicklung erhielt einen enormen Auftrieb, als w\u00e4hrend des Zweiten Weltkriegs die gesamte &#8220;fl\u00e4mische&#8221; Bewegung kollaborierte. Heute will diese &#8220;fl\u00e4mische&#8221; Bewegung Belgien zerst\u00f6ren, und die Geschichte muss diesem Vorhaben dienen. Dass eine Regierung die Geschichte auf diese Weise missbraucht, ist verwerflich.<\/strong><\/p>\n\n\n\n<p><strong>Wie ein gewisser Bart De Wever, der derzeitige Vorsitzende der N-VA, erkl\u00e4rte (<em>De Standaard<\/em>, 27. Februar 2002): &#8220;<em><span style=\"text-decoration: underline;\">Es ist auch nicht die Aufgabe eines Parlaments, eine politische Interpretation der historischen Fakten durchzusetzen.<\/span> <\/em>[&#8230;] <span style=\"text-decoration: underline;\"><em>Die Geschichte kann nicht als absolute und ewige Wahrheit kanonisiert werden. Das Aufzwingen einer offiziellen Version der Vergangenheit als Handlanger der politischen Gegenwart ist typisch f\u00fcr totalit\u00e4re Regime<\/em>&#8220;<\/span>.<\/strong><\/p>\n","protected":false},"excerpt":{"rendered":"<p>De B.U.B. vraagt zich af waar dit nationalistisch project goed voor is &#8211; Le B.U.B. se demande \u00e0 quoi sert ce projet nationaliste &#8211; Die B.U.B. fragt sich, wozu dieses nationalistische Projekt gut ist.<\/p>\n","protected":false},"author":2,"featured_media":14117,"comment_status":"closed","ping_status":"closed","sticky":false,"template":"","format":"standard","meta":{"ngg_post_thumbnail":0,"jetpack_post_was_ever_published":false,"_jetpack_newsletter_access":"","_jetpack_dont_email_post_to_subs":false,"_jetpack_newsletter_tier_id":0,"_jetpack_memberships_contains_paywalled_content":false,"powered_cache_disable_cache":false,"_jetpack_memberships_contains_paid_content":false,"footnotes":"","jetpack_publicize_message":"","jetpack_publicize_feature_enabled":true,"jetpack_social_post_already_shared":true,"jetpack_social_options":{"image_generator_settings":{"template":"highway","default_image_id":0,"font":"","enabled":false},"version":2}},"categories":[1,5],"tags":[],"class_list":["post-14116","post","type-post","status-publish","format-standard","has-post-thumbnail","hentry","category-news0","category-opinions"],"jetpack_publicize_connections":[],"jetpack_featured_media_url":"https:\/\/www.unionbelge.be\/wp-content\/uploads\/2023\/05\/1024px-Chambre_de_commerce_de_Lille.jpg","jetpack_sharing_enabled":true,"jetpack_shortlink":"https:\/\/wp.me\/p6Y7u0-3FG","jetpack_likes_enabled":false,"_links":{"self":[{"href":"https:\/\/www.unionbelge.be\/index.php?rest_route=\/wp\/v2\/posts\/14116","targetHints":{"allow":["GET"]}}],"collection":[{"href":"https:\/\/www.unionbelge.be\/index.php?rest_route=\/wp\/v2\/posts"}],"about":[{"href":"https:\/\/www.unionbelge.be\/index.php?rest_route=\/wp\/v2\/types\/post"}],"author":[{"embeddable":true,"href":"https:\/\/www.unionbelge.be\/index.php?rest_route=\/wp\/v2\/users\/2"}],"replies":[{"embeddable":true,"href":"https:\/\/www.unionbelge.be\/index.php?rest_route=%2Fwp%2Fv2%2Fcomments&post=14116"}],"version-history":[{"count":3,"href":"https:\/\/www.unionbelge.be\/index.php?rest_route=\/wp\/v2\/posts\/14116\/revisions"}],"predecessor-version":[{"id":14249,"href":"https:\/\/www.unionbelge.be\/index.php?rest_route=\/wp\/v2\/posts\/14116\/revisions\/14249"}],"wp:featuredmedia":[{"embeddable":true,"href":"https:\/\/www.unionbelge.be\/index.php?rest_route=\/wp\/v2\/media\/14117"}],"wp:attachment":[{"href":"https:\/\/www.unionbelge.be\/index.php?rest_route=%2Fwp%2Fv2%2Fmedia&parent=14116"}],"wp:term":[{"taxonomy":"category","embeddable":true,"href":"https:\/\/www.unionbelge.be\/index.php?rest_route=%2Fwp%2Fv2%2Fcategories&post=14116"},{"taxonomy":"post_tag","embeddable":true,"href":"https:\/\/www.unionbelge.be\/index.php?rest_route=%2Fwp%2Fv2%2Ftags&post=14116"}],"curies":[{"name":"wp","href":"https:\/\/api.w.org\/{rel}","templated":true}]}}