{"id":14063,"date":"2023-01-05T19:35:54","date_gmt":"2023-01-05T18:35:54","guid":{"rendered":"http:\/\/www.unionbelge.be\/?p=14063"},"modified":"2023-01-06T21:00:04","modified_gmt":"2023-01-06T20:00:04","slug":"ondersteun-de-vraag-van-de-b-u-b-om-een-referendum-over-de-staatsstructuur-te-organiseren-soutenez-la-demande-du-b-u-b-dorganiser-un-referendum-sur-la-structure-de-letat","status":"publish","type":"post","link":"https:\/\/www.unionbelge.be\/?p=14063","title":{"rendered":"ONDERSTEUN DE VRAAG VAN DE B.U.B. OM EEN REFERENDUM OVER DE STAATSSTRUCTUUR TE ORGANISEREN ! &#8211; SOUTENEZ LA DEMANDE DU B.U.B. D\u2019ORGANISER UN REFERENDUM SUR LA STRUCTURE DE L\u2019ETAT\u00a0! &#8211;  UNTERST\u00dcTZEN SIE DIE FORDERUNG DER B.U.B. NACH EINEM REFERENDUM \u00dcBER DIE STAATSSTRUKTUR"},"content":{"rendered":"\n<p>Foto &#8211; Photo &#8211; Bild: Vlag met logo B.U.B. \u2013 Drapeau avec le logo du B.U.B. &#8211; Flagge mit Logo B.U.B. Bron &#8211; Source &#8211; Quelle: B.U.B.<\/p>\n\n\n\n<p><strong>UW BIJDRAGE HELPT DE B.U.B. OOK IN 2023 ! IBAN : BE91 <a rel=\"noreferrer noopener\" href=\"tel:068-2417677-76\" target=\"_blank\">068-2417677-76<\/a> (BIC : GKCCBEBB)<\/strong><\/p>\n\n\n\n<p><strong>Op binnenlands vlak was 2022 een relatief rustig jaar. De covid-pandemie, waarmee \u201conze\u201d politieke elite niet kon omgaan, liep (gelukkig) op zijn einde. Wel waren er geregeld (niet-communautaire) spanningen binnen de Belgische regering, die door de separatistische oppositie te baat genomen werden om een anti-Belgische campagne op touw te zetten. Parallel dreigen de separatisten er wekelijks, met de hulp van hun hulpvaardige media, mee om ons land in 2024 te splitsen.<\/strong><\/p>\n\n\n\n<p>Op buitenlands vlak werd Europa echter voor het eerst sedert 1945 geconfronteerd met een grootschalig conflict nadat Rusland na acht jaar burgeroorlog in de Donbass op 24 februari 2022 de ex-Sovjet-republiek Oekra\u00efne binnenviel o.a. onder het voorwendsel de onderdrukte Russischsprekende bevolking daar te beschermen. De B.U.B. heeft in dit conflict de westerse machten opgeroepen een voorzichtige en neutrale houding aan te nemen om elk risico op een (nucleaire) escalatie te vermijden (<a href=\"https:\/\/www.unionbelge.be\/?p=13907\">zie onze tekst<\/a>). Helaas gebeurde dit niet, integendeel. Het risico op een fatale derde wereldoorlog \u2013 de laatste van de mensheid \u2013 is daarmee nog niet van de baan.<\/p>\n\n\n\n<p>Voor wat Belgi\u00eb betreft, gijzelt de \u201cBelgische\u201d particratie al meer dan vijf decennia de Belgen met een onwerkbaar en peperduur taalfederalisme. Er zijn in het piepkleine Belgi\u00eb onvoldoende bekwame politici om, al naar gelang de berekeningswijze, zes tot negen parlementen en evenveel regeringen te bevolken. Anderzijds is het al m\u00e9\u00e9r dan tien jaar geleden (11 oktober 2011) dat diezelfde particratie er nog in slaagde om een communautair akkoord af te sluiten, waarbij Belgi\u00eb verder ontmanteld werd. Bij de toenmalige staatshervorming, die tussen 2012 en 2014 in wetteksten werd gegoten, werden tientallen bevoegdheden naar de gewesten en de gemeenschappen overgeheveld (waaronder delen van de sociale zekerheid), werd de Senaat quasi ontmanteld, werd het tweetalige kiesarrondissement BHV gesplitst en verkregen de gewesten een ruime mate van fiscale autonomie. De B.U.B. is deze aanslag op de eenheid van Belgi\u00eb, die men de zesde ( ! ) \u201cstaatshervorming\u201d noemt, nog niet vergeten. Vandaag stellen we vast dat deze zoveelste staatsafbraak de Belgen niet gelukkiger heeft gemaakt, integendeel. Hij heeft alleen de particratie verrijkt en dus nog machtiger gemaakt. Bovendien heeft hij de bestaande staatsstructuur nog ingewikkelder, ineffici\u00ebnter, duurder en ineffici\u00ebnter gemaakt.<\/p>\n\n\n\n<p>Evenmin is onze partij en beweging vergeten dat deze \u201chervorming\u201d er kwam na de Belgische Grondwet opzij te schuiven. Overigens is het hele taalfederalisme illegaal en ongrondwettelijk (<a href=\"https:\/\/www.unionbelge.be\/?p=5421\">zie onze tekst<\/a>), waardoor het ook met een pennentrek kan worden afgeschaft.<\/p>\n\n\n\n<p>Over die zogenaamde \u201cstaatshervormingen\u201d, citeren we mevr. Rutten, oud-voorzitter van OPEN VLD, die haar hele politieke carri\u00e8re al balanceert tussen een pro-Belgische en een flamingantische houding: \u201c<em>Sinds 1970 draagt elke staatshervorming in zich de kiemen van de splitsing van het einde van Belgi\u00eb. Ondertussen bleven de Vlaams-nationale partijen bij (bijna) elke staatshervorming aan de kant staan: de \u2018staatsdragende\u2019 <\/em>(aanhalingstekens in de oorspronkelijke tekst, B.U.B.) <em>partijen splitsten het land wel in hun plaats.<\/em>\u201d Ze voegde daar nog aan toe: \u201c<em>De Isra\u00eblische historicus Yuval Noah Harari zou onze gemeenschappen en gewesten wellicht \u2018artifici\u00eble structuren\u2019 noemen. Die mogen verdwijnen<\/em>&#8221; (<em>Knack<\/em>, 3 janvier 2023). Inderdaad !<\/p>\n\n\n\n<p>Vermoedelijk komt er na 2024 geen nieuwe \u201cstaatshervorming\u201d om de eenvoudige reden dat de partijen die dit nastreven niet over een 2\/3de meerderheid zullen beschikken. Mathematisch lijkt het ook bijzonder onwaarschijnlijk dat er een soort verdoken \u201cstaatshervorming\u201d wordt doorgevoerd waarbij er in de schoot van de nationale regering departementen worden opgesplitst. <a href=\"https:\/\/www.unionbelge.be\/?p=13750\">In 2020 hadden de anti-Belgische N-VA en de radicaal-regionalistische PS hier nochtans een akkoord over<\/a>, dat gelukkig dode letter bleef. We kunnen ondertussen met vreugde vaststellen dat alle initiatieven omtrent een staatshervorming die door de verschillende parlementen die ons kleine land \u201crijk\u201d is, geen gevolg hadden. Zo leverden ook de liefst 36 ( ! ) zittingen die de \u201cWerkgroep Institutionele Zaken\u201d van het ter zake onbevoegde \u201cVlaams\u201d parlement tussen 18 januari 2021 en 4 juli 2022 hield, niets op. En hoewel de zogenaamde \u201cfederale\u201d regering zich in het regeerakkoord voorgenomen had om de gezondheidszorgen geheel of gedeeltelijk te splitsen en om een \u201casymmetrisch\u201d beleid te voeren, met name in de gezondheidszorgen en in de arbeidsmarkt (waardoor nationale wetten kunnen verschillen per gewest of per gemeenschap), kwam ook daar gelukkig niets van in huis.<\/p>\n\n\n\n<p>Nochtans blijft waakzaamheid geboden want de taalgesplitste particratie is volkomen onbetrouwbaar.&nbsp;&nbsp;<\/p>\n\n\n\n<p>Net daarom moet de B.U.B. maximaal gesteund worden. In 2023 plannen we onze website volledig te vernieuwen, gebruiksvriendelijker en moderner te maken. Ook zal het langverwachte unitaristisch boek (uitgebreid manifest) van onze stichter en voorzitter Hans Van de Cauter, waarvan nu reeds een meertalige en ingekorte versie online en offline beschikbaar is (<a href=\"https:\/\/pdfhost.io\/v\/EnXYsONsM_Microsoft_Word_MANIFEST_VOOR_EEN_NIEUW_UNITAIR_BELGIE_31072022docx\">zie deze link<\/a>) in de lente verschijnen. Het zijn allemaal belangrijke middelen om onze voor Belgi\u00eb cruciale en hoopvolle boodschap permanent te blijven uitdragen. Het is vooral als unitaristische beweging dat de B.U.B. in het kader van deze machtige particratie grootse zaken kan verwezenlijken, veel meer dan als partij.<\/p>\n\n\n\n<p>Het taalnationalisme en het taalfederalisme maken een goed bestuur van Belgi\u00eb hoe dan ook onmogelijk en dat in alle bevoegdheidsdomeinen, van mobiliteit over milieu tot onderwijs en cultuur.<\/p>\n\n\n\n<p><strong>Hoewel er voorlopig een communautaire status quo heerst \u2013 en de B.U.B. hoopt uiteraard dat die, bij gebrek aan een referendum (<a href=\"https:\/\/www.unionbelge.be\/?p=10450\">link<\/a>), waar onze partij en drukkingsgroep voor ijvert, blijft duren \u2013 moeten we blijven streven naar het zo snel mogelijke herstel van de unitaire staat op basis van de negen historische provincies. Het is de enige duurzame uitweg uit het particratisch-nationalistisch doolhof. Ook in 2023 zullen we dit blijven doen. Het unitarisme is overigens de sterkste en grootste politieke ideologie in Belgi\u00eb. Men kan de waarheid niet blijven ontkennen.<\/strong><\/p>\n\n\n\n<p><strong>In tegenstelling tot de particratie, daarin begrepen de openlijk anti-Belgische partijen &nbsp;ontvangt de Belgischgezinde B.U.B. geen eurocent staatssteun.<\/strong><\/p>\n\n\n\n<p><strong>U kan ons echter steunen door als sympathisant een bijdrage van 25 \u20ac (10 \u20ac voor jongeren onder 25 jaar) te storten op het volgend rekeningnummer:<\/strong><\/p>\n\n\n\n<p><br><strong>IBAN : BE91 <a rel=\"noreferrer noopener\" href=\"tel:068-2417677-76\" target=\"_blank\">068-2417677-76<\/a> (BIC : GKCCBEBB)<\/strong><\/p>\n\n\n\n<p>(zie ook: <a href=\"https:\/\/www.unionbelge.be\/#contact\" target=\"_blank\" rel=\"noreferrer noopener\">https:\/\/www.unionbelge.be\/#contact<\/a>)<\/p>\n\n\n\n<p><strong><em>Indien u ook een exemplaar van het unitaristisch boek van onze voorzitter wenst te ontvangen, dat in de loop van 2023 in het Frans en in het Nederlands zal verschijnen en meer dan 350 bladzijden zal bevatten, met kleurenillustraties en met een harde kaft, kan u ook bijkomend 25 \u20ac storten. Daarbij dient u de taal en uw mailadres aan te geven.<\/em><\/strong><\/p>\n\n\n\n<p>De B.U.B. wenst aan alle Belgen van harte een vreugdevol, gezond en unitaristisch 2023!<\/p>\n\n\n\n<p><\/p>\n\n\n\n<p>Hans Van de Cauter<\/p>\n\n\n\n<p>Voorzitter B.U.B.<\/p>\n\n\n\n<p><\/p>\n\n\n\n<p>Benedict Verbiest<\/p>\n\n\n\n<p>Ondervoorzitter B.U.B.<\/p>\n\n\n\n<p><\/p>\n\n\n\n<p>J\u00e9r\u00e9my Charlier<\/p>\n\n\n\n<p>Ondervoorzitter B.U.B.<\/p>\n\n\n\n<p><\/p>\n\n\n\n<p>Giuseppe Baudewijns<\/p>\n\n\n\n<p>Secretaris B.U.B.<\/p>\n\n\n\n<p><\/p>\n\n\n\n<p>Bruno Yammine<\/p>\n\n\n\n<p>Hoofd studiedienst B.U.B.<\/p>\n\n\n\n<figure class=\"wp-block-image size-large\"><a href=\"https:\/\/www.unionbelge.be\/wp-content\/uploads\/2023\/01\/image2.jpeg\"><img loading=\"lazy\" decoding=\"async\" width=\"1024\" height=\"768\" src=\"https:\/\/www.unionbelge.be\/wp-content\/uploads\/2023\/01\/image2-1024x768.jpeg\" alt=\"\" class=\"wp-image-14064\" srcset=\"https:\/\/www.unionbelge.be\/wp-content\/uploads\/2023\/01\/image2-1024x768.jpeg 1024w, https:\/\/www.unionbelge.be\/wp-content\/uploads\/2023\/01\/image2-420x315.jpeg 420w, https:\/\/www.unionbelge.be\/wp-content\/uploads\/2023\/01\/image2-800x600.jpeg 800w, https:\/\/www.unionbelge.be\/wp-content\/uploads\/2023\/01\/image2-300x225.jpeg 300w, https:\/\/www.unionbelge.be\/wp-content\/uploads\/2023\/01\/image2-768x576.jpeg 768w, https:\/\/www.unionbelge.be\/wp-content\/uploads\/2023\/01\/image2-1536x1152.jpeg 1536w, https:\/\/www.unionbelge.be\/wp-content\/uploads\/2023\/01\/image2-1232x924.jpeg 1232w, https:\/\/www.unionbelge.be\/wp-content\/uploads\/2023\/01\/image2-1440x1080.jpeg 1440w, https:\/\/www.unionbelge.be\/wp-content\/uploads\/2023\/01\/image2-80x60.jpeg 80w, https:\/\/www.unionbelge.be\/wp-content\/uploads\/2023\/01\/image2-120x90.jpeg 120w, https:\/\/www.unionbelge.be\/wp-content\/uploads\/2023\/01\/image2.jpeg 2016w\" sizes=\"auto, (max-width: 1024px) 100vw, 1024px\" \/><\/a><\/figure>\n\n\n\n<p>Foto &#8211; Photo &#8211; Bild: Stand du B.U.B. le 21 juillet 2022 \u2013 B.U.B.-stand van 21 juli 2022 \u2013 B.U.B.-stand vom 21. Juli 2022. Bron &#8211; Source &#8211; Quelle: B.U.B.<\/p>\n\n\n\n<p><strong>VOTRE CONTRIBUTION AIDERA LE B.U.B. EGALEMENT EN 2023 ! IBAN : BE91 <a rel=\"noreferrer noopener\" href=\"tel:068-2417677-76\" target=\"_blank\">068-2417677-76<\/a> (BIC : GKCCBEBB)<\/strong><\/p>\n\n\n\n<p><strong>Sur le plan national, l&#8217;ann\u00e9e 2022 a \u00e9t\u00e9 relativement calme. La pand\u00e9mie de covid-19, \u00e0 laquelle \u201cnotre\u201d \u00e9lite politique ne pouvait faire face, touchait (heureusement) \u00e0 sa fin. Toutefois, des tensions r\u00e9guli\u00e8res (bien que non communautaires) ont \u00e9t\u00e9 observ\u00e9es au sein du gouvernement belge. L&#8217;opposition s\u00e9paratiste en a profit\u00e9 pour lancer une campagne anti-belge. Parall\u00e8lement, les s\u00e9paratistes continuent chaque semaine \u2013 avec l\u2019aide des m\u00e9dias dociles \u2013 \u00e0 menacer les Belges d\u2019en finir avec notre pays en 2024.<\/strong><\/p>\n\n\n\n<p>Sur le front ext\u00e9rieur, cependant, l&#8217;Europe a \u00e9t\u00e9 confront\u00e9e \u00e0 son premier conflit majeur depuis 1945 apr\u00e8s que la Russie a envahi l&#8217;ex-r\u00e9publique sovi\u00e9tique d&#8217;Ukraine le 24 f\u00e9vrier 2022, apr\u00e8s huit ans de guerre civile dans le Donbass&nbsp;et ce&nbsp;entre autres sous le pr\u00e9texte de&nbsp;la protection de la population russophone opprim\u00e9e dans ce pays. En ce qui concerne ce conflit, le B.U.B. a appel\u00e9 les puissances occidentales \u00e0 adopter une position prudente et neutre pour \u00e9viter tout risque d&#8217;escalade (nucl\u00e9aire) (<a href=\"https:\/\/www.unionbelge.be\/?p=13907\">voir notre texte<\/a>). Malheureusement, cela ne s&#8217;est pas produit, au contraire. Le risque d&#8217;une Troisi\u00e8me Guerre Mondiale fatale \u2013 la derni\u00e8re de l&#8217;humanit\u00e9 \u2013 n&#8217;est donc pas encore \u00e9cart\u00e9.<\/p>\n\n\n\n<p>En ce qui concerne la Belgique, depuis plus de cinq d\u00e9cennies, la particratie \u201cbelge\u201d tient les Belges en otage avec un f\u00e9d\u00e9ralisme linguistique inapplicable et dispendieux. Il n&#8217;y a d\u2019ailleurs pas assez de politiciens comp\u00e9tents dans la petite Belgique pour peupler six \u00e0 neuf parlements et autant de gouvernements, selon la m\u00e9thode de calcul. D\u2019autre part, depuis plus de dix ans (11 octobre 2011)&nbsp;la particratie&nbsp;n&#8217;a plus r\u00e9ussi \u00e0 conclure un accord communautaire, d\u00e9mantelant davantage la Belgique. La r\u00e9forme de l&#8217;\u00c9tat de l&#8217;\u00e9poque, qui a \u00e9t\u00e9 promulgu\u00e9e entre 2012 et 2014, a transf\u00e9r\u00e9 des dizaines de comp\u00e9tences aux r\u00e9gions et aux communaut\u00e9s (y compris des parties de la s\u00e9curit\u00e9 sociale), a pratiquement d\u00e9mantel\u00e9 le S\u00e9nat, a scind\u00e9 la circonscription \u00e9lectorale bilingue de BHV et a attribu\u00e9 aux r\u00e9gions un large degr\u00e9 d&#8217;autonomie fiscale. Le B.U.B. n&#8217;a pas encore oubli\u00e9 cette atteinte \u00e0 l&#8217;unit\u00e9 de la Belgique, que l&#8217;on appelle la sixi\u00e8me ( ! ) &#8220;r\u00e9forme&#8221; de l&#8217;Etat.<\/p>\n\n\n\n<p>Force est de constater aujourd\u2019hui que l\u2019\u00e9ni\u00e8me d\u00e9mant\u00e8lement de l\u2019Etat n&#8217;a pas rendu les Belges plus heureux, bien au contraire. Il n&#8217;a fait qu&#8217;enrichir la particratie et la rendre ainsi encore plus puissante. Qui plus est, il a davantage compliqu\u00e9 la structure \u00e9tatique, tout en la rendant encore plus dispendieuse et encore moins efficace.<\/p>\n\n\n\n<p>Notre parti et mouvement n&#8217;ont pas non plus oubli\u00e9 que cette \u201cr\u00e9forme\u201d&nbsp;n&#8217;a vu le jour qu&#8217;apr\u00e8s avoir \u00e9cart\u00e9 temporairement la Constitution belge. D&#8217;ailleurs, comme tout le f\u00e9d\u00e9ralisme linguistique est ill\u00e9gal et anticonstitutionnel (<a href=\"https:\/\/www.unionbelge.be\/?p=5421\">voir notre texte<\/a>), il peut donc aussi \u00eatre aboli d&#8217;un trait de plume.<\/p>\n\n\n\n<p>En ce qui concerne les soi-disant \u201cr\u00e9formes\u201d de l\u2019Etat, nous citons les propos de Mme Rutten, l\u2019ancien presidente de l\u2019Open VLD, qui balance toute sa carri\u00e8re politique entre une attitude probelge et un comportement flamingant: \u201c<em>Depuis 1970, chaque r\u00e9forme de l&#8217;\u00c9tat porte en elle les germes de la fin de la Belgique. Entre-temps, les partis nationalistes flamands sont rest\u00e9s en marge de (presque) toutes les r\u00e9formes de l&#8217;\u00c9tat : les partis &#8220;traditionnels&#8221;<\/em> (\u201cstaatsdragende partijen\u201d, guillemets dans le texte original, B.U.B.) <em>ont scind\u00e9&nbsp;le pays \u00e0 leur place\u201d<\/em>. Et elle y ajoutait: \u201c<em>L&#8217;historien isra\u00e9lien Yuval Noah Harari qualifierait probablement nos communaut\u00e9s et nos r\u00e9gions de &#8220;structures artificielles&#8221;. Celles-ci peuvent dispara\u00eetre<\/em>\u201d. (<em>Knack<\/em>, 3 janvier 2023). En effet!<\/p>\n\n\n\n<p>On peut supposer qu&#8217;il n&#8217;y aura pas de nouvelle &#8220;r\u00e9forme&#8221; de l&#8217;\u00c9tat apr\u00e8s 2024 pour l\u2019excellente raison que les partis qui la poursuivent n&#8217;auront pas la majorit\u00e9 des 2\/3. Math\u00e9matiquement, il semble \u00e9galement extr\u00eamement improbable qu&#8217;il y ait une sorte de &#8220;r\u00e9forme&#8221; de l&#8217;\u00c9tat&nbsp;larv\u00e9e impliquant la scission des d\u00e9partements dans le giron du gouvernement national. <a href=\"https:\/\/www.unionbelge.be\/?p=13750\">En 2020, la N-VA anti-belge et le PS radical-r\u00e9gionaliste ont toutefois conclu un accord \u00e0 ce sujet<\/a>, qui est heureusement rest\u00e9 lettre morte. Entre-temps, nous pouvons constater avec joie que toutes les initiatives sur une r\u00e9forme de l&#8217;Etat vot\u00e9es par les diff\u00e9rents parlements de notre petit pays n\u2019ont pas eu d\u2019effet. Ainsi, les 36 ( ! ) s\u00e9ances tenues par le groupe de travail &#8220;Affaires Institutionnelles&#8221; du Parlement &#8220;flamand&#8221; (qui est totalement incomp\u00e9tent pour cette question) entre le 18 janvier 2021 et le 4 juillet 2022 n&#8217;ont abouti \u00e0 rien. Et bien que le gouvernement dit \u00ab&nbsp;f\u00e9d\u00e9ral&nbsp;\u00bb ait d\u00e9cid\u00e9, dans son accord de coalition, de scinder partiellement ou enti\u00e8rement les soins de sant\u00e9 et de mener une politique dite &#8220;asym\u00e9trique&#8221;, notamment dans le domaine des soins de sant\u00e9 et du march\u00e9 du travail (en permettant que les lois nationales diff\u00e8rent selon les r\u00e9gions ou les communaut\u00e9s), rien n&#8217;en est heureusement sorti non plus.<\/p>\n\n\n\n<p>N\u00e9anmoins, la vigilance reste de mise car il faut se m\u00e9fier de la particratie linguistique.&nbsp;&nbsp;<\/p>\n\n\n\n<p>C&#8217;est pr\u00e9cis\u00e9ment la raison pour laquelle le B.U.B. a besoin d&#8217;un soutien maximal. En 2023, nous pr\u00e9voyons de r\u00e9organiser compl\u00e8tement notre site web en le rendant plus convivial et plus moderne. En outre, le livre unitariste (il s\u2019agit d\u2019un manifeste \u00e9tendu) tant attendu de notre fondateur et pr\u00e9sident Hans Van de Cauter, dont une version multilingue et abr\u00e9g\u00e9e en forme de manifeste est d\u00e9j\u00e0 disponible en ligne et hors ligne (<a href=\"https:\/\/pdfhost.io\/v\/7eGwTHxt._Microsoft_Word_MANIFESTE_POUR_UNE_NOUVELLE_BELGIQUE_UNITAIRE_31072022docx\">voir ce lien<\/a>), sera enfin pr\u00eat au printemps. Ce sont autant de moyens importants pour continuer \u00e0 diffuser en permanence notre message crucial et porteur d&#8217;espoir pour la Belgique. C&#8217;est surtout en tant que mouvement unitariste que le B.U.B. peut r\u00e9aliser de grandes choses dans le contexte de cette puissante particratie, beaucoup plus en tant que parti.<\/p>\n\n\n\n<p>Le nationalisme linguistique et le f\u00e9d\u00e9ralisme linguistique rendent de toute mani\u00e8re impossible la bonne gouvernance de la Belgique, et ce dans tous les domaines de comp\u00e9tence, de la mobilit\u00e9 \u00e0 l&#8217;environnement en passant par l&#8217;\u00e9ducation et la culture.<\/p>\n\n\n\n<p><strong>Bien qu\u2019il existe pour l&#8217;instant un statu quo communautaire \u2013 et le B.U.B. esp\u00e8re \u00e9videmment qu&#8217;en l&#8217;absence d&#8217;un <a href=\"https:\/\/www.unionbelge.be\/?p=10450\">r\u00e9f\u00e9rendum<\/a> (que notre parti et notre groupe de pression appellent de leurs v\u0153ux) il durera \u2013 nous devons continuer \u00e0 lutter pour le r\u00e9tablissement le plus rapide possible de l&#8217;\u00c9tat unitaire fond\u00e9 sur les neuf provinces historiques. C&#8217;est la seule fa\u00e7on durable de sortir du labyrinthe particratico-nationaliste. En 2023, le B.U.B. continuera \u00e0 \u0153uvrer en ce sens. L&#8217;unitarisme est d&#8217;ailleurs l&#8217;id\u00e9ologie politique la plus forte et la plus importante en Belgique. On ne peut pas continuer \u00e0 occulter la v\u00e9rit\u00e9.<\/strong><\/p>\n\n\n\n<p><strong>Contrairement \u00e0 la particratie, qui comprend des partis ouvertement anti-belges, le B.U.B. pro-belge ne re\u00e7oit pas un seul centime d&#8217;euro d&#8217;aide publique.<\/strong><\/p>\n\n\n\n<p><strong>Toutefois, vous pouvez nous soutenir en tant que sympathisant en versant une contribution de 25 \u20ac (10 \u20ac pour les moins de 25 ans) sur le num\u00e9ro de compte suivant :<\/strong><\/p>\n\n\n\n<p><strong>IBAN : BE91 <a rel=\"noreferrer noopener\" href=\"tel:068-2417677-76\" target=\"_blank\">068-2417677-76<\/a> (BIC : GKCCBEBB)<\/strong><\/p>\n\n\n\n<p><strong>(Voir aussi : <a rel=\"noreferrer noopener\" href=\"https:\/\/www.unionbelge.be\/#contact\" target=\"_blank\">https:\/\/www.unionbelge.be\/#contact<\/a>)<\/strong><\/p>\n\n\n\n<p><strong><em>Si vous souhaitez \u00e9galement recevoir un exemplaire du livre unitariste de notre pr\u00e9sident, qui sera publi\u00e9 en fran\u00e7ais et en n\u00e9erlandais dans le courant de l&#8217;ann\u00e9e 2023 et contiendra plus de 350 pages, avec des illustrations en couleur et une couverture dure, vous pouvez \u00e9galement verser 25 \u20ac suppl\u00e9mentaires. Dans ce cas, veuillez indiquer votre langue de pr\u00e9f\u00e9rence et votre adresse \u00e9lectronique.<\/em><\/strong><\/p>\n\n\n\n<p>Le B.U.B. souhaite \u00e0 tous les Belges une ann\u00e9e 2023 joyeuse, saine et unitaire !<\/p>\n\n\n\n<p><\/p>\n\n\n\n<p>Hans Van de Cauter<\/p>\n\n\n\n<p>Pr\u00e9sident du B.U.B.<\/p>\n\n\n\n<p><\/p>\n\n\n\n<p>Benedict Verbiest<\/p>\n\n\n\n<p>Vice-pr\u00e9sident du B.U.B.<\/p>\n\n\n\n<p><\/p>\n\n\n\n<p>J\u00e9r\u00e9my Charlier<\/p>\n\n\n\n<p>Vice-pr\u00e9sident du B.U.B.<\/p>\n\n\n\n<p><\/p>\n\n\n\n<p>Giuseppe Baudewijns<\/p>\n\n\n\n<p>Secr\u00e9taire du B.U.B.<\/p>\n\n\n\n<p><\/p>\n\n\n\n<p>Bruno Yammine<\/p>\n\n\n\n<p>Chef du Bureau d\u2019\u00e9tudes du B.U.B.<\/p>\n\n\n\n<figure class=\"wp-block-image size-large\"><a href=\"https:\/\/www.unionbelge.be\/wp-content\/uploads\/2023\/01\/image0.jpeg\"><img loading=\"lazy\" decoding=\"async\" width=\"768\" height=\"1024\" src=\"https:\/\/www.unionbelge.be\/wp-content\/uploads\/2023\/01\/image0-768x1024.jpeg\" alt=\"\" class=\"wp-image-14069\" srcset=\"https:\/\/www.unionbelge.be\/wp-content\/uploads\/2023\/01\/image0-768x1024.jpeg 768w, https:\/\/www.unionbelge.be\/wp-content\/uploads\/2023\/01\/image0-420x560.jpeg 420w, https:\/\/www.unionbelge.be\/wp-content\/uploads\/2023\/01\/image0-800x1067.jpeg 800w, https:\/\/www.unionbelge.be\/wp-content\/uploads\/2023\/01\/image0-225x300.jpeg 225w, https:\/\/www.unionbelge.be\/wp-content\/uploads\/2023\/01\/image0-1152x1536.jpeg 1152w, https:\/\/www.unionbelge.be\/wp-content\/uploads\/2023\/01\/image0-1232x1643.jpeg 1232w, https:\/\/www.unionbelge.be\/wp-content\/uploads\/2023\/01\/image0-810x1080.jpeg 810w, https:\/\/www.unionbelge.be\/wp-content\/uploads\/2023\/01\/image0-45x60.jpeg 45w, https:\/\/www.unionbelge.be\/wp-content\/uploads\/2023\/01\/image0-68x90.jpeg 68w, https:\/\/www.unionbelge.be\/wp-content\/uploads\/2023\/01\/image0.jpeg 1512w\" sizes=\"auto, (max-width: 768px) 100vw, 768px\" \/><\/a><\/figure>\n\n\n\n<p>Foto &#8211; Photo &#8211; Bild: Het unitaristisch manifest van de B.U.B. &#8211; le manifest unitariste du B.U.B. &#8211; das unitaristische Manifest der B.U.B. <\/p>\n\n\n\n<p>Bron &#8211; Source &#8211; Quelle: B.U.B.<\/p>\n\n\n\n<p><strong>IHR BEITRAG WIRD DEM B.U.B. AUCH IM JAHR 2023 HELFEN ! IBAN : BE91 <a rel=\"noreferrer noopener\" href=\"tel:068-2417677-76\" target=\"_blank\">068-2417677-76<\/a> (BIC : GKCCBEBB)<\/strong><\/p>\n\n\n\n<p><strong>Im Inland war 2022 ein relativ ruhiges Jahr. Die Covid-Pandemie, der \u201cunsere\u201d politische Elite nicht gewachsen war, neigte sich (gl\u00fccklich) dem Ende zu. Innerhalb der belgischen Regierung kam es jedoch regelm\u00e4\u00dfig zu (nicht-kommunautarische) Spannungen, die von der separatistischen Opposition zu einer antibelgischen Kampagne genutzt wurden. Gleichzeitig fahren die Separatisten &#8211; mit Hilfe der willf\u00e4hrigen Medien &#8211; jede Woche fort, den Belgiern zu drohen, mit unserem Land 2024 zu spalten.<\/strong><\/p>\n\n\n\n<p>An der Au\u00dfenfront sah sich Europa jedoch mit dem ersten gr\u00f6\u00dferen Konflikt seit 1945 konfrontiert, als Russland am 24. Februar 2022 nach acht Jahren B\u00fcrgerkrieg im Donbass in die ehemalige Sowjetrepublik Ukraine einmarschierte, u.a. unter dem Vorwand der die dortige unterdr\u00fcckte russischsprachige Bev\u00f6lkerung zu sch\u00fctzen. Die B.U.B. rief die westlichen M\u00e4chte auf, in diesem Konflikt eine vorsichtige und neutrale Haltung einzunehmen, um jedes Risiko einer (nuklearen) Eskalation zu vermeiden (<a href=\"https:\/\/www.unionbelge.be\/?p=13907\">siehe unseren Text<\/a>). Leider ist dies nicht geschehen, im Gegenteil. Das Risiko eines t\u00f6dlichen Dritten Weltkriegs \u2013 des letzten der Menschheit \u2013 ist also noch nicht vom Tisch.<\/p>\n\n\n\n<p>Was Belgien anbelangt, h\u00e4lt die \u201cbelgische\u201d Partikratie die Belgier seit mehr als f\u00fcnf Jahrzehnten mit einem undurchf\u00fchrbaren und unerschwinglichen Sprachf\u00f6deralismus in Geiselhaft. Im kleinen Belgien gibt es nicht genug kompetente Politiker, um sechs bis neun Parlamente und ebenso viele Regierungen zu besetzen, je nachdem, wie man rechnet. Andererseits ist es mehr als ein Jahrzehnt her (11. Oktober 2011), dass es demselben Partiktatie gelang, ein Gemeinschaftsabkommen abzuschlie\u00dfen, das Belgien weiter demontierte. Die damalige Staatsreform, die zwischen 2012 und 2014 in Kraft trat, \u00fcbertrug Dutzende von Befugnissen auf die Regionen und Gemeinschaften (darunter Teile der Soziale Sicherheit), l\u00f6ste den Senat praktisch auf, spaltete den zweisprachigen Wahlkreis BHV auf und gab den Regionen ein hohes Ma\u00df an Steuerautonomie. Die B.U.B. hat diesen Angriff auf die Einheit Belgiens, der als sechste ( ! ) \u201cStaatsreform\u201d bezeichnet wird, noch nicht vergessen. Heute stellen wir fest, dass dieser x-te staatlicher Abbruch die Belgier nicht gl\u00fccklicher gemacht hat, im Gegenteil. Sie hat die Partikratie nur bereichert und sie damit noch m\u00e4chtiger gemacht.&nbsp;Dar\u00fcber hinaus hat es die Staatsstruktur weiter verkompliziert, sie noch teurer und noch weniger effizient gemacht.<\/p>\n\n\n\n<p>Unsere Partei und Bewegung hat auch nicht vergessen, dass diese \u201cReform\u201d zustande kam, nachdem die belgische Verfassung beiseite geschoben wurde. \u00dcbrigens ist der gesamte Sprachf\u00f6deralismus rechts- und verfassungswidrig (<a href=\"https:\/\/www.unionbelge.be\/?p=5421\">siehe unseren Text<\/a>), er kann also auch mit einem Federstrich abgeschafft werden.<\/p>\n\n\n\n<p>In Bezug auf die sogenannten \u201cStaatsreformen\u201d zitieren wir Frau Rutten, die ehemalige Vorsitzende der Open VLD, die ihre gesamte politische Karriere zwischen einer probelgischen und einer fl\u00e4mischen Haltung hin und her schwankte: &#8220;<em>Seit 1970 tr\u00e4gt jede Staatsreform den Keim einer Spaltung am Ende Belgiens in sich. Inzwischen sind die fl\u00e4misch-nationalistischen Parteien bei (fast) allen Staatsreformen au\u00dfen vor geblieben: Die &#8220;traditionellen&#8221; Parteien<\/em> (&#8220;staatsdragende partijen&#8221;, Anf\u00fchrungszeichen im Originaltext, B.U.B.) <em>haben das Land an ihrer Stelle geteilt<\/em>&#8220;. Sie f\u00fcgte hinzu: &#8220;<em>Der israelische Historiker Yuval Noah Harari w\u00fcrde unsere Gemeinschaften und Regionen wahrscheinlich als &#8220;k\u00fcnstliche Strukturen&#8221; bezeichnen. Diese k\u00f6nnen verschwinden<\/em>\u201d. (<em>Knack<\/em>, 3. Januar 2023). In der Tat!<\/p>\n\n\n\n<p>Vermutlich wird es nach 2024 keine neue &#8220;Staatsreform&#8221; mehr geben, und zwar aus dem einfachen Grund, dass die Parteien, die sie anstreben, keine 2\/3-Mehrheit haben werden. Mathematisch gesehen ist es auch \u00e4u\u00dferst unwahrscheinlich, dass es eine Art verdeckte &#8220;Staatsreform&#8221; geben wird, bei der die Kompetenzen im Scho\u00df der nationalen Regierung aufgeteilt werden. <a href=\"https:\/\/www.unionbelge.be\/?p=13750\">Im Jahr 2020 hatten die antibelgische N-VA und die radikal-regionalistische PS eine Vereinbarung dar\u00fcber getroffen<\/a>, die gl\u00fccklich toter Buchstabe blieb. Inzwischen k\u00f6nnen wir mit Freude feststellen, dass alle Initiativen zu einer Staatsreform, die von den verschiedenen &#8220;reichen&#8221; Parlamenten in unserem kleinen Land verabschiedet wurden, keine Folgen gehabt haben. Die nicht weniger als 36 ( ! ) Sitzungen, die die \u201cArbeitsgruppe f\u00fcr institutionelle Angelegenheiten\u201d des in der Sache unzust\u00e4ndigen &#8220;fl\u00e4mischen&#8221; Parlaments zwischen dem 18. Januar 2021 und dem 4. Juli 2022 abhielt, verliefen somit im Sande. Und obwohl sich die sogenannte \u201cf\u00f6derale\u201d Regierung im Koalitionsvertrag vorgenommen hatte, das Gesundheitswesen ganz oder teilweise aufzuspalten und eine &#8220;asymmetrische&#8221; Politik zu betreiben, insbesondere im Gesundheitswesen und auf dem Arbeitsmarkt (wobei die nationalen Gesetze je nach Region oder Gemeinde unterschiedlich sein k\u00f6nnen), ist auch daraus gl\u00fccklich nichts geworden.<\/p>\n\n\n\n<p>Dennoch ist weiterhin Wachsamkeit geboten, denn die sprachliche getrennte Partikratie ist v\u00f6llig unzuverl\u00e4ssig.&nbsp;&nbsp;<\/p>\n\n\n\n<p>Genau aus diesem Grund braucht die B.U.B. maximale Unterst\u00fctzung. Im Jahr 2023 wollen wir unsere Webseite komplett \u00fcberarbeiten und sie benutzerfreundlicher und moderner gestalten. Auch das lang erwartete unitaristische Buch (erweitertes Manifest) unseres Gr\u00fcnders und Pr\u00e4sidenten Hans Van de Cauter, das bereits in einer mehrsprachigen und gek\u00fcrzten Version online und offline verf\u00fcgbar ist (<a href=\"https:\/\/pdfhost.io\/v\/7eGwTHxt._Microsoft_Word_MANIFESTE_POUR_UNE_NOUVELLE_BELGIQUE_UNITAIRE_31072022docx\">siehe diesen Link<\/a>), wird im Fr\u00fchling erscheinen. All dies sind betr\u00e4chtliche Mittel, um unsere wichtige und hoffnungsvolle Botschaft f\u00fcr Belgien st\u00e4ndig weiter zu verbreiten. Vor allem als unitarische Bewegung kann die B.U.B. im Rahmen dieser m\u00e4chtigen Partikratie Gro\u00dfes erreichen, viel mehr noch als Partei.<\/p>\n\n\n\n<p>Sprachnationalismus und Sprachf\u00f6deralismus machen ein gutes Regieren in Belgien ohnehin unm\u00f6glich, und zwar in allen Kompetenzbereichen, von der Mobilit\u00e4t \u00fcber die Umwelt bis hin zu Bildung und Kultur.<\/p>\n\n\n\n<p><strong>Auch wenn derzeit ein kommunaut\u00e4rer Status quo besteht \u2013 und die B.U.B. hofft nat\u00fcrlich, dass dieser in Ermangelung eines <a href=\"https:\/\/www.unionbelge.be\/?p=10450\">Referendums<\/a>, f\u00fcr die unsere Partei und Gruppierung t\u00e4tig ist, fortbesteht \u2013 m\u00fcssen wir uns weiterhin f\u00fcr die schnellstm\u00f6gliche Wiederherstellung eines Einheitsstaates auf der Grundlage der neun historischen Provinzen einsetzen. Das ist der einzige nachhaltige Weg aus dem partikratisch-nationalistischen Irrgarten. Wir werden dies auch im Jahr 2023 tun. Der Unitarismus ist im \u00dcbrigen die st\u00e4rkste und gr\u00f6\u00dfte politische Ideologie in Belgien. Man kann die Wahrheit nicht l\u00e4nger zur\u00fcckhalten.<\/strong><\/p>\n\n\n\n<p><strong>Im Gegensatz zu den Parteien, einschlie\u00dflich der \u00f6ffentlich anti-belgischen Parteien, erh\u00e4lt die belgischgesinnte B.U.B. keinen einzigen Eurocent an staatlicher Hilfe.<\/strong><\/p>\n\n\n\n<p><strong>Sie k\u00f6nnen uns jedoch unterst\u00fctzen, indem Sie einen Beitrag von 25 \u20ac (10 \u20ac f\u00fcr die Jugendliche j\u00fcnger als 25 Jahr) als Sympathisant leisten auf dem folgenden Kontonummer:<\/strong><\/p>\n\n\n\n<p><strong>IBAN : BE91 <a rel=\"noreferrer noopener\" href=\"tel:068-2417677-76\" target=\"_blank\">068-2417677-76<\/a> (BIC : GKCCBEBB)<\/strong><\/p>\n\n\n\n<p><strong>(siehe auch: <a rel=\"noreferrer noopener\" href=\"https:\/\/www.unionbelge.be\/#contact\" target=\"_blank\">https:\/\/www.unionbelge.be\/#contact<\/a>)<\/strong><\/p>\n\n\n\n<p><strong><em>Wenn Sie auch ein Exemplar des unitaristischen Buches unseres Pr\u00e4sidenten haben m\u00f6chten, das Anfang 2022 auf Franz\u00f6sisch und Niederl\u00e4ndisch erscheinen wird und \u00fcber 300 farbig illustrierte Seiten mit hartem Einband enthalten wird, k\u00f6nnen Sie unter Angabe der Sprache und Ihrer E-Mail-Adresse auch weitere 25 \u20ac \u00fcberweisen.<\/em><\/strong><\/p>\n\n\n\n<p>Die B.U.B. w\u00fcnscht allen Belgiern ein frohes, gesundes und unitarisches 2023 !<\/p>\n\n\n\n<p><\/p>\n\n\n\n<p>Hans Van de Cauter<\/p>\n\n\n\n<p>Vorsitzender B.U.B.<\/p>\n\n\n\n<p><\/p>\n\n\n\n<p>Benedict Verbiest<\/p>\n\n\n\n<p>Untervorsitzender B.U.B.<\/p>\n\n\n\n<p><\/p>\n\n\n\n<p>J\u00e9r\u00e9my Charlier<\/p>\n\n\n\n<p>Untervorsitzender B.U.B.<\/p>\n\n\n\n<p><\/p>\n\n\n\n<p>Giuseppe Baudewijns<\/p>\n\n\n\n<p>Sekret\u00e4r B.U.B.<\/p>\n\n\n\n<p><\/p>\n\n\n\n<p>Bruno Yammine<\/p>\n\n\n\n<p>Leiter der Studienabteilung der B.U.B.<\/p>\n","protected":false},"excerpt":{"rendered":"<p>Op binnenlands vlak was 2022 een relatief rustig jaar. De covid-pandemie, waarmee \u201conze\u201d politieke elite niet kon omgaan, liep (gelukkig) op zijn einde. Wel waren er geregeld (niet-communautaire) spanningen binnen de Belgische regering, die door de separatistische oppositie te baat genomen werden om een anti-Belgische campagne op touw te zetten. Parallel dreigen de separatisten er wekelijks, met de hulp van hun hulpvaardige media, mee om ons land in 2024 te splitsen.<\/p>\n<p>Sur le plan national, l&#8217;ann\u00e9e 2022 a \u00e9t\u00e9 relativement calme. La pand\u00e9mie de covid-19, \u00e0 laquelle \u201cnotre\u201d \u00e9lite politique ne pouvait faire face, touchait (heureusement) \u00e0 sa fin. Toutefois, des tensions r\u00e9guli\u00e8res (bien que non communautaires) ont \u00e9t\u00e9 observ\u00e9es au sein du gouvernement belge. L&#8217;opposition s\u00e9paratiste en a profit\u00e9 pour lancer une campagne anti-belge. Parall\u00e8lement, les s\u00e9paratistes continuent chaque semaine \u2013 avec l\u2019aide des m\u00e9dias dociles \u2013 \u00e0 menacer les Belges d\u2019en finir avec notre pays en 2024.<\/p>\n<p>Im Inland war 2022 ein relativ ruhiges Jahr. Die Covid-Pandemie, der \u201cunsere\u201d politische Elite nicht gewachsen war, neigte sich (gl\u00fccklich) dem Ende zu. Innerhalb der belgischen Regierung kam es jedoch regelm\u00e4\u00dfig zu (nicht-kommunautarische) Spannungen, die von der separatistischen Opposition zu einer antibelgischen Kampagne genutzt wurden. Gleichzeitig fahren die Separatisten &#8211; mit Hilfe der willf\u00e4hrigen Medien &#8211; jede Woche fort, den Belgiern zu drohen, mit unserem Land 2024 zu spalten.<\/p>\n","protected":false},"author":2,"featured_media":14065,"comment_status":"closed","ping_status":"closed","sticky":false,"template":"","format":"standard","meta":{"ngg_post_thumbnail":0,"jetpack_post_was_ever_published":false,"_jetpack_newsletter_access":"","_jetpack_dont_email_post_to_subs":false,"_jetpack_newsletter_tier_id":0,"_jetpack_memberships_contains_paywalled_content":false,"powered_cache_disable_cache":false,"_jetpack_memberships_contains_paid_content":false,"footnotes":"","jetpack_publicize_message":"","jetpack_publicize_feature_enabled":true,"jetpack_social_post_already_shared":true,"jetpack_social_options":{"image_generator_settings":{"template":"highway","default_image_id":0,"font":"","enabled":false},"version":2}},"categories":[1,5,4],"tags":[],"class_list":["post-14063","post","type-post","status-publish","format-standard","has-post-thumbnail","hentry","category-news0","category-opinions","category-info"],"jetpack_publicize_connections":[],"jetpack_featured_media_url":"https:\/\/www.unionbelge.be\/wp-content\/uploads\/2023\/01\/BUB.png","jetpack_sharing_enabled":true,"jetpack_shortlink":"https:\/\/wp.me\/p6Y7u0-3EP","jetpack_likes_enabled":false,"_links":{"self":[{"href":"https:\/\/www.unionbelge.be\/index.php?rest_route=\/wp\/v2\/posts\/14063","targetHints":{"allow":["GET"]}}],"collection":[{"href":"https:\/\/www.unionbelge.be\/index.php?rest_route=\/wp\/v2\/posts"}],"about":[{"href":"https:\/\/www.unionbelge.be\/index.php?rest_route=\/wp\/v2\/types\/post"}],"author":[{"embeddable":true,"href":"https:\/\/www.unionbelge.be\/index.php?rest_route=\/wp\/v2\/users\/2"}],"replies":[{"embeddable":true,"href":"https:\/\/www.unionbelge.be\/index.php?rest_route=%2Fwp%2Fv2%2Fcomments&post=14063"}],"version-history":[{"count":3,"href":"https:\/\/www.unionbelge.be\/index.php?rest_route=\/wp\/v2\/posts\/14063\/revisions"}],"predecessor-version":[{"id":14071,"href":"https:\/\/www.unionbelge.be\/index.php?rest_route=\/wp\/v2\/posts\/14063\/revisions\/14071"}],"wp:featuredmedia":[{"embeddable":true,"href":"https:\/\/www.unionbelge.be\/index.php?rest_route=\/wp\/v2\/media\/14065"}],"wp:attachment":[{"href":"https:\/\/www.unionbelge.be\/index.php?rest_route=%2Fwp%2Fv2%2Fmedia&parent=14063"}],"wp:term":[{"taxonomy":"category","embeddable":true,"href":"https:\/\/www.unionbelge.be\/index.php?rest_route=%2Fwp%2Fv2%2Fcategories&post=14063"},{"taxonomy":"post_tag","embeddable":true,"href":"https:\/\/www.unionbelge.be\/index.php?rest_route=%2Fwp%2Fv2%2Ftags&post=14063"}],"curies":[{"name":"wp","href":"https:\/\/api.w.org\/{rel}","templated":true}]}}