{"id":14058,"date":"2022-12-27T13:42:47","date_gmt":"2022-12-27T12:42:47","guid":{"rendered":"http:\/\/www.unionbelge.be\/?p=14058"},"modified":"2022-12-28T13:31:18","modified_gmt":"2022-12-28T12:31:18","slug":"diables-rouges-merci-a-cette-generation-pour-les-belles-annees-nombreuses-rode-duivels-bedankt-aan-deze-generatie-voor-de-vele-mooie-jaren-diables-rouges-merci-a-cette-generation-pour-les-bell","status":"publish","type":"post","link":"https:\/\/www.unionbelge.be\/?p=14058","title":{"rendered":"DIABLES ROUGES: MERCI A CETTE GENERATION POUR LES NOMBREUSES BELLES ANNEES ! &#8211; RODE DUIVELS: BEDANKT AAN DEZE GENERATIE VOOR DE VELE MOOIE JAREN !DIABLES ROUGES: MERCI A CETTE GENERATION POUR LES BELLES ANNEES NOMBREUSES ! &#8211; ROTE TEUFEL: DANKE AN DIESE GENERATION F\u00dcR VIELE TOLLE JAHRE !"},"content":{"rendered":"\n<p>Afbeelding &#8211; Image &#8211; Bild: De Wereldbeker; La Coupe du Monde; Der Weltpokal<\/p>\n\n\n\n<p>Bron &#8211; Source &#8211; Quelle: https:\/\/pixabay.com\/photos\/trophy-world-cup-championship-3457653\/<\/p>\n\n\n\n<p><strong>L&#8217;AVENIR NOUS APPARTIENT<\/strong><\/p>\n\n\n\n<p><strong>Le 1er d\u00e9cembre 2022, la Belgique a \u00e9t\u00e9 \u00e9limin\u00e9e en phase de groupes de la Coupe du Monde au Qatar, qui s\u2019est termin\u00e9e le 18 d\u00e9cembre par la victoire de l\u2019Argentine. La Belgique y a jou\u00e9 deux (tr\u00e8s) mauvais matchs et un bon. L&#8217;\u00e9quipe est rest\u00e9e en-dessous de son niveau. Le d\u00e9clin des Diables Rouges ayant d\u00e9but\u00e9 il y a d\u00e9j\u00e0 un moment, cette \u00e9limination n&#8217;\u00e9tait donc pas une totale surprise. Cependant, l&#8217;avenir de notre \u00e9quipe nationale semble prometteur.<\/strong><\/p>\n\n\n\n<p>Apr\u00e8s une Coupe du Monde r\u00e9ussie en 2002 (1\/8e de finale et \u00e9limination imm\u00e9rit\u00e9e par le Br\u00e9sil, futur champion du monde), une longue travers\u00e9e du d\u00e9sert a commenc\u00e9 pour l&#8217;\u00e9quipe nationale, au cours de laquelle pas moins de cinq ( ! ) tournois majeurs d&#8217;affil\u00e9e ont \u00e9t\u00e9 manqu\u00e9s. La Belgique a m\u00eame gliss\u00e9 \u00e0 une honteuse 71e place au classement de la FIFA en 2007. Ce n&#8217;est qu&#8217;ensuite que le retournement de situation a commenc\u00e9, d&#8217;abord avec une quatri\u00e8me place aux Jeux Olympiques de P\u00e9kin (2008), puis avec la qualification pour cinq tournois cons\u00e9cutifs. Si l&#8217;Euro 2012 a encore \u00e9t\u00e9 manqu\u00e9 (de peu), les Diables Rouges ont imm\u00e9diatement atteint les quarts de finale de la Coupe du Monde en 2014. En 2015, la Belgique a termin\u00e9 \u00e0 la premi\u00e8re place du classement de la FIFA pour la premi\u00e8re fois de son histoire. En 2016, ils ont atteint les quarts de finale du Championnat d&#8217;Europe. Avec un football de plus en plus performant, et sous le r\u00e8gne d&#8217;un nouveau s\u00e9lectionneur national, l\u2019espagnol Roberto Martinez, le football belge a atteint son apog\u00e9e en 2018 avec une troisi\u00e8me place historique et une m\u00e9daille de bronze qui l&#8217;accompagne \u00e0 la Coupe du Monde en Russie. En outre, entre 2018 et 2022, la Belgique occupait continuellement la premi\u00e8re place du classement de la FIFA.<\/p>\n\n\n\n<p>Ce n&#8217;est qu&#8217;apr\u00e8s la pand\u00e9mie de covid de 2020 que le niveau a commenc\u00e9 \u00e0 baisser lentement. Lors du Championnat d&#8217;Europe de 2021, les Belges ont tout de m\u00eame atteint un tr\u00e8s honorable quart de finale et, la m\u00eame ann\u00e9e, ils ont atteint les demi-finales de la &#8220;Nations League&#8221; (une sorte de comp\u00e9tition de matches amicaux). Mais l&#8217;\u00e9quipe vieillisait et l&#8217;entra\u00eeneur s&#8217;est trop longtemps accroch\u00e9 aux hommes forts du pass\u00e9. Certains joueurs cruciaux ont en outre \u00e9t\u00e9 bless\u00e9s pendant de longues p\u00e9riodes, n&#8217;\u00e9taient pas en forme ou n&#8217;ont pas atteint leur niveau habituel (\u00e9lev\u00e9). Non seulement la d\u00e9fense s&#8217;est av\u00e9r\u00e9e \u00eatre une source d&#8217;inqui\u00e9tude, mais en l&#8217;absence du meilleur attaquant Lukaku (presque constamment bless\u00e9 depuis ao\u00fbt 2022), l&#8217;attaque aussi. Le r\u00e9sultat final est connu.<\/p>\n\n\n\n<p>Chaque pays passe par ce genre de cycle. L&#8217;Allemagne n&#8217;a pas gagn\u00e9 plus d&#8217;un match en Coupe du monde depuis 2014. L&#8217;Italie n&#8217;a gagn\u00e9 qu&#8217;un seul match depuis 2006 ( ! ), notamment parce qu&#8217;elle n&#8217;a pas r\u00e9ussi \u00e0 se qualifier pendant huit ans. Les Pays-Bas n&#8217;ont pas pu se qualifier pour le championnat d&#8217;Europe 2016, ni pour la Coupe du monde 2018.<\/p>\n\n\n\n<p>Une g\u00e9n\u00e9ration belge tr\u00e8s talentueuse \u2013 peut-\u00eatre la meilleure de notre histoire \u2013 a mis la Belgique sur la carte du monde avec un football souvent magnifique au cours de la derni\u00e8re d\u00e9cennie, et nous ne l&#8217;oublierons jamais. Cela peut \u00e9galement expliquer le fait que, contrairement au pass\u00e9, les s\u00e9paratistes ne peuvent pas attaquer l&#8217;\u00e9quipe nationale apr\u00e8s cette \u00e9limination. On ne peut pas reprocher \u00e0 un groupe qui a donn\u00e9 tant de succ\u00e8s \u00e0 la Belgique sur une si longue p\u00e9riode un &#8220;manque de patriotisme&#8221;. Par cons\u00e9quent, on ne peut utiliser les mauvais r\u00e9sultats contre la Belgique.<\/p>\n\n\n\n<p>En outre, l&#8217;avenir est prometteur pour la Belgique. De nombreux jeunes Belges talentueux \u00e9voluent dans de grands clubs et championnats europ\u00e9ens. La t\u00e2che d&#8217;un nouvel entra\u00eeneur national est de constituer une nouvelle \u00e9quipe comp\u00e9titive \u00e0 partir d&#8217;une synth\u00e8se de jeunesse et d&#8217;exp\u00e9rience. Et alors tous les r\u00eaves seront permis.<\/p>\n\n\n\n<p><strong>DE TOEKOMST IS AAN ONS<\/strong><\/p>\n\n\n\n<p><strong>Op 1 december 2022 werd Belgi\u00eb in de groepsfase uitgeschakeld op het WK in Qatar, dat op 18 december 2022 werd be\u00ebindigd door de overwinning van Argentini\u00eb. Belgi\u00eb speelde er twee (zeer) slechte wedstrijden en \u00e9\u00e9n goede. Maar de ploeg bleef hoe dan ook onder zijn niveau. De neergang van de Rode Duivels was ook al een tijd ingezet, zodat deze uitschakeling niet helemaal als een verrassing kwam. Nochtans ziet de toekomst van onze nationale ploeg er op termijn goed uit.<\/strong><\/p>\n\n\n\n<p>Na het succesvolle WK in 2002 (1\/8ste finales en onverdiende uitschakeling door de latere wereldkampioen Brazili\u00eb) begon voor de nationale ploeg een lange tocht door de woestijn, waarin liefst vijf ( ! ) grote tornooien op rij gemist werden. Belgi\u00eb gleed zelfs af tot een beschamende 71ste plaats op de FIFA-ranking in 2007. Pas nadien werd de kentering ingezet, eerst met een vierde plaats op de Olympische Spelen te Peking (2008), daarna met de kwalificatie voor vijf opeenvolgende tornooien. Werd Euro 2012 nog (nipt) gemist, dan haalden de Rode Duivels in 2014 meteen de kwartfinale van het WK. In 2015 werd Belgi\u00eb voor het eerst in zijn geschiedenis eerste op de FIFA-ranking. In 2016 werd de kwartfinale van het EK bereikt. Met een voetbal dat steeds beter werd en onder het bewind van een nieuwe bondscoach, de Spanjaard Roberto Martinez, bereikte het Belgische voetbal in 2018 zijn absolute hoogtepunt met een historische derde plaats en een bijbehorende bronzen medaille op het WK in Rusland. Tussen 2018 en 2022 zou Belgi\u00eb overigens onafgebroken de eerste plaats op de FIFA-ranking bekleden.<\/p>\n\n\n\n<p>Pas na de covid-pandemie van 2020 begon het niveau langzaam achteruit te gaan. Op het EK van 2021 werd wel nog een zeer verdienstelijke kwartfinale gehaald en datzelfde jaar bereikten de Belgen de halve finale van de \u201cNations League\u201d (een soort competitie van vriendschappelijke wedstrijden). Maar de ploeg verouderde en de bondscoach hield te lang vast aan sterkhouders uit het verleden. Sommige cruciale spelers waren bovendien voor langere tijd geblesseerd of uit vorm of haalden hun gebruikelijke (hoge) niveau niet. Niet alleen de defensie bleek een zorgenkind, maar in afwezigheid van de beste spits Lukaku (bijna constant geblesseerd sedert augustus 2022) ook de aanval. Het eindresultaat is gekend.<\/p>\n\n\n\n<p>Elk land doorloopt dit soort cyclussen. Duitsland won sedert 2014 welgeteld \u00e9\u00e9n wedstrijd op het WK. Itali\u00eb won er \u00e9\u00e9n wedstrijd sedert 2006 ( ! ), ook omdat het zich sedert acht jaar niet wist te kwalificeren. Nederland kon zich niet kwalificeren voor het EK 2016, noch voor het WK 2018.<\/p>\n\n\n\n<p>Een zeer getalenteerde generatie \u2013 wellicht de beste ooit \u2013 heeft Belgi\u00eb het afgelopen decennium met vaak prachtig voetbal op de wereldkaart geplaatst en dat zullen we nooit vergeten. Het verklaart wellicht ook het gegeven dat, i.t.t. vroeger, separatisten de nationale ploeg na deze uitschakeling niet kunnen aanvallen. Een groep die Belgi\u00eb zoveel successen bezorgd heeft gedurende zo\u2019n lange tijd kan men onmogelijk een \u201cgebrek aan vaderlandsliefde\u201d verwijten. En dus kan men de slechte resultaten moeilijk tegen Belgi\u00eb gebruiken.<\/p>\n\n\n\n<p><strong>Bovendien oogt de toekomst voor Belgi\u00eb rooskleurig. Vele talentvolle Belgische jongeren spelen in grote Europese clubs en competities. Het is de taak van een nieuwe bondscoach om uit een synthese van jeugd en ervaring een nieuwe en competitieve ploeg samen te stellen. En dan zijn alle dromen toegelaten.<\/strong><\/p>\n\n\n\n<p><strong>DIE ZUKUNFT GEH\u00d6RT UNS<\/strong><\/p>\n\n\n\n<p><strong>Am 1. Dezember 2022 schied Belgien bei der Fu\u00dfballweltmeisterschaft in Katar in der Gruppenphase aus, die am 18. Dezember beendet wurde mit dem Sieg von Argentinien. Belgien hat dort zwei (sehr) schlechte und ein gutes Spiel gemacht. Aber die Mannschaft blieb trotzdem unter ihrem Niveau. Der Niedergang der Rote Teufel hatte auch schon seit einiger Zeit begonnen, so dass dieses Ausscheiden nicht v\u00f6llig \u00fcberraschend kam. Langfristig gesehen sieht die Zukunft unserer Nationalmannschaft jedoch gut aus.<\/strong><\/p>\n\n\n\n<p>Nach der erfolgreichen WM 2002 (1\/8-Finale und unverdientes Ausscheiden gegen den sp\u00e4teren Weltmeister Brasilien) begann f\u00fcr die Nationalmannschaft eine lange Reise durch die W\u00fcste, bei der nicht weniger als f\u00fcnf ( ! ) gro\u00dfe Turniere in Folge verpasst wurden. Im Jahr 2007 rutschte Belgien sogar auf den besch\u00e4menden 71. Platz der FIFA-Rangliste ab. Erst danach begann die Wende, zun\u00e4chst mit einem vierten Platz bei den Olympischen Spielen in Peking (2008), dann mit der Qualifikation f\u00fcr f\u00fcnf aufeinanderfolgende Turniere. W\u00e4hrend die Euro 2012 noch (knapp) verpasst wurde, erreichten die Rote Teufel bei der WM 2014 auf Anhieb das Viertelfinale. Im Jahr 2015 belegte Belgien zum ersten Mal in seiner Geschichte den ersten Platz in der FIFA-Rangliste. Im Jahr 2016 erreichten sie das Viertelfinale der Europameisterschaft. Der Fu\u00dfball wird immer besser und unter dem neuen Nationaltrainer, dem Spanier Roberto Martinez, erreichte der belgische Fu\u00dfball 2018 mit einem historischen dritten Platz und der damit verbundenen Bronzemedaille bei der Weltmeisterschaft in Russland einen H\u00f6hepunkt. Au\u00dferdem w\u00fcrde Belgien zwischen 2018 und 2022 kontinuierlich den ersten Platz in der FIFA-Rangliste belegen.<\/p>\n\n\n\n<p>Erst nach der COVID-19-Pandemie im Jahr 2020 begann das Niveau langsam zu sinken. Bei der Europameisterschaft 2021 erreichten die Rote Teufel immerhin das Viertelfinale, und im selben Jahr erreichten die Belgier das Halbfinale der &#8220;Nations League&#8221; (eine Art Wettbewerb mit Freundschaftsspielen). Aber die Mannschaft war gealtert, der Trainer hat zu lange an den starken Spielern der Vergangenheit festgehalten, einige wichtige Spieler waren zudem lange Zeit verletzt oder nicht in Form oder erreichten nicht ihr gewohntes (hohes) Niveau. Nicht nur die Abwehr erwies sich als Sorgenkind, sondern in Abwesenheit unseres besten St\u00fcrmers Lukaku (seit August 2022 fast st\u00e4ndig verletzt) auch der Angriff. Das Endergebnis ist bekannt.<\/p>\n\n\n\n<p>Jedes Land macht diese Art von Zyklus durch. Seit 2014 hat Deutschland nur ein einziges Spiel bei der Weltmeisterschaft gewonnen. Italien hat seit 2006 nur ein Spiel gewonnen (!), auch weil es sich acht Jahre lang nicht qualifiziert hat. Die Niederlande konnten sich weder f\u00fcr die Europameisterschaft 2016 noch f\u00fcr die Weltmeisterschaft 2018 qualifizieren.<\/p>\n\n\n\n<p>Eine sehr talentierte Generation &#8211; vielleicht die beste aller Zeiten &#8211; hat Belgien im letzten Jahrzehnt mit oft gro\u00dfartigem Fu\u00dfball auf die Weltkarte gebracht, und das werden wir nie vergessen. Dies k\u00f6nnte auch die Tatsache erkl\u00e4ren, dass die Separatisten die Nationalmannschaft nach diesem Ausscheiden nicht mehr angreifen k\u00f6nnen, wie dies in der Vergangenheit der Fall war. Einer Gruppe, die Belgien \u00fcber einen so langen Zeitraum hinweg so viel Erfolg beschert hat, kann man unm\u00f6glich einen &#8220;Mangel an Patriotismus&#8221; vorwerfen. Und so kann man die schlechten Ergebnisse kaum gegen Belgien verwenden.<\/p>\n\n\n\n<p><strong>Au\u00dferdem sieht die Zukunft f\u00fcr Belgien rosig aus. Viele junge belgische Talente spielen in gro\u00dfen europ\u00e4ischen Vereinen und Ligen. Es ist die Aufgabe eines neuen Nationaltrainers, eine neue und wettbewerbsf\u00e4hige Mannschaft aus einer Synthese von Jugend und Erfahrung zusammenzustellen. Und dann sind alle Tr\u00e4ume erlaubt.<\/strong><\/p>\n","protected":false},"excerpt":{"rendered":"<p>Le 1er d\u00e9cembre 2022, la Belgique a \u00e9t\u00e9 \u00e9limin\u00e9e en phase de groupes de la Coupe du Monde au Qatar, qui s\u2019est termin\u00e9e le 18 d\u00e9cembre par la victoire de l\u2019Argentine. La Belgique y a jou\u00e9 deux (tr\u00e8s) mauvais matchs et un bon. L&#8217;\u00e9quipe est rest\u00e9e en-dessous de son niveau. Le d\u00e9clin des Diables Rouges ayant d\u00e9but\u00e9 il y a d\u00e9j\u00e0 un moment, cette \u00e9limination n&#8217;\u00e9tait donc pas une totale surprise. Cependant, l&#8217;avenir de notre \u00e9quipe nationale semble prometteur.<\/p>\n<p>Op 1 december 2022 werd Belgi\u00eb in de groepsfase uitgeschakeld op het WK in Qatar, dat op 18 december 2022 werd be\u00ebindigd door de overwinning van Argentini\u00eb. Belgi\u00eb speelde er twee (zeer) slechte wedstrijden en \u00e9\u00e9n goede. Maar de ploeg bleef hoe dan ook onder zijn niveau. De neergang van de Rode Duivels was ook al een tijd ingezet, zodat deze uitschakeling niet helemaal als een verrassing kwam. Nochtans ziet de toekomst van onze nationale ploeg er op termijn goed uit.<\/p>\n<p>Am 1. Dezember 2022 schied Belgien bei der Fu\u00dfballweltmeisterschaft in Katar in der Gruppenphase aus, die am 18. Dezember beendet wurde mit dem Sieg von Argentinien. Belgien hat dort zwei (sehr) schlechte und ein gutes Spiel gemacht. Aber die Mannschaft blieb trotzdem unter ihrem Niveau. Der Niedergang der Rote Teufel hatte auch schon seit einiger Zeit begonnen, so dass dieses Ausscheiden nicht v\u00f6llig \u00fcberraschend kam. Langfristig gesehen sieht die Zukunft unserer Nationalmannschaft jedoch gut aus.<\/p>\n","protected":false},"author":2,"featured_media":14059,"comment_status":"closed","ping_status":"closed","sticky":false,"template":"","format":"standard","meta":{"ngg_post_thumbnail":0,"jetpack_post_was_ever_published":false,"_jetpack_newsletter_access":"","_jetpack_dont_email_post_to_subs":false,"_jetpack_newsletter_tier_id":0,"_jetpack_memberships_contains_paywalled_content":false,"powered_cache_disable_cache":false,"_jetpack_memberships_contains_paid_content":false,"footnotes":"","jetpack_publicize_message":"","jetpack_publicize_feature_enabled":true,"jetpack_social_post_already_shared":true,"jetpack_social_options":{"image_generator_settings":{"template":"highway","default_image_id":0,"font":"","enabled":false},"version":2}},"categories":[1,5],"tags":[],"class_list":["post-14058","post","type-post","status-publish","format-standard","has-post-thumbnail","hentry","category-news0","category-opinions"],"jetpack_publicize_connections":[],"jetpack_featured_media_url":"https:\/\/www.unionbelge.be\/wp-content\/uploads\/2022\/12\/trophy-3457653_1280.jpg","jetpack_sharing_enabled":true,"jetpack_shortlink":"https:\/\/wp.me\/p6Y7u0-3EK","jetpack_likes_enabled":false,"_links":{"self":[{"href":"https:\/\/www.unionbelge.be\/index.php?rest_route=\/wp\/v2\/posts\/14058","targetHints":{"allow":["GET"]}}],"collection":[{"href":"https:\/\/www.unionbelge.be\/index.php?rest_route=\/wp\/v2\/posts"}],"about":[{"href":"https:\/\/www.unionbelge.be\/index.php?rest_route=\/wp\/v2\/types\/post"}],"author":[{"embeddable":true,"href":"https:\/\/www.unionbelge.be\/index.php?rest_route=\/wp\/v2\/users\/2"}],"replies":[{"embeddable":true,"href":"https:\/\/www.unionbelge.be\/index.php?rest_route=%2Fwp%2Fv2%2Fcomments&post=14058"}],"version-history":[{"count":2,"href":"https:\/\/www.unionbelge.be\/index.php?rest_route=\/wp\/v2\/posts\/14058\/revisions"}],"predecessor-version":[{"id":14061,"href":"https:\/\/www.unionbelge.be\/index.php?rest_route=\/wp\/v2\/posts\/14058\/revisions\/14061"}],"wp:featuredmedia":[{"embeddable":true,"href":"https:\/\/www.unionbelge.be\/index.php?rest_route=\/wp\/v2\/media\/14059"}],"wp:attachment":[{"href":"https:\/\/www.unionbelge.be\/index.php?rest_route=%2Fwp%2Fv2%2Fmedia&parent=14058"}],"wp:term":[{"taxonomy":"category","embeddable":true,"href":"https:\/\/www.unionbelge.be\/index.php?rest_route=%2Fwp%2Fv2%2Fcategories&post=14058"},{"taxonomy":"post_tag","embeddable":true,"href":"https:\/\/www.unionbelge.be\/index.php?rest_route=%2Fwp%2Fv2%2Ftags&post=14058"}],"curies":[{"name":"wp","href":"https:\/\/api.w.org\/{rel}","templated":true}]}}