{"id":14022,"date":"2022-08-31T18:59:09","date_gmt":"2022-08-31T17:59:09","guid":{"rendered":"http:\/\/www.unionbelge.be\/?p=14022"},"modified":"2022-08-31T19:06:39","modified_gmt":"2022-08-31T18:06:39","slug":"la-soi-disant-flandre-quitte-le-centre-pour-legalite-des-chances-unia-het-zogenaamde-vlaanderen-stapt-uit-het-gelijkekansencentrum-unia-das-so-genannte-flandern-verlasst-das","status":"publish","type":"post","link":"https:\/\/www.unionbelge.be\/?p=14022","title":{"rendered":"LA SOI-DISANT &#8220;FLANDRE&#8221; QUITTE LE CENTRE POUR L&#8217;\u00c9GALIT\u00c9 DES CHANCES UNIA &#8211;  HET ZOGENAAMDE &#8220;VLAANDEREN&#8221; STAPT UIT HET GELIJKEKANSENCENTRUM UNIA &#8211;  DAS SO GENANNTE &#8220;FLANDERN\u201d VERL\u00c4SST DAS ZENTRUM F\u00dcR CHANCENGLEICHHEIT UNIA"},"content":{"rendered":"\n<p>Image &#8211; Afbeelding &#8211; Bild: https:\/\/pixabay.com\/photos\/hands-team-united-together-people-1917895\/ (bron, source, Quelle)<\/p>\n\n\n\n<p><strong>LES DROITS DE L&#8217;HOMME SONT ABOLIS POUR LE\u00a0&#8220;PROPRE PEUPLE&#8221; !<\/strong><\/p>\n\n\n\n<p><strong>Le 1er juillet 2022, il a \u00e9t\u00e9 annonc\u00e9 que la r\u00e9gion &#8220;flamande&#8221; et la communaut\u00e9 &#8220;flamande&#8221; quitteront le Centre &#8220;interf\u00e9d\u00e9ral&#8221; pour l&#8217;\u00e9galit\u00e9 des chances <a href=\"https:\/\/www.unia.be\/fr\">Unia<\/a>. Un institut &#8220;flamand&#8221; des droits de l&#8217;homme (VMRI, c.a.d. &#8216;Vlaams&#8217; Mensenrechten Instituut) prendra sa place. Mais est-ce une avanc\u00e9e pour les droits des Belges\u00a0?<\/strong><br>\u00a0<br>En 1993, le\u00a0<strong>CECLR<\/strong>\u00a0(Centre pour l\u2019Egalit\u00e9 des Chances et la Lutte contre le Racisme) a \u00e9t\u00e9 cr\u00e9\u00e9. A la suite de la sixi\u00e8me \u201cr\u00e9forme\u201d de l&#8217;\u00c9tat, cette institution &#8220;f\u00e9d\u00e9rale&#8221; a \u00e9t\u00e9 transform\u00e9e en institut &#8220;interf\u00e9d\u00e9ral&#8221;, nomm\u00e9\u00a0<strong>Unia<\/strong>, en 2013. En plus de l&#8217;\u00c9tat belge, les r\u00e9gions et les communaut\u00e9s y ont \u00e9galement re\u00e7u leur propre repr\u00e9sentation. Principalement \u00e0 l&#8217;instigation de la N-VA, qui est un parti s\u00e9paratiste et qui juge l&#8217;institution &#8220;<em>pas neutre<\/em>&#8221; et &#8220;<em>pas objective<\/em>&#8220;, la communaut\u00e9 &#8220;flamande&#8221; et la r\u00e9gion &#8220;flamande&#8221; mettront fin \u00e0 l&#8217;accord de coop\u00e9ration avec l&#8217;institution en 2023.\u00a0<\/p>\n\n\n\n<p>La v\u00e9ritable raison de cette d\u00e9marche est tout d&#8217;abord l\u2019agitation s\u00e9paratiste des nationalistes. Deuxi\u00e8mement, cette man\u0153uvre est un reliquat \u00e9dulcor\u00e9 des mois de n\u00e9gociations entre le VB et la N-VA dans le cadre de la formation d&#8217;un nouveau gouvernement \u201cflamand\u201d en 2019.&nbsp;En effet, le premier parti souhaite abolir le CECLR depuis des d\u00e9cennies. Cette&nbsp;aspiration fait m\u00eame partie de son programme raciste de septante points. Pendant ce temps, les autres partenaires de la coalition \u2018flamande\u2019 et en particulier le &#8220;ministre&#8221; de l&#8217;int\u00e9gration, le raciste de la langue et l&#8217;ancien &#8220;ministre-pr\u00e9sident&#8221; (notamment de 2003 \u00e0 2004) Bart Somers (Open VLD et ex-VU) font mine de rien.<\/p>\n\n\n\n<p>Comme mentionn\u00e9, c&#8217;est principalement la N-VA qui veut que la&nbsp;soi-disant&nbsp;&#8220;Flandre&#8221; quitte Unia. Cependant, la structure de cette institution est tr\u00e8s proche du conf\u00e9d\u00e9ralisme souhait\u00e9 par la N-VA: en effet, avant sa cr\u00e9ation, diff\u00e9rents gouvernements ont conclu ind\u00e9pendamment un accord de coop\u00e9ration mutuellement r\u00e9siliable. Le conf\u00e9d\u00e9ralisme ne suffit donc pas \u00e0 la N-VA, seul le s\u00e9paratisme pur et simple suffit.<\/p>\n\n\n\n<p><strong>1) Qui est comp\u00e9tent pour la r\u00e9glementation?\u00a0<\/strong><\/p>\n\n\n\n<p>Le r\u00e9glementation reste enti\u00e8rement belge.&nbsp;C&#8217;est en soi un argument pour ne pas accorder aux r\u00e9gions et aux communaut\u00e9s une quelconque comp\u00e9tence en la mati\u00e8re.&nbsp;<\/p>\n\n\n\n<p>En outre, une institution belge des droits de l&#8217;homme existe d\u00e9j\u00e0 aux c\u00f4t\u00e9s d&#8217;Unia : l&#8217;Institut &#8220;f\u00e9d\u00e9ral&#8221; pour la protection et la promotion des droits de l&#8217;homme (<strong><a href=\"https:\/\/institutfederaldroitshumains.be\/fr\">IFDH<\/a><\/strong>), qui a \u00e9t\u00e9 cr\u00e9\u00e9 en 2019.<\/p>\n\n\n\n<p><strong>2) Pour quels domaines le VMRI est-il comp\u00e9tent?\u00a0<\/strong>\u00a0<\/p>\n\n\n\n<p>Notons tout d&#8217;abord que ni les communaut\u00e9s ni les r\u00e9gions exercent quelconque comp\u00e9tence en ce qui concerne les droits fondamentaux des \u00e9trangers, l&#8217;information sur la nature et l&#8217;ampleur des flux migratoires et la stimulation de la lutte contre la traite et le trafic des \u00eatres humains. Le gouvernement belge exerce ces comp\u00e9tences \u00e0 travers\u00a0<strong><a href=\"https:\/\/www.myria.be\/fr\">Myria<\/a>,<\/strong> le centre national de migration qui a \u00e9t\u00e9 cr\u00e9\u00e9 en 2014.<\/p>\n\n\n\n<p>En ce qui concerne les violations de la loi sur la discrimination qui concernent les comp\u00e9tences&nbsp;belges&nbsp;ou les comp\u00e9tences de la r\u00e9gion &#8216;wallonne&#8217; et&nbsp;bruxelloise&nbsp;ainsi que de la communaut\u00e9 germanophone et &#8216;fran\u00e7aise&#8217;, du&nbsp;COCOM&nbsp;bruxellois et du&nbsp;COCOF&nbsp;bruxellois, seul Unia reste comp\u00e9tente.&nbsp;&nbsp;<\/p>\n\n\n\n<p>Cela s&#8217;applique \u00e9galement aux comp\u00e9tences pour lesquels&nbsp;plusieurs autorit\u00e9s&nbsp;sont comp\u00e9tentes. De m\u00eame, Unia est seul comp\u00e9tent si le &#8220;centre de gravit\u00e9&#8221; se trouve aupr\u00e8s du gouvernement belge ou s&#8217;il y a un&nbsp;manque de clart\u00e9.&nbsp;&nbsp;<\/p>\n\n\n\n<p>En r\u00e9sum\u00e9, le VMRI n&#8217;est comp\u00e9tent que si la plainte concerne&nbsp;explicitement&nbsp;une comp\u00e9tence dite &#8220;flamande&#8221;.&nbsp;<\/p>\n\n\n\n<p>Pour le citoyen, cela entra\u00eene bien s\u00fbr des co\u00fbts suppl\u00e9mentaires inutiles et le chaos. Une personne victime de discrimination sur un lieu de travail dans la r\u00e9gion dite &#8220;flamande&#8221; doit s&#8217;adresser \u00e0 Unia, mais si le m\u00eame incident se produit dans un club de sport, ce n&#8217;est pas Unia, mais seulement le VMRI qui peut intervenir, \u00e0 moins que le club de sport ne rel\u00e8ve de la comp\u00e9tence du GGC, car alors seul Unia est comp\u00e9tent.<\/p>\n\n\n\n<p>La situation se complique encore du fait que le VMRI reprend \u00e9galement la partie &#8220;flamande&#8221; des comp\u00e9tences de l&#8217;Institut pour l&#8217;\u00e9galit\u00e9 entre les hommes et les femmes (<a href=\"https:\/\/igvm-iefh.belgium.be\/fr\"><strong>IEFH<\/strong><\/a>), qui a \u00e9t\u00e9 cr\u00e9\u00e9 par le gouvernement &#8220;f\u00e9d\u00e9ral&#8221; en 2002. Cette institution nationale exerce d\u00e9sormais les comp\u00e9tences r\u00e9gionales et communautaires par le biais d&#8217;un accord de coop\u00e9ration avec les communaut\u00e9s et les r\u00e9gions. D&#8217;autre part, les m\u00eames comp\u00e9tences sont d\u00e9j\u00e0 exerc\u00e9es en parall\u00e8le par la &#8220;<a href=\"https:\/\/www.vlaanderen.be\/vlaamse-ombudsdienst\/gender-en-grensoverschrijdend-gedrag\">Genderkamer<\/a>&#8221;\u00a0(Chambre du Genre), une institution cr\u00e9\u00e9e par le gouvernement &#8220;flamand&#8221; en 2015.\u00a0<\/p>\n\n\n\n<p>Il s&#8217;agit donc d&#8217;une comp\u00e9tence parall\u00e8le entre l&#8217;IVGM et la Genderkamer&nbsp;&#8216;flamande&#8217;, les deux institutions \u00e9tant comp\u00e9tentes en mati\u00e8re d&#8217;\u00e9galit\u00e9 entre les hommes et les femmes.&nbsp;<\/p>\n\n\n\n<p><strong>3) Que peut faire le VMRI ?<\/strong><\/p>\n\n\n\n<p>Le VMRI offre moins de s\u00e9curit\u00e9 juridique qu&#8217;Unia, une des raisons pour lesquelles toutes les organisations concern\u00e9es \u00e9taient contre la cr\u00e9ation de cet institut.\u00a0Unia joue le r\u00f4le de m\u00e9diateur dans les plaintes et, en cas d&#8217;\u00e9chec, aide la victime \u00e0 saisir la justice.\u00a0L&#8217;organisme &#8220;flamand&#8221; ne dispose pas de ce pouvoir et ne rend qu&#8217;une d\u00e9cision non contraignante, un avis, par l&#8217;interm\u00e9diaire d&#8217;un &#8220;comit\u00e9 des litiges&#8221; (et non d&#8217;un tribunal), que la victime peut utiliser pour saisir la justice. Selon M. Somers, le VMRI pourrait saisir la justice &#8220;<em>en cas d&#8217;int\u00e9r\u00eat collectif, par exemple en cas de valeur \u00e9lev\u00e9e du pr\u00e9c\u00e9dent&#8230;<\/em>&#8220;. Si, par exemple, explique M. Somers, &#8220;<em>un\u00a0certain bureau immobilier continue \u00e0 commettre des\u00a0erreurs, m\u00eame apr\u00e8s les d\u00e9cisions de la chambre des litiges, il peut \u00eatre n\u00e9cessaire\u00a0<\/em>(pour le VMRI, B.U.B.)\u00a0<em>d&#8217;aller au tribunal<\/em>&#8221; (DS, 1er juillet 2022).\u00a0Mais cela ne change pas la nature non contraignante des d\u00e9cisions du VMRI.<br><br>Le fait que la r\u00e9gion &#8220;flamande&#8221; et la communaut\u00e9 &#8220;flamande&#8221; quittent Unia ne donne donc pas \u00e0 ces entit\u00e9s superflues plus de pouvoir dans le domaine r\u00e9glementaire ou l\u00e9gislatif, bien au contraire, d&#8217;autant plus qu&#8217;elles perdront automatiquement leur droit de d\u00e9cision au sein d&#8217;Unia &#8220;interf\u00e9d\u00e9ral&#8221; et donc dans tous les domaines que cet organe continue \u00e0 r\u00e9glementer.<\/p>\n\n\n\n<p>Par ailleurs, pour les plaintes contre les m\u00e9dias, tels que le radiodiffuseur public la VRT, un autre organe reste comp\u00e9tent : le R\u00e9gulateur &#8220;flamand&#8221; des\u00a0M\u00e9dias (<a href=\"https:\/\/www.vlaamseregulatormedia.be\/nl\/over-vrm\">&#8220;Vlaamse&#8221; Regulator voor de Media<\/a>), qui ne sera pas supprim\u00e9. Qui peut encore donner un sens \u00e0 tout \u00e7a ?\u00a0\u00a0<\/p>\n\n\n\n<p><strong>Notez \u00e9galement que l\u2019adjectif fautif &#8220;flamand&#8221; est presque toujours utilis\u00e9 pour les institutions de la communaut\u00e9 &#8220;flamande&#8221; et de la r\u00e9gion &#8220;flamande&#8221;. Il en va de m\u00eame pour les organes &#8216;wallons&#8217;, de sorte que les flamingants et les wallingants &#8211; une petite minorit\u00e9 de la population belge &#8211; esp\u00e8rent imposer leur nationalisme linguistique \u00e0 chaque Belge par une exag\u00e9ration constante.\u00a0\u00a0<\/strong><\/p>\n\n\n\n<p><strong>Conclusion<\/strong><\/p>\n\n\n\n<p><strong>Cette r\u00e9forme absurde r\u00e9sume l&#8217;ensemble du f\u00e9d\u00e9ralisme belge : il scinde, rend les choses incroyablement compliqu\u00e9es, est inutile, extr\u00eamement co\u00fbteuse et il est superflu.\u00a0Et tout cela pour une petite secte de nationalistes linguistiques.\u00a0Selon\u00a0<em>De Standaard<\/em>\u00a0(1er juillet 2022),\u00a0<span style=\"text-decoration: underline;\">\u00e0 peine 20 % des plaintes annuelles<\/span>\u00a0concernent les comp\u00e9tences dites &#8220;flamandes&#8221;.\u00a0Cela signifie-t-il qu&#8217;il faut cr\u00e9er un nouveau centre pour lequel le gouvernement dit &#8220;flamand&#8221; d\u00e9pensera pas moins de cinq fois (!) plus d&#8217;argent que ce qu&#8217;il d\u00e9pense actuellement pour Unia ? C&#8217;est encore pire quand on sait qu&#8217;entre 2008 et 2021, Unia n&#8217;a port\u00e9 devant les tribunaux que dix-huit plaintes concernant des comp\u00e9tences &#8220;flamandes&#8221;. L&#8217;ann\u00e9e derni\u00e8re, il y a eu \u00e0 peine quatre cas.\u00a0Kati Verstrepen, pr\u00e9sidente de la Ligue des droits de l&#8217;homme, r\u00e9sume bien la situation : &#8220;<em>Il s&#8217;agit toujours de quatre cas de victimes d&#8217;une violation des droits de l&#8217;homme qui seront d\u00e9sormais laiss\u00e9es pour compte<\/em>&#8221; (DM, 1er juillet 2022).\u00a0<\/strong><\/p>\n\n\n\n<p><strong><span style=\"text-decoration: underline;\">Car il est clair que cet organisme inutile fera tout pour \u00e9pargner le superflu gouvernement &#8220;flamand&#8221; et le mettre \u00e0 l&#8217;abri.\u00a0<\/span><\/strong><\/p>\n\n\n\n<p><strong>MENSENRECHTEN AFGESCHAFT VOOR HET \u201cEIGEN VOLK\u201d!<\/strong><\/p>\n\n\n\n<p><strong>Op 1 juli 2022 raakte bekend dat het &#8216;Vlaams&#8217; gewest en de &#8216;Vlaamse&#8217; gemeenschap uit het &#8216;interfederaal&#8217; Gelijkekansencentrum <a href=\"https:\/\/www.unia.be\/nl\">Unia<\/a> stappen.\u00a0In de plaats komt een &#8216;Vlaams&#8217; mensenrechteninstituut (VMRI). Maar zijn de rechten van de Belgen hierbij ook gebaat?<\/strong><\/p>\n\n\n\n<p>In 1993 werd het\u00a0<strong>CGKR<\/strong>\u00a0(Centrum voor Gelijke Kansen en Racismebestrijding) opgericht. Volgend op de zesde &#8216;staatshervorming&#8217; werd deze &#8216;federale&#8217; instelling in 2013 omgevormd tot een &#8216;interfederaal&#8217; instituut,\u00a0<strong>Unia<\/strong>\u00a0genaamd. Daarin kregen, naast de Belgische staat, ook de gewesten en de gemeenschappen een eigen vertegenwoordiging.\u00a0Vooral op aansturen van de separatistische N-VA, die de instelling &#8216;<em>niet neutraal<\/em>&#8216; en &#8216;<em>niet objectief<\/em>&#8216; vond, zullen de &#8216;Vlaamse&#8217; gemeenschap en het &#8216;Vlaams&#8217; gewest in 2023 het samenwerkingsakkoord met de instelling opzeggen.\u00a0<\/p>\n\n\n\n<p>De echte reden\u00a0hiervoor\u00a0is\u00a0allereerst de separatistische splitsingsdrang. Ten tweede is\u00a0dit manoeuvre\u00a0een afgezwakt overblijfsel van de maandenlange onderhandelingen tussen het VB en de N-VA in het kader van de vorming van een nieuwe \u2018Vlaamse\u2019 regering in 2019.\u00a0Die eerste partij wil immers al decennia lang het CGKR afschaffen. Het is zelfs een deel van hun racistische Zeventig-Puntenprogramma. Ondertussen doen de andere \u2018Vlaamse\u2019 coalitiepartners en met name &#8216;minister&#8217; van Inburgering, taalracist\u00a0en voormalig zogenaamd \u2018minister-president\u2019\u00a0 (namelijk van 2003 tot 2004) Bart Somers (Open VLD en ex-VU) alsof er niets aan de hand is.<\/p>\n\n\n\n<p>Zoals gezegd wil vooral de N-VA dat \u201cVlaanderen\u201d uit Unia stapt. Nochtans komt de structuur van deze instelling zeer dicht in de buurt van het confederalisme dat de N-VA wil: verschillende overheden sloten voor de oprichting ervan immers autonoom een wederzijds opzegbaar samenwerkingsakkoord. Confederalisme volstaat dus niet voor de N-VA, enkel zuiver separatisme.<\/p>\n\n\n\n<p><strong>1) Wie is bevoegd voor de regelgeving?<\/strong><\/p>\n\n\n\n<p>De regelgeving blijft&nbsp;volledig Belgisch.&nbsp;Dat op zich al is een argument om de gewesten en gemeenschappen geen enkele bevoegdheid ter zake toe te kennen.<\/p>\n\n\n\n<p>Overigens bestaat er naast Unia al een Belgisch mensenrechteninstituut: het &#8216;Federaal&#8217; Instituut voor de bescherming en de bevordering van de rechten van de mens (<a href=\"https:\/\/institutfederaldroitshumains.be\/nl\">FIRM<\/a>) dat in 2019 opgericht werd.<\/p>\n\n\n\n<p><strong>2) Voor welke domeinen is het VMRI\u00a0bevoegd?\u00a0<\/strong><\/p>\n\n\n\n<p>Allereerst stippen we aan dat noch de gemeenschappen noch de gewesten een bevoegdheid uitoefenen inzake het waken over de grondrechten van vreemdelingen, het\u00a0informeren over de aard en de omvang van de migratiestromen en\u00a0de stimulatie van de strijd tegen mensenhandel en mensensmokkel. De Belgische regering oefent deze bevoegdheden uit via het nationale Migratiecentrum\u00a0<a href=\"https:\/\/www.myria.be\/nl\"><strong>M<\/strong><\/a><strong><a href=\"https:\/\/www.myria.be\/nl\">yria<\/a>\u00a0<\/strong>dat in 2014 opgericht.<\/p>\n\n\n\n<p>Voor wat overtredingen inzake de discriminatiewetgeving betreft die te maken hebben met&nbsp;Belgische bevoegdheden&nbsp;of bevoegdheden van het &#8216;Waals&#8217; en Brussels gewest alsook de Duitstalige en de &#8216;Franse&#8217; gemeenschap, de Brusselse GGC en de Brusselse FGC&nbsp;blijft enkel&nbsp;Unia&nbsp;bevoegd.&nbsp;<\/p>\n\n\n\n<p>Dat geldt ook voor&nbsp;bevoegdheden waarvoor meerdere overheden bevoegd zijn. Ook&nbsp;is enkel&nbsp;Unia&nbsp;bevoegd indien het &#8216;zwaartepunt&#8217; zich bij de Belgische overheid bevindt of wanneer er&nbsp;onduidelijkheid&nbsp;bestaat.&nbsp;<\/p>\n\n\n\n<p>Kortom, het VMRI&nbsp;is&nbsp;enkel&nbsp;bevoegd indien de klacht&nbsp;expliciet&nbsp;te maken heeft met een zogenaamd &#8216;Vlaamse&#8217; bevoegdheid.<\/p>\n\n\n\n<p>Voor de burger leidt dit natuurlijk tot een nutteloze meerkost en tot chaos. Wie op een&nbsp;werkvloer&nbsp;in het zogenaamd &#8216;Vlaams&#8217; gewest gediscrimineerd wordt, moet zich tot Unia richten, maar gebeurt hetzelfde in een sportclub, kan niet Unia, maar enkel het VMRI&nbsp;tussenkomen, tenzij die sportclub onder de bevoegdheid van de GGC valt, want dan is enkel Unia bevoegd.<\/p>\n\n\n\n<p>Het wordt des te ingewikkelder omdat het VMRI ook het \u2018Vlaamse\u2019 deel van de bevoegdheden van het in 2002 door de \u2018federale\u2019 regering opgerichte\u00a0Instituut voor Gelijkheid van Mannen en Vrouwen (<strong><a href=\"https:\/\/igvm-iefh.belgium.be\/nl\">IVGM<\/a><\/strong>)\u00a0overneemt. Die nationale instelling\u00a0oefent vandaag regionale en communautaire bevoegdheden uit door een samenwerkingsakkoord met de gemeenschappen en de gewesten. Anderzijds worden dezelfde bevoegdheden nu al\u00a0parallel uitgeoefend\u00a0door de zogenaamde \u2018<a href=\"https:\/\/www.vlaanderen.be\/vlaamse-ombudsdienst\/gender-en-grensoverschrijdend-gedrag\">Genderkamer<\/a>\u2019, een in 2015 door de \u2018Vlaamse\u2019 regering opgerichte instelling.\u00a0<\/p>\n\n\n\n<p>We hebben het dus over een parallelle bevoegdheid tussen het IVGM en&nbsp;de \u2018Vlaamse\u2019 genderkamer, daar beide instellingen bevoegd zijn op het terrein van gelijkheid tussen mannen en vrouwen.&nbsp;<\/p>\n\n\n\n<p><strong>3) Wat kan het VMRI\u00a0doen?<\/strong><\/p>\n\n\n\n<p>Het VMRI&nbsp;biedt minder rechtszekerheid dan Unia, \u00e9\u00e9n van de redenen waarom alle betrokken organisaties tegen de oprichting van dit instituut waren.&nbsp;Unia bemiddelt bij klachten en, mislukt dat, dan steunt de organisatie het slachtoffer om naar de rechter te stappen.&nbsp;Het &#8216;Vlaams&#8217; orgaan heeft die bevoegdheid niet en doet enkel via een &#8216;geschillenkamer&#8217; (geen rechtscollege) een niet-bindende uitspraak, een advies dus, waarmee het slachtoffer naar een rechtbank kan stappen.<\/p>\n\n\n\n<p>Volgens Somers zou het VMRI wel naar de rechter kunnen gaan &#8220;<em>bij zaken van collectief belang, bijvoorbeeld bij een hoge precedentswaarde\u2026&#8221;<\/em>. &#8220;<em>Als\u00a0bijvoorbeeld<\/em>&#8220;, zo verklaarde Somers, &#8220;<em>een bepaald immokantoor blijft in de fout gaan, ook na uitspraken van de geschillenkamer, kan het\u00a0<\/em>(voor het VMRI, B.U.B.)\u00a0<em>nodig zijn om naar de rechter te stappen<\/em>&#8221; (DS, 1 juli 2022).\u00a0Maar dat verandert niets aan het niet-bindende karakter van de beslissingen van het VMI.<\/p>\n\n\n\n<p>Dat het \u2018Vlaams\u2019 gewest en de \u2018Vlaamse\u2019 gemeenschap uit Unia stappen, geeft deze overbodige entiteiten dus noch op het vlak van reglementering noch op juridisch vlak meer macht ter zake, integendeel, temeer&nbsp;&nbsp;daar ze automatisch hun beslissingsrecht binnen het \u2018interfederale\u2019 Unia en dus inzake&nbsp; alle domeinen die dat orgaan blijft regelen zullen verliezen.\u2019<\/p>\n\n\n\n<p>Overigens is voor klachten tegen de media, zoals de openbare zender VRT, een ander orgaan dat bevoegd blijft: <a href=\"https:\/\/www.vlaamseregulatormedia.be\/nl\/over-vrm\">de \u2018Vlaamse\u2019\u00a0Regulator voor de Media<\/a>, die niet afgeschaft wordt. Wie kan hier nog aan uit?<\/p>\n\n\n\n<p><strong>Merk ook op dat het foute adjectief \u2018Vlaams\u2019 bijna altijd wordt gebruikt voor instellingen van de \u2018Vlaamse\u2019 gemeenschap en het \u2018Vlaams\u2019 gewest. Datzelfde geldt ook voor de wallingantische organen.\u00a0De flaminganten en wallinganten \u2013 een kleine minderheid van de Belgische bevolking &#8211; hopen zo hun taalnationalisme door voortdurende overdrijving aan elke Belg op te dringen.\u00a0<\/strong><\/p>\n\n\n\n<p><strong>Besluit<\/strong><\/p>\n\n\n\n<p><strong>Deze absurde hervorming vat het hele Belgische federalisme samen: het splitst, maakt zaken ongelofelijk ingewikkeld, is nutteloos, peperduur en overbodig.\u00a0En dat allemaal voor een kleine sekte taalnationalisten.\u00a0Volgens\u00a0<em>De Standaard\u00a0<\/em>(1 juli 2022) gaat <span style=\"text-decoration: underline;\">jaarlijks\u00a0amper 20 procent van de klachten<\/span>\u00a0over zogezegd &#8216;Vlaamse&#8217; bevoegdheden.\u00a0Moet daarvoor een nieuw centrum opgericht worden waarvoor de zogenaamde &#8216;Vlaamse&#8217; regering liefst vijfmaal ( ! ) meer geld gaat uittrekken dan het vandaag voor Unia doet? Het wordt nog erger wanneer men weet dat tussen 2008 en 2021 Unia slechts met achttien klachten betreffende &#8216;Vlaamse&#8217; bevoegdheden naar de rechter trok. Vorig jaar ging het om amper vier zaken.\u00a0Kati Verstrepen, voorzitter van de Liga voor Mensenrechten, vat het goed samen: &#8220;<em>Het\u00a0zijn en blijven wel vier zaken van slachtoffers van een mensenrechtenschending die nu in de kou zullen staan<\/em>\u201d (DM, 1 juli 2022).\u00a0<\/strong><\/p>\n\n\n\n<p><strong><span style=\"text-decoration: underline;\">Want laat het duidelijk zijn dat dit nutteloos orgaan er alles voor zal doen om de overbodige \u2018Vlaamse\u2019 regering te sparen en uit de wind te zetten.<\/span><\/strong><\/p>\n\n\n\n<p><\/p>\n\n\n\n<p><strong>ABSCHAFFUNG DER MENSCHENRECHTE F\u00dcR &#8220;DAS EIGENE VOLK\u2019\u2019!<\/strong><\/p>\n\n\n\n<p><strong>Am 1. Juli 2022 wurde bekannt gegeben, dass die &#8220;fl\u00e4mische&#8221; Region und die &#8220;fl\u00e4mische&#8221; Gemeinschaft die &#8220;interf\u00f6derale&#8221; Gleichstellungsstelle <a href=\"https:\/\/www.unia.be\/de\">Unia<\/a> verlassen. Ein &#8220;fl\u00e4misches&#8221; Menschenrechtsinstitut (VMRI) wird an seine Stelle treten. Aber profitieren davon auch die Rechte der Belgier?<\/strong><\/p>\n\n\n\n<p>Im Jahr 1993 wurde das\u00a0<strong>CGKR<\/strong>\u00a0(Zentrum f\u00fcr Chancengleichheit und Rassismusbek\u00e4mpfung) gegr\u00fcndet. Nach der sechsten &#8220;Staatsreform&#8221; wurde diese &#8220;f\u00f6derale&#8221; Einrichtung 2013 in ein &#8220;interf\u00f6derales&#8221; Institut mit dem Namen\u00a0Unia\u00a0umgewandelt. Darin erhielten neben dem belgischen Staat auch die Regionen und Gemeinschaften eine eigene Vertretung. Vor allem auf Betreiben der separatistischen N-VA, die die Institution f\u00fcr &#8220;<em>nicht neutral<\/em>&#8221; und &#8220;<em>nicht objektiv<\/em>&#8221; h\u00e4lt, werden die &#8220;fl\u00e4mische&#8221; Gemeinschaft und die &#8220;fl\u00e4mische&#8221; Region das Kooperationsabkommen mit der Institution im Jahr 2023 k\u00fcndigen.\u00a0<\/p>\n\n\n\n<p>Der wahre Grund daf\u00fcr ist vor allem der separatistische Drang zur Abspaltung. Zweitens ist dieses Man\u00f6ver ein verw\u00e4ssertes \u00dcberbleibsel der monatelangen Verhandlungen zwischen der VB und der N-VA im Rahmen der Bildung einer neuen &#8220;fl\u00e4mischen&#8221; Regierung im Jahr 2019.Schlie\u00dflich will die ehemalige Partei die CGKR schon seit Jahrzehnten abschaffen. Es ist Teil ihres rassistischen Siebzig-Punkte-Programms. In der Zwischenzeit tun die anderen Koalitionspartner und insbesondere der &#8220;Integrationsminister&#8221;, Sprachrassist und ehemalige so genannte &#8220;Ministerpr\u00e4sident&#8221; (n\u00e4mlich von 2003 bis 2004) Bart Somers (Open VLD und Ex-VU) so, als ob nichts w\u00e4re.<\/p>\n\n\n\n<p>Wie bereits erw\u00e4hnt, ist es vor allem die N-VA, die m\u00f6chte, dass&nbsp;das so gennante&nbsp;&#8220;Flandern&#8221; die Unia verl\u00e4sst. Die Struktur dieser Einrichtung kommt jedoch dem von der N-VA gew\u00fcnschten Konf\u00f6deralismus sehr nahe: Vor ihrer Gr\u00fcndung schlossen n\u00e4mlich verschiedene Regierungen unabh\u00e4ngig voneinander ein gegenseitig k\u00fcndbares Kooperationsabkommen. Konf\u00f6deralismus reicht also f\u00fcr die N-VA nicht aus, nur reiner Separatismus.<\/p>\n\n\n\n<p><strong>1) Wer ist f\u00fcr die Vorschriften zust\u00e4ndig?<\/strong><\/p>\n\n\n\n<p>Die Vorschriften bleiben&nbsp;vollst\u00e4ndig belgisch. Das allein ist schon ein Argument daf\u00fcr, den Regionen und Gemeinschaften keine Zust\u00e4ndigkeit in dieser Angelegenheit zuzugestehen.<\/p>\n\n\n\n<p>Neben der Unia gibt es \u00fcbrigens bereits ein belgisches Menschenrechtsinstitut: das 2019 gegr\u00fcndete &#8220;f\u00f6derale&#8221; Institut f\u00fcr den Schutz und die F\u00f6rderung der Menschenrechte (<a href=\"https:\/\/institutfederaldroitshumains.be\/nl\">FIRM<\/a>).<\/p>\n\n\n\n<p><strong>2) F\u00fcr welche Bereiche ist das VMRI zust\u00e4ndig?\u00a0<\/strong><\/p>\n\n\n\n<p>Zun\u00e4chst ist festzustellen, dass weder die Gemeinschaften noch die Regionen \u00fcber Befugnisse zur \u00dcberwachung der Grundrechte von Ausl\u00e4ndern, zur Bereitstellung von Informationen \u00fcber Art und Umfang der Migrationsstr\u00f6me und zur F\u00f6rderung der Bek\u00e4mpfung von Menschenhandel und Schleuserkriminalit\u00e4t verf\u00fcgen. Die belgische Regierung \u00fcbt diese Befugnisse \u00fcber das nationale Zentrum f\u00fcr Migration\u00a0<a href=\"https:\/\/www.myria.be\/de\"><strong>Myria<\/strong><\/a>\u00a0aus, das 2014 eingerichtet wurde.<\/p>\n\n\n\n<p>F\u00fcr Verst\u00f6\u00dfe gegen das Diskriminierungsrecht, die&nbsp;belgische&nbsp;Zust\u00e4ndigkeiten oder Zust\u00e4ndigkeiten der \u2018\u2019wallonischen&#8221; und der&nbsp;Br\u00fcsseler&nbsp;Region sowie der&nbsp;deutschsprachigenund der \u2018\u2019franz\u00f6sischen&#8221; Gemeinschaft, der&nbsp;Br\u00fcsseler&nbsp;GGC&nbsp;und der Br\u00fcsseler&nbsp;FGC&nbsp;betreffen, bleibt nur Unia zust\u00e4ndig.&nbsp;<\/p>\n\n\n\n<p>Dies gilt auch f\u00fcr Befugnisse, f\u00fcr die&nbsp;mehrere Beh\u00f6rden&nbsp;zust\u00e4ndig sind. Au\u00dferdem ist die Unia allein zust\u00e4ndig, wenn der &#8220;Schwerpunkt&#8221; bei der belgischen Regierung liegt oder wenn&nbsp;Unklarheiten&nbsp;bestehen.&nbsp;<\/p>\n\n\n\n<p>Kurz gesagt, die VMRI ist nur zust\u00e4ndig, wenn die Beschwerde&nbsp;ausdr\u00fccklich&nbsp;eine so genannte &#8220;fl\u00e4mische&#8221; Zust\u00e4ndigkeit betrifft.<\/p>\n\n\n\n<p>F\u00fcr den B\u00fcrger f\u00fchrt dies nat\u00fcrlich zu unn\u00f6tigen Mehrkosten und zu Chaos. Wer auf einem Arbeitsplatz in der so genannten &#8220;fl\u00e4mischen&#8221; Region diskriminiert wird, muss sich an die Unia wenden, aber wenn dasselbe in einem Sportverein passiert, kann nicht die Unia, sondern nur die VMRI einschreiten, es sei denn, dieser Sportverein f\u00e4llt in die Zust\u00e4ndigkeit der GGC, denn dann ist nur die Unia zust\u00e4ndig.<\/p>\n\n\n\n<p>Es wird noch komplizierter, weil das VMRI auch den &#8220;fl\u00e4mischen&#8221; Teil der Zust\u00e4ndigkeiten des Instituts f\u00fcr Gleichstellung von Frauen und M\u00e4nner (<strong><a href=\"https:\/\/igvm-iefh.belgium.be\/de\">IGFM<\/a><\/strong>) \u00fcbernimmt, das 2002 von der &#8220;f\u00f6deralen&#8221; Regierung gegr\u00fcndet wurde. Diese nationale Institution \u00fcbt nun regionale und gemeinschaftliche Zust\u00e4ndigkeiten \u00fcber ein Kooperationsabkommen mit den Gemeinschaften und Regionen.<\/p>\n\n\n\n<p>Andererseits werden dieselben Befugnisse bereits parallel von der sogenannten &#8220;<a href=\"https:\/\/www.vlaanderen.be\/vlaamse-ombudsdienst\/gender-en-grensoverschrijdend-gedrag\">Genderkammer<\/a>&#8221; ausge\u00fcbt, einer Einrichtung, die 2015 von der \u2018\u2019fl\u00e4mischen\u2018\u2019 Regierung geschaffen wurde.\u00a0<\/p>\n\n\n\n<p>Es handelt sich also um eine parallele Zust\u00e4ndigkeit zwischen der IGG und der &#8216;fl\u00e4mischen&#8217; Genderkammer, da beide Institutionen f\u00fcr den Bereich der Gleichstellung von M\u00e4nnern und Frauen zust\u00e4ndig sind.<\/p>\n\n\n\n<p><strong>3) Was kann das VMRI tun?<\/strong><\/p>\n\n\n\n<p>Das VMRI bietet weniger Rechtssicherheit als Unia, einer der Gr\u00fcnde, warum alle beteiligten Organisatoren gegen ihre Gr\u00fcndung waren. Unia vermittelt bei Beschwerden und unterst\u00fctzt das Opfer, wenn dies nicht gelingt, beim Gang vor Gericht. Die &#8220;fl\u00e4mische&#8221; Stelle hat diese Befugnis nicht und erl\u00e4sst \u00fcber einen &#8220;Streitschlichtungsausschuss&#8221; (kein Gericht) lediglich eine unverbindliche Entscheidung, einen Ratschlag, den das Opfer nutzen kann, um vor Gericht zu gehen.<\/p>\n\n\n\n<p>Somers zufolge k\u00f6nnte die VMRI &#8220;<em>in F\u00e4llen kollektiven Interesses, zum Beispiel bei einem hohen Pr\u00e4zedenzwert, vor Gericht gehen<\/em>&#8230;&#8221;. \u2018\u2019Wenn beispielsweise&#8221;, so Somers, &#8220;<em>ein bestimmtes Immobilienb\u00fcro auch nach Entscheidungen der Schlichtungskammer weiterhin Probleme hat, kann es<\/em>\u00a0(f\u00fcr das VMRI, B.U.B.)\u00a0<em>ontweldig sein, vor Gericht zu gehen<\/em>&#8221; (DS, 1. Juli 2022).\u00a0Das \u00e4ndert aber nichts an der Unverbindlichkeit der Entscheidungen des VMI.<\/p>\n\n\n\n<p>Die Tatsache, dass die &#8216;fl\u00e4mische&#8217; Region und die &#8216;fl\u00e4mische&#8217; Gemeinschaft aus der Unia austreten, verleiht diesen \u00fcberfl\u00fcssigen Gebilden also nicht mehr Macht im Bereich der Regulierung oder des Rechts, sondern im Gegenteil, sie verlieren automatisch ihr Entscheidungsrecht innerhalb der &#8216;interf\u00f6deralen&#8217; Unia und damit in allen Bereichen, die diese weiterhin regelt.<\/p>\n\n\n\n<p>F\u00fcr Beschwerden gegen die Medien, wie z. B. die \u00f6ffentlich-rechtliche Rundfunkanstalt VRT, bleibt \u00fcbrigens eine andere Stelle zust\u00e4ndig: der &#8220;fl\u00e4mische&#8221;\u00a0<a href=\"https:\/\/www.vlaamseregulatormedia.be\/nl\/over-vrm\">Medienregulator<\/a>, der nicht abgeschafft wird. Wer kann sich noch einen Reim darauf machen?<\/p>\n\n\n\n<p><strong>Beachten Sie auch, dass f\u00fcr Einrichtungen der &#8220;fl\u00e4mischen&#8221; Gemeinschaft und der &#8220;fl\u00e4mischen&#8221; Region fast immer das falsche Adjektiv &#8220;fl\u00e4misch&#8221; verwendet wird. Das Gleiche gilt f\u00fcr \u2018\u2019wallonische\u2019\u2019 Orgeln. Die Flaminganten und Wallinganten &#8211; eine kleine Minderheit der belgischen Bev\u00f6lkerung &#8211; hoffen auf diese Weise, durch st\u00e4ndige \u00dcbertreibungen allen Belgiern ihren sprachlichen Nationalismus aufzudr\u00e4ngen.\u00a0<\/strong><\/p>\n\n\n\n<p><strong>Beschluss<\/strong><\/p>\n\n\n\n<p><strong>Diese absurde Reform fasst den gesamten belgischen F\u00f6deralismus zusammen: Sie spaltet, macht die Dinge unglaublich kompliziert, ist nutzlos, extrem teuer und unn\u00f6tig. Und das alles wegen einer kleinen Sekte von Sprachnationalisten. Laut\u00a0<em>De Standaard<\/em>\u00a0(1. Juli 2022) betreffen\u00a0<span style=\"text-decoration: underline;\">knapp 20 % der j\u00e4hrlichen Beschwerden<\/span> die so genannten &#8220;fl\u00e4mischen&#8221; Zust\u00e4ndigkeiten. Bedeutet dies, dass ein neues Zentrum eingerichtet werden muss, f\u00fcr das die so genannte &#8220;fl\u00e4mische&#8221; Regierung nicht weniger als f\u00fcnfmal (!) mehr Geld ausgeben wird, als sie derzeit f\u00fcr die Unia ausgibt? Noch schlimmer wird es, wenn man wei\u00df, dass die Unia zwischen 2008 und 2021 nur achtzehn Beschwerden \u00fcber &#8220;fl\u00e4mische&#8221; Befugnisse vor Gericht gebracht hat. Letztes Jahr waren es gerade einmal vier F\u00e4lle. Kati Verstrepen, Pr\u00e4sidentin der Menschenrechtsliga, bringt es auf den Punkt: &#8220;<em>Es sind und bleiben vier F\u00e4lle von Opfern einer Menschenrechtsverletzung, die nun im Regen stehen gelassen werden<\/em>&#8221; (DM, 1. Juli 2022).\u00a0<\/strong><\/p>\n\n\n\n<p><strong><span style=\"text-decoration: underline;\">Denn es ist klar, dass dieses nutzlose Gremium alles tun wird, um die \u00fcberfl\u00fcssige &#8220;fl\u00e4mische&#8221; Regierung zu schonen und sie zu sch\u00fctzen.<\/span><\/strong><\/p>\n","protected":false},"excerpt":{"rendered":"<p>Le 1er juillet 2022, il a \u00e9t\u00e9 annonc\u00e9 que la r\u00e9gion &#8220;flamande&#8221; et la communaut\u00e9 &#8220;flamande&#8221; quitteront le Centre &#8220;interf\u00e9d\u00e9ral&#8221; pour l&#8217;\u00e9galit\u00e9 des chances Unia. Un institut &#8220;flamand&#8221; des droits de l&#8217;homme (VMRI, c.a.d. &#8216;Vlaams&#8217; Mensenrechten Instituut) prendra sa place. Mais est-ce une avanc\u00e9e pour les droits des Belges?<\/p>\n<p>Op 1 juli 2022 raakte bekend dat het &#8216;Vlaams&#8217; gewest en de &#8216;Vlaamse&#8217; gemeenschap uit het &#8216;interfederaal&#8217; Gelijkekansencentrum Unia stappen.\u00a0In de plaats komt een &#8216;Vlaams&#8217; mensenrechteninstituut (VMRI). Maar zijn de rechten van de Belgen hierbij ook gebaat?<\/p>\n<p>Am 1. Juli 2022 wurde bekannt gegeben, dass die &#8220;fl\u00e4mische&#8221; Region und die &#8220;fl\u00e4mische&#8221; Gemeinschaft die &#8220;interf\u00f6derale&#8221; Gleichstellungsstelle Unia verlassen. Ein &#8220;fl\u00e4misches&#8221; Menschenrechtsinstitut (VMRI) wird an seine Stelle treten. Aber profitieren davon auch die Rechte der Belgier?<\/p>\n","protected":false},"author":2,"featured_media":14023,"comment_status":"closed","ping_status":"closed","sticky":false,"template":"","format":"standard","meta":{"ngg_post_thumbnail":0,"jetpack_post_was_ever_published":false,"_jetpack_newsletter_access":"","_jetpack_dont_email_post_to_subs":false,"_jetpack_newsletter_tier_id":0,"_jetpack_memberships_contains_paywalled_content":false,"powered_cache_disable_cache":false,"_jetpack_memberships_contains_paid_content":false,"footnotes":"","jetpack_publicize_message":"","jetpack_publicize_feature_enabled":true,"jetpack_social_post_already_shared":true,"jetpack_social_options":{"image_generator_settings":{"template":"highway","default_image_id":0,"font":"","enabled":false},"version":2}},"categories":[1,5],"tags":[],"class_list":["post-14022","post","type-post","status-publish","format-standard","has-post-thumbnail","hentry","category-news0","category-opinions"],"jetpack_publicize_connections":[],"jetpack_featured_media_url":"https:\/\/www.unionbelge.be\/wp-content\/uploads\/2022\/08\/hands-1917895_1280.webp","jetpack_sharing_enabled":true,"jetpack_shortlink":"https:\/\/wp.me\/p6Y7u0-3Ea","jetpack_likes_enabled":false,"_links":{"self":[{"href":"https:\/\/www.unionbelge.be\/index.php?rest_route=\/wp\/v2\/posts\/14022","targetHints":{"allow":["GET"]}}],"collection":[{"href":"https:\/\/www.unionbelge.be\/index.php?rest_route=\/wp\/v2\/posts"}],"about":[{"href":"https:\/\/www.unionbelge.be\/index.php?rest_route=\/wp\/v2\/types\/post"}],"author":[{"embeddable":true,"href":"https:\/\/www.unionbelge.be\/index.php?rest_route=\/wp\/v2\/users\/2"}],"replies":[{"embeddable":true,"href":"https:\/\/www.unionbelge.be\/index.php?rest_route=%2Fwp%2Fv2%2Fcomments&post=14022"}],"version-history":[{"count":2,"href":"https:\/\/www.unionbelge.be\/index.php?rest_route=\/wp\/v2\/posts\/14022\/revisions"}],"predecessor-version":[{"id":14025,"href":"https:\/\/www.unionbelge.be\/index.php?rest_route=\/wp\/v2\/posts\/14022\/revisions\/14025"}],"wp:featuredmedia":[{"embeddable":true,"href":"https:\/\/www.unionbelge.be\/index.php?rest_route=\/wp\/v2\/media\/14023"}],"wp:attachment":[{"href":"https:\/\/www.unionbelge.be\/index.php?rest_route=%2Fwp%2Fv2%2Fmedia&parent=14022"}],"wp:term":[{"taxonomy":"category","embeddable":true,"href":"https:\/\/www.unionbelge.be\/index.php?rest_route=%2Fwp%2Fv2%2Fcategories&post=14022"},{"taxonomy":"post_tag","embeddable":true,"href":"https:\/\/www.unionbelge.be\/index.php?rest_route=%2Fwp%2Fv2%2Ftags&post=14022"}],"curies":[{"name":"wp","href":"https:\/\/api.w.org\/{rel}","templated":true}]}}