{"id":14010,"date":"2022-08-20T11:04:50","date_gmt":"2022-08-20T10:04:50","guid":{"rendered":"http:\/\/www.unionbelge.be\/?p=14010"},"modified":"2022-08-23T14:05:48","modified_gmt":"2022-08-23T13:05:48","slug":"exclusief-interview-van-de-b-u-b-met-bekende-actrice-carmen-interview-exclusive-du-b-u-b-avec-carmen-actrice-connue-au-nord-du-pays-exklusives-interview-der-b-u-b-mit-carmen-der","status":"publish","type":"post","link":"https:\/\/www.unionbelge.be\/?p=14010","title":{"rendered":"EXCLUSIEF INTERVIEW VAN DE B.U.B. MET BEKENDE ACTRICE &#8220;CARMEN&#8221; &#8211; INTERVIEW EXCLUSIVE DU B.U.B. AVEC &#8220;CARMEN&#8221;, ACTRICE CONNUE AU NORD DU PAYS &#8211;  EXKLUSIVES INTERVIEW DER B.U.B. MIT &#8220;CARMEN&#8221;, DER BEKANNTEN SCHAUSPIELERIN IM NORDEN DES LANDES"},"content":{"rendered":"\n<p>Foto &#8211; Image &#8211; Bild: foto van Loes Van den Heuvel zoals ze er vandaag uitziet: een vriendelijke, mooie en fitte dame;  Photo de Loes Van den Heuvel telle qu&#8217;elle est aujourd&#8217;hui : une femme sympathique, belle et en forme; Foto von Loes Van den Heuvel, wie sie heute aussieht: eine freundliche, sch\u00f6ne und fitte Frau. <\/p>\n\n\n\n<p>(bron &#8211; source &#8211; Quelle: fotograaf onbekend; photographe inconnu; Fotograf unbekannt)<\/p>\n\n\n\n<p><strong>LOES VAN DEN HEUVEL (\u201cCARMEN\u201d UIT FC DE KAMPIOENEN) IS EEN OVERTUIGD UNITARISTE !<\/strong><\/p>\n\n\n\n<p><strong>De B.U.B. had de eer een interview te mogen afnemen van Bekende Belg Loes Van den Heuvel, alias \u201cCarmen\u201d van de populaire TV-reeks \u201cFC De Kampioenen\u201d. De reeks dateert van oktober 1990 en liep tot 2011. Ze wordt nog regelmatig op de vroegere BRT (nu spijtig genoeg \u201cVRT\u201d, een absurde naamsverandering die de B.U.B. uiteraard ongedaan wil maken) heruitgezonden. De erg vriendelijke mevrouw Van den Heuvel blijkt dezelfde idee\u00ebn te hebben als de B.U.B., waarvoor ze overigens sympathie toont. Dat verheugt ons natuurlijk en we zijn er zeker van dat ons unitaristisch gedachtegoed ook gedeeld wordt door minstens de helft van de Belgen (zoals uit wetenschappelijk onderzoek blijkt) en dat dit aantal in werkelijkheid wellicht zelfs oploopt tot 70 tot 80% van de Belgen, ook al willen de particratie en de pers dit verborgen houden. Loes verwoordt haar idee\u00ebn op zeer gevatte wijze en is uitgesproken unitariste. Hieronder leest u haar antwoorden op de gestelde vragen.<\/strong><\/p>\n\n\n\n<p><strong>Wat vindt u ervan dat men ons kleine land steeds wil versnipperen? Is dat effici\u00ebnt?<\/strong><\/p>\n\n\n\n<p>Nee! Ik denk ook voortdurend aan de internationale uitstraling: we leven in Belgi\u00eb en dus moet men ook over Belgi\u00eb spreken. Opsplitsing, laat staan nog m\u00e9\u00e9r opsplitsing is enkel verwarrend en polariserend en overigens niet alleen schadelijk voor Belgi\u00eb maar ook voor Brussel, de hoofdstad van ons land. Eenheid is, zowel op politiek, economisch en cultureel vlak essentieel.<\/p>\n\n\n\n<p><strong>Kan u het begrijpen dat wij met slechts 12 miljoen inwoners 56 ministers en staatssecretarissen nodig hebben? Wat vindt u hiervan?<\/strong><\/p>\n\n\n\n<p>Ik \u201cbegrijp\u201d het wel, maar zoals gezegd leidt het tot ineffici\u00ebntie, daar alles op de lange baan geschoven wordt en de verantwoordelijkheid of, desgevallend, de zwarte piet naar elkaar geschoven wordt. Het gevolg daarvan is dat men meestal achter de feiten aanholt en dat zeer veel geld \u2013 dat voor effici\u00ebntere zaken gebruikt kan worden \u2013 verloren gaat.<\/p>\n\n\n\n<p><br><strong>Stel dat u op een Franstalige kandidaat zou willen stemmen, bv. uit Luik, zou u dat moeten kunnen? En waarom?<\/strong><\/p>\n\n\n\n<p>Uiteraard moet dat kunnen. Als deze persoon voor mij de meest geschikte kandidaat lijkt, moet ik over de taalgrenzen heen kunnen stemmen. Een politicus moet steeds het staatsbelang dienen en dient nooit afhankelijk te zijn van mogelijke stemmen in de toekomst, van partijbelangen of van taalverschillen.<\/p>\n\n\n\n<p><br><strong>Hoe staat u tegenover het huidig beleid? Vindt u dat de politici effici\u00ebnt werken? Zou het met minder beter kunnen?<\/strong><\/p>\n\n\n\n<p>Het zou absoluut met minder kunnen. Het is een clich\u00e9: de meeste politici zijn wel gedreven en ge\u00ebngageerd, maar bekijken de zaken te theoretisch en hebben te weinig voeling met wat er echt leeft, met wat de mensen echt verlangen of belangrijk vinden.<\/p>\n\n\n\n<p><br><strong>Vindt u het goed dat er in Belgi\u00eb zes regeringen en evenveel parlementen zijn? Vindt u dat de zogenaamde &#8220;Vlamingen&#8221; en &#8220;Walen&#8221; daar recht op hebben?<\/strong><\/p>\n\n\n\n<p>Ik denk niet in termen van \u201cVlamingen\u201d en \u201cWalen\u201d. Vroeger kwamen er veel inkomsten via de \u201cWaalse\u201d industrie en nu is het omgekeerd. Bovendien beschikt \u201cWalloni\u00eb\u201d \u2013 helaas \u2013 niet over havens [tenzij de binnenhavens van Luik en Namen, noot van de B.U.B.]. Het parlement is belangrijk, maar er zou er maar \u00e9\u00e9n \u2013 Belgisch \u2013 mogen zijn en \u00e9\u00e9n \u2013 Belgische \u2013 regering. De opsplitsing van Belgi\u00eb wordt opzettelijk op de spits gedreven en in stand gehouden.<\/p>\n\n\n\n<p>&nbsp;<br><strong>De verschillen in sommige belastingen, zoals registratiebelasting of erfenisrechten in de verschillende regio\u2019s, zijn soms heel groot, vindt u dat iedereen dezelfde belastingen moet betalen in gelijk welk landsdeel?<\/strong><\/p>\n\n\n\n<p>Het is belangrijk dat deze in elke regio dezelfde zijn en dat regio\u2019s niet op eigen initiatief regels en normen mogen invoeren. Iedereen gelijk voor de wet!<\/p>\n\n\n\n<p>&nbsp;<br><strong>Sinds decennia zijn dezelfde partijen aan de macht. Hoe staat u tegenover de particratie?<\/strong><\/p>\n\n\n\n<p>Deze vorm van aan politiek doen, heeft zijn houdbaarheidsdatum bereikt. Ik geloof echt in de kracht van de burger, in een nieuwe soort maatschappij, waarin ook bijvoorbeeld wetenschappers vrij en ongecensureerd kunnen debatteren en alle leiders en volksvertegenwoordigers vrij en rechtstreeks kunnen verkozen worden. Hierbij is transparantie zeer belangrijk.<\/p>\n\n\n\n<p><br><strong>U vertoeft graag in Spanje. Vindt u dat het daar structureel en politiek beter geregeld is? Zijn de Spanjaarden gelukkiger dan de Belgen?<\/strong><\/p>\n\n\n\n<p>Het is daar goed vertoeven, maar met de politieke en structurele werking van het land heb ik weinig tot geen ervaring.<\/p>\n\n\n\n<p><br><strong>Voelt u zich eveneens een unitarist zoals meer dan 70% van de Belgen?<\/strong><\/p>\n\n\n\n<p>Inderdaad !<br><br><strong>Hoe staat u tegenover de verschillende crises in de maatschappij zoals de oorlog in Oekra\u00efne, de coronacrisis en de opwarming van de aarde? Moeten de burgers zich schuldig voelen?<\/strong><\/p>\n\n\n\n<p>Er bestaat zoiets als gedeelde verantwoordelijkheid met zovele mensen zodat niemand zich verantwoordelijk of schuldig voelt. De bewustwording komt altijd veel te laat en is een traag proces, waardoor men meestal achter de feiten aanholt. In die context is het zeer moeilijk om mensen te overtuigen van de ernst van de zaak of ze zover te brengen dat ze hun denk- en levenswijze willen wijzigen. Zolang ze het niet echt voelen, gebeurt er niet veel en in dit debat is \u201cschuld\u201d een zeer beperkende en verengende term. Het komt erop aan om zich bewust te zijn van de essentie, maar helaas heeft de globalisering, de onuitputtelijke verdedigingsmechanismen om de koopkracht aan te sturen en bijgevolg ook de wegwerpmaatschappij een haast ondoordringbaar mistgordijn opgeworpen.<\/p>\n\n\n\n<p><strong>LOES VAN DEN HEUVEL (&#8220;CARMEN&#8221; DANS LA SERIE \u201cFC DE KAMPIOENEN\u201d) EST UNE UNITARISTE CONVAINCUE !<\/strong><\/p>\n\n\n\n<p><strong>Le B.U.B. a eu l&#8217;honneur d&#8217;interviewer la c\u00e9l\u00e8bre Belge Loes Van den Heuvel, alias &#8220;Carmen&#8221; de la s\u00e9rie t\u00e9l\u00e9vis\u00e9e populaire &#8220;FC De Kampioenen&#8221;. La s\u00e9rie date d&#8217;octobre 1990 et a \u00e9t\u00e9 diffus\u00e9e jusqu&#8217;en 2011. Elle est encore r\u00e9guli\u00e8rement rediffus\u00e9e sur l&#8217;ancienne BRT (aujourd&#8217;hui malheureusement nomm\u00e9 &#8220;VRT&#8221;, un changement de nom absurde que le B.U.B. veut \u00e9videmment d\u00e9faire). La tr\u00e8s sympathique Mme Van den Heuvel semble avoir les m\u00eames id\u00e9es que le B.U.B., pour lequel, d&#8217;ailleurs, elle manifeste de la sympathie. Nous en sommes bien s\u00fbr heureux et nous sommes s\u00fbrs que nos id\u00e9es unitaristes sont \u00e9galement partag\u00e9es par au moins la moiti\u00e9 des Belges (comme le montrent les sondages scientifiques) et qu&#8217;en r\u00e9alit\u00e9 ce nombre pourrait m\u00eame atteindre 70 \u00e0 80% des Belges, m\u00eame si la particratie et la presse veulent le cacher. Loes exprime ses id\u00e9es avec beaucoup d\u2019enthousiasme et est une unitariste convaincue. Vous pouvez lire ci-dessous ses r\u00e9ponses aux questions pos\u00e9es par le B.U.B..<\/strong><\/p>\n\n\n\n<p><strong>Que pensez-vous du fait que l\u2019on veut toujours \u00e9parpiller notre petit pays? Est-ce efficace?<\/strong><\/p>\n\n\n\n<p>Non, pas du tout! Je pense aussi constamment \u00e0 notre image internationale: nous vivons en Belgique, nous devons donc aussi parler de la Belgique. L\u2019\u00e9parpillement existant, sans parler d&#8217;un \u00e9parpillement encore plus pouss\u00e9, ne fait que semer la confusion et la polarisation. Il n\u2019est pas seulement nuisible pour la Belgique mais aussi pour Bruxelles, la capitale de notre pays. L&#8217;unit\u00e9 est essentielle sur le plan politique, \u00e9conomique et culturel.<\/p>\n\n\n\n<p><strong>Pouvez-vous comprendre qu&#8217;avec seulement 12 millions d&#8217;habitants, nous ayons besoin de 56 ministres et secr\u00e9taires d&#8217;\u00c9tat ? Que pensez-vous de cela?<\/strong><\/p>\n\n\n\n<p>Je le &#8220;comprends&#8221;, mais comme je l&#8217;ai dit, cela conduit \u00e0 l&#8217;inefficacit\u00e9, car tout est mis en veilleuse et la responsabilit\u00e9 ou, selon le cas, la faute est rejet\u00e9e sur l&#8217;autre. Par cons\u00e9quent, la plupart du temps, nous sommes \u00e0 la tra\u00eene des \u00e9v\u00e9nements et beaucoup d&#8217;argent &#8211; qui pourrait \u00eatre utilis\u00e9 pour des choses plus efficaces &#8211; est gaspill\u00e9.<\/p>\n\n\n\n<p><strong>Si vous voudriez voter pour un candidat francophone, par exemple de Li\u00e8ge, cela devait \u00eatre possible? Et pourquoi?<\/strong><\/p>\n\n\n\n<p>Bien s\u00fbr, je devrais pouvoir le faire. Si cette personne semble \u00eatre le candidat le plus appropri\u00e9 pour moi, je devrais pouvoir voter au-del\u00e0 des fronti\u00e8res linguistiques. Un politicien doit toujours servir l&#8217;int\u00e9r\u00eat de l&#8217;Etat et ne doit jamais d\u00e9pendre d&#8217;\u00e9ventuels votes futurs, des int\u00e9r\u00eats d&#8217;un parti ou des diff\u00e9rences linguistiques.<\/p>\n\n\n\n<p><strong>Que pensez-vous de la politique actuelle? Pensez-vous que les politiciens travaillent efficacement? Pourrait-on faire mieux avec moins?<\/strong><\/p>\n\n\n\n<p>On pourrait certainement le faire avec moins. C&#8217;est un clich\u00e9: la plupart des politiciens sont motiv\u00e9s et engag\u00e9s, mais ils envisagent les choses de mani\u00e8re trop th\u00e9orique et ne ressentent pas assez ce qui se passe r\u00e9ellement, ce que les gens veulent vraiment ou ce qui est important pour eux.<\/p>\n\n\n\n<p><strong>Trouvez-vous normal qu&#8217;il y ait six gouvernements et autant de parlements en Belgique ? Pensez-vous que les soi-disant &#8220;Flamands&#8221; et &#8220;Wallons&#8221; y ont droit?<\/strong><\/p>\n\n\n\n<p>Je ne pense pas en termes de &#8220;Flamands&#8221; et de &#8220;Wallons&#8221;. Autrefois, beaucoup de revenus provenaient de l&#8217;industrie &#8220;wallonne&#8221; et aujourd&#8217;hui c&#8217;est l&#8217;inverse. De plus, la &#8220;Wallonie&#8221; n&#8217;a malheureusement pas de ports [sauf les ports int\u00e9rieurs de Li\u00e8ge et de Namur, note du B.U.B.]. Le parlement est important, mais il ne devrait y avoir qu&#8217;un seul \u2013 au niveau belge \u2013 ainsi qu\u2019un seul gouvernement, toujours au niveau belge. La division de la Belgique est d\u00e9lib\u00e9r\u00e9ment aggrav\u00e9e et perp\u00e9tu\u00e9e.<\/p>\n\n\n\n<p><strong>Les diff\u00e9rences entre certaines taxes, comme les droits d&#8217;enregistrement ou les droits de succession dans les diff\u00e9rentes r\u00e9gions, sont parfois tr\u00e8s importantes. Pensez-vous que tout le monde devrait payer les m\u00eames taxes dans n&#8217;importe quelle r\u00e9gion du pays ?<\/strong><\/p>\n\n\n\n<p>Il est important qu&#8217;elles soient les m\u00eames dans toutes les r\u00e9gions et que les r\u00e9gions ne soient pas autoris\u00e9es \u00e0 introduire des r\u00e8gles et des normes de leur propre initiative. Tout le monde est \u00e9gal devant la loi !<\/p>\n\n\n\n<p><strong>Les m\u00eames partis sont au pouvoir depuis des d\u00e9cennies. Quelle est votre position sur la particratie ?<\/strong><\/p>\n\n\n\n<p>Cette forme de politique a atteint sa date de p\u00e9remption. Je crois vraiment au pouvoir du citoyen, \u00e0 un nouveau type de soci\u00e9t\u00e9, dans laquelle, par exemple, les scientifiques peuvent d\u00e9battre librement et sans censure et tous les dirigeants et repr\u00e9sentants du peuple peuvent \u00eatre \u00e9lus librement et directement. La transparence est tr\u00e8s importante ici.<\/p>\n\n\n\n<p><strong>Vous aimez passer du temps en Espagne. Pensez-vous que les choses sont mieux organis\u00e9es structurellement et politiquement l\u00e0-bas ? Les Espagnols sont-ils plus heureux que les Belges ?<\/strong><\/p>\n\n\n\n<p>C&#8217;est bien d&#8217;y s\u00e9journer, mais je n&#8217;ai pas ou peu d&#8217;exp\u00e9rience du fonctionnement politique et structurel du pays.<\/p>\n\n\n\n<p><strong>Vous sentez-vous \u00e9galement unitariste comme plus de 70% des Belges?<\/strong><\/p>\n\n\n\n<p>En effet !<\/p>\n\n\n\n<p><strong>Que pensez-vous des diff\u00e9rentes crises de la soci\u00e9t\u00e9 telles que la guerre en Ukraine, la crise du coronavirus et le r\u00e9chauffement climatique ? Les citoyens doivent-ils se sentir coupables?<\/strong><\/p>\n\n\n\n<p>Il existe une chose telle que le partage des responsabilit\u00e9s avec un grand nombre de personnes afin que personne ne se sente responsable ou coupable. La prise de conscience intervient toujours beaucoup trop tard et est un processus lent, de sorte que les gens restent g\u00e9n\u00e9ralement \u00e0 la tra\u00eene. Dans ce contexte, il est tr\u00e8s difficile de convaincre les gens de la gravit\u00e9 de la situation ou de les amener \u00e0 changer leur fa\u00e7on de penser et de vivre. Tant qu&#8217;ils ne le ressentent pas vraiment, il ne se passe pas grand-chose, et dans ce d\u00e9bat, la &#8220;culpabilit\u00e9&#8221; est un terme tr\u00e8s limitatif et \u00e9troit. Il est important d&#8217;\u00eatre conscient de l&#8217;essentiel, mais malheureusement la mondialisation, les m\u00e9canismes de d\u00e9fense in\u00e9puisables pour contr\u00f4ler le pouvoir d&#8217;achat et, par cons\u00e9quent, la soci\u00e9t\u00e9 du jetable, ont cr\u00e9\u00e9 un brouillard presque imp\u00e9n\u00e9trable.<\/p>\n\n\n\n<p><strong>LOES VAN DEN HEUVEL (&#8220;CARMEN&#8221; VOM FC DE KAMPIOENEN) IST EIN \u00dcBERZEUGTER UNITARIST!<\/strong><\/p>\n\n\n\n<p><strong>Die B.U.B. hatte die Ehre, die bekannte Belgierin Loes Van den Heuvel, alias &#8220;Carmen&#8221; aus der beliebten Fernsehserie &#8220;FC De Kampioenen&#8221;, zu interviewen. Die Serie begann im Oktober 1990 und lief bis 2011. Sie wird immer noch regelm\u00e4\u00dfig auf dem ehemaligen BRT ausgestrahlt (jetzt leider &#8220;VRT&#8221;, eine absurde Namens\u00e4nderung, die die B.U.B. offensichtlich r\u00fcckg\u00e4ngig machen will). Die sehr freundliche Frau Van den Heuvel scheint die gleichen Vorstellungen zu haben wie die B.U.B., f\u00fcr die sie \u00fcbrigens Sympathie zeigt. Wir freuen uns nat\u00fcrlich dar\u00fcber und sind sicher, dass unsere unitarischen Ideen auch von mindestens der H\u00e4lfte der Belgier geteilt werden (wie wissenschaftliche Untersuchungen zeigen) und dass diese Zahl in Wirklichkeit sogar auf 70 bis 80 % der Belgier ansteigen k\u00f6nnte, auch wenn die Partikratie und die Presse dies verbergen wollen. Loes dr\u00fcckt ihre Ideen sehr witzig aus und ist eine ausgesprochene Unitarist. Nachstehend k\u00f6nnen Sie ihre Antworten auf die gestellten Fragen lesen.<\/strong><\/p>\n\n\n\n<p><strong>Was halten Sie von der Tatsache, dass sie unser kleines Land immer weiter zersplittern wollen? Ist sie effizient?<\/strong><\/p>\n\n\n\n<p>Nein! Ich denke auch st\u00e4ndig an das internationale Image: Wir leben in Belgien, also muss man auch von Belgien sprechen. Eine Zersplitterung, geschweige denn eine noch st\u00e4rkere Zersplitterung, ist nur verwirrend und polarisierend und nicht nur f\u00fcr Belgien, sondern auch f\u00fcr Br\u00fcssel, die Hauptstadt unseres Landes, sch\u00e4dlich. Einigkeit ist auf politischer, wirtschaftlicher und kultureller Ebene unerl\u00e4sslich.<\/p>\n\n\n\n<p><strong>K\u00f6nnen Sie verstehen, dass wir bei nur 12 Millionen Einwohnern 56 Minister und Staatssekret\u00e4re brauchen? Was halten Sie davon?<\/strong><\/p>\n\n\n\n<p>Ich &#8220;verstehe&#8221; es, aber wie gesagt, es f\u00fchrt zu Ineffizienz, da alles auf die lange Bank geschoben wird und die Verantwortung bzw. die Schuld auf die anderen abgew\u00e4lzt wird. Das hat zur Folge, dass wir meist der Zeit hinterherhinken und viel Geld, das f\u00fcr effizientere Dinge verwendet werden k\u00f6nnte, verschwendet wird.<\/p>\n\n\n\n<p><strong>Angenommen, Sie wollten einen franz\u00f6sischsprachigen Kandidaten w\u00e4hlen, zum Beispiel aus L\u00fcttich, sollte das m\u00f6glich sein? Und warum?<\/strong><\/p>\n\n\n\n<p>Nat\u00fcrlich sollte ich dazu in der Lage sein. Wenn diese Person f\u00fcr mich am besten geeignet erscheint, sollte ich \u00fcber Sprachgrenzen hinweg w\u00e4hlen k\u00f6nnen. Ein Politiker sollte immer dem Interesse des Staates dienen und niemals von m\u00f6glichen W\u00e4hlerstimmen in der Zukunft, von Parteiinteressen oder von sprachlichen Unterschieden abh\u00e4ngig sein.<\/p>\n\n\n\n<p><strong>Was halten Sie von der derzeitigen Politik? Glauben Sie, dass Politiker effizient arbeiten? K\u00f6nnte man es mit weniger besser machen?<\/strong><\/p>\n\n\n\n<p>Es ginge definitiv auch mit weniger. Es ist ein Klischee: Die meisten Politiker sind engagiert, aber sie betrachten die Dinge zu theoretisch und haben zu wenig Gesp\u00fcr daf\u00fcr, was wirklich vor sich geht, was die Menschen wirklich wollen oder f\u00fcr wichtig halten.<\/p>\n\n\n\n<p><strong>Finden Sie es richtig, dass es in Belgien sechs Regierungen und ebenso viele Parlamente gibt? Glauben Sie, dass die so genannten &#8220;Flamen&#8221; und &#8220;Wallonen&#8221; ein Recht darauf haben?<\/strong><\/p>\n\n\n\n<p>Ich denke nicht in den Kategorien &#8220;Flamen&#8221; und &#8220;Wallonen&#8221;. In der Vergangenheit wurde ein gro\u00dfer Teil des Einkommens durch die wallonische Industrie erwirtschaftet, heute ist es genau umgekehrt. Au\u00dferdem hat &#8220;Wallonien&#8221; &#8211; leider &#8211; keine H\u00e4fen [au\u00dfer den Binnenhafen von L\u00fcttich und Namur, Anm. der B.U.B.]. Das Parlament ist wichtig, aber es sollte nur eine &#8211; belgische &#8211; und eine &#8211; belgische &#8211; Regierung geben. Die Teilung Belgiens wird bewusst versch\u00e4rft und aufrechterhalten.<\/p>\n\n\n\n<p><strong>Die Unterschiede bei einigen Steuern, wie z. B. der Zulassungssteuer oder der Erbschaftssteuer in den verschiedenen Regionen, sind teilweise sehr gro\u00df. Sind Sie der Meinung, dass jeder in jedem Teil des Landes die gleichen Steuern zahlen sollte?<\/strong><\/p>\n\n\n\n<p>Es ist wichtig, dass sie in allen Regionen gleich sind und dass die Regionen nicht auf eigene Faust Regeln und Standards einf\u00fchren d\u00fcrfen. Vor dem Gesetz sind alle gleich!<\/p>\n\n\n\n<p><strong>Die gleichen Parteien sind seit Jahrzehnten an der Macht. Was halten Sie von der Partikratie?<\/strong><\/p>\n\n\n\n<p>Diese Form der Politik hat ihr Verfallsdatum erreicht. Ich glaube wirklich an die Macht des B\u00fcrgers, an eine neue Art von Gesellschaft, in der zum Beispiel Wissenschaftler frei und unzensiert debattieren k\u00f6nnen und alle F\u00fchrer und Vertreter des Volkes frei und direkt gew\u00e4hlt werden k\u00f6nnen. Transparenz ist hier sehr wichtig.<\/p>\n\n\n\n<p><strong>Sie verbringen gerne Zeit in Spanien. Glauben Sie, dass die Dinge dort strukturell und politisch besser organisiert sind? Sind die Spanier gl\u00fccklicher als die Belgier?<\/strong><\/p>\n\n\n\n<p>Es ist gut, dort zu bleiben, aber ich habe wenig oder keine Erfahrung mit der politischen und strukturellen Funktionsweise des Landes.<\/p>\n\n\n\n<p><strong>F\u00fchlen Sie sich auch ein Unitarist wie mehr als 70 % der Belgier?<\/strong><\/p>\n\n\n\n<p>Das tue ich in der Tat!<\/p>\n\n\n\n<p><strong>Wie denken Sie \u00fcber die verschiedenen gesellschaftlichen Krisen wie den Krieg in der Ukraine, die Korona-Krise und die globale Erw\u00e4rmung? Sollten sich die B\u00fcrger schuldig f\u00fchlen?<\/strong><\/p>\n\n\n\n<p>Es gibt so etwas wie eine gemeinsame Verantwortung mit so vielen Menschen, dass sich niemand verantwortlich oder schuldig f\u00fchlt. Das Bewusstsein kommt immer viel zu sp\u00e4t und ist ein langsamer Prozess, so dass die Menschen meist hinterherhinken. In diesem Zusammenhang ist es sehr schwierig, die Menschen von der Ernsthaftigkeit der Sache zu \u00fcberzeugen oder sie zu einer \u00c4nderung ihrer Denk- und Lebensweise zu bewegen. Solange sie es nicht wirklich sp\u00fcren, passiert nicht viel, und &#8220;Schuld&#8221; ist in dieser Debatte ein sehr einschr\u00e4nkender und enger Begriff. Es ist wichtig, sich des Wesentlichen bewusst zu sein, aber leider haben die Globalisierung, die unersch\u00f6pflichen Abwehrmechanismen zur Kontrolle der Kaufkraft und folglich die Wegwerfgesellschaft einen fast undurchdringlichen Nebel geschaffen.<\/p>\n","protected":false},"excerpt":{"rendered":"<p>De B.U.B. had de eer een interview te mogen afnemen van Bekende Belg Loes Van den Heuvel, alias \u201cCarmen\u201d van de populaire TV-reeks \u201cFC De Kampioenen\u201d. De reeks dateert van oktober 1990 en liep tot 2011. Ze wordt nog regelmatig op de vroegere BRT (nu spijtig genoeg \u201cVRT\u201d, een absurde naamsverandering die de B.U.B. uiteraard ongedaan wil maken) heruitgezonden. De erg vriendelijke mevrouw Van den Heuvel blijkt dezelfde idee\u00ebn te hebben als de B.U.B., waarvoor ze overigens sympathie toont. Dat verheugt ons natuurlijk en we zijn er zeker van dat ons unitaristisch gedachtegoed ook gedeeld wordt door minstens de helft van de Belgen (zoals uit wetenschappelijk onderzoek blijkt) en dat dit aantal in werkelijkheid wellicht zelfs oploopt tot 70 tot 80% van de Belgen, ook al willen de particratie en de pers dit verborgen houden. Loes verwoordt haar idee\u00ebn op zeer gevatte wijze en is uitgesproken unitariste. <\/p>\n<p>Le B.U.B. a eu l&#8217;honneur d&#8217;interviewer la c\u00e9l\u00e8bre Belge Loes Van den Heuvel, alias &#8220;Carmen&#8221; de la s\u00e9rie t\u00e9l\u00e9vis\u00e9e populaire &#8220;FC De Kampioenen&#8221;. La s\u00e9rie date d&#8217;octobre 1990 et a \u00e9t\u00e9 diffus\u00e9e jusqu&#8217;en 2011. Elle est encore r\u00e9guli\u00e8rement rediffus\u00e9e sur l&#8217;ancienne BRT (aujourd&#8217;hui malheureusement nomm\u00e9 &#8220;VRT&#8221;, un changement de nom absurde que le B.U.B. veut \u00e9videmment d\u00e9faire). La tr\u00e8s sympathique Mme Van den Heuvel semble avoir les m\u00eames id\u00e9es que le B.U.B., pour lequel, d&#8217;ailleurs, elle manifeste de la sympathie. Nous en sommes bien s\u00fbr heureux et nous sommes s\u00fbrs que nos id\u00e9es unitaristes sont \u00e9galement partag\u00e9es par au moins la moiti\u00e9 des Belges (comme le montrent les sondages scientifiques) et qu&#8217;en r\u00e9alit\u00e9 ce nombre pourrait m\u00eame atteindre 70 \u00e0 80% des Belges, m\u00eame si la particratie et la presse veulent le cacher. Loes exprime ses id\u00e9es avec beaucoup d\u2019enthousiasme et est une unitariste convaincue. <\/p>\n<p>Die B.U.B. hatte die Ehre, die bekannte Belgierin Loes Van den Heuvel, alias &#8220;Carmen&#8221; aus der beliebten Fernsehserie &#8220;FC De Kampioenen&#8221;, zu interviewen. Die Serie begann im Oktober 1990 und lief bis 2011. Sie wird immer noch regelm\u00e4\u00dfig auf dem ehemaligen BRT ausgestrahlt (jetzt leider &#8220;VRT&#8221;, eine absurde Namens\u00e4nderung, die die B.U.B. offensichtlich r\u00fcckg\u00e4ngig machen will). Die sehr freundliche Frau Van den Heuvel scheint die gleichen Vorstellungen zu haben wie die B.U.B., f\u00fcr die sie \u00fcbrigens Sympathie zeigt. Wir freuen uns nat\u00fcrlich dar\u00fcber und sind sicher, dass unsere unitarischen Ideen auch von mindestens der H\u00e4lfte der Belgier geteilt werden (wie wissenschaftliche Untersuchungen zeigen) und dass diese Zahl in Wirklichkeit sogar auf 70 bis 80 % der Belgier ansteigen k\u00f6nnte, auch wenn die Partikratie und die Presse dies verbergen wollen. Loes dr\u00fcckt ihre Ideen sehr witzig aus und ist eine ausgesprochene Unitarist.<\/p>\n","protected":false},"author":2,"featured_media":14011,"comment_status":"closed","ping_status":"closed","sticky":false,"template":"","format":"standard","meta":{"ngg_post_thumbnail":0,"jetpack_post_was_ever_published":false,"_jetpack_newsletter_access":"","_jetpack_dont_email_post_to_subs":false,"_jetpack_newsletter_tier_id":0,"_jetpack_memberships_contains_paywalled_content":false,"powered_cache_disable_cache":false,"_jetpack_memberships_contains_paid_content":false,"footnotes":"","jetpack_publicize_message":"","jetpack_publicize_feature_enabled":true,"jetpack_social_post_already_shared":true,"jetpack_social_options":{"image_generator_settings":{"template":"highway","default_image_id":0,"font":"","enabled":false},"version":2}},"categories":[1,5],"tags":[],"class_list":["post-14010","post","type-post","status-publish","format-standard","has-post-thumbnail","hentry","category-news0","category-opinions"],"jetpack_publicize_connections":[],"jetpack_featured_media_url":"https:\/\/www.unionbelge.be\/wp-content\/uploads\/2022\/08\/IMG_5281.jpg","jetpack_sharing_enabled":true,"jetpack_shortlink":"https:\/\/wp.me\/p6Y7u0-3DY","jetpack_likes_enabled":false,"_links":{"self":[{"href":"https:\/\/www.unionbelge.be\/index.php?rest_route=\/wp\/v2\/posts\/14010","targetHints":{"allow":["GET"]}}],"collection":[{"href":"https:\/\/www.unionbelge.be\/index.php?rest_route=\/wp\/v2\/posts"}],"about":[{"href":"https:\/\/www.unionbelge.be\/index.php?rest_route=\/wp\/v2\/types\/post"}],"author":[{"embeddable":true,"href":"https:\/\/www.unionbelge.be\/index.php?rest_route=\/wp\/v2\/users\/2"}],"replies":[{"embeddable":true,"href":"https:\/\/www.unionbelge.be\/index.php?rest_route=%2Fwp%2Fv2%2Fcomments&post=14010"}],"version-history":[{"count":5,"href":"https:\/\/www.unionbelge.be\/index.php?rest_route=\/wp\/v2\/posts\/14010\/revisions"}],"predecessor-version":[{"id":14019,"href":"https:\/\/www.unionbelge.be\/index.php?rest_route=\/wp\/v2\/posts\/14010\/revisions\/14019"}],"wp:featuredmedia":[{"embeddable":true,"href":"https:\/\/www.unionbelge.be\/index.php?rest_route=\/wp\/v2\/media\/14011"}],"wp:attachment":[{"href":"https:\/\/www.unionbelge.be\/index.php?rest_route=%2Fwp%2Fv2%2Fmedia&parent=14010"}],"wp:term":[{"taxonomy":"category","embeddable":true,"href":"https:\/\/www.unionbelge.be\/index.php?rest_route=%2Fwp%2Fv2%2Fcategories&post=14010"},{"taxonomy":"post_tag","embeddable":true,"href":"https:\/\/www.unionbelge.be\/index.php?rest_route=%2Fwp%2Fv2%2Ftags&post=14010"}],"curies":[{"name":"wp","href":"https:\/\/api.w.org\/{rel}","templated":true}]}}