{"id":13837,"date":"2022-01-01T22:12:04","date_gmt":"2022-01-01T21:12:04","guid":{"rendered":"http:\/\/www.unionbelge.be\/?p=13837"},"modified":"2022-01-06T23:00:36","modified_gmt":"2022-01-06T22:00:36","slug":"uw-bijdrage-helpt-de-b-u-b-ook-in-2022-votre-contribution-aide-le-b-u-b-egalement-en-2022-ihr-beitrag-hilft-dem-b-u-b-auch-im-jahr-2022","status":"publish","type":"post","link":"https:\/\/www.unionbelge.be\/?p=13837","title":{"rendered":"UW BIJDRAGE HELPT DE B.U.B. OOK IN 2022 ! &#8211; VOTRE CONTRIBUTION AIDE LE B.U.B. EGALEMENT EN 2022 ! &#8211; IHR BEITRAG HILFT DEM B.U.B. AUCH IM JAHR 2022 ! IBAN : BE91 068-2417677-76 (BIC : GKCCBEBB)"},"content":{"rendered":"\n<p><em>Het Justitiepaleis in Brussel staat net als de Belgische staat al 50 jaar in de steigers: tijd om die weg te halen !&nbsp; &#8211; Le Palais de Justice \u00e0 Bruxelles se trouve, tout comme l&#8217;Etat belge, d\u00e9j\u00e0 50 ans dans les \u00e9chafaudages: il est temps de les enlever !- Das Br\u00fcsseler Justizpalast ist wie der belgische Staat seit 50 Jahren immer noch im Ger\u00fcstbau: Zeit, sie abzurei\u00dfen ! <\/em>(Foto &#8211; Image &#8211; Bild: B.U.B., 31.12.2021).<\/p>\n\n\n\n<p><strong>2021 TOONDE WEER EENS AAN DAT DE BELGISCHE STAAT NOG ALTIJD IN DE STELLINGEN STAAT, NET ZOALS HET JUSTITIEPALEIS IN BRUSSEL<\/strong><\/p>\n\n\n\n<p><strong>Net als in 2020 werd Belgi\u00eb ook in 2021 geconfronteerd met de aanhoudende covid-pandemie en het schrijnend onvermogen van \u201conze\u201d politieke elite om hiermee om te gaan. Alsof dat nog niet genoeg was, werden in juli grote delen van het oosten van Belgi\u00eb, nl. de Ardennen, getroffen door een enorme wateroverlast. De particratie slaagde er niet alleen niet in om de verwoestingen die de overstromingen aanrichtten niet te voorkomen. Sterker nog: ze liet de bewoners van de getroffen streken achteraf in de kou staan.<\/strong><\/p>\n\n\n\n<p>De analyse van de B.U.B. is steeds dezelfde: het taalfederalisme werkt niet. Er zijn trouwens in het piepkleine Belgi\u00eb onvoldoende bekwame politici om, al naar gelang de berekeningswijze, zes tot acht parlementen en evenveel regeringen te bevolken.<\/p>\n\n\n\n<p>Wat de covid-crisis betreft, stelt de B.U.B. vast dat ondanks het feit dat de pandemiewet eind oktober 2021 geactiveerd werd, waardoor de volledige beslissingsmacht naar de nationale regering verschoof, er toch nog talloze nutteloze overlegcomit\u00e9s plaatsvinden. Daarin worden de deelgebieden betrokken, hoewel die juridisch gezien geen enkele inspraak hebben in het pandemiebeleid. Die nutteloze koehandel tussen beroepspolitici bemoeilijkt niet alleen de besluitvorming, maar leidt door dwaze compromissen ook tot absurde beslissingen (zoals de mondmaskerplicht op school of de door de Raad van State geannuleerde sluiting van de cultuursector). Het is onaanvaardbaar dat de \u201cfederale\u201d regering hier niet het beleid volledig naar zich toetrekt, in plaats van mee te gaan in een politiek gemarchandeer met de volstrekt overbodige gemeenschappen en gewesten. De B.U.B. heeft in \u00e9\u00e9n van zijn verschillende Covid-teksten ook gewezen op het gebrek aan ziekenhuiscapaciteit, waar de particratie en de regeringen niets aan doen (<a href=\"https:\/\/www.unionbelge.be\/?p=13821\">klik hier voor de tekst<\/a>).<\/p>\n\n\n\n<p>Het ongenoegen van de burger, die niet meer weet welke regering voor wat bevoegd is, stijgt zienderogen. Maar de particraten schijnen het in hun verwaandheid of domheid niet eens te beseffen, net zoals de Franse koningen Lodewijk XIV, XV en XVI vanuit hun paleis in Versailles niet wisten hoe het Frankrijk van de 17de en 18de eeuw eruitzag. <\/p>\n\n\n\n<p>Een ander en nog rampzaliger gevolg van het federalisme zagen we tijdens de zomer van 2021, toen een zware watersnood grote delen van Belgi\u00eb trof. Aangezien sedert de splitsing van Openbare Werken (1988) de budgetten versnipperd zijn tussen de gewesten, kunnen er geen broodnodige en grote infrastructuurwerken (zoals stuwdammen of massieve dijken) gebouwd worden. En dus zijn de burgers onbeschermd. Departementen die nationaal zijn, zoals het leger en de politie, worden bovendien schromelijk ondergefinancierd. Dat maakt een snelle en effici\u00ebnte hulpverlening onmogelijk. Tot overmaat van ramp is de civiele bescherming door de vorige minister van Binnenlandse Zaken, de separatist Jan Jambon (N-VA), partieel ontmanteld, met alle rampzalige gevolgen van dien. Ook vandaag krijgt de getroffen bevolking niet de nodige structurele steun. In plaats van een nationaal solidariteitsfonds herop te richten (zoals dat in het unitaire Belgi\u00eb, en zelfs in het federale Belgi\u00eb tot aan de zesde staatshervorming en de splitsing van het rampenfonds bestond), dat onmiddellijke en structurele hulp kan bieden, zonder op de trage verzekeraars te moeten wachten, kwam de \u201cfederale\u201d staat niet verder dan een\u2026 lening aan het \u201cWaals\u201d gewest. De afwezigheid van de staat is het verschrikkelijkste wat de Belgen in 2021 hebben gezien.<\/p>\n\n\n\n<p>Hebben \u201conze\u201d politici ondertussen geleerd uit hun fouten? Helemaal niet. Er gaat geen week voorbij of er wordt voor nieuwe splitsingen geijverd. En op verscheidene beleidsniveaus bereidt men een zevende ( ! ) \u201cstaatshervorming\u201d voor. Bovendien heeft deze regering zich nog steeds voorgenomen om de gezondheidszorgen geheel of gedeeltelijk te splitsen en om een \u201casymmetrisch\u201d beleid te voeren, met name in de gezondheidszorgen en in de arbeidsmarkt. Zo zouden de nationale wetten kunnen verschillen per gewest of per gemeenschap. Tot nog toe kwam daar niets van in huis, maar omdat Belgi\u00eb voor de meeste particraten nog niet ingewikkeld en gesplitst genoeg is, blijft waakzaamheid geboden.<\/p>\n\n\n\n<p>Het taalnationalisme en het taalfederalisme maken een goed bestuur van Belgi\u00eb onmogelijk en dat in alle bevoegdheidsdomeinen, van mobiliteit over milieu tot onderwijs.&nbsp;Gelukkig geven de peilingen aan dat een staatshervorming straks wellicht mathematisch onmogelijk wordt.<\/p>\n\n\n\n<p><strong>Hoewel er voorlopig een communautaire status-quo heerst \u2013 en de B.U.B. hoopt uiteraard dat die, bij gebrek aan een referendum, waar onze partij en drukkingsgroep voor ijvert, blijft duren \u2013 moeten we blijven streven naar het zo snel mogelijke herstel van de unitaire staat op basis van de negen historische provincies. Het is de enige duurzame uitweg uit het particratisch-nationalistisch doolhof. Ook in 2022 zullen we dit blijven doen. Het unitarisme is overigens de sterkste en grootste politieke ideologie in Belgi\u00eb. Men kan de waarheid niet blijven tegenhouden.<\/strong><\/p>\n\n\n\n<p><strong>In tegenstelling tot de particratie, daarin begrepen de openlijk anti-Belgische partijen (die in december 2021 hun overvloedige dotaties nog verhoogden, <a href=\"https:\/\/www.unionbelge.be\/?p=13833\">zie onze tekst<\/a>), ontvangt de Belgischgezinde B.U.B. geen eurocent staatssteun.<\/strong><\/p>\n\n\n\n<p>(zie ook: <a rel=\"noreferrer noopener\" href=\"https:\/\/www.unionbelge.be\/#contact\" target=\"_blank\">https:\/\/www.unionbelge.be\/#contact<\/a>)<\/p>\n\n\n\n<p><strong>U kan ons echter steunen door als sympathisant een bijdrage van 25 \u20ac (10 \u20ac voor jongeren onder 25 jaar) te storten op het volgend rekeningnummer:<\/strong><br><strong><br>IBAN : BE91 068-2417677-76 (BIC : GKCCBEBB<\/strong>)<\/p>\n\n\n\n<p><em><strong>Indien u ook een exemplaar van het unitaristisch manifest van onze voorzitter wenst te ontvangen, dat begin 2022 in het Frans en in het Nederlands zal verschijnen en meer dan 300 bladzijden zal bevatten, met kleurenillustraties en met een harde kaft, kan u ook bijkomend 20 \u20ac storten. Daarbij dient u de taal en uw mailadres aan te geven. <\/strong><\/em><\/p>\n\n\n\n<p>De B.U.B. wenst aan alle Belgen van harte een vreugdevol, gezond en unitaristisch 2022 !<\/p>\n\n\n\n<p>Hans Van de Cauter<\/p>\n\n\n\n<p>Voorzitter B.U.B.<\/p>\n\n\n\n<p>Benedict Verbiest<\/p>\n\n\n\n<p>Ondervoorzitter B.U.B.<\/p>\n\n\n\n<p>Bruno Yammine<\/p>\n\n\n\n<p>Hoofd studiedienst B.U.B.<\/p>\n\n\n\n<p><\/p>\n\n\n\n<p><\/p>\n\n\n\n<p><strong>2021 A MONTRE UNE FOIS DE PLUS QUE L&#8217;ETAT BELGE EST TOUJOURS DANS LES ECHAFAUDAGES, TOUT COMME LE PALAIS DE JUSTICE DE BRUXELLES<\/strong><\/p>\n\n\n\n<p><strong>Tout comme en 2020, la Belgique a \u00e9t\u00e9 confront\u00e9e en 2021 \u00e0 la pand\u00e9mie continuelle du covid et \u00e0 l&#8217;incapacit\u00e9 affligeante de \u201cnotre\u201d \u00e9lite politique \u00e0 y faire face. Comme si cela ne suffisait pas, en juillet, de grandes parties de l&#8217;est de la Belgique, c&#8217;est-\u00e0-dire les Ardennes, ont \u00e9t\u00e9 touch\u00e9es par d&#8217;\u00e9normes inondations. Non seulement la particratie n&#8217;a pas r\u00e9ussi \u00e0 emp\u00eacher la d\u00e9vastation caus\u00e9e par les inondations, elle a aussi abandonn\u00e9 les habitants des zones sinistr\u00e9es \u00e0 leur sort .<\/strong><\/p>\n\n\n\n<p>L&#8217;analyse du B.U.B. est toujours la m\u00eame : le f\u00e9d\u00e9ralisme linguistique ne fonctionne pas. En outre, dans le petit pays qu\u2019est la Belgique, il n&#8217;y a pas assez de politiciens comp\u00e9tents pour peupler six \u00e0 huit (selon le mode de calcul) parlements et autant de gouvernements.<\/p>\n\n\n\n<p>En ce qui concerne la crise du coronavirus, le B.U.B. constate que malgr\u00e9 l&#8217;activation de la loi sur la pand\u00e9mie fin octobre 2021, transf\u00e9rant ainsi le plein pouvoir de d\u00e9cision au gouvernement national, plusieurs comit\u00e9s de concertation inutiles ont encore lieu. Dans ceux-ci, les entit\u00e9s f\u00e9d\u00e9r\u00e9es sont impliqu\u00e9es, m\u00eame si, juridiquement, elles n&#8217;ont aucune voix dans la politique de lutte contre la pand\u00e9mie. Ce marchandage inutile entre des politiciens professionnels complique non seulement le processus d\u00e9cisionnel, mais conduit \u00e9galement \u00e0 des d\u00e9cisions absurdes par le biais de compromis insens\u00e9s (comme l&#8217;obligation du port de masques dans les \u00e9coles ou la fermeture du secteur culturel annul\u00e9e par le Conseil d&#8217;\u00c9tat). Il est inacceptable que le gouvernement \u201cfederal\u201d ne prenne pas le contr\u00f4le total de la politique en mati\u00e8re de pand\u00e9mie, au lieu de participer \u00e0 des marchandages politiques avec des communaut\u00e9s et des r\u00e9gions totalement superflues. Dans un de ses textes sur le Covid, le B.U.B. a \u00e9galement mis le doigt sur le manque de capacit\u00e9 des h\u00f4pitaux, un probl\u00e8me auquel la particratie et les gouvernements ne s\u2019attaquent pas (<a href=\"https:\/\/www.unionbelge.be\/?p=13821\">cliquez sur ce lien pour lire le texte<\/a>).<\/p>\n\n\n\n<p>Le m\u00e9contentement des citoyens, qui ne savent plus quel gouvernement est comp\u00e9tent pour telle ou telle mati\u00e8re, est en nette augmentation. Mais les particrates, aveugl\u00e9s par leur vanit\u00e9 ou leur b\u00eatise, ne semblent m\u00eame pas s&#8217;en rendre compte. Ainsi, ils agissent comme les rois fran\u00e7ais Louis XIV, XV et XVI qui ne savaient pas, depuis leur palais de Versailles, \u00e0 quoi ressemblait la France du XVIIe et du XVIIIe si\u00e8cle.<\/p>\n\n\n\n<p>Une autre cons\u00e9quence encore plus d\u00e9sastreuse du f\u00e9d\u00e9ralisme a \u00e9t\u00e9 observ\u00e9e au cours de l&#8217;\u00e9t\u00e9 2021, lorsqu&#8217;une grave inondation a touch\u00e9 de grandes parties de la Belgique. Depuis la r\u00e9gionalisation des Travaux Publics (1988), les budgets sont \u00e9parpill\u00e9s entre les r\u00e9gions, de sorte que des travaux d&#8217;infrastructure importants et indispensables (tels que des barrages ou des digues massives) ne peuvent \u00eatre construits. Par consequent, les citoyens ne sont pas prot\u00e9g\u00e9s. En outre, les d\u00e9partements nationaux, tels que l&#8217;arm\u00e9e et la police, sont largement sous-financ\u00e9s. Il est donc impossible de fournir une assistance rapide et efficace. Et de surcro\u00eet, le pr\u00e9c\u00e9dent ministre de l&#8217;int\u00e9rieur, le s\u00e9paratiste Jan Jambon (N-VA), avait partiellement d\u00e9mantel\u00e9 la protection civile, avec toutes les cons\u00e9quences d\u00e9sastreuses que cela impliquait. Aujourd&#8217;hui encore, la population sinistr\u00e9e ne re\u00e7oit pas le soutien structurel n\u00e9cessaire. Au lieu de r\u00e9tablir un fonds de solidarit\u00e9 nationale (comme il en existait un dans la Belgique unitaire et m\u00eame dans la Belgique f\u00e9d\u00e9rale avant la sixi\u00e8me r\u00e9forme de l\u2019Etat et la scission du fonds de calamit\u00e9s), qui pourrait apporter une aide imm\u00e9diate et structurelle, sans avoir \u00e0 attendre les assureurs lents, l&#8217;\u00c9tat &#8220;f\u00e9d\u00e9ral&#8221; n&#8217;est pas all\u00e9 plus loin qu&#8217;un&#8230; pr\u00eat accord\u00e9 \u00e0 la r\u00e9gion \u201cwallonne\u201d. L&#8217;absence de l&#8217;\u00c9tat est la chose la plus terrible que les Belges aient vue en 2021.<\/p>\n\n\n\n<p>Nos politiciens ont-ils appris de leurs erreurs ? Pas du tout. Il ne se passe pas une semaine sans que l\u2019on exige de nouvelles scissions. Et \u00e0 diff\u00e9rents niveaux politiques, une septi\u00e8me ( ! ) &#8220;r\u00e9forme de l&#8217;\u00c9tat&#8221; est en pr\u00e9paration. En outre, ce gouvernement a encore et toujours l&#8217;intention de scinder partiellement ou totalement le secteur des soins de sant\u00e9 et de mener des politiques dites &#8220;asym\u00e9triques&#8221;, notamment dans le secteur des soins de sant\u00e9 et sur le march\u00e9 du travail. Ainsi les lois nationales pourraient diff\u00e9rer d&#8217;une r\u00e9gion ou d&#8217;une communaut\u00e9 \u00e0 l&#8217;autre. Jusqu&#8217;\u00e0 pr\u00e9sent, cela n&#8217;a pas encore \u00e9t\u00e9 impl\u00e9ment\u00e9, mais comme la Belgique n&#8217;est pas encore assez compliqu\u00e9e et scind\u00e9e pour la plupart des particrates, la vigilance reste de mise.<\/p>\n\n\n\n<p>Le nationalisme linguistique et le f\u00e9d\u00e9ralisme linguistique rendent impossible une bonne gouvernance de la Belgique, et ce dans tous les domaines de comp\u00e9tence, de la mobilit\u00e9 \u00e0 l&#8217;environnement en passant par l&#8217;enseignement. Heureusement, les sondages indiquent qu&#8217;une r\u00e9forme de l&#8217;\u00c9tat pourrait bient\u00f4t \u00eatre math\u00e9matiquement impossible.<\/p>\n\n\n\n<p><strong>Bien qu&#8217;il existe pour l&#8217;instant un statu quo communautaire \u2013 et le B.U.B. esp\u00e8re \u00e9videmment que, en l&#8217;absence de r\u00e9f\u00e9rendum pour lequel notre parti et groupe de pression oeuvre, celui-ci perdurera &#8211; nous devons continuer \u00e0 nous battre pour la restauration d&#8217;un \u00c9tat unitaire bas\u00e9 sur les neuf provinces historiques dans les plus brefs d\u00e9lais. Il s\u2019agit de la seule mani\u00e8re durable de sortir du labyrinthe particrato-nationaliste. Nous continuerons \u00e0 le faire en 2022. L&#8217;unitarisme est d&#8217;ailleurs l&#8217;id\u00e9ologie politique la plus forte et la plus importante en Belgique. On ne peut pas continuer \u00e0 occulter la v\u00e9rit\u00e9.<\/strong><\/p>\n\n\n\n<p><strong>Contrairement \u00e0 la particratie, y compris les partis ouvertement anti-belges (qui ont m\u00eame augment\u00e9 leurs dotations abondantes en d\u00e9cembre 2021, <a href=\"https:\/\/www.unionbelge.be\/?p=13833\">voir notre texte<\/a>), le B.U.B. probelge ne re\u00e7oit pas un seul centime d&#8217;euro d&#8217;aide publique.<\/strong><\/p>\n\n\n\n<p><strong>Toutefois, vous pouvez nous soutenir en versant une cotisation de 25 \u20ac (10 \u20ac pour les jeunes de moins de 25 ans) en tant que sympathisant sur le num\u00e9ro de compte suivant:<\/strong><\/p>\n\n\n\n<p><strong><strong>IBAN : BE91 068-2417677-76 (BIC : GKCCBEBB<\/strong>) <\/strong><\/p>\n\n\n\n<p><strong>(voir \u00e9galement: <a rel=\"noreferrer noopener\" href=\"https:\/\/www.unionbelge.be\/#contact\" target=\"_blank\">https:\/\/www.unionbelge.be\/#contact<\/a>)<\/strong><\/p>\n\n\n\n<p><strong><em>Si vous souhaitez \u00e9galement obtenir un exemplaire du manifeste unitariste de notre pr\u00e9sident qui para\u00eetra d\u00e9but 2022 en fran\u00e7ais et en n\u00e9erlandais et qui contiendra plus de 300 pages illustr\u00e9es en couleurs et en couverture dure, vous pouvez aussi verser 20 \u20ac suppl\u00e9mentaires en pr\u00e9cisant la langue et votre e-mail.<\/em><\/strong><\/p>\n\n\n\n<p>Le B.U.B. souhaite \u00e0 tous les Belges une ann\u00e9e 2022 joyeuse, saine et unitaire!<\/p>\n\n\n\n<p>Hans Van de Cauter<\/p>\n\n\n\n<p>Pr\u00e9sident B.U.B.<\/p>\n\n\n\n<p>Benedict Verbiest<\/p>\n\n\n\n<p>Vice-Pr\u00e9sident B.U.B.<\/p>\n\n\n\n<p>Bruno Yammine<\/p>\n\n\n\n<p>Chef du Bureau d\u2019Etudes B.U.B.<\/p>\n\n\n\n<p><\/p>\n\n\n\n<p><\/p>\n\n\n\n<p><strong>2021 HAT WIEDER EINMAL GEZEIGT, DASS DER BELGISCHE STAAT IMMER NOCH GER\u00dcSTE, GENAU WIE DAS JUSTIZPALAST IN BR\u00dcSSEL<\/strong><\/p>\n\n\n\n<p><strong>Wie schon 2020 war Belgien auch 2021 mit der anhaltenden Covid-Pandemie und der erschreckenden Unf\u00e4higkeit \u201cunserer\u201d politischen Elite, damit umzugehen, konfrontiert. Und als w\u00e4re es damit nicht genug, wurden im Juli gro\u00dfe Teile Ostbelgiens, d. h. die Ardennen, von enormen \u00dcberschwemmungen heimgesucht. Die Partikratie hat es nicht nur vers\u00e4umt, die durch die \u00dcberschwemmungen verursachten Verw\u00fcstungen zu verhindern. Dar\u00fcber hinaus wurden die Bewohner der betroffenen Gebiete anschlie\u00dfend im Stich gelassen.<\/strong><\/p>\n\n\n\n<p>Die Analyse der B.U.B. ist immer die gleiche: der Sprachf\u00f6deralismus funktioniert nicht. Au\u00dferdem gibt es in dem kleinen Land Belgien nicht genug kompetente Politiker, um sechs bis acht (unterschiedlich die Art der Berechnung) Parlamente und ebenso viele Regierungen zu besetzen.<\/p>\n\n\n\n<p>In Bezug auf die Covid-Pandemie stellt die B.U.B. fest, dass trotz der Tatsache, dass das Pandemiegesetz Ende Oktober 2021 in Kraft getreten ist und damit die volle Entscheidungsbefugnis auf die nationale Regierung \u00fcbergegangen ist, immer noch zahlreiche nutzlose Konzertierungsaussch\u00fcsse stattfinden. Diese inkludieren die Regionen und Gemeinschaften, auch wenn sie rechtlich gesehen keinerlei Mitspracherecht bei der Pandemie-Politik haben. Dieser nutzlose Kuhhandel zwischen Berufspolitikern verkompliziert nicht nur den Entscheidungsprozess, sondern f\u00fchrt auch zu absurden Entscheidungen durch unsinnige Kompromisse (wie die Mundschutzpflicht in Schulen oder die vom Staatsrat abgesagte Schlie\u00dfung des Kultursektors). Es ist inakzeptabel, dass die &#8220;f\u00f6derale&#8221; Regierung hier nicht die volle Kontrolle \u00fcber die Pandemie-Politik \u00fcbernimmt, anstatt sich auf das politische Feilschen mit den v\u00f6llig \u00fcberfl\u00fcssigen Gemeinschaften und Regionen einzulassen. In einem ihrer Texten \u00fcber die Corona-Krise hat die B.U.B. schon gewiesen auf den Mangel an Krankenhauskapazit\u00e4t, woran die Partikratie und die Regierungen nichts \u00e4ndern (<a href=\"https:\/\/www.unionbelge.be\/?p=13821\">Klicken Sie hier f\u00fcr den Text<\/a>).<\/p>\n\n\n\n<p>Die Unzufriedenheit der B\u00fcrgerinnen und B\u00fcrger, die nicht mehr wissen, welche Regierung wof\u00fcr zust\u00e4ndig ist, nimmt sp\u00fcrbar zu. Aber die Partikraten scheinen es in ihrer Einbildung oder Dummheit nicht einmal zu bemerken, so wie die franz\u00f6sischen K\u00f6nige Ludwig XIV., XV. und XVI. in ihrem Palast in Versailles nicht wussten, wie das Frankreich des 17. und 18. Jahrhundert aussah.<\/p>\n\n\n\n<p>Eine weitere, noch verheerendere Folge des F\u00f6deralismus zeigte sich im Sommer 2021, als gro\u00dfe Teile Belgiens von einer schweren \u00dcberschwemmung heimgesucht wurden. Seit der Spaltung der \u00d6ffentlichen Bauarbeiten (1988) sind die Budgets zwischen den Regionen aufgeteilt, so dass dringend ben\u00f6tigte und gro\u00dfe Infrastrukturarbeiten (wie D\u00e4mme oder massive Deiche) nicht gebaut werden k\u00f6nnen. Und so sind die B\u00fcrger ungesch\u00fctzt. Au\u00dferdem sind die nationalen Beh\u00f6rden wie die Armee und die Polizei stark unterfinanziert. Dies macht eine rasche und effiziente Hilfeleistung unm\u00f6glich. Erschwerend kommt hinzu, dass der vorherige Innenminister, der Separatist Jan Jambon (N-VA), den Katastrophenschutz teilweise abbaute, mit allen katastrophalen Folgen, die dies mit sich brachte. Auch heute noch erh\u00e4lt die betroffene Bev\u00f6lkerung nicht die notwendige strukturelle Unterst\u00fctzung. Anstatt einen nationalen Solidarit\u00e4tsfonds einzurichten (wie es im unitarischen Belgien und sogar im f\u00f6deralen Belgien vor der sechsten Staatsreform und der Aufspaltung des Katastrophenfonds gab), der sofortige und strukturelle Hilfe leisten k\u00f6nnte, ohne auf die langsamen Versicherer warten zu m\u00fcssen, kam der &#8220;f\u00f6derale&#8221; Staat nicht weiter als bis zu einem&#8230; Darlehen an die &#8220;wallonische&#8221; Region. Die Abwesenheit des Staates ist das Schrecklichste, was die Belgier im Jahr 2021 erlebt haben.<\/p>\n\n\n\n<p>Haben &#8220;unsere&#8221; Politiker aus ihren Fehlern gelernt? Ganz und gar nicht. Es vergeht keine Woche, in der nicht f\u00fcr neue Spaltungen geworben wird. Und auf verschiedenen politischen Ebenen wird eine siebte ( ! ) &#8220;Staatsreform&#8221; vorbereitet. Dar\u00fcber hinaus ist diese Regierung nach wie vor bestrebt, den Gesundheitssektor ganz oder teilweise aufzuspalten und eine &#8220;asymmetrische&#8221; Politik zu verfolgen, insbesondere im Gesundheitssektor und auf dem Arbeitsmarkt. So k\u00f6nnen sich beispielsweise die nationalen Gesetze von einer Region oder Gemeinschaft zur anderen unterscheiden. Bislang ist nichts passiert, aber da Belgien f\u00fcr die meisten Partikraten noch nicht kompliziert und gespaltet genug ist, ist weiterhin Wachsamkeit geboten.<\/p>\n\n\n\n<p>Sprachnationalismus und Sprachf\u00f6deralismus machen es unm\u00f6glich, Belgien richtig zu regieren, und zwar in allen Zust\u00e4ndigkeitsbereichen, von der Mobilit\u00e4t \u00fcber die Umwelt bis zur Bildung. Gl\u00fccklicherweise deuten die Umfragen darauf hin, dass eine staatliche Reform bald mathematisch unm\u00f6glich sein k\u00f6nnte.<\/p>\n\n\n\n<p><strong>Auch wenn derzeit ein gemeinschaftlicher Status quo besteht \u2013 und die B.U.B. hofft nat\u00fcrlich, dass dieser in Ermangelung eines Referendums, f\u00fcr die unsere Partei und Gruppierung t\u00e4tig ist, fortbesteht \u2013 m\u00fcssen wir uns weiterhin f\u00fcr die schnellstm\u00f6gliche Wiederherstellung eines Einheitsstaates auf der Grundlage der neun historischen Provinzen einsetzen. Das ist der einzige nachhaltige Weg aus dem partikratisch-nationalistischen Irrgarten. Wir werden dies auch im Jahr 2022 tun. Der Unitarismus ist im \u00dcbrigen die st\u00e4rkste und gr\u00f6\u00dfte politische Ideologie in Belgien. Man kann die Wahrheit nicht l\u00e4nger zur\u00fcckhalten.<\/strong><\/p>\n\n\n\n<p><strong>Im Gegensatz zu den Parteien, einschlie\u00dflich der offen anti-belgischen Parteien (die im Dezember 2021 sogar ihre \u00fcppigen Spenden erh\u00f6ht haben, <a href=\"https:\/\/www.unionbelge.be\/?p=13833\">siehe unseren Text<\/a>), erh\u00e4lt die belgischgesinnte B.U.B. keinen einzigen Eurocent an staatlicher Hilfe.<\/strong><\/p>\n\n\n\n<p><strong>Sie k\u00f6nnen uns jedoch unterst\u00fctzen, indem Sie einen Beitrag von 25 \u20ac (10 \u20ac f\u00fcr die Jugendliche j\u00fcnger als 25 Jahr) als Sympathisant leisten auf dem folgenden Kontonummer:<\/strong><\/p>\n\n\n\n<p><strong>IBAN : BE91 068-2417677-76 (BIC : GKCCBEBB<\/strong>) <\/p>\n\n\n\n<p><strong>(siehe auch: <a rel=\"noreferrer noopener\" href=\"https:\/\/www.unionbelge.be\/#contact\" target=\"_blank\">https:\/\/www.unionbelge.be\/#contact<\/a>)<\/strong><\/p>\n\n\n\n<p><strong><em>Wenn Sie auch ein Exemplar des unitaristischen Manifests unseres Pr\u00e4sidenten haben m\u00f6chten, das Anfang 2022 auf Franz\u00f6sisch und Niederl\u00e4ndisch erscheinen wird und \u00fcber 300 farbig illustrierte Seiten mit hartem Einband enthalten wird, k\u00f6nnen Sie unter Angabe der Sprache und Ihrer E-Mail-Adresse auch weitere 20 \u20ac \u00fcberweisen.<\/em><\/strong><\/p>\n\n\n\n<p>Die B.U.B. w\u00fcnscht allen Belgiern ein frohes, gesundes und unitarisches 2022 !<\/p>\n\n\n\n<p>Hans Van de Cauter<\/p>\n\n\n\n<p>Vorsitzender B.U.B.<\/p>\n\n\n\n<p>Benedict Verbiest<\/p>\n\n\n\n<p>Untervorsitzender B.U.B.<\/p>\n\n\n\n<p>Bruno Yammine<\/p>\n\n\n\n<p>Leiter der Studienabteilung der B.U.B.<\/p>\n","protected":false},"excerpt":{"rendered":"<p>Net als in 2020 werd Belgi\u00eb ook in 2021 geconfronteerd met de aanhoudende covid-pandemie en het schrijnend onvermogen van \u201conze\u201d politieke elite om hiermee om te gaan. Alsof dat nog niet genoeg was, werden in juli grote delen van het oosten van Belgi\u00eb, nl. de Ardennen, getroffen door een enorme wateroverlast. De particratie slaagde er niet alleen niet in om de verwoestingen die de overstromingen aanrichtten niet te voorkomen. Sterker nog: ze liet de bewoners van de getroffen streken achteraf in de kou staan.<\/p>\n<p>Comme en 2020, en 2021, la Belgique a \u00e9t\u00e9 confront\u00e9e \u00e0 la pand\u00e9mie continuelle du covid et \u00e0 l&#8217;incapacit\u00e9 affligeante de \u201cnotre\u201d \u00e9lite politique \u00e0 y faire face. Comme si cela ne suffisait pas, en juillet, de grandes parties de l&#8217;est de la Belgique, c&#8217;est-\u00e0-dire les Ardennes, ont \u00e9t\u00e9 touch\u00e9es par d&#8217;\u00e9normes inondations. Non seulement la particratie n&#8217;a pas r\u00e9ussi \u00e0 emp\u00eacher la d\u00e9vastation caus\u00e9e par les inondations, elle a aussi abandonn\u00e9 les habitants des zones sinistr\u00e9es \u00e0 leur sort. <\/p>\n<p>Wie schon 2020 war Belgien auch 2021 mit der anhaltenden Covid-Pandemie und der erschreckenden Unf\u00e4higkeit \u201cunserer\u201d politischen Elite, damit umzugehen, konfrontiert. Und als w\u00e4re es damit nicht genug, wurden im Juli gro\u00dfe Teile Ostbelgiens, d. h. die Ardennen, von enormen \u00dcberschwemmungen heimgesucht. Der Partikratie hat es nicht nur vers\u00e4umt, die durch die \u00dcberschwemmungen verursachten Verw\u00fcstungen zu verhindern. Dar\u00fcber hinaus wurden die Bewohner der betroffenen Gebiete anschlie\u00dfend im Stich gelassen.<\/p>\n","protected":false},"author":2,"featured_media":13838,"comment_status":"closed","ping_status":"closed","sticky":false,"template":"","format":"standard","meta":{"ngg_post_thumbnail":0,"jetpack_post_was_ever_published":false,"_jetpack_newsletter_access":"","_jetpack_dont_email_post_to_subs":false,"_jetpack_newsletter_tier_id":0,"_jetpack_memberships_contains_paywalled_content":false,"powered_cache_disable_cache":false,"_jetpack_memberships_contains_paid_content":false,"footnotes":"","jetpack_publicize_message":"","jetpack_publicize_feature_enabled":true,"jetpack_social_post_already_shared":true,"jetpack_social_options":{"image_generator_settings":{"template":"highway","default_image_id":0,"font":"","enabled":false},"version":2}},"categories":[1,5,4],"tags":[],"class_list":["post-13837","post","type-post","status-publish","format-standard","has-post-thumbnail","hentry","category-news0","category-opinions","category-info"],"jetpack_publicize_connections":[],"jetpack_featured_media_url":"https:\/\/www.unionbelge.be\/wp-content\/uploads\/2022\/01\/IMG_5432.jpg","jetpack_sharing_enabled":true,"jetpack_shortlink":"https:\/\/wp.me\/p6Y7u0-3Bb","jetpack_likes_enabled":false,"_links":{"self":[{"href":"https:\/\/www.unionbelge.be\/index.php?rest_route=\/wp\/v2\/posts\/13837","targetHints":{"allow":["GET"]}}],"collection":[{"href":"https:\/\/www.unionbelge.be\/index.php?rest_route=\/wp\/v2\/posts"}],"about":[{"href":"https:\/\/www.unionbelge.be\/index.php?rest_route=\/wp\/v2\/types\/post"}],"author":[{"embeddable":true,"href":"https:\/\/www.unionbelge.be\/index.php?rest_route=\/wp\/v2\/users\/2"}],"replies":[{"embeddable":true,"href":"https:\/\/www.unionbelge.be\/index.php?rest_route=%2Fwp%2Fv2%2Fcomments&post=13837"}],"version-history":[{"count":6,"href":"https:\/\/www.unionbelge.be\/index.php?rest_route=\/wp\/v2\/posts\/13837\/revisions"}],"predecessor-version":[{"id":13848,"href":"https:\/\/www.unionbelge.be\/index.php?rest_route=\/wp\/v2\/posts\/13837\/revisions\/13848"}],"wp:featuredmedia":[{"embeddable":true,"href":"https:\/\/www.unionbelge.be\/index.php?rest_route=\/wp\/v2\/media\/13838"}],"wp:attachment":[{"href":"https:\/\/www.unionbelge.be\/index.php?rest_route=%2Fwp%2Fv2%2Fmedia&parent=13837"}],"wp:term":[{"taxonomy":"category","embeddable":true,"href":"https:\/\/www.unionbelge.be\/index.php?rest_route=%2Fwp%2Fv2%2Fcategories&post=13837"},{"taxonomy":"post_tag","embeddable":true,"href":"https:\/\/www.unionbelge.be\/index.php?rest_route=%2Fwp%2Fv2%2Ftags&post=13837"}],"curies":[{"name":"wp","href":"https:\/\/api.w.org\/{rel}","templated":true}]}}