{"id":13676,"date":"2021-07-17T18:46:27","date_gmt":"2021-07-17T17:46:27","guid":{"rendered":"http:\/\/www.unionbelge.be\/?p=13676"},"modified":"2021-08-13T21:20:26","modified_gmt":"2021-08-13T20:20:26","slug":"inondations-le-federalisme-aggrave-le-probleme-overstromingen-het-federalisme-verergert-het-probleem","status":"publish","type":"post","link":"https:\/\/www.unionbelge.be\/?p=13676","title":{"rendered":"INONDATIONS : LE FEDERALISME AGGRAVE LE PROBLEME &#8211; OVERSTROMINGEN: HET FEDERALISME VERERGERT HET PROBLEEM"},"content":{"rendered":"\n<p>Afbeelding &#8211; Image: Het logo van de Civiele Bescherming, die door minister Jambon (N-VA) en de particratie ontmanteld werd &#8211; le logo de la Protection Civile, qui fut d\u00e9mantel\u00e9e par le ministre Jambon (N-VA) et par la particratie (bron &#8211; source: wikipedia)\u00a0<\/p>\n\n\n\n<p><strong>IL N\u2019Y A QUE LA BELGIQUE UNITAIRE QUI PEUT GARANTIR LA SECURITE DES BELGES<\/strong><\/p>\n\n\n\n<p><strong>Le B.U.B. pr\u00e9sente ses condol\u00e9ances aux victimes des terribles inondations qui ont ravag\u00e9 la Belgique \u00e0 la mi-juillet 2021. Nous sommes convaincus que le f\u00e9d\u00e9ralisme a de nouveau fait souffrir et que seule une politique nationale de l&#8217;eau est \u00e0 m\u00eame de faire face \u00e0 ce genre de catastrophes.<\/strong><\/p>\n\n\n\n<ol class=\"wp-block-list\"><li><strong>Le f\u00e9d\u00e9ralisme n\u2019est pas compatible avec les catastrophes naturelles<\/strong><\/li><\/ol>\n\n\n\n<p>Comme avec les attentats terroristes \u00e0 Paris et \u00e0 Bruxelles (2015-2016) et la crise du covid (2020-2021), l&#8217;existence du f\u00e9d\u00e9ralisme linguistique est en partie responsable de l&#8217;ampleur du d\u00e9sastre. En effet, la r\u00e9gion dite \u00ab&nbsp;wallonne&nbsp;\u00bb, qui est plus pauvre, n\u2019est pas capable de proc\u00e9der \u00e0 des travaux d&#8217;infrastructure majeurs tels que la construction de grands bassins d\u2019orage, de digues massives ou de barrages hydro-\u00e9lectriques pour prot\u00e9ger les citoyens contre les inondations. <strong>La scission des travaux publics rend les grands projets impossibles \u00e0 r\u00e9aliser, car les budgets sont \u00e9parpill\u00e9s entre les trois r\u00e9gions.<\/strong> Le contraire est vrai aux Pays-Bas. Apr\u00e8s les graves inondations de 1953, de gigantesques travaux d\u2019infrastructure, nomm\u00e9 le Plan Delta, qui prot\u00e8gent le pays contre la mont\u00e9e des eaux, ont \u00e9t\u00e9 r\u00e9alis\u00e9s dans notre pays voisin. Cela a bien s\u00fbr \u00e9t\u00e9 financ\u00e9 avec de l&#8217;argent national. Les barrages hydro\u00e9lectriques dont le c\u00e9l\u00e8bre barrage de La Gileppe dans la province belge de Li\u00e8ge ont bien s\u00fbr \u00e9t\u00e9 construits avec de l&#8217;argent national de la Belgique unitaire. Le petit mais riche Grand-Duch\u00e9 de Luxembourg d\u00e9bloque 50 millions d&#8217;euros d\u2019aide d\u2019urgence suite \u00e0 la catastrophe tandis que la pauvre r\u00e9gion \u00ab wallonne \u00bb ne lib\u00e8re que 2,5 millions d&#8217;euros\u2026<\/p>\n\n\n\n<p><strong>Les rivi\u00e8res ne s\u2019arr\u00eatent \u00e9videmment pas \u00e0 la fronti\u00e8re linguistique.<\/strong> Les d\u00e9cisions qui sont prises aux barrages dans les Ardennes belges ont un impact direct sur les inondations \u00e0 la Meuse, donc aussi dans la province belge du Limbourg. Les inondations dans les provinces du Hainaut, de Namur et du Brabant \u00ab&nbsp;wallon \u00bb se font forc\u00e9ment ressentir dans les provinces situ\u00e9es en aval de Flandre orientale, d&#8217;Anvers et du Brabant \u00ab flamand \u00bb. La politique de l&#8217;eau doit donc \u00eatre men\u00e9e au moins au niveau belge.<\/p>\n\n\n\n<p><strong>Souvent, les probl\u00e8mes environnementaux et les catastrophes naturelles sont \u00e9galement internationaux<\/strong>, ce qui rend inutile une approche r\u00e9gionale. Les Etats doivent alors travailler ensemble \u2013 en ce qui concerne la Belgique, notamment dans le cadre de l&#8217;UE \u2013 pour faire face \u00e0 ces probl\u00e8mes. Ce n&#8217;est pas une t\u00e2che pour les r\u00e9gions.<\/p>\n\n\n\n<p><strong>Ce ne sont pas non plus les r\u00e9gions qui r\u00e9soudront le probl\u00e8me du changement climatique, qui pourrait \u00eatre en partie la cause des temp\u00eates.<\/strong> Les r\u00e9gions linguistiques ne peuvent r\u00e9soudre des probl\u00e8mes mondiaux et donc multilingues. N\u00e9anmoins, la r\u00e9gionalisation de la politique de l\u2019environnement en Belgique fait en sorte que l&#8217;Etat ne peut m\u00eame pas se positionner seul au niveau international.<\/p>\n\n\n\n<p><strong>2. Ce qui est encore national est sous-financ\u00e9 et menac\u00e9 par des scissions&nbsp;<\/strong><\/p>\n\n\n\n<p>D&#8217;autre part, <strong>les services nationaux sont menac\u00e9s par le sous-financement et les scissions, notamment l&#8217;arm\u00e9e, la police, les pompiers, la protection civile et les soins de sant\u00e9.<\/strong><\/p>\n\n\n\n<p>Le B.U.B. n&#8217;a pas encore oubli\u00e9 que lors des n\u00e9gociations pour une sixi\u00e8me r\u00e9forme de l&#8217;Etat en 2010 et 2011, la scission des pompiers et de la protection civile \u00e9tait longtemps sur la table. Cette scission absurde faisait \u00e9galement partie de l&#8217;accord non ex\u00e9cut\u00e9 entre le PS et la N-VA de 2020. Cet accord comprenait \u00e9galement la r\u00e9gionalisation de la police. En outre, d\u00e9j\u00e0 par la sixi\u00e8me r\u00e9forme de l\u2019Etat une partie des soins de sant\u00e9 a \u00e9t\u00e9 scind\u00e9e. R\u00e9diger des textes juridiques comprenant la scission plus pouss\u00e9e encore des soins de sant\u00e9 fait m\u00eame partie de l\u2019accord gouvernemental actuel. &nbsp;Heureusement, ce gouvernement n&#8217;a pas la majorit\u00e9 des 2\/3 et aucune \u00ab r\u00e9forme&nbsp;\u00bb de l&#8217;\u00c9tat ne sera effectu\u00e9e durant cette l\u00e9gislature. Et comme d\u00e9j\u00e0 indiqu\u00e9 (<a href=\"https:\/\/www.unionbelge.be\/?p=13581\">voir notre texte<\/a>), il est \u00e9galement tr\u00e8s douteux qu&#8217;une telle r\u00e9forme voie le jour apr\u00e8s 2024.<\/p>\n\n\n\n<p>Lors de la catastrophe de ce mois, on a vu que la coop\u00e9ration nationale au niveau de la protection civile et des pompiers est absolument n\u00e9cessaire et m\u00eame insuffisante pour g\u00e9rer les inondations. M\u00eame des pompiers de la province d\u2019Anvers ont pr\u00eat\u00e9 mainforte \u00e0 leurs coll\u00e8gues ardennais.<\/p>\n\n\n\n<p><strong>Par ailleurs, contrairement au Grand-Duch\u00e9 de Luxembourg et \u00e0 l&#8217;Allemagne durement touch\u00e9e (la r\u00e9gion de l&#8217;Eifel), la Belgique a d\u00fb activer le m\u00e9canisme d&#8217;entraide europ\u00e9en.<\/strong><\/p>\n\n\n\n<p>En Allemagne, l&#8217;arm\u00e9e a aid\u00e9 en masse et a pu contr\u00f4ler la situation sans devoir faire appel \u00e0 de l\u2019aide \u00e9trang\u00e8re. En Belgique, l&#8217;arm\u00e9e ne dispose pas de suffisamment de mat\u00e9riel et celui qui est disponible est v\u00e9tuste. Seulement 48 heures apr\u00e8s le d\u00e9but de la catastrophe, le premier h\u00e9licopt\u00e8re de l&#8217;arm\u00e9e a d\u00e9coll\u00e9 pour sauver des personnes tandis qu\u2019en Allemagne, les h\u00e9licopt\u00e8res \u00e9taient d\u00e9j\u00e0 actifs apr\u00e8s une journ\u00e9e. Il y a aussi les \u00e9conomies r\u00e9alis\u00e9es par l\u2019ancien ministre de l\u2019Int\u00e9rieur Jan Jambon (N-VA) au niveau de la protection civile, dont les casernes ont \u00e9t\u00e9 r\u00e9duites de six \u00e0 deux (voir l\u2019image de la RTBF ci-dessus). De plus, les secouristes ne disposent pas de suffisamment d\u2019effectifs et de moyens.<\/p>\n\n\n\n<p><strong>Combien de morts faudra-t-il encore avant que le f\u00e9d\u00e9ralisme linguistique superflu, dispendieux et nuisible ne soit aboli ? 100.000&nbsp;? 1 million ? Ce qui est en revanche positif, c&#8217;est que, malgr\u00e9 toutes les scissions r\u00e9alis\u00e9es par la particratie, la solidarit\u00e9 entre les Belges est rest\u00e9e intacte. En effet, de nombreux Belges ont aid\u00e9 leurs concitoyens touch\u00e9s par les intemp\u00e9ries de mani\u00e8re totalement d\u00e9sint\u00e9ress\u00e9e, notamment en leur offrant un abri. Toutefois, seul un \u00c9tat unitaire dans lequel toutes les mati\u00e8res sont g\u00e9r\u00e9es au niveau national peut garantir une solidarit\u00e9 structurelle entre les Belges et ainsi promouvoir de mani\u00e8re optimale la s\u00e9curit\u00e9 et la prosp\u00e9rit\u00e9 nationales.<\/strong><\/p>\n\n\n\n<p><img loading=\"lazy\" decoding=\"async\" width=\"500\" height=\"318\" class=\"wp-image-13678\" style=\"width: 500px;\" alt=\"\" src=\"https:\/\/www.unionbelge.be\/wp-content\/uploads\/2021\/07\/civbesch.jpg\" srcset=\"https:\/\/www.unionbelge.be\/wp-content\/uploads\/2021\/07\/civbesch.jpg 1321w, https:\/\/www.unionbelge.be\/wp-content\/uploads\/2021\/07\/civbesch-420x267.jpg 420w, https:\/\/www.unionbelge.be\/wp-content\/uploads\/2021\/07\/civbesch-800x509.jpg 800w, https:\/\/www.unionbelge.be\/wp-content\/uploads\/2021\/07\/civbesch-300x191.jpg 300w, https:\/\/www.unionbelge.be\/wp-content\/uploads\/2021\/07\/civbesch-1024x651.jpg 1024w, https:\/\/www.unionbelge.be\/wp-content\/uploads\/2021\/07\/civbesch-768x488.jpg 768w, https:\/\/www.unionbelge.be\/wp-content\/uploads\/2021\/07\/civbesch-1232x783.jpg 1232w, https:\/\/www.unionbelge.be\/wp-content\/uploads\/2021\/07\/civbesch-600x382.jpg 600w, https:\/\/www.unionbelge.be\/wp-content\/uploads\/2021\/07\/civbesch-1200x763.jpg 1200w\" sizes=\"auto, (max-width: 500px) 100vw, 500px\" \/><\/p>\n\n\n\n<p><strong>Afbeelding &#8211; Image: Het aantal kazernes van de civiele bescherming werd in 2018 van zes naar twee teruggeschroefd &#8211; En 2018, les casernes de la protection civile ont \u00e9t\u00e9 r\u00e9duites de six \u00e0 deux (bron &#8211; source: RTBF)<\/strong><\/p>\n\n\n\n<p><strong>ENKEL UNITAIR BELGI\u00cb KAN VEILIGHEID BELGEN WAARBORGEN<\/strong><\/p>\n\n\n\n<p><strong>De B.U.B. betuigt zijn medeleven aan de slachtoffers van de vreselijke wateroverlast die Belgi\u00eb medio juli 2021 teisterde.&nbsp;Wij zijn ervan overtuigd dat het federalisme weer leed heeft veroorzaakt en dat enkel een nationaal waterbeleid dit soort catastrofen beter kan beheersen.<\/strong><\/p>\n\n\n\n<ol class=\"wp-block-list\"><li><strong>Het federalisme is niet compatibel met natuurcatastrofen<\/strong><\/li><\/ol>\n\n\n\n<p>Net als bij de terreuraanslagen van Parijs en Brussel (2015-2016) en bij de covid-crisis (2020-2021) is het bestaan van het taalfederalisme ook hier medeverantwoordelijk voor de omvang van de ramp. Zo is het armere zogenaamd &nbsp;\u2018Waals\u2019 gewest financieel niet bij machte om grote infrastructuurwerken zoals grote stormbekkens, massieve dijken en hydro-elektrische stuwdammen te bouwen die de burgers beschermen tegen overstromingen.&nbsp;<strong>De splitsing van openbare werken maakt het onmogelijk om grote projecten te realiseren omdat de budgetten versnipperd zijn tussen drie gewesten.&nbsp;<\/strong>In Nederland is dat wel het geval. Na de zware overstromingen van 1953 werden in ons buurland reusachtige infrastuurwerken, nl. de Deltawerken, &nbsp;uitgevoerd, die ons buurland beschermen tegen een stijging van het water. Dit gebeurde uiteraard met nationaal geld. De hydro-elektrische stuwdammen, waaronder de bekende barrage van La Gileppe in de Belgische provincie Luik, werd in het unitaire Belgi\u00eb uiteraard met nationaal geld gebouwd. Vandaag maakt het kleine, maar rijke Groot-Hertogdom Luxemburg na de ramp 50 miljoen euro vrij voor noodhulp terwijl het arme \u201cWaals\u201d gewest niet verder geraakt dan 2,5 miljoen euro\u2026<\/p>\n\n\n\n<p><strong>Rivieren stoppen uiteraard niet aan de taalgrens.<\/strong>&nbsp;De beslissingen die aan de stuwdammen in de Belgische Ardennen worden genomen, hebben een rechtstreekse impact op de wateroverlast aan de Maas, dus ook in de Belgische provincie Limburg. De wateroverlast in de provincies Henegouwen, Namen en \u201cWaals-Brabant\u201d laat zich noodzakelijkerwijze in de lager gelegen provincies Oost-Vlaanderen, Antwerpen en \u201cVlaams\u201d-Brabant voelen. Het waterbeleid moet dus minstens op Belgisch vlak gevoerd worden.<\/p>\n\n\n\n<p><strong>Vaak zijn milieuproblemen en natuurcatastrofen ook internationaal<\/strong>,&nbsp;wat een gewestelijke aanpak nutteloos maakt. Staten moeten dan samenwerken, wat Belgi\u00eb betreft vooral in het kader van de EU, om die problemen aan te pakken. Dit is geen taak voor regio\u2019s.&nbsp;<\/p>\n\n\n\n<p><strong>Het zijn ook niet de regio\u2019s die de klimaatverandering, die mee aan de basis van het noodweer zou kunnen liggen, gaan oplossen.<\/strong>&nbsp;Taalregio\u2019s zijn niet opgewassen tegen mondiale en dus meertalige problemen. Sterker nog, de regionalisering van milieu zorgt ervoor dat de Belgische staat op internationaal niveau zelf geen standpunt kan innemen.<\/p>\n\n\n\n<p><strong>2. Wat nog nationaal is, is ondergefinancierd en wordt bedreigd door splitsingen<\/strong><\/p>\n\n\n\n<p><strong>Nationale diensten worden door onderfinanciering en splitsingen bedreigd, onder meer het leger, de politie, de brandweer, de civiele bescherming en de gezondheidszorgen.<\/strong><\/p>\n\n\n\n<p>De B.U.B. is nog niet vergeten hoe tijdens de onderhandelingen over een zesde staatshervorming in 2010 en 2011, de splitsing van de brandweer en de civiele bescherming een lange tijd op tafel lag.&nbsp;Die waanzinnige splitsing &nbsp;maakte ook deel uit van het niet-uitgevoerd akkoord tussen de PS en de N-VA in 2020.&nbsp;Dat akkoord bevatte overigens ook de regionalisering van de politie.&nbsp;Al door de zesde staatshervorming werden bovendien onderdelen van de gezondheidszorgen gesplitst.&nbsp;Het in wetteksten gieten van de verdere opsplitsing van de gezondheidszorgen maakt zelfs deel uit van het huidige regeerakkoord. Gelukkig beschikt deze regering niet over een 2\/3de meerderheid en wordt er tijdens deze legislatuur geen \u2018staatshervorming\u2019 doorgevoerd. En zoals al aangegeven (<a href=\"https:\/\/www.unionbelge.be\/?p=13581\">zie onze tekst<\/a>) is het ook zeer twijfelachtig of die er na 2024 komt.<\/p>\n\n\n\n<p>Bij deze natuurramp zien we dat nationale samenwerking op het niveau van de civiele bescherming en de brandweer absoluut noodzakelijk is en zelfs niet volstaat om de overstromingen te beheersen. Zelfs uit de provincie Antwerpen reden er brandweerwagens naar de Ardennen.&nbsp;<\/p>\n\n\n\n<p><strong>Belgi\u00eb heeft bovendien i.t.t. het Groothertogdom Luxemburg en het zwaar getroffen Duitsland (Eifelgebied) het Europees mechanisme van wederzijdse bijstand in werking moeten stellen.&nbsp;<\/strong><\/p>\n\n\n\n<p>In Duitsland hielp het leger massaal en kon het zo de toestand beheersen zonder buitenlandse hulp in te roepen. In Belgi\u00eb heeft het leger onvoldoende materiaal en wat het heeft, is versleten. Pas 48 uur na het begin van de catastrofe is de eerste legerhelikopter opgestegen om mensen te redden terwijl dat in Duitsland al de dag tevoren gebeurde. En dan is er nog het schrijnende wanbeheer van de civiele bescherming, waarvan het aantal kazernes door de vorige minister van Binnenlandse Zaken, de separatist Jan Jambon (N-VA), van zes naar twee teruggeschroefd werd (zie de afbeelding van de RTBF hierboven). De hulpverleners beschikken bovendien over onvoldoende mensen en middelen.&nbsp;<\/p>\n\n\n\n<p><strong>Hoeveel doden moeten er nog vallen alvorens men het overbodige, peperdure en schadelijke taalfederalisme afschaft? 100.000? 1 miljoen? Positief is wel dat ondanks alle splitsingen die de particratie heeft doorgevoerd de solidariteit tussen de Belgen intact bleef.&nbsp;Vele Belgen hielpen immers volledig belangeloos hun door de storm geteisterde medeburgers, o.a. door hen onderdak te verschaffen. Maar enkel een unitaire staat waarin alle materies op nationaal niveau beheerd worden kan garant staan voor een structurele solidariteit tussen de Belgen en dus de nationale veiligheid en welvaart optimaal bevorderen.&nbsp;<\/strong><\/p>\n","protected":false},"excerpt":{"rendered":"<p>Le B.U.B. pr\u00e9sente ses condol\u00e9ances aux victimes des terribles inondations qui ont ravag\u00e9 la Belgique \u00e0 la mi-juillet 2021. Nous sommes convaincus que le f\u00e9d\u00e9ralisme a de nouveau fait souffrir et que seule une politique nationale de l&#8217;eau est \u00e0 m\u00eame de faire face \u00e0 ce genre de catastrophes.<\/p>\n<p>De B.U.B. betuigt zijn medeleven aan de slachtoffers van de vreselijke wateroverlast die Belgi\u00eb medio juli 2021 teisterde. Wij zijn ervan overtuigd dat het federalisme weer leed heeft veroorzaakt en dat enkel een nationaal waterbeleid dit soort catastrofen beter kan beheersen.<\/p>\n","protected":false},"author":2,"featured_media":13717,"comment_status":"closed","ping_status":"closed","sticky":false,"template":"","format":"standard","meta":{"ngg_post_thumbnail":0,"jetpack_post_was_ever_published":false,"_jetpack_newsletter_access":"","_jetpack_dont_email_post_to_subs":false,"_jetpack_newsletter_tier_id":0,"_jetpack_memberships_contains_paywalled_content":false,"powered_cache_disable_cache":false,"_jetpack_memberships_contains_paid_content":false,"footnotes":"","jetpack_publicize_message":"","jetpack_publicize_feature_enabled":true,"jetpack_social_post_already_shared":true,"jetpack_social_options":{"image_generator_settings":{"template":"highway","default_image_id":0,"font":"","enabled":false},"version":2}},"categories":[1,5],"tags":[],"class_list":["post-13676","post","type-post","status-publish","format-standard","has-post-thumbnail","hentry","category-news0","category-opinions"],"jetpack_publicize_connections":[],"jetpack_featured_media_url":"https:\/\/www.unionbelge.be\/wp-content\/uploads\/2021\/07\/CivilDefence_.png","jetpack_sharing_enabled":true,"jetpack_shortlink":"https:\/\/wp.me\/p6Y7u0-3yA","jetpack_likes_enabled":false,"_links":{"self":[{"href":"https:\/\/www.unionbelge.be\/index.php?rest_route=\/wp\/v2\/posts\/13676","targetHints":{"allow":["GET"]}}],"collection":[{"href":"https:\/\/www.unionbelge.be\/index.php?rest_route=\/wp\/v2\/posts"}],"about":[{"href":"https:\/\/www.unionbelge.be\/index.php?rest_route=\/wp\/v2\/types\/post"}],"author":[{"embeddable":true,"href":"https:\/\/www.unionbelge.be\/index.php?rest_route=\/wp\/v2\/users\/2"}],"replies":[{"embeddable":true,"href":"https:\/\/www.unionbelge.be\/index.php?rest_route=%2Fwp%2Fv2%2Fcomments&post=13676"}],"version-history":[{"count":5,"href":"https:\/\/www.unionbelge.be\/index.php?rest_route=\/wp\/v2\/posts\/13676\/revisions"}],"predecessor-version":[{"id":13720,"href":"https:\/\/www.unionbelge.be\/index.php?rest_route=\/wp\/v2\/posts\/13676\/revisions\/13720"}],"wp:featuredmedia":[{"embeddable":true,"href":"https:\/\/www.unionbelge.be\/index.php?rest_route=\/wp\/v2\/media\/13717"}],"wp:attachment":[{"href":"https:\/\/www.unionbelge.be\/index.php?rest_route=%2Fwp%2Fv2%2Fmedia&parent=13676"}],"wp:term":[{"taxonomy":"category","embeddable":true,"href":"https:\/\/www.unionbelge.be\/index.php?rest_route=%2Fwp%2Fv2%2Fcategories&post=13676"},{"taxonomy":"post_tag","embeddable":true,"href":"https:\/\/www.unionbelge.be\/index.php?rest_route=%2Fwp%2Fv2%2Ftags&post=13676"}],"curies":[{"name":"wp","href":"https:\/\/api.w.org\/{rel}","templated":true}]}}