{"id":1365,"date":"2003-07-01T01:45:30","date_gmt":"2003-06-30T23:45:30","guid":{"rendered":"http:\/\/www.unionbelge.be\/?p=1365"},"modified":"2010-09-07T01:46:21","modified_gmt":"2010-09-06T23:46:21","slug":"bij-een-verjaardag","status":"publish","type":"post","link":"https:\/\/www.unionbelge.be\/?p=1365","title":{"rendered":"Bij een verjaardag"},"content":{"rendered":"<p><strong>De B.U.B. bestaat op 5 juli a.s. welgeteld \u00e9\u00e9n jaar. Het is een jaar geweest van hard werken, vele moeilijkheden, optornen tegen gevestigde structuren en het implementeren van nieuwe idealen. Toen de studiecommissie die tot het bestaan van onze partij zou leiden eind 2001 werd opgericht, schreven we drie dingen op papier: individuele tweetaligheid, basisinkomen en debipolarisatie van de Belgische instellingen. <\/strong><\/p>\n<p>Sedertdien is er veel veranderd, maar het uitgangspunt van onze partij is steeds hetzelfde gebleven: Het werken aan een sterk \u00e9n eendrachtig Belgi\u00eb. Wij hebben ons programma bijgeschaafd, ja, maar wij zijn nooit van de grondbeginselen afgeweken. En onze ideologie zal nog verfijnd worden, nu reeds hebben we duidelijk een progressieve stelling ingenomen over Europese en internationale aangelegenheden (cf. programma), maar ook over milieu, justitie, veiligheid, ruimtelijke ordening, economie en zovele andere punten moet ons programma nog bijgeschaafd worden.<\/p>\n<p>Welk is nu de hoofdzaak van dit alles? Enerzijds zijn wij erin geslaagd een geloofwaardige partij op te bouwen, de jongste partij van Belgi\u00eb overigens, die \u2013ondanks een \u00ab mediagrendel \u00bb en vreselijk beperkte financi\u00eble middelen- meer dan 10.000 stemmen wist te behalen bij de vorige verkiezingen, anderzijds hebben we wel degelijk impact op het Belgisch politiek gebeuren. Of onze partij fors zal winnen, dat weten we nu nog niet, wij zijn \u2013 in tegenstelling tot vele anderen- geen zelfuitgeroepen waarzeggers. Maar wat we wel durven te stellen is dat de Belgische eenheid g\u00e9\u00e9n verre wensdroom meer is en zelfs concreet gestalte krijgt. Belgi\u00eb zal winnen, d\u00e0\u00e0r gaat het hem om. In 1999 was er de catastrofe van Lambermont, gevolgd door de confederalistische oprispingen van de klassieke tripartite. Vandaag echter wordt er in de onderhandelingen \u2013 we houden hout vast- nauwelijks of niet gesproken over staatshervormingen. Het VBO dat brandhout maakte van de nationalistische leugen-cijfers en de striemende verkiezingsnederlaag van de overgemediatiseerde N-VA zullen daar zeker niet vreemd aan zijn.<\/p>\n<p>Maar dit alles maakt van Belgi\u00eb nog g\u00e9\u00e9n unitaire staat, verre van zelfs. Feitelijk is Belgi\u00eb in vele opzichten een (con)federatie, maar- naar wij menen- is het in de geesten van de meeste mensen een federale, ja zelfs een unitaire Staat. Dat de politiek zich op den duur naar deze logica plooit, zou niet meer dan een natuurlijke evolutie zijn.<\/p>\n<p>Toch blijft de B.U.B. noodzakelijk, nu m\u00e9\u00e9r dan ooit. Wij zijn de enige federale anti-nationalistische partij. Zij die gisteren met ons lachten, lachen vandaag al v\u00e9\u00e9l minder en het lachen zal hen nog meer vergaan. Het is niet ons doel om in Belgi\u00eb het nationalisme te vernietigen (dat is onmogelijk), wel de invloed ervan te beperken tot wat het is: een marginale geestesstroming, anti-Europees, anti-toekomstgericht en anti-democratisch. De B.U.B. zal er in de komende verkiezingen op vooruitgaan, dat is onze innige overtuiging. Maar de partij is g\u00e9\u00e9n doel, doch slechts een middel. Het doel blijft: Belgische eenheid vrijwaren, Europese eenheid versterken. Moge dit nobel streven in ons 2e bestaansjaar verder verwezenlijkt worden. De keuze blijft immers: Belgi\u00eb zonder grenzen of regionalistisch eigenbelang.<\/p>\n","protected":false},"excerpt":{"rendered":"<p>De B.U.B. bestaat op 5 juli a.s. welgeteld \u00e9\u00e9n jaar. Het is een jaar geweest [&hellip;]<\/p>\n","protected":false},"author":2,"featured_media":0,"comment_status":"closed","ping_status":"open","sticky":false,"template":"","format":"standard","meta":{"ngg_post_thumbnail":0,"jetpack_post_was_ever_published":false,"_jetpack_newsletter_access":"","_jetpack_dont_email_post_to_subs":false,"_jetpack_newsletter_tier_id":0,"_jetpack_memberships_contains_paywalled_content":false,"powered_cache_disable_cache":false,"_jetpack_memberships_contains_paid_content":false,"footnotes":"","jetpack_publicize_message":"","jetpack_publicize_feature_enabled":true,"jetpack_social_post_already_shared":false,"jetpack_social_options":{"image_generator_settings":{"template":"highway","default_image_id":0,"font":"","enabled":false},"version":2}},"categories":[5],"tags":[],"class_list":["post-1365","post","type-post","status-publish","format-standard","hentry","category-opinions"],"jetpack_publicize_connections":[],"jetpack_featured_media_url":"","jetpack_sharing_enabled":true,"jetpack_shortlink":"https:\/\/wp.me\/p6Y7u0-m1","jetpack_likes_enabled":false,"_links":{"self":[{"href":"https:\/\/www.unionbelge.be\/index.php?rest_route=\/wp\/v2\/posts\/1365","targetHints":{"allow":["GET"]}}],"collection":[{"href":"https:\/\/www.unionbelge.be\/index.php?rest_route=\/wp\/v2\/posts"}],"about":[{"href":"https:\/\/www.unionbelge.be\/index.php?rest_route=\/wp\/v2\/types\/post"}],"author":[{"embeddable":true,"href":"https:\/\/www.unionbelge.be\/index.php?rest_route=\/wp\/v2\/users\/2"}],"replies":[{"embeddable":true,"href":"https:\/\/www.unionbelge.be\/index.php?rest_route=%2Fwp%2Fv2%2Fcomments&post=1365"}],"version-history":[{"count":2,"href":"https:\/\/www.unionbelge.be\/index.php?rest_route=\/wp\/v2\/posts\/1365\/revisions"}],"predecessor-version":[{"id":1367,"href":"https:\/\/www.unionbelge.be\/index.php?rest_route=\/wp\/v2\/posts\/1365\/revisions\/1367"}],"wp:attachment":[{"href":"https:\/\/www.unionbelge.be\/index.php?rest_route=%2Fwp%2Fv2%2Fmedia&parent=1365"}],"wp:term":[{"taxonomy":"category","embeddable":true,"href":"https:\/\/www.unionbelge.be\/index.php?rest_route=%2Fwp%2Fv2%2Fcategories&post=1365"},{"taxonomy":"post_tag","embeddable":true,"href":"https:\/\/www.unionbelge.be\/index.php?rest_route=%2Fwp%2Fv2%2Ftags&post=1365"}],"curies":[{"name":"wp","href":"https:\/\/api.w.org\/{rel}","templated":true}]}}