{"id":13639,"date":"2021-05-28T20:16:34","date_gmt":"2021-05-28T19:16:34","guid":{"rendered":"http:\/\/www.unionbelge.be\/?p=13639"},"modified":"2021-05-31T20:47:29","modified_gmt":"2021-05-31T19:47:29","slug":"cas-jurgen-conings-un-nettoyage-dans-larmee-et-la-politique-est-necessaire-geval-jurgen-conings-uitkuisen-van-leger-en-politiek-is-noodzakelijk","status":"publish","type":"post","link":"https:\/\/www.unionbelge.be\/?p=13639","title":{"rendered":"CAS J\u00dcRGEN CONINGS: UN NETTOYAGE DANS L&#8217;ARM\u00c9E ET LA POLITIQUE EST NECESSAIRE &#8211; GEVAL J\u00dcRGEN CONINGS: UITKUISEN VAN LEGER EN POLITIEK IS NOODZAKELIJK"},"content":{"rendered":"\n<p>Foto &#8211; photo: J\u00fcrgen Conings (de son profil sur Facebook &#8211; van zijn Facebook-profiel)<\/p>\n\n\n\n<p><strong>UNE REVALORISATION DE L\u2019ARMEE BELGE S\u2019IMPOSE&nbsp;<\/strong><\/p>\n\n\n\n<p><strong>Le 17 mai 2021, J\u00fcrgen Conings, un caporal d\u00e9grad\u00e9 de l\u2019arm\u00e9e belge, a disparu avec des armes de guerre qu&#8217;il avait vol\u00e9es de sa caserne. Les lettres d\u2019adieu trouv\u00e9es chez lui d\u00e9montreraient qu&#8217;il vise l&#8217;arm\u00e9e, les virologues et le gouvernement. Il voulait \u00e9galement commettre un attentat contre une mosqu\u00e9e. Le soldat se serait cach\u00e9 dans le Parc National de la Haute Campine au Limbourg, mais il n&#8217;y a pas \u00e9t\u00e9 retrouv\u00e9. A ce jour, une chasse \u00e0 l&#8217;homme \u00e0 grande \u00e9chelle et une signalisation internationale n\u2019ont pas encore abouti \u00e0 un r\u00e9sultat concret.<\/strong><\/p>\n\n\n\n<p>Le B.U.B. fait valoir les observations suivantes \u00e0 propos de cet incident:<\/p>\n\n\n\n<p><strong>a)<\/strong> <strong>Les s\u00e9paratistes n\u2019ont rien \u00e0 faire dans l\u2019arm\u00e9e belge<\/strong><\/p>\n\n\n\n<p>Le caporal \u00e9tait un extr\u00e9miste connu et membre de la \u201cVlaams Legioen\u201d, une organisation d\u2019extr\u00eame droite qui est le successeur pr\u00e9sum\u00e9 de la VMO interdite). Il figurait aussi sur la liste de l&#8217;OCAM, qui r\u00e9pertorie les personnes pr\u00e9sentant une menace pour l\u2019Etat belge. Il est bien-s\u00fbr inacceptable que de telles personnes fassent partie de l&#8217;arm\u00e9e belge et aient m\u00eame acc\u00e8s \u00e0 des armes, d\u2019autant plus qu\u2019il semble que la personne semble souffrir de traumatismes encourus lors de ses nombreuses missions militaires \u00e0 l\u2019\u00e9tranger.&nbsp;<\/p>\n\n\n\n<p>L\u2019individu en question est un nationaliste \u00ab&nbsp;flamand&nbsp;\u00bb et membre de l&#8217;extr\u00eame droite. Il est par cons\u00e9quent un ennemi de l&#8217;Etat belge, ce qu\u2019il a aussi d\u00e9clar\u00e9 vouloir \u00eatre dans sa lettre d\u2019adieu. Le B.U.B. estime que des flamingants ou des wallingants n\u2019ont rien \u00e0 faire dans l&#8217;arm\u00e9e belge. Une douzaine d\u2019autres soldats extr\u00e9mistes figureraient d\u2019ailleurs sur la liste de l\u2019OCAM. Le B.U.B. esp\u00e8re qu\u2019ils seront rapidement sanctionn\u00e9s et au besoin licenci\u00e9s.<\/p>\n\n\n\n<p>Les partis s\u00e9paratistes gardent le silence \u00e0 propos de cet incident ou accusent l&#8217;actuel ministre de la D\u00e9fense, Ludivine Dedonder. Cette attitude est particuli\u00e8rement hypocrite puisque le m\u00eame J\u00fcrgen Conings \u00e9tait d\u00e9j\u00e0 actif dans l\u2019arm\u00e9e belge lors de la l\u00e9gislature pr\u00e9c\u00e9dente lorsqu&#8217;un membre de la N-VA (Vandenput) \u00e9tait le ministre de la D\u00e9fense. Celui-ci, en bon flamingant, a \u00e9videmment laiss\u00e9 Conings tranquille. Il en va de m\u00eame pour les autres extr\u00e9mistes dans l&#8217;arm\u00e9e dont les id\u00e9es sont \u00e9troitement li\u00e9es \u00e0 celles de la N-VA et du VB. L\u2019extr\u00e9misme dans l\u2019arm\u00e9e belge est un vieux mal qu\u2019il ne faut pas reprocher \u00e0 un seul ministre et dont toute la particratie est responsable, surtout ces partis qui s\u00e8ment la haine anti-belge depuis des d\u00e9cennies.&nbsp;<\/p>\n\n\n\n<p><strong>b) Tournure dangereuse de l\u2019extr\u00eame droite<\/strong><\/p>\n\n\n\n<p>A&nbsp;cause de&nbsp;<\/p>\n\n\n\n<p><em>1.&nbsp;&nbsp; la position de pouvoir des partis flamingants<\/em><\/p>\n\n\n\n<p><em>2.&nbsp;&nbsp; leur id\u00e9ologie&nbsp;antibelge r\u00e9pandue dans la soci\u00e9t\u00e9 belge depuis une centaine d\u2019ann\u00e9es, aujourd\u2019hui principalement soutenue par les m\u00e9dias audiovisuels (surtout la VRT et VTM)&nbsp;<\/em><\/p>\n\n\n\n<p><em>3.&nbsp;&nbsp; un financement public gigantesque&nbsp;<\/em><\/p>\n\n\n\n<p><em>4. la r\u00e9action laxiste du gouvernement belge<\/em><\/p>\n\n\n\n<p>le flamingantisme et l&#8217;extr\u00eame droite ont pu prosp\u00e9rer&nbsp;jusqu\u2019\u00e0 un tel point que ses membres acceptent maintenant la violence pour arriver \u00e0 leurs fins diverses.&nbsp;La crise corona et les mesures drastiques pour enrayer la maladie \u00e9taient \u00e0 ce niveau un&nbsp;catalyseur, non une cause en soi. On constate dans les commentaires des extr\u00e9mistes que leur haine \u00e0 l\u2019\u00e9gard du virologue Marc Van Ranst ne s\u2019explique pas tellement par ses conseils en tant que virologue, mais par ses affirmations politiques gauchistes et antiracistes. Les extr\u00e9mistes voient en lui un politicien potentiel qui pourrait r\u00e9colter bon nombre de voix surtout de la gauche.<\/p>\n\n\n\n<p>La Belgique n\u2019est \u00e9videmment pas le seul pays du monde touch\u00e9 par la crise Covid et les mesures prises chez nous par les particrates n\u2019\u00e9taient pas plus s\u00e9v\u00e8res que dans des pays limitrophes comme la France ou l\u2019Allemagne. En outre, les virologues n\u2019ont nulle part le dernier mot en la mati\u00e8re puisque la responsabilit\u00e9 finale des mesures prises se trouve chez les politiciens, contre lesquels l\u2019action des radicaux devrait se diriger si la crise corona n\u2019\u00e9tait pas simplement une excuse pour propager du racisme de toute sorte.&nbsp;<\/p>\n\n\n\n<p>&nbsp;Il est clair que la N-VA et le VB cr\u00e9ent, de par leur id\u00e9ologie, un climat antibelge et de haine de l\u2019autre dans lequel des d\u00e9s\u00e9quilibr\u00e9s peuvent se radicaliser et la violence peut devenir acceptable.&nbsp;<\/p>\n\n\n\n<p>Le soutien apport\u00e9 par des radicaux sur les r\u00e9seaux sociaux \u00e0 Jurgen Conings est un scandale pour notre soci\u00e9t\u00e9 belge. Comment osent-ils d\u00e9fendre des actes terroristes et la violence&nbsp;? En outre, soutenir une personne dont on avoue en m\u00eame temps qu\u2019elle est d\u00e9s\u00e9quilibr\u00e9e est irrationnel. Lorsqu\u2019on attire leur attention sur ces faits, certains se f\u00e2chent et insultent leur interlocuteur comme si la libert\u00e9 d\u2019expression ne valait que pour eux. &nbsp;<\/p>\n\n\n\n<p>On voit que l\u2019extr\u00eame droite prend une tournure vraiment dangereuse et inacceptable \u00e0 laquelle toute la soci\u00e9t\u00e9 belge doit \u00eatre extr\u00eamement attentive.&nbsp;<\/p>\n\n\n\n<p>Comment l\u2019extr\u00eame droite r\u00e9agirait-elle s&#8217;il s&#8217;agissait d&#8217;un terroriste musulman?&nbsp;<\/p>\n\n\n\n<p>Les faits commis par Conings sont&nbsp;comparables \u00e0 ceux&nbsp;commis par Sharia4Belgium, une organisation qui a \u00e9t\u00e9&nbsp;lourdement&nbsp;condamn\u00e9e&nbsp;pour&nbsp;notamment la&nbsp;d\u00e9tention d\u2019armes&nbsp;sans qu\u2019elle n\u2019ait pu perp\u00e9trer un attentat.&nbsp;Cependant, la&nbsp;droite radicale&nbsp;n\u2019a jamais soutenu la cause de&nbsp;Sharia4Belgium. Il y a donc l\u00e0 deux poids et deux mesures.<\/p>\n\n\n\n<p>De plus, bient\u00f4t pendant le championnat europ\u00e9en de football, bon nombre des supporters de Conings seront sans doute les supporters de nos Diables Rouges aux origines diverses. On ne peut ha\u00efr et d\u00e9tester l\u2019immigration en m\u00eame temps. Il faut nuancer&nbsp;!<\/p>\n\n\n\n<p><strong>c)&nbsp;Une arm\u00e9e belge d\u00e9laiss\u00e9e depuis des d\u00e9cennies<\/strong><\/p>\n\n\n\n<p>Le B.U.B. est \u00e9galement surpris par le manque de soutien, pourtant traditionnel, des extr\u00e9mistes de droite \u00e0 la police et \u00e0 l&#8217;arm\u00e9e. Tous ces soldats et policiers qui sont \u00e0 la recherche de cet homme bien entra\u00een\u00e9, tr\u00e8s arm\u00e9 et aux intentions agressives et donc objectivement dangereux ne m\u00e9ritent-ils pas notre soutien total&nbsp;? &nbsp;&nbsp;Ils d\u00e9fendent tout de m\u00eame la s\u00e9curit\u00e9&nbsp;des Belges ! Un fou furieux, quels que soient ses exploits du pass\u00e9, ne peut \u00eatre pr\u00e9f\u00e9r\u00e9 \u00e0 un corps de 24.000 militaires de carri\u00e8re qui respectent notre pays et notre Roi. Ce serait absurde, irrespectueux et dangereux.&nbsp;<\/p>\n\n\n\n<p>Comme presque tous les minist\u00e8re nationaux, celui de la d\u00e9fense a \u00e9t\u00e9 gravement sous-financ\u00e9 pendant des d\u00e9cennies, ce que le Premier ministre De Croo a \u00e9galement avou\u00e9 \u00e0 la Chambre des Repr\u00e9sentants le 20 mai 2021. Ce sous-financement est bien s\u00fbr une cons\u00e9quence directe du gaspillage du f\u00e9d\u00e9ralisme linguistique. En effet, les r\u00e9serves de la caisse de l\u2019Etat sont transf\u00e9r\u00e9es aux communaut\u00e9s et r\u00e9gions. Le B.U.B. a d\u00e9j\u00e0 souvent d\u00e9nonc\u00e9 cette situation, notamment en 2015 et 2016 lors des attentats \u00e0 Paris et Bruxelles, mais l\u2019obstination de la particratie est telle qu\u2019elle n\u2019y voit probl\u00e8me. Ce sous-financement de l\u2019autorit\u00e9 f\u00e9d\u00e9rale a m\u00eame oblig\u00e9 la d\u00e9fense \u00e0 faire appel \u00e0 troupes \u00e9trang\u00e8res (allemandes, luxembourgeoises et n\u00e9erlandaises) lors des recherches dans le Parc national o\u00f9 le fugitif semble se cacher. Cela fait aussi rappeler l\u2019incendie qui a ravag\u00e9 un terrain d&#8217;entra\u00eenement militaire \u00e0 Brecht (province d&#8217;Anvers) en avril 2021 et qui a n\u00e9cessit\u00e9 l\u2019intervention de l&#8217;arm\u00e9e n\u00e9erlandaise.<\/p>\n\n\n\n<p>Le B.U.B. trouve que notre arm\u00e9e belge gravement sous-financ\u00e9 m\u00e9rite beaucoup mieux. Des soldats qui d\u00e9fendent notre libert\u00e9 et notre s\u00e9curit\u00e9 doivent \u00eatre trait\u00e9s avec le plus grand respect et disposer d\u2019un mat\u00e9riel moderne et efficace, ce qui n\u2019est clairement pas le cas aujourd\u2019hui. Le B.U.B. regrette profond\u00e9ment que cet incident malheureux jette un discr\u00e9dit sur notre arm\u00e9e.&nbsp;<\/p>\n\n\n\n<p>Ceci \u00e9tant dit, le B.U.B. estime \u00e9galement que l\u2019arm\u00e9e doit s\u2019occuper de nos v\u00e9t\u00e9rans qui sont souvent traumatis\u00e9s par des missions \u00e0 l\u2019\u00e9tranger. Cela peut contribuer \u00e0 des troubles mentaux, qui peuvent mener \u00e0 une radicalisation. Aussi pour cette raison, il faudra refinancer la D\u00e9fense et par cons\u00e9quent abolir le f\u00e9d\u00e9ralisme linguistique.&nbsp;<\/p>\n\n\n\n<p><strong>d)&nbsp; Il faut restaurer l\u2019identit\u00e9 belge<\/strong><\/p>\n\n\n\n<p>La Belgique f\u00e9d\u00e9rale ne cultive pas le patriotisme. Bien au contraire. Cela provoque de l\u2019ali\u00e9nation chez certains. Des Belges perdent leur identit\u00e9, ce qui peut mener \u00e0 des r\u00e9actions extr\u00eames et dangereuses. Cette r\u00e9alit\u00e9 constitue une raison de plus pour ref\u00e9d\u00e9raliser les institutions et les comp\u00e9tences qui forment l&#8217;identit\u00e9 d&#8217;une personne: la culture, l\u2019enseignement, les m\u00e9dias\u2026. Une Belgique forte et unitaire est l&#8217;antith\u00e8se de toute forme de radicalisation et d&#8217;extr\u00e9misme.<\/p>\n\n\n\n<p>Le B.U.B. comprend&nbsp;cependant&nbsp;que&nbsp;des Belges&nbsp;agissent&nbsp;contre le \u201csyst\u00e8me\u201d.&nbsp;Le B.U.B.&nbsp;est \u00e9galement partiellement un parti et un mouvement anti-syst\u00e8me parce qu\u2019on veut abolir le f\u00e9d\u00e9ralisme linguistique et ainsi remplacer le paradigme institutionnel existant par l\u2019unitarisme provincial, ce qui serait une r\u00e9volution pour notre pays.&nbsp;<\/p>\n\n\n\n<p>Cependant, m\u00eame si depuis 20 ann\u00e9es,&nbsp;le B.U.B. se plaint de la particratie \u00e9touffante et du boycott des m\u00e9dias de l\u2019id\u00e9ologie unitariste,&nbsp;nous n\u2019avons jamais&nbsp;soutenu&nbsp;la violence.&nbsp;<\/p>\n\n\n\n<p>Contrairement au B.U.B., l\u2019extr\u00eame droite dispose d\u00e9j\u00e0 de deux partis de&nbsp;pouvoir qui sont amplement subsidi\u00e9s et m\u00e9diatis\u00e9s, c\u2019est-\u00e0-direla N-VA et le VB, dont le premier contr\u00f4le d\u00e9j\u00e0 la moiti\u00e9 de notre pays.&nbsp;L\u2019extr\u00eame droite ne doit donc&nbsp;pas se plaindre.<\/p>\n\n\n\n<p><strong>Conclusion<\/strong><\/p>\n\n\n\n<p><strong>Le B.U.B. souhaite que cet incident f\u00e2cheux encourage la particratie \u00e0 licencier tous les soldats flamingants, wallingants et extr\u00e9mistes. Ces individus n&#8217;ont rien \u00e0 faire dans l&#8217;arm\u00e9e belge. Toutefois, le terreau de l&#8217;extr\u00e9misme transcende de loin l&#8217;arm\u00e9e. Il est pr\u00e9sent dans toutes les couches de la soci\u00e9t\u00e9 belge et principalement dans la politique. Les partis extr\u00e9mistes et s\u00e9paratistes tels que la N-VA et la VB ne devraient plus recevoir de subventions de l&#8217;Etat et celles d\u00e9j\u00e0 re\u00e7ues devraient \u00eatre rembours\u00e9es \u00e0 l&#8217;Etat. Il faudrait \u00e9galement se poser la question de savoir si ces partis s\u00e9paratistes et d\u2019extr\u00eame droite, qui menacent la d\u00e9mocratie belge, incitent \u00e0 la terreur ou qui la tol\u00e8rent, ne devraient pas \u00eatre interdits, comme cela \u00e9t\u00e9 le cas avec le NPD en Allemagne. Enfin, le B.U.B. n\u2019accepte pas que cet incident jette un discr\u00e9dit sur l\u2019arm\u00e9e belge et le monde m\u00e9dical, qui m\u00e9ritent au contraire tout notre respect et une revalorisation.&nbsp;<\/strong><\/p>\n\n\n\n<p><img loading=\"lazy\" decoding=\"async\" width=\"500\" height=\"333\" class=\"wp-image-13642\" style=\"width: 500px;\" alt=\"\" src=\"https:\/\/www.unionbelge.be\/wp-content\/uploads\/2021\/05\/013-600x400-1.jpg\" srcset=\"https:\/\/www.unionbelge.be\/wp-content\/uploads\/2021\/05\/013-600x400-1.jpg 600w, https:\/\/www.unionbelge.be\/wp-content\/uploads\/2021\/05\/013-600x400-1-420x280.jpg 420w, https:\/\/www.unionbelge.be\/wp-content\/uploads\/2021\/05\/013-600x400-1-300x200.jpg 300w\" sizes=\"auto, (max-width: 500px) 100vw, 500px\" \/><\/p>\n\n\n\n<p>Militair d\u00e9fil\u00e9 op 21 juli 2010 \u2013 D\u00e9fil\u00e9 militaire du 21 juillet 2010 (photo \u2013 foto B.U.B.)<\/p>\n\n\n\n<p><strong>TIJD OM HET BELGISCH LEGER OP TE WAARDEREN<\/strong><\/p>\n\n\n\n<p><strong>Op 17 mei 2021 verdween&nbsp;J\u00fcrgen Conings,&nbsp;een gedrageerde korporaal van het Belgisch leger,&nbsp;met &nbsp;oorlogswapens die hij in zijn kazerne ontvreemd had. Uit de afscheidsbrieven die bij hem aangetroffen werden, zou blijken dat hij het gemunt heeft op het leger, de virologen en de regering. Ook wou hij een aanslag op een moskee plegen. De soldaat zou zich schuilhouden het Nationaal Park Hoge Kempen in Limburg, maar werd daar niet gevonden. Tot op heden heeft een grootschalige klopjacht en een internationale seining niets opgeleverd.<\/strong><\/p>\n\n\n\n<p>De B.U.B. heeft volgende bedenkingen naar aanleiding van dit incident:<\/p>\n\n\n\n<p><strong>a) De separatisten hebben niets te zoeken in het Belgisch leger<\/strong><\/p>\n\n\n\n<p>De korporaal was een gekende extremist&nbsp;en lid van het radicaal-rechtse&nbsp;\u201cVlaams Legioen\u201d, de vermoedelijke opvolger van het verboden VMO. Hij stond ook op de OCAD-lijst. Dat is een inventaris die de personen bevat die een bedreiging voor de Belgische staat vormen. Het is uiteraard onaanvaardbaar dat zulke personen van het Belgisch leger deel uitmaken en zelfs toegang tot wapens hebben, temeer daar de persoon in kwestie schijnt te lijden onder trauma\u2019s die hij tijdens zijn vele missies in het buitenland opgelopen zou hebben.&nbsp;<\/p>\n\n\n\n<p>De persoon in kwestie is een &nbsp;\u00ab&nbsp;Vlaams&nbsp;\u00bb-nationalist en een sympathisant van radicaal-rechts. Derhalve is hij een vijand van de Belgische staat, hetgeen hij ook in zijn afscheidsbrief te kennen gaf. Volgens de B.U.B. hebben noch flaminganten noch wallinganten iets te zoeken in het Belgisch leger. Er zouden bovendien een twaalftal andere extremistische soldaten op de OCAD-lijst staan. De B.U.B. hoopt dat die snel gestraft en, zo nodig, ontslagen zullen worden.&nbsp;<\/p>\n\n\n\n<p>De separatistische partijen zwijgen over dit voorval of schuiven de schuld in de schoenen van de huidige minister van Defensie, Ludivine Dedonder. Die houding is bijzonder hypocriet, daar tijdens de vorige legislatuur een lid van de separatistische N-VA (Vandenput) minister van Defensie was. Als goede flamingant heeft die natuurlijk Conings ongemoeid gelaten. Hetzelfde gold uiteraard voor de andere extremisten in het leger waarvan het gedachtegoed nauw met dat van de N-VA en het VB verbonden is. Het extremisme in het Belgisch leger is een oud zeer dat men niet in de schoenen van een enkele minister mag schuiven en waarvoor de hele particratie verantwoordelijk is, vooral de partijen die sedert decennia een anti-Belgische haatcampagne voeren. &nbsp;<\/p>\n\n\n\n<p><strong>b) Gevaarlijke wending bij extreem-rechts<\/strong>&nbsp;<\/p>\n\n\n\n<p>Wegens<\/p>\n\n\n\n<ol class=\"wp-block-list\"><li><em>De machtspositie van de \u00ab&nbsp;Vlaams&nbsp;\u00bb-nationalistische partijen<\/em><\/li><\/ol>\n\n\n\n<p><em>2. De verspreiding van hun anti-Belgische ideologie in de Belgische maatschappij sedert een hondertal jaar, vandaag hoofdzakelijk via de audiovisuele media (vooral de VRT en VTM)&nbsp;<\/em><\/p>\n\n\n\n<p><em>3. een gigantische openbare financi\u00eble ondersteuning<\/em><\/p>\n\n\n\n<p><em>4. een laxistische reactie van de Belgische regering<\/em><\/p>\n\n\n\n<p>Het flamingantisme en extreem-rechs hebben tot op zo\u2019n punt kunnen gedijen&nbsp;dat hun sympathisanten vandaag geweld aanvaarden om hun verschillende doeleinden te bereiken.&nbsp;De coronacrisis en de drastische maatregelen die genomen werden om de ziekte te bestrijden waren wat dat betreft een katalysator en geen oorzaak op zich. We stellen in de commentaren van de extremisten vast dat hun haat t.a.v. de viroloog Marc Van Ranst niet zozeer verklaard wordt door zijn raadgevingen in zijn hoedanigheid van viroloog, maar wel door de linkse en anti-racistische politieke uitspraken van laatstgenoemde. De extremisten zien in hem een potenti\u00eble politicus die veel vooral linkse stemmen zou kunnen behalen.<\/p>\n\n\n\n<p>Belgi\u00eb is uiteraard niet het enige land ter wereld dat door de Covid-crisis getroffen werd en de maatregelen die de particraten bij ons namen, waren zeker niet strenger dan de maatregelen in onze buurlanden zoals Frankrijk en Duitsland. Daarbij komt nog dat de virologen geenszins het laatste woord hebben aangezien de eindbeslissing voor de genomen maatregelen bij de politici ligt. Bijgevolg zouden de acties van de extremisten zich tegen de politici moeten richten. Maar de coronacrisis was niet meer dan een uitvlucht om allerlei racisme te verspreiden.&nbsp;<\/p>\n\n\n\n<p>Het is duidelijk dat N-VA en VB door hun ideologie een anti-Belgisch haat-klimaat scheppen waarin onevenwichtige personen zich kunnen radicaliseren en waarin geweld aanvaardbaar kan worden.<\/p>\n\n\n\n<p>De steun van de extremisten op sociale media voor J\u00fcrgen Conings is een schandaal voor onze Belgische samenleving. Hoe durven ze terreurdaden en geweld verdedigen&nbsp;? Bovendien is het onredelijk om een persoon te steunen waarvan men tegelijkertijd toegeeft dat die onevenwichtig is. Indien men hen wijst op die feiten, maken sommigen zich kwaad en beschimpen ze hun gesprekspartner alsof de vrijheid van mening slechts voor hen gold.&nbsp;<\/p>\n\n\n\n<p>Zo neemt extreem-rechts in Belgi\u00eb een gevaarlijke en onaanvaardbere wending, waarvoor de hele Belgische samenleving bijzonder waakzaam moet zijn.&nbsp;<\/p>\n\n\n\n<p>Comment l\u2019extr\u00eame droite r\u00e9agirait-elle s&#8217;il s&#8217;agissait d&#8217;un terroriste musulman?&nbsp;<\/p>\n\n\n\n<p>De daden die door Conings verricht werden, zijn vergelijkbaar met die van Sharia4Belgium, een organisatie die zwaar veroordeeld werd met name voor wapenbezit zonder dat ze een aanslag heeft kunnen plegen. Nochthans heeft extreem-rechts nooit de zaak van Sharia4Belgium ondersteund. Er is dus sprake van twee maten en twee gewichten.&nbsp;<\/p>\n\n\n\n<p>Bovendien zullen een heleboel supporters van Conings binnenkort zonder twijfel de multiculturele Rode Duivels tijdens het EK-voetbal aanmoedigen. Men kan niet tegelijkertijd immigratie haten en verachten. Enige nuance is op zijn plaats.<\/p>\n\n\n\n<p><strong>c)&nbsp;Sedert decennia wordt het Belgisch leger verwaarloosd<\/strong><\/p>\n\n\n\n<p>De B.U.B. is eveneens verrast door het uitblijven van de traditionele steun van de rechts-extremisten voor de politie en voor het leger. Verdienen al die soldaten en politiemannen die een goed getrainde en gewapende man met agressieve intenties \u2013 en dus een objectief gevaarlijke man \u2013 zoeken niet onze onvoorwaardelijke steun&nbsp;? Ze verdedigen toch de veiligheid van de Belgen&nbsp;! Een losgeslagen gek, wat ook zijn verdiensten uit het verleden mogen zijn, kan niet verkozen worden boven een korps van 24.000 beroepsmilitairen dat ons land en onze Koning trouw blijft. Zoiets zou absurd, onrespectvol en gevaarlijk zijn.&nbsp;<\/p>\n\n\n\n<p>Zoals bijna elk nationaal departement, is het ministerie van Defensie decennialang ondergefinancierd, iets wat eerste minster De Croo in de Kamer van Volksvertegenwoordigers op 10 mei 2021 ook toegegeven heeft. Het spreekt vanzelf dat deze onderfinanciering een direct gevolg is van de verspilling van het taalfederalisme. De reserves van de staatskas worden immers doorgestort naar de gemeenschappen en de gewesten. De B.U.B. heeft deze situatie reeds meermaals aangeklaagd en met name in 2015 en 2016 na de aanslagen in Parijs en Brussel. Maar de particratie is zo koppig dat ze dit niet inziet.&nbsp;<\/p>\n\n\n\n<p>Deze onderfinanciering van de federale overheid heeft Defensie zelfs verplicht om beroep te doen op buitenlandse troepen (Duitse, Luxemburgse en Nederlandse) bij de zoektocht in het Nationaal Park waar de voortvluchtige zich scheen te verschansen. Dat doet ook denken aan de brand die een militair oefenterrein in Brecht (provincie Antwerpen) verwoest heeft in april 2021 en waarbij het Nederlands leger moest komen helpen.&nbsp;<\/p>\n\n\n\n<p>Volgens de B.U.B. verdient ons ernstig ondergefinancierd leger veel beter. Soldaten die onze vrijheid en veiligheid verdedigen, moeten met het grootste respect bejegend worden en over een moderne en effici\u00ebnte uitrusting beschikken. Vandaag is dat duidelijk niet het geval. De B.U.B. betreurt ten zeerste dat dit ongelukkig incident ons leger in een slecht daglicht plaatst.<\/p>\n\n\n\n<p>Dit gezegd zijnde, vindt de B.U.B. ook dat het leger zorg moet dragen voor veteranen die vaak door missies getraumatiseerd worden, wat psychologische stoornissen kan veroorzaken, die tot radicalisering kunnen leiden. Maar daarvoor is een herfinanciering van Defensie en dus de afschaffing van het taalfederalisme nodig.<\/p>\n\n\n\n<p><strong>d)&nbsp; Men moet de Belgische identiteit in eer herstellen<\/strong><\/p>\n\n\n\n<p>Het federale Belgi\u00eb cultiveert het patriottisme niet. Integendeel. Dat brengt sommige mensen in verwarring over hun identiteit en kan tot extreme en gevaarlijke reacties leiden. Dit gegeven vormt nog een reden waarom het nodig is dat instellingen en bevoegdheden die de identiteit vormen van een persoon \u2013 cultuur, onderwijs, media &#8230; \u2013 opnieuw nationaal moeten worden. Een sterk en unitair Belgi\u00eb is de antithese van elke vorm van radicalisering en extremisme.<\/p>\n\n\n\n<p>De B.U.B. begrijpt evenwel dat er Belgen zijn die zich tegen het \u201csysteem\u201d keren. De B.U.B. is ook deels een anti-systeempartij en&nbsp;\u2013beweging&nbsp;omdat wij het taalfederalisme willen afschaffen en zo&nbsp;het bestaand&nbsp;institutioneel paradigma door het provinciaal unitarisme willen vervangen, wat een revolutie voor ons land zou zijn.&nbsp;<\/p>\n\n\n\n<p>Hoewel de B.U.B. al twintig jaar over de verstikkende particratie en de mediaboycot inzake het unitaristische gedachtegoed klaagt, hebben wij evenwel nog nooit geweld ondersteund.&nbsp;<\/p>\n\n\n\n<p>Extreemrechts beschikt bovendien, i.t.t. de B.U.B., al over &nbsp;twee&nbsp;overgesubsidieerde en overgemediatiseerde machtspartijen nl. de N-VA en het VB. De eerste van de twee controleert al de helft van ons land. Extreem-rechts heeft bijgevolg geen reden tot klagen.<\/p>\n\n\n\n<p><strong>Besluit<\/strong><\/p>\n\n\n\n<p><strong>De B.U.B. wenst dat dit kwalijke incident er de particratie toe aanzet alle flamingantische, wallingantische en extreemrechtse militairen aan de deur te zetten. Die individuen hebben in het Belgisch leger niets verloren. Maar de voedingsbodem van het extremisme overstijgt ver het leger en is aanwezig in alle geledingen van de Belgische maatschappij, in de eerste plaats in de politiek. Extremistische en separatistische partijen als de N-VA en het VB mogen geen staatssubsidies meer krijgen en de reeds ontvangen subsidies moeten aan de Staat worden terugbetaald.&nbsp;De vraag moet bovendien gesteld worden of separatistische en extreemrechtse partijen die de Belgische democratie bedreigen, tot terreur aanzetten of die gedogen, niet verboden moeten worden, zoals dit het geval was met de NPD in Duitsland. Tenslotte aanvaardt de B.U.B. niet dat dit incident het Belgisch leger en de medische wereld in diskrediet brengen. Die verdienen integendeel al ons respect en een opwaardering.<\/strong><\/p>\n\n\n\n<p>.<\/p>\n","protected":false},"excerpt":{"rendered":"<p>Le 17 mai 2021, J\u00fcrgen Conings, un caporal d\u00e9grad\u00e9 de l\u2019arm\u00e9e belge, a disparu avec des armes de guerre qu&#8217;il avait vol\u00e9es de sa caserne. Les lettres d\u2019adieu trouv\u00e9es chez lui d\u00e9montreraient qu&#8217;il vise l&#8217;arm\u00e9e, les virologues et le gouvernement. Il voulait \u00e9galement commettre un attentat contre une mosqu\u00e9e. Le soldat se serait cach\u00e9 dans le Parc National de la Haute Campine au Limbourg, mais il n&#8217;y a pas \u00e9t\u00e9 retrouv\u00e9. A ce jour, une chasse \u00e0 l&#8217;homme \u00e0 grande \u00e9chelle et une signalisation internationale n\u2019ont pas encore abouti \u00e0 une r\u00e9sultat concret.<\/p>\n<p>Op 17 mei 2021 verdween J\u00fcrgen Conings, een gedrageerde korporaal van het Belgisch leger, met  oorlogswapens die hij in zijn kazerne ontvreemd had. Uit de afscheidsbrieven die bij hem aangetroffen werden, zou blijken dat hij het gemunt heeft op het leger, de virologen en de regering. Ook wou hij een aanslag op een moskee plegen. De soldaat zou zich schuilhouden het Nationaal Park Hoge Kempen in Limburg, maar werd daar niet gevonden. Tot op heden heeft een grootschalige klopjacht en een internationale seining niets opgeleverd.<\/p>\n","protected":false},"author":2,"featured_media":13641,"comment_status":"closed","ping_status":"closed","sticky":false,"template":"","format":"standard","meta":{"ngg_post_thumbnail":0,"jetpack_post_was_ever_published":false,"_jetpack_newsletter_access":"","_jetpack_dont_email_post_to_subs":false,"_jetpack_newsletter_tier_id":0,"_jetpack_memberships_contains_paywalled_content":false,"powered_cache_disable_cache":false,"_jetpack_memberships_contains_paid_content":false,"footnotes":"","jetpack_publicize_message":"","jetpack_publicize_feature_enabled":true,"jetpack_social_post_already_shared":true,"jetpack_social_options":{"image_generator_settings":{"template":"highway","default_image_id":0,"font":"","enabled":false},"version":2}},"categories":[1,5],"tags":[],"class_list":["post-13639","post","type-post","status-publish","format-standard","has-post-thumbnail","hentry","category-news0","category-opinions"],"jetpack_publicize_connections":[],"jetpack_featured_media_url":"https:\/\/www.unionbelge.be\/wp-content\/uploads\/2021\/05\/86a2f97a-bf6a-11eb-9aab-043da841861e_web_scale_0.5076142_0.5076142__.jpg","jetpack_sharing_enabled":true,"jetpack_shortlink":"https:\/\/wp.me\/p6Y7u0-3xZ","jetpack_likes_enabled":false,"_links":{"self":[{"href":"https:\/\/www.unionbelge.be\/index.php?rest_route=\/wp\/v2\/posts\/13639","targetHints":{"allow":["GET"]}}],"collection":[{"href":"https:\/\/www.unionbelge.be\/index.php?rest_route=\/wp\/v2\/posts"}],"about":[{"href":"https:\/\/www.unionbelge.be\/index.php?rest_route=\/wp\/v2\/types\/post"}],"author":[{"embeddable":true,"href":"https:\/\/www.unionbelge.be\/index.php?rest_route=\/wp\/v2\/users\/2"}],"replies":[{"embeddable":true,"href":"https:\/\/www.unionbelge.be\/index.php?rest_route=%2Fwp%2Fv2%2Fcomments&post=13639"}],"version-history":[{"count":4,"href":"https:\/\/www.unionbelge.be\/index.php?rest_route=\/wp\/v2\/posts\/13639\/revisions"}],"predecessor-version":[{"id":13646,"href":"https:\/\/www.unionbelge.be\/index.php?rest_route=\/wp\/v2\/posts\/13639\/revisions\/13646"}],"wp:featuredmedia":[{"embeddable":true,"href":"https:\/\/www.unionbelge.be\/index.php?rest_route=\/wp\/v2\/media\/13641"}],"wp:attachment":[{"href":"https:\/\/www.unionbelge.be\/index.php?rest_route=%2Fwp%2Fv2%2Fmedia&parent=13639"}],"wp:term":[{"taxonomy":"category","embeddable":true,"href":"https:\/\/www.unionbelge.be\/index.php?rest_route=%2Fwp%2Fv2%2Fcategories&post=13639"},{"taxonomy":"post_tag","embeddable":true,"href":"https:\/\/www.unionbelge.be\/index.php?rest_route=%2Fwp%2Fv2%2Ftags&post=13639"}],"curies":[{"name":"wp","href":"https:\/\/api.w.org\/{rel}","templated":true}]}}