{"id":13571,"date":"2021-01-27T00:22:33","date_gmt":"2021-01-26T23:22:33","guid":{"rendered":"http:\/\/www.unionbelge.be\/?p=13571"},"modified":"2021-01-28T12:11:06","modified_gmt":"2021-01-28T11:11:06","slug":"vlaams-parlement-eert-het-nazisme-en-het-separatisme-le-parlement-flamand-glorifie-le-nazisme-et-le-separatisme","status":"publish","type":"post","link":"https:\/\/www.unionbelge.be\/?p=13571","title":{"rendered":"\u2018VLAAMS\u2019 PARLEMENT EERT HET NAZISME EN HET SEPARATISME &#8211; LE PARLEMENT \u2018FLAMAND\u2019 GLORIFIE LE NAZISME ET LE SEPARATISME"},"content":{"rendered":"\n<p>Afbeelding &#8211; image: Staf De Clercq (VNV), bron onbekend &#8211; Source inconnue <\/p>\n\n\n\n<p><br><strong>IN ELK ANDER LAND OF IN ELKE ANDERE REGIO ZOU DIT AANLEIDING HEBBEN GEGEVEN TOT EEN STORM VAN PROTEST, BEHALVE IN \u2018FLAMANDISTAN\u2019<\/strong><\/p>\n\n\n\n<p><strong>In januari 2020 publiceerde het maandblad&nbsp;<em>Newsweek<\/em>, in samenwerking met het zogenaamde &#8216;Vlaams&#8217; parlement&nbsp;een reclamebrochure waaraan liefst 90.000 euro belastinggeld gespendeerd werd. De brochure moet dienen om de&nbsp;Noord-Belgische bevolking te indoctrineren met de anti-Belgische nationalistische ideologie. En zelfs de collaboratie van een deel&nbsp;&#8216;Vlaamse&#8217; beweging tijdens de Eerste en zowat de hele beweging tijdens de Tweede Wereldoorlog wordt erin in een gunstig daglicht geplaatst want twee nazi\u2019s, Staf De Clercq en August Borms, de staatsvijanden nr. 1 en 2 van de Belgische staat krijgen erin een vermelding als vaders van de \u201cVlaamse\u201d autonomie.<\/strong><\/p>\n\n\n\n<p>De&nbsp;volgende&nbsp;paragraaf komt uit&nbsp;<em>Volk en Staat,<\/em>&nbsp;het dagblad van het VNV, (Vlaams Nationaal Verbond) van&nbsp;13 augustus 1942:<\/p>\n\n\n\n<p>&#8216;<em>De zuiveringsmaatregelen&nbsp;tegen de joden<\/em>&nbsp;(&#8230;)&nbsp;<em>worden met de dag strenger toegepast. Het schijnt zo dat we rondom onze &nbsp;redactiekantoren&nbsp;weer zuiver zullen kunnen ademhalen en nu er week na week huizen en appartementen in de buurt&nbsp;leegkomen (door de deportaties van joden naar vernietigingskampen door de Duitse bezetter<\/em>, B.U.B.)&nbsp;<em>kunnen we tenminste&nbsp;eens rustig van huis naar kantoor en van kantoor naar huis wandelen<\/em>&#8216;.<\/p>\n\n\n\n<p>De &#8216;leider&#8217; van het VNV was&nbsp;<strong>Staf De Clercq<\/strong>.&nbsp;In november 1940 verklaarde hij:<\/p>\n\n\n\n<p>&#8216;<em>In onze strijd tegen Belgi\u00eb moesten wij van grenzen spreken<\/em>&nbsp;(&#8230;).&nbsp;<em>Belgi\u00eb was trouwens onze vijand. Duitsland is&nbsp;onze vijand niet. Wij hebben vertrouwen in de F\u00fchrer<\/em>&nbsp;(Adolf Hitler).&nbsp;<em>Wij twijfelen er niet aan of wat hij zal doen,&nbsp;zal goed gedaan zijn<\/em>.\u201c&nbsp;(<em>Volk en Staat<\/em>, 13 november 1940).<\/p>\n\n\n\n<p>Een andere controversi\u00eble figuur\u00a0is\u00a0<strong>August Borms<\/strong>.\u00a0Die collaboreerde zelfs in beide wereldoorlogen. Op aansturen van het Duitse generaal-gouvernement riep hij op 22 december 1917 achter gesloten deuren zelfs de &#8216;onafhankelijkheid&#8217; van &#8216;Vlaanderen&#8217; uit. Hij deed dat in naam van de Raad van Vlaanderen, het marionettenparlement\u00a0van de Duitse bezetter. (Zie <a href=\"https:\/\/www.unionbelge.be\/?p=5557\">onze tekst<\/a> over de\u00a0<em>Flamenpolitik<\/em>).\u00a0Na de Eerste Wereldoorlog werd hij tot de doodstraf veroordeeld (die omgezet werd in dwangarbeid en, vervolgens, in vervroegde vrijlating) en na de Tweede Wereldoorlog werd hij wegens landverraad ter dood veroordeeld en in 1946 ge\u00ebxecuteerd. De Clercq overleed reeds in 1942 en ontsnapte zo aan zijn straf.<\/p>\n\n\n\n<p><strong>In elk land en zelfs in elke regio, waar ook ter wereld, zou het voorstellen van zo&#8217;n&nbsp;sinistere figuren&nbsp;in een brochure van&nbsp;overheidswege als figuren die de &#8216;<em>emancipatie van taal en volk<\/em>&#8216; hebben &#8216;<em>vormgegeven<\/em>&#8216; volledig onmogelijk zijn. In elke streek, behalve dan in het (taal)racistische &#8216;Vlaanderen&#8217;, waar separatisme, nationalisme, xenofobie en racisme in het als normaal worden beschouwd en&nbsp;waar 40 \u00e0 50% van het electoraat voor extreemrechtse partijen stemt, het hoogste percentage van de hele wereld en&nbsp;van&nbsp;de wereldgeschiedenis&nbsp;!&nbsp;<\/strong><br><\/p>\n\n\n\n<p><strong>Natuurlijk zit er een kern van waarheid in wat het &#8220;Vlaams&#8221; parlement verkondigt: zonder de &#8220;inzet&#8221; van de collaborateurs in beide wereldoorlogen, zonder een Duitse politiek erop gericht om Belgi\u00eb politiek te ontwrichten om &#8220;Belgi\u00eb duurzaam te verzwakken&#8221;, om de woorden van het hoofd van de Duitse Politieke Afdeling tijdens de Eerste Wereldoorlog te hernemen, was er vandaag nooit een anti-Belgisch Vlaams-nationalisme geweest.<\/strong><\/p>\n\n\n\n<p>In dezelfde brochure verklaart Liesbeth Homans (N-VA), de voorzitster&nbsp;van het &#8220;Vlaams&#8221; parlement, dat er over samenwerking met het openlijk&nbsp;separatistische en&nbsp;xenofobe &#8220;Vlaams&#8221; Belang zeker &#8220;<em>gepraat moet kunnen worden<\/em>&#8220;.Tijdens de zomer van 2020 heeft&nbsp;haar partij dat na de verkiezingen van 2019 al eens maandenlang&nbsp;gedaan&nbsp;met het oog op de vorming van een &#8220;Vlaamse&#8221; regering.&nbsp;<\/p>\n\n\n\n<p>Niets nieuws onder de zon dus,&nbsp;ook al heeft&nbsp;de voorzitter van de N-VA, Bart De Wever,&nbsp;in&nbsp;het magazine&nbsp;<em>Humo<\/em>&nbsp;van&nbsp;19 december 2020 plechtig verklaard dat als de toekomst een samenwerking tussen het VB en de N-VA inhield hij daar geen deel wenste van uit te maken.&nbsp;&#8220;<em>Ik ga mezelf niet verloochenen om hier een ambt te kunnen blijven bekleden. Dan doe ik de deur dicht en met de glimlach<\/em>&#8220;.&nbsp;Laten we er toch aan herinneren dat&nbsp;Homans na haar eedaflegging&nbsp;op 2 juli 2019&nbsp;de Belgische vlag&nbsp;een &#8220;<em>vod<\/em>&#8221;&nbsp;noemde\u2026<\/p>\n\n\n\n<p><strong>Daarmee zijn we tot de kern van de zaak aanbeland:&nbsp;<\/strong><strong>wat de&nbsp;\u201eVlaams\u201c-nationalisten&nbsp;drijft,&nbsp;is een niets ontziende haat tegen Belgi\u00eb, dezelfde haat die Borms en De Clercq in de collaboratie met een genocidair regime dreef.&nbsp;<\/strong><\/p>\n\n\n\n<p><strong>Zouden de politici van de traditionele partijen&nbsp;hier al van op de hoogte zijn&nbsp;?&nbsp;Zouden ze weten dat geen enkele &#8220;staatshervorming&#8221; het vuur van die haat kan blussen?&nbsp;<\/strong><\/p>\n\n\n\n<p>Het hoeft dan&nbsp;ook niet&nbsp;te verwonderen dat volgens deze brochure de stichting en ontwikkeling van het &#8220;Vlaams&#8221; parlement kadert in &#8220;<em>de opmars en de vorming van de&nbsp;<strong><u>Vlaamse onafhankelijkheid<\/u><\/strong>, identiteit, taal<\/em>&#8220;.&nbsp;In het &#8220;Vlaams&#8221; regeerakkoord stelt &#8220;Vlaanderen&#8221; zich&nbsp;trouwens&nbsp;enerzijds voor als een &#8220;<em>deelstaat van het Koninkrijk Belgi\u00eb<\/em>&#8221; (sic, er zijn in Belgi\u00eb enkel gemeenschappen en gewesten; noot van de B.U.B.) maar vooral (tienmaal!) als &#8220;<em>een natie<\/em>&#8220;, hetgeen strijdig is met de Belgische Grondwet die enkel de Belgische natie erkent (art. 33).&nbsp;<\/p>\n\n\n\n<p><strong>Het is\u00a0ongehoord dat een Belgische overheidsinstelling, hoe ongrondwettelijk ook\u00a0(<a href=\"https:\/\/www.unionbelge.be\/?p=5421\">zie<\/a> onze tekst), zegt te streven naar afscheiding\u00a0!\u00a0Hetzelfde geldt uiteraard ook voor het eren van collaborateurs. Het is overigens duidelijk dat de flaminganten er niet voor terugdeinzen om gemene zaak te maken met de meest duistere figuren uit onze geschiedenis teneinde hun separatistische ideologie te proberen te promoten.<\/strong><\/p>\n\n\n\n<p><strong>DANS CHAQUE AUTRE PAYS OU R\u00c9GION IL Y AURAIT EU UNE VAGUE DE PROTESTATIONS, SAUF EN &#8220;FLAMANDISTAN&#8221;&nbsp;&nbsp;<\/strong><\/p>\n\n\n\n<p><strong>En janvier 2020, le magazine&nbsp;mensuel&nbsp;<em>Newsweek<\/em>,&nbsp;a publi\u00e9 en collaboration avec le soi-disant parlement &#8216;flamand&#8217;, une brochure publicitaire qui a co\u00fbt\u00e9 pas moins de 90.000 euros au contribuable.&nbsp;La brochure doit servir \u00e0 endoctriner&nbsp;la population de la Belgique du nord&nbsp;sur une&nbsp;id\u00e9ologie antibelge.&nbsp;M\u00eame la collaboration d&#8217;une partie du mouvement &#8216;flamand&#8217; pendant la Premi\u00e8re Guerre Mondiale et d&#8217;\u00e0 peu pr\u00e8s l&#8217;enti\u00e8ret\u00e9 du mouvement &#8216;flamand&#8217; pendant la Seconde Guerre Mondiale sont pr\u00e9sent\u00e9s sous un jour favorable.&nbsp;En effet, deux nazis, Staf De Clercq et August Borms, les&nbsp;N\u00b0 1 et 2&nbsp;de l&#8217;Etat belge y sont mentionn\u00e9s comme des figures embl\u00e9matiques du mouvement &#8220;flamand&#8221;.<\/strong>&nbsp;<br><\/p>\n\n\n\n<p>Image &#8211; Afbeelding: \u00e0 droite, rechts August Borms (source-bron: wikipedia)<\/p>\n\n\n\n<p><br><img loading=\"lazy\" decoding=\"async\" width=\"1500\" height=\"951\" class=\"wp-image-13576\" style=\"width: 1500px;\" src=\"https:\/\/www.unionbelge.be\/wp-content\/uploads\/2021\/01\/9AB249FA-2EF7-47E6-A4AB-D6A33F9C74F7.jpeg\" alt=\"\" srcset=\"https:\/\/www.unionbelge.be\/wp-content\/uploads\/2021\/01\/9AB249FA-2EF7-47E6-A4AB-D6A33F9C74F7.jpeg 795w, https:\/\/www.unionbelge.be\/wp-content\/uploads\/2021\/01\/9AB249FA-2EF7-47E6-A4AB-D6A33F9C74F7-420x266.jpeg 420w, https:\/\/www.unionbelge.be\/wp-content\/uploads\/2021\/01\/9AB249FA-2EF7-47E6-A4AB-D6A33F9C74F7-300x190.jpeg 300w, https:\/\/www.unionbelge.be\/wp-content\/uploads\/2021\/01\/9AB249FA-2EF7-47E6-A4AB-D6A33F9C74F7-768x487.jpeg 768w, https:\/\/www.unionbelge.be\/wp-content\/uploads\/2021\/01\/9AB249FA-2EF7-47E6-A4AB-D6A33F9C74F7-600x380.jpeg 600w\" sizes=\"auto, (max-width: 1500px) 100vw, 1500px\" \/><\/p>\n\n\n\n<p>Le paragraphe&nbsp;suivant&nbsp;a \u00e9t\u00e9 publi\u00e9 dans&nbsp;<em>Volk en Staat,<\/em>&nbsp;le quotidien du VNV, (Vlaams Nationaal Verbond; Alliance Nationale Flamande)&nbsp;le&nbsp;13 ao\u00fbt 1942:&nbsp;<\/p>\n\n\n\n<p>&#8216;<em>Les mesures d&#8217;\u00e9puration contre les juifs, (&#8230;) sont appliqu\u00e9es&nbsp;chaque jour avec plus de s\u00e9v\u00e9rit\u00e9.&nbsp;<\/em><em>Il semble que, petit \u00e0 petit, nous pouvons respirer plus librement autour de n<\/em><em>os&nbsp;bureaux&nbsp;de r\u00e9daction et maintenant que de semaine en semaine, des maisons et des appartements du quartier se vident (\u00e0 cause des d\u00e9portations des juifs vers les camps de destruction par l&#8217;occupant allemand, B.U.B.), &nbsp;nous pouvons au moins nous promener tranquillement de la maison au bureau et du bureau \u00e0 la maison)&#8221;.<\/em><\/p>\n\n\n\n<p>Le leader du VNV \u00e9tait&nbsp;<strong>Staf De Clercq<\/strong>.&nbsp;En novembre&nbsp;1940,&nbsp;il&nbsp;a&nbsp;d\u00e9clar\u00e9:<\/p>\n\n\n\n<p>&#8216;<em>Dans notre lutte contre la Belgique, nous devions parler de fronti\u00e8res<\/em>&nbsp;(&#8230;).&nbsp;<em>La Belgique \u00e9tait d&#8217;ailleurs notre ennemi. L&#8217;Allemagne n&#8217;est pas notre ennemi. Nous faisons confiance au F\u00fchrer<\/em>&nbsp;(Adolf Hitler).&nbsp;<em>Nous ne doutons pas qu&#8217;il fera bien ce qu&#8217;il fera<\/em>.&nbsp;(<em>Volk en Staat<\/em>, 13 novembre&nbsp;1940).<\/p>\n\n\n\n<p>Une autre figure&nbsp;controvers\u00e9e&nbsp;est&nbsp;<strong>August Borms<\/strong>.&nbsp;Celui-ci a m\u00eame collabor\u00e9&nbsp;lors des&nbsp;deux guerres mondiales. Sur instruction du gouvernement-g\u00e9n\u00e9ral allemand,&nbsp;il&nbsp;a m\u00eame proclam\u00e9&nbsp;le 22 d\u00e9cembre 1917, l'&#8221;ind\u00e9pendance&#8221; de la &#8220;Flandre&#8221;. Il&nbsp;l\u2018a fait au nom du parlement flamand, le parlement fantoche de l&#8217;occupant allemand (voir <a href=\"https:\/\/www.unionbelge.be\/?p=5557\">notre texte sur<\/a> la&nbsp;<em>Flamenpolitik<\/em>).&nbsp; Apr\u00e8s la Premi\u00e8re Guerre Mondiale, il a \u00e9t\u00e9 condamn\u00e9 \u00e0 la peine de mort (qui a \u00e9t\u00e9 convertie&nbsp;en une peine de prison et, ensuite,&nbsp;il a \u00e9t\u00e9 lib\u00e9r\u00e9 anticipativement). Apr\u00e8s la Seconde Guerre Mondiale,&nbsp;il a \u00e9t\u00e9 condamn\u00e9 \u00e0 mort en raison de haute trahison&nbsp;et a \u00e9t\u00e9&nbsp;ex\u00e9cut\u00e9&nbsp;en 1946.&nbsp;De Clercq est d\u00e9c\u00e9d\u00e9 en 1942 et a ainsi \u00e9chapp\u00e9 \u00e0 sa peine.&nbsp;<\/p>\n\n\n\n<p><strong>Dans chaque pays, voire dans chaque r\u00e9gion du monde, la pr\u00e9sentation de tels sinistres personnages dans une brochure \u00e9dit\u00e9e par l\u2019autorit\u00e9 publique comme des figures ayant donn\u00e9 forme &nbsp;\u00e0 &#8216;<em>l&#8217;\u00e9mancipation de la langue et du peuple<\/em>&#8216;&nbsp;&nbsp;serait parfaitement impossible.&nbsp;C\u2019est pourtant une chose banale en \u2018r\u00e9publique\u2019 de \u2018Flamandistan\u2019, puisqu\u2019il s\u2019agit d\u2019une r\u00e9gion o\u00f9 40 \u00e0 50 % de l\u2019\u00e9lectorat vote pour l\u2019extr\u00eame-droite, le score le plus \u00e9lev\u00e9 du monde, voire de l\u2019histoire mondiale.<\/strong><\/p>\n\n\n\n<p><strong>Certes, il y a une part de v\u00e9rit\u00e9 dans les affirmations du parlement &#8216;flamand&#8217;: sans &#8216;l&#8217;engagement&#8217; des collaborateurs pendant les deux guerres mondiales et sans une politique allemande visant \u00e0 saper le syst\u00e8me politique belge pour &#8216;affaiblir la Belgique durablement&#8217;, pour reprendre les mots du chef de la Section Politique allemande pendant la premi\u00e8re guerre mondiale, un nationalisme flamand anti-belge n&#8217;aurait tout simplement pas exist\u00e9 aujourd&#8217;hui.<\/strong><\/p>\n\n\n\n<p>Toujours dans&nbsp;la m\u00eame&nbsp;brochure, Liesbeth Homans (N-VA), la pr\u00e9sidente du parlement &#8220;flamand&#8221;,&nbsp;estime qu&#8217;il faut absolument &#8216;<em>pouvoir<\/em>&nbsp;<em>parler<\/em>&#8216; d&#8217;une collaboration avec le &#8216;Vlaams&#8217; Belang, parti &nbsp;ouvertement&nbsp;s\u00e9paratiste et&nbsp;x\u00e9nophobe.&nbsp;Pendant l\u2019\u00e9t\u00e9 2020,&nbsp;son parti l&#8217;a d\u00e9j\u00e0 fait durant des mois en vue de la formation d&#8217;un gouvernement &#8216;flamand&#8217;.<\/p>\n\n\n\n<p>Rien de neuf&nbsp;sous le soleil donc,&nbsp;m\u00eame si&nbsp;le pr\u00e9sident de la N-VA, Bart De Wever, a&nbsp;solennellement&nbsp;d\u00e9clar\u00e9 dans un entretien&nbsp;dans le magazine&nbsp;<em>Humo<\/em>&nbsp;paru le&nbsp;19 d\u00e9cembre 2020 ne pas vouloir faire partie d&#8217;une future collaboration entre le VB et &nbsp;la N-VA &nbsp;&#8220;<em>Je ne vais pas me renier pour pr\u00e9server mes fonctions. Le cas \u00e9ch\u00e9ant, je ferme la porte, avec le sourire<\/em>&#8220;.&nbsp;Rappelons cependant&nbsp;que Homans&nbsp;a&nbsp;d\u00e9clar\u00e9 apr\u00e8s sa prestation de serment&nbsp;le&nbsp;2 juillet 2019&nbsp;que le drapeau belge n&#8217;\u00e9tait qu&#8217;un &#8216; chiffon&#8217;.&nbsp;<br><\/p>\n\n\n\n<p><strong>Ainsi, nous abordons le&nbsp;vif du sujet: la raison d&#8217;\u00eatre&nbsp;du nationalisme &#8216;flamand&#8217; est une haine&nbsp;profonde \u00e0 l\u2019\u00e9gard de&nbsp;la Belgique.&nbsp;C&#8217;est la m\u00eame haine qui a incit\u00e9 Borms et De Clercq \u00e0 collaborer avec un r\u00e9gime g\u00e9nocidaire.<\/strong><\/p>\n\n\n\n<p><strong>Les politiciens des partis traditionnels&nbsp;en&nbsp;seraient-ils d\u00e9j\u00e0 au courant ? Sauraient-ils qu&#8217;aucune &#8216;r\u00e9forme&#8217; de l&#8217;Etat ne peut apaiser&nbsp;cette haine?<\/strong><\/p>\n\n\n\n<p>Ce n&#8217;est donc pas \u00e9tonnant que, toujours selon cette brochure, la fondation et le d\u00e9veloppement du parlement &#8216;flamand&#8217; s&#8217;inscrive dans &#8216;<em>l&#8217;avanc\u00e9e et la formation de&nbsp;<u><strong>l&#8217;ind\u00e9pendance flamande<\/strong><\/u>, l&#8217;identit\u00e9 et la langue&#8217;.&nbsp;<\/em>Dans l&#8217;accord gouvernemental &#8216;flamand&#8217;, la &#8216;Flandre&#8217; se pr\u00e9sente d\u2018ailleurs d&#8217;une part comme &#8216;entit\u00e9 f\u00e9d\u00e9r\u00e9e du Royaume de Belgique&#8217; (sic, la Belgique ne conna\u00eet que des r\u00e9gions et des communaut\u00e9s&nbsp;; note du B.U.B.) et d&#8217;autre part, comme une &#8216;nation&#8217; (\u00e0 10 reprises&nbsp;!), ce qui est contraire \u00e0 la Constitution belge qui ne reconna\u00eet que la nation belge (art. 33).&nbsp;<\/p>\n\n\n\n<p><strong>Il est inou\u00ef qu&#8217;une autorit\u00e9 publique, si inconstitutionnelle qu&#8217;elle soit (<a href=\"https:\/\/www.unionbelge.be\/?p=5421\">voir notre texte<\/a>),&nbsp;d\u00e9clare vouloir \u0153uvrer vers une s\u00e9cession !&nbsp;Il en est de m\u00eame pour la glorification des collaborateurs.<\/strong> <strong>Il est d\u2019ailleurs clair que les flamingants n\u2019ont pas peur de s\u2019allier avec les figures les plus sombres de notre histoire pour tenter de promouvoir leur id\u00e9ologie s\u00e9paratiste.<\/strong><\/p>\n","protected":false},"excerpt":{"rendered":"<p>In januari 2020 publiceerde het maandblad Newsweek, in samenwerking met het zogenaamde &#8216;Vlaams&#8217; parlement een reclamebrochure waaraan liefst 90.000 euro belastinggeld gespendeerd werd. De brochure moet dienen om de Noord-Belgische bevolking te indoctrineren met de anti-Belgische nationalistische ideologie. En zelfs de collaboratie van een deel &#8216;Vlaamse&#8217; beweging tijdens de Eerste en zowat de hele beweging tijdens de Tweede Wereldoorlog wordt erin in een gunstig daglicht geplaatst want twee nazi\u2019s, Staf De Clercq en August Borms, de staatsvijanden nr. 1 en 2 van de Belgische staat krijgen erin een vermelding als vaders van de \u201cVlaamse\u201d autonomie.<\/p>\n<p>En janvier 2020, le magazine mensuel Newsweek, a publi\u00e9 en collaboration avec le soi-disant parlement &#8216;flamand&#8217;, une brochure publicitaire qui a co\u00fbt\u00e9 pas moins de 90.000 euros au contribuable. La brochure doit servir \u00e0 endoctriner la population de la Belgique du nord sur une id\u00e9ologie antibelge. M\u00eame la collaboration d&#8217;une partie du mouvement &#8216;flamand&#8217; pendant la Premi\u00e8re Guerre Mondiale et d&#8217;\u00e0 peu pr\u00e8s l&#8217;enti\u00e8ret\u00e9 du mouvement &#8216;flamand&#8217; pendant la Seconde Guerre Mondiale sont pr\u00e9sent\u00e9s sous un jour favorable. En effet, deux nazis, Staf De Clercq et August Borms, les N\u00b0 1 et 2 de l&#8217;Etat belge y sont mentionn\u00e9s comme des figures embl\u00e9matiques du mouvement &#8220;flamand&#8221;. <\/p>\n","protected":false},"author":2,"featured_media":13572,"comment_status":"closed","ping_status":"closed","sticky":false,"template":"","format":"standard","meta":{"ngg_post_thumbnail":0,"jetpack_post_was_ever_published":false,"_jetpack_newsletter_access":"","_jetpack_dont_email_post_to_subs":false,"_jetpack_newsletter_tier_id":0,"_jetpack_memberships_contains_paywalled_content":false,"powered_cache_disable_cache":false,"_jetpack_memberships_contains_paid_content":false,"footnotes":"","jetpack_publicize_message":"","jetpack_publicize_feature_enabled":true,"jetpack_social_post_already_shared":true,"jetpack_social_options":{"image_generator_settings":{"template":"highway","default_image_id":0,"font":"","enabled":false},"version":2}},"categories":[7,1,5],"tags":[],"class_list":["post-13571","post","type-post","status-publish","format-standard","has-post-thumbnail","hentry","category-history","category-news0","category-opinions"],"jetpack_publicize_connections":[],"jetpack_featured_media_url":"https:\/\/www.unionbelge.be\/wp-content\/uploads\/2021\/01\/C11F132E-E226-41DE-A4D3-DE01B17075DA.jpeg","jetpack_sharing_enabled":true,"jetpack_shortlink":"https:\/\/wp.me\/p6Y7u0-3wT","jetpack_likes_enabled":false,"_links":{"self":[{"href":"https:\/\/www.unionbelge.be\/index.php?rest_route=\/wp\/v2\/posts\/13571","targetHints":{"allow":["GET"]}}],"collection":[{"href":"https:\/\/www.unionbelge.be\/index.php?rest_route=\/wp\/v2\/posts"}],"about":[{"href":"https:\/\/www.unionbelge.be\/index.php?rest_route=\/wp\/v2\/types\/post"}],"author":[{"embeddable":true,"href":"https:\/\/www.unionbelge.be\/index.php?rest_route=\/wp\/v2\/users\/2"}],"replies":[{"embeddable":true,"href":"https:\/\/www.unionbelge.be\/index.php?rest_route=%2Fwp%2Fv2%2Fcomments&post=13571"}],"version-history":[{"count":3,"href":"https:\/\/www.unionbelge.be\/index.php?rest_route=\/wp\/v2\/posts\/13571\/revisions"}],"predecessor-version":[{"id":13579,"href":"https:\/\/www.unionbelge.be\/index.php?rest_route=\/wp\/v2\/posts\/13571\/revisions\/13579"}],"wp:featuredmedia":[{"embeddable":true,"href":"https:\/\/www.unionbelge.be\/index.php?rest_route=\/wp\/v2\/media\/13572"}],"wp:attachment":[{"href":"https:\/\/www.unionbelge.be\/index.php?rest_route=%2Fwp%2Fv2%2Fmedia&parent=13571"}],"wp:term":[{"taxonomy":"category","embeddable":true,"href":"https:\/\/www.unionbelge.be\/index.php?rest_route=%2Fwp%2Fv2%2Fcategories&post=13571"},{"taxonomy":"post_tag","embeddable":true,"href":"https:\/\/www.unionbelge.be\/index.php?rest_route=%2Fwp%2Fv2%2Ftags&post=13571"}],"curies":[{"name":"wp","href":"https:\/\/api.w.org\/{rel}","templated":true}]}}