{"id":13466,"date":"2020-10-04T22:49:19","date_gmt":"2020-10-04T21:49:19","guid":{"rendered":"http:\/\/www.unionbelge.be\/?p=13466"},"modified":"2020-10-05T09:44:14","modified_gmt":"2020-10-05T08:44:14","slug":"le-b-u-b-sinquiete-de-la-fascisation-ouverte-du-flamingantisme-b-u-b-bezorgd-om-openlijke-fascisering-flamingantisme","status":"publish","type":"post","link":"https:\/\/www.unionbelge.be\/?p=13466","title":{"rendered":"LE B.U.B. S\u2019INQUIETE DE LA FASCISATION OUVERTE DU FLAMINGANTISME &#8211; B.U.B. BEZORGD OM OPENLIJKE FASCISERING FLAMINGANTISME"},"content":{"rendered":"\n<p>Afbeelding &#8211; Image: un aigle de la SS dessin\u00e9 sur une voiture accompagn\u00e9 d\u2019un slogan hostile en lettres gothiques appelant \u00e0 tuer les pillards &#8211; een nazi-adelaar op een auto met een vijandige en Duitstalige spreuk in gotische letters die opriep tot het doden van plunderaars (bron &#8211; source: HBVL; photographe inconnu)<\/p>\n\n\n\n<p><strong>LES FLAMINGANTS MONTRENT DE NOUVEAU LEUR VRAI VISAGE<\/strong><\/p>\n\n\n\n<p><strong>Le dimanche 27 septembre 2020, environ 10.000 flamingants se sont rendus en voiture \u00e0 une manifestation au parking C du Heysel \u00e0 Bruxelles. Ils ont protest\u00e9 contre le nouveau gouvernement annonc\u00e9 nomm\u00e9 \u00ab&nbsp;Vivaldi&nbsp;\u00bb qui aura une majorit\u00e9 dans toutes les provinces belges, \u00e0 l&#8217;exception d&#8217;Anvers. L\u2019\u00e9v\u00e8nement \u00e9tait assez anecdotique. Le B.U.B. s&#8217;inqui\u00e8te toutefois de la fascisation progressive du mouvement flamingant d\u00e9j\u00e0 s\u00e9paratiste et subversif.<\/strong><\/p>\n\n\n\n<p>Les radicaux \u00e9tant \u00e9galement autoris\u00e9s \u00e0 exprimer leur opinion, la Belgique se montre de nouveau comme un pays de libert\u00e9s. C&#8217;est une bonne chose, m\u00eame si personne ne s&#8217;int\u00e9resse \u00e0 ces marginaux. Il est important de pr\u00e9ciser qui ce mouvement s\u00e9paratiste est aussi grassement subventionn\u00e9 par l\u2019Etat belge, ce qui n\u2019est pas seulement \u00e9tonnant, mais aussi inacceptable pour le B.U.B.. Ce mouvement est aussi sur-m\u00e9diatis\u00e9 par une presse clairement flamingante, en premier lieu les m\u00e9dias audiovisuels du nord du pays, c\u2019est-\u00e0-dire la VRT et le VTM.<\/p>\n\n\n\n<p>La manifestation fut organis\u00e9e par le parti d\u2019extr\u00eame-droite \u00ab&nbsp;Vlaams Belang&nbsp;\u00bb, mais on y a vu aussi la pr\u00e9sence de membres de la N-VA, le plus grand parti du nord du pays encore consid\u00e9r\u00e9 comme fr\u00e9quentable par la particratie\u2026 On n\u2019a pas signal\u00e9 la pr\u00e9sence de militants du CD&amp;V, un parti pourtant tr\u00e8s flamingant dont de nombreux membres participaient toujours aux d\u00e9funts et radicaux P\u00e8lerinages de l\u2019Yser, sans doute en raison du fait que ce parti ne compte plus de membres actifs et parce que la direction de ce parti ne souhaite pas se discr\u00e9diter lors des n\u00e9gociations gouvernementales\u2026<\/p>\n\n\n\n<p>Comme le d\u00e9montrent les photos, des symboles nazis \u00e9taient clairement pr\u00e9sents, comme un aigle de la SS dessin\u00e9 sur une voiture accompagn\u00e9 d\u2019un slogan hostile en lettres gothiques appelant \u00e0 tuer les pillards \u2013 en r\u00e9f\u00e9rence \u00e0 une devise du SS. Une autre photo montre des bras droits tendus effectuant un salut hitl\u00e9rien devant une pancarte sur laquelle on peut lire \u00ab R\u00e9publique de Flandre\u00bb. Le flamingantisme prend clairement le chemin du fascisme, ce qui n\u2019est d\u2019ailleurs gu\u00e8re \u00e9tonnant vu son pass\u00e9.<\/p>\n\n\n\n<p>Notons que la ministre \u00ab&nbsp;flamande&nbsp;\u00bb Zuhal Demir, figure de proue de la N-VA, estimait s\u00e9rieusement que ces gens n\u2019\u00e9taient pas des fascistes, ni m\u00eame des extr\u00e9mistes, mais qu\u2019il s\u2019agissait selon elle tout simplement de \u00ab&nbsp;<em>citoyens qui sont en col\u00e8re \u00e0 juste titre et qui le font savoir<\/em>&nbsp;\u00bb (Twitter, 28 septembre 2020). &nbsp;&nbsp;<\/p>\n\n\n\n<p>Pour le B.U.B., le r\u00f4le du flamingantisme en Belgique est termin\u00e9 depuis que notre pays est officiellement bilingue, c\u2019est-\u00e0-dire depuis au plus tard le d\u00e9but des ann\u00e9es 1960 par la fixation de la fronti\u00e8re linguistique (les premi\u00e8res lois linguistiques datant m\u00eame du 19i\u00e8me si\u00e8cle). Ce n\u2019est qu\u2018en Flandre fran\u00e7aise que les flamingants peuvent encore se rendre utiles, m\u00eame s\u2019ils y sont totalement absents \u00e0 l\u2019heure actuelle.<\/p>\n\n\n\n<p><strong>Plus que jamais le flamingantisme est synonyme de x\u00e9nophobie, \u00e0 tel point qu\u2019il ne peut plus survivre sans elle, puisqu&#8217;il n&#8217;y a pas de conflit sociologique entre francophones et n\u00e9erlandophones. Le s\u00e9paratisme n\u2019est donc pas porteur \u00e0 la diff\u00e9rence du racisme qui rapporte gros sur le plan \u00e9lectoral et qui constitue donc aussi un instrument de marketing pour la N-VA et le VB. En ce qui concerne le s\u00e9paratisme, m\u00eame le flamingant rabique et \u00ab&nbsp;ministre-pr\u00e9sident&nbsp;\u00bb autoproclam\u00e9 de la soi-disant \u00ab&nbsp;Flandre&nbsp;\u00bb, Jan Jambon (N-VA) a d\u00e9clar\u00e9 r\u00e9cemment&nbsp;: \u00ab&nbsp;Il n\u2019y a que 15 \u00e0 20% des citoyens (n\u00e9erlandophones) qui souhaitent l\u2019ind\u00e9pendance &nbsp;de la Flandre (\u2026) Il est (d\u2019ailleurs) impossible de r\u00e9ussir un projet aussi radical que l&#8217;ind\u00e9pendance flamande avec une majorit\u00e9 simple au parlement\u00bb (Doorbraak, 27 septembre 2020). Dont acte.<\/strong><\/p>\n\n\n\n<p><\/p>\n\n\n\n<p><strong>DE FLAMINGANTEN TONEN OPNIEUW HUN WARE GELAAT<\/strong><\/p>\n\n\n\n<p><strong>Op zondag 27 september 2020 kwamen zo\u2019n 10.000 flaminganten met de auto naar een betoging op parking C aan de Heizel in Brussel. Zij protesteerden tegen de aangekondigde nieuwe \u201cVivaldi\u201d-regering die in elke Belgische provincie, behalve Antwerpen, een meerderheid zal hebben. Het betrof een eerder triviale gebeurtenis. Wel maakt de B.U.B.&nbsp; zich zorgen om de voortschrijdende fascisering van de reeds separatistische en staatsgevaarlijke \u201cVlaamse\u201d beweging.<\/strong><\/p>\n\n\n\n<p>Aangezien ook radicalen hun mening mogen uiten, is Belgi\u00eb duidelijk een land van vrijheden. En dat is goed, ook al is niemand in deze marginalen ge\u00efnteresseerd. Het is hierbij ook belangrijk te onderstrepen dat deze separatistische beweging zwaar gesubsidieerd wordt door de Belgische staat, wat niet alleen opmerkelijk, maar voor de B.U.B. ook onaanvaardbaar is. Bovendien is deze beweging overgemediatiseerd door een duidelijk flamingantische pers, vooral de audiovisuele media van het noorden van het land, namelijk VRT en VTM.<\/p>\n\n\n\n<p>De betoging werd door het extreemrechtse \u201cVlaams Belang\u201d georganiseerd, maar men zag er ook leden van de N-VA, de grootste partij van het noorden van Belgi\u00eb, die door de particratie nog als salonf\u00e4hig wordt beschouwd\u2026 Van militanten van de nochtans zeer flamingantische CD&amp;V, waarvan vele leden altijd op de vroegere en radicale Ijzerbedevaarten aanwezig waren, was dan weer geen spoor te bekennen, zonder twijfel omdat deze partij geen actieve leden meer kent en de partijtop zich niet totaal wil discrediteren tijdens de regeringsonderhandelingen\u2026<\/p>\n\n\n\n<p>Nazisymbolen werden op de \u201cVlaams Blok\/Belang\u201d-betoging niet geschuwd zoals de foto\u2019s duidelijk maken: een nazi-adelaar op een auto met een vijandige en Duitstalige spreuk in gotische letters die opriep tot het doden van plunderaars \u2013 een verwijzing naar een leuze van de SS &#8211; of gestrekte armen die de Hitlergroet brengen onder een bord met het opschrift \u201cRepubliek Vlaanderen\u201d. Steeds meer komt het flamingantisme in fascistisch vaarwater. Weinig opmerkelijk trouwens, voor wie het verleden van die beweging kent.<\/p>\n\n\n\n<p>Overigens vertolkte \u00ab&nbsp;Vlaams&nbsp;\u00bb minister Zuhal Demir, een topfiguur bij de N-VA, zeer ernstig de mening dat deze mensen geen fascisten of zelfs extremisten waren, maar dat het gewoon \u201c<em>om burgers ging die terecht boos zijn en protesteren<\/em>&nbsp;\u00bb (Twitter, 28 september 2020). &nbsp;<\/p>\n\n\n\n<p>Voor de B.U.B. is de rol van het flamingantisme echter al lang uitgespeeld in Belgi\u00eb.&nbsp; Ons land is immers sinds ten laatste het begin van de jaren 1960 officieel tweetalig door de vastlegging van de taalgrens (terwijl de eerste taalwetten zelfs van de 19de eeuw dateren). Alleen in Frans-Vlaanderen is er voor de flaminganten nog werk, maar net daar is die beweging totaal afwezig.<\/p>\n\n\n\n<p><strong>Flamingantisme is meer dan ooit een synoniem voor xenofobie, zelfs in die mate dat het niet meer zonder die xenofobie overleven kan aangezien er geen sociologisch conflict tussen Franstaligen en Nederlandstaligen bestaat. Het separatisme is electoraal gewoon niet levensvatbaar. Racisme brengt daarentegen electoraal gezien veel op en is daarom ook een marketing-instrument voor de N-VA en het VB. Wat het separatisme betreft verklaarde zelfs de rabiate flamingant en zelfverklaarde \u00ab&nbsp;Vlaams&nbsp;\u00bb \u00ab&nbsp;minister-president&nbsp;\u00bb Jan Jambon (N-VA) onlangs&nbsp;: \u2018\u2019We geraken maar aan 15%-20% van de (Nederlandstalige) burgers die overtuigd zijn van Vlaamse onafhankelijkheid (\u2026) Je kan (trouwens) een ingrijpend project als Vlaamse onafhankelijkheid niet doen slagen met een gewone meerderheid in het parlement.\u201d (Doorbraak, 27 september 2020). Waarvan akte.<\/strong><\/p>\n","protected":false},"excerpt":{"rendered":"<p>Le dimanche 27 septembre 2020, environ 10.000 flamingants se sont rendus en voiture \u00e0 une manifestation au parking C du Heysel \u00e0 Bruxelles. Ils ont protest\u00e9 contre le nouveau gouvernement annonc\u00e9 nomm\u00e9 \u00ab Vivaldi \u00bb qui aura une majorit\u00e9 dans toutes les provinces belges, \u00e0 l&#8217;exception d&#8217;Anvers. L\u2019\u00e9v\u00e8nement \u00e9tait assez anecdotique. Le B.U.B. s&#8217;inqui\u00e8te toutefois de la fascisation progressive du mouvement flamingant d\u00e9j\u00e0 s\u00e9paratiste et subversif.<\/p>\n<p>Op zondag 27 september 2020 kwamen zo\u2019n 10.000 flaminganten met de auto naar een betoging op parking C aan de Heizel in Brussel. Zij protesteerden tegen de aangekondigde nieuwe \u201cVivaldi\u201d-regering die in elke Belgische provincie, behalve Antwerpen, een meerderheid zal hebben. Het betrof een eerder triviale gebeurtenis. Wel maakt de B.U.B.\u00a0 zich zorgen om de voortschrijdende fascisering van de reeds separatistische en staatsgevaarlijke \u201cVlaamse\u201d beweging.<\/p>\n","protected":false},"author":2,"featured_media":13467,"comment_status":"closed","ping_status":"closed","sticky":false,"template":"","format":"standard","meta":{"ngg_post_thumbnail":0,"jetpack_post_was_ever_published":false,"_jetpack_newsletter_access":"","_jetpack_dont_email_post_to_subs":false,"_jetpack_newsletter_tier_id":0,"_jetpack_memberships_contains_paywalled_content":false,"powered_cache_disable_cache":false,"_jetpack_memberships_contains_paid_content":false,"footnotes":"","jetpack_publicize_message":"","jetpack_publicize_feature_enabled":true,"jetpack_social_post_already_shared":true,"jetpack_social_options":{"image_generator_settings":{"template":"highway","default_image_id":0,"font":"","enabled":false},"version":2}},"categories":[1,5],"tags":[],"class_list":["post-13466","post","type-post","status-publish","format-standard","has-post-thumbnail","hentry","category-news0","category-opinions"],"jetpack_publicize_connections":[],"jetpack_featured_media_url":"https:\/\/www.unionbelge.be\/wp-content\/uploads\/2020\/10\/704caa2c-018d-11eb-b975-4f3efd683210_web_scale_0.2911208_0.2911208__.jpg","jetpack_sharing_enabled":true,"jetpack_shortlink":"https:\/\/wp.me\/p6Y7u0-3vc","jetpack_likes_enabled":false,"_links":{"self":[{"href":"https:\/\/www.unionbelge.be\/index.php?rest_route=\/wp\/v2\/posts\/13466","targetHints":{"allow":["GET"]}}],"collection":[{"href":"https:\/\/www.unionbelge.be\/index.php?rest_route=\/wp\/v2\/posts"}],"about":[{"href":"https:\/\/www.unionbelge.be\/index.php?rest_route=\/wp\/v2\/types\/post"}],"author":[{"embeddable":true,"href":"https:\/\/www.unionbelge.be\/index.php?rest_route=\/wp\/v2\/users\/2"}],"replies":[{"embeddable":true,"href":"https:\/\/www.unionbelge.be\/index.php?rest_route=%2Fwp%2Fv2%2Fcomments&post=13466"}],"version-history":[{"count":2,"href":"https:\/\/www.unionbelge.be\/index.php?rest_route=\/wp\/v2\/posts\/13466\/revisions"}],"predecessor-version":[{"id":13469,"href":"https:\/\/www.unionbelge.be\/index.php?rest_route=\/wp\/v2\/posts\/13466\/revisions\/13469"}],"wp:featuredmedia":[{"embeddable":true,"href":"https:\/\/www.unionbelge.be\/index.php?rest_route=\/wp\/v2\/media\/13467"}],"wp:attachment":[{"href":"https:\/\/www.unionbelge.be\/index.php?rest_route=%2Fwp%2Fv2%2Fmedia&parent=13466"}],"wp:term":[{"taxonomy":"category","embeddable":true,"href":"https:\/\/www.unionbelge.be\/index.php?rest_route=%2Fwp%2Fv2%2Fcategories&post=13466"},{"taxonomy":"post_tag","embeddable":true,"href":"https:\/\/www.unionbelge.be\/index.php?rest_route=%2Fwp%2Fv2%2Ftags&post=13466"}],"curies":[{"name":"wp","href":"https:\/\/api.w.org\/{rel}","templated":true}]}}