{"id":13434,"date":"2020-09-21T21:28:47","date_gmt":"2020-09-21T20:28:47","guid":{"rendered":"http:\/\/www.unionbelge.be\/?p=13434"},"modified":"2020-09-22T20:19:18","modified_gmt":"2020-09-22T19:19:18","slug":"la-revolution-setend-sur-toute-la-belgique-iv-de-revolutie-deint-uit-over-belgie-iv","status":"publish","type":"post","link":"https:\/\/www.unionbelge.be\/?p=13434","title":{"rendered":"LA REVOLUTION S\u2019ETEND SUR TOUTE LA BELGIQUE (IV) &#8211; DE REVOLUTIE DEINT OVER HEEL BELGI\u00cb UIT (IV)"},"content":{"rendered":"\n<p><em>Image &#8211; Afbeelding : Sc\u00e8ne de rue de 1830. Des figures typiques sont le vendeur de chansons, la femme d&#8217;un patricien, un vendeur de timbres, un membre de la garde civique, un patriote et un receveur des postes; Straattafereel uit 1830. Typische figuren zijn de liedjesverkoper, een patriciersvrouw, een postzegelverkoper, een lid van de burgerwacht, een patriot en een postmeester. (Franz, Vernal, Jo Gerard, 1830, De Belgische Revolutie, Brussel, Bruxelles, ombard, 1980, p. 53)<\/em><\/p>\n\n\n\n<p><strong>LE ROI DES PAYS-BAS TENTE DE GAGNER DU TEMPS<\/strong><\/p>\n\n\n\n<p><strong>Le B.U.B. a expliqu\u00e9 dans ses deux premiers textes (I et II) qu\u2019apr\u00e8s l\u2019insurrection populaire du 25, 26 et 27 ao\u00fbt 1830 \u00e0 Bruxelles, la bourgeoisie a repris la s\u00e9curit\u00e9 en mains en formant une garde bourgeoise qui a rapidement ramen\u00e9 l\u2019ordre public. D\u00e8s le 28 ao\u00fbt 1830, la bourgeoisie, dont Alexandre Gendebien, souhaitait obtenir un \u00ab&nbsp;redressement des griefs&nbsp;\u00bb de la part du r\u00e9gime hollandais. Mais la vraie confrontation n\u2019a pas eu lieu avant la nuit du 22 au 23 septembre 1830.<\/strong><\/p>\n\n\n\n<p>Aussi \u00e0 Li\u00e8ge, la bourgeoisie constituait une commission de\ns\u00fbret\u00e9 sous la direction de Charles Rogier. Louvain chassait en premier les\nsoldats hollandais. Toutes les villes belges, sauf Gand et &nbsp;Anvers, o\u00f9 il\ny avait beaucoup d\u2019Orangistes, mettaient fin \u00e0 l\u2019occupation hollandaise. Il\ns\u2019agissait d\u2019une r\u00e9volte tant du peuple que de la bourgeoisie. Une des causes\n\u00e9taient en effet la mauvaise situation \u00e9conomique, notamment en raison des\nmoissons rat\u00e9es de 1829 et 1830 (voir aussi notre premier texte). <\/p>\n\n\n\n<p>Le 31 ao\u00fbt, le roi recevait une d\u00e9l\u00e9gation li\u00e9geoise et\nbruxelloise \u00e0 La Haye. L\u2019une et l\u2019autre demandaient le renvoi du ministre de la\nJustice Van Maanen et la r\u00e9union des Etats g\u00e9n\u00e9raux en vue du redressement des\ngriefs. Le roi convoquait effectivement les Etats g\u00e9n\u00e9raux le 28 ao\u00fbt pour une\nsession extraordinaire du 13 septembre et ne prenait aucun autre engagement.<\/p>\n\n\n\n<p>La 5 septembre 1830, les rebelles demandaient la s\u00e9paration\nadministrative des Pays-Bas au fils du roi, le Prince d\u2019Orange, qui \u00e9tait assez\nfavorable \u00e0 la cause belge. On lui promettait m\u00eame le tr\u00f4ne belge. Il allait\nd\u00e9fendre cette id\u00e9e chez son p\u00e8re, mais celui-ci ne voulait pas encore prendre\nposition. Un lien dynastique avec la Hollande serait donc maintenue selon la\nproposition belge. Le ministre Van Maanen d\u00e9missionnait le 6 septembre, mais\ncela avait peu d\u2019effet. <\/p>\n\n\n\n<p>En Belgique, la bourgeoisie attendait avec impatience la\nd\u00e9cision des Etats g\u00e9n\u00e9raux. Le 11 septembre, une Commission de s\u00fbret\u00e9 publique\na \u00e9t\u00e9 install\u00e9e par la garde bourgeoise \u00e0 Bruxelles. <\/p>\n\n\n\n<p>Le 15 septembre, le discours du roi provoquait de nouveau\nune d\u00e9ception. Un club dit \u00ab&nbsp;R\u00e9union centrale&nbsp;\u00bb fut instaur\u00e9 compos\u00e9\nd\u2019un pr\u00e9sident bruxellois Ducp\u00e9tiaux, un vice-pr\u00e9sident li\u00e9geois Rogier et un\nvice-pr\u00e9sident brugeois Rodenbach.<\/p>\n\n\n\n<p>Dans un climat de tension croissante, la Commission de\ns\u00fbret\u00e9 fut dissoute le 20 septembre et Bruxelles se trouvait sans direction. <\/p>\n\n\n\n<p>Le 21 septembre, le fils cadet du roi, le Prince Fr\u00e9d\u00e9ric, arrivait \u00e0 Vilvorde avec son arm\u00e9e de 10.000 hommes et annon\u00e7ait son entr\u00e9e \u00e0 Bruxelles pour le 23 septembre. La tension \u00e9tait vive. <\/p>\n\n\n\n<p><strong>Les premi\u00e8res semaines de septembre ne connaissaient donc pas de grand affrontement entre les insurg\u00e9s belges et les soldats hollandais, mais une extension de la r\u00e9volution sur toute la Belgique, une croissance des tensions et un pourrissement des relations avec le roi des Pays-Bas. Il r\u00e9gnait donc un calme relatif en Belgique avant le grand affrontement d\u00e9cisif \u00e0 Bruxelles qui commen\u00e7a dans la nuit du 22 au 23 septembre 1830 et dont nous parlerons dans notre prochain texte.<\/strong><\/p>\n\n\n\n<p><\/p>\n\n\n\n<p><strong>DE NEDERLANDSE KONING PROBEERT TIJD TE WINNEN<\/strong><\/p>\n\n\n\n<p><strong>In zijn eerste twee teksten (I en II) heeft de B.U.B. uitgelegd dat na de Brusselse oproer van 25, 26 en 27 augustus 1830 de burgerij opnieuw de openbare veiligheid in handen genomen heeft door een soort burgerwacht te vormen die snel de openbare orde herstelde. Vanaf 28 augustus 1830 probeerde de burgerij, waaronder Alexander Gendebien, van het Nederlandse bewind een &#8221;herstel der grieven&#8221; te bekomen. Maar de echte confrontatie vond niet plaats v\u00f3\u00f3r de nacht van 22 op 23 september 1830.<\/strong><\/p>\n\n\n\n<p>Ook in Luik richtte de burgerij een veiligheidscommssie op\nonder leiding van Charles Rogier. Leuven had als eerste de Nederlandse soldaten\nverjaagd. Alle Belgische steden, op Gent en Antwerpen na &#8211; waar veel orangisten\nwaren \u2013 werden van de Nederlandse bezetting bevrijd. E\u00e9n van de oorzaken van de\nrevolutie was de slechte economische situatie, m.n. wegens de mislukte oogst in\n1829 en in 1830 (zie ook onze eerste tekst).<\/p>\n\n\n\n<p>Op 31 augustus ontving de koning een Luikse en een Brusselse\nafvaardiging in Den Haag. Beiden vroegen het ontslag van de minister van\nJustitie Van Maanen en de bijeenroeping van de Staten-Generaal met het oog op\nhet herstel der grieven. Op 28 augustus riep de koning inderdaad de\nStaten-Generaal voor een buitengewone zitting van 13 september samen zonder een\nander engagement te nemen.<\/p>\n\n\n\n<p>Op 5 september 1830 vroegen de opstandelingen de\nbestuurlijke scheiding van de Nederlanden aan de prins van Oranje, die de\nBelgische zaak welgezind was. Men beloofde hem zelfs de Belgische troon. Dat\nidee was hij bij zijn vader gaan verdedigen, maar die wou nog geen stelling\ninnemen. Een dynastieke band zou, volgens het Belgische voorstel, dus behouden\nblijven.&nbsp;Op 6 september nam Van Maanen ontslag, maar dat had weinig\ngevolg.&nbsp;<\/p>\n\n\n\n<p>In Belgi\u00eb wachtte de burgerij ongeduldig op de beslissing\nvan de Staten-Generaal. Op 11 september zette de Brusselse burgerwacht\n&nbsp;een veiligheidscommissie in het zadel.<\/p>\n\n\n\n<p>De toespraak die de koning op 15 september hield,\nveroorzaakte opnieuw een teleurstelling. Een club genoemd \u00ab&nbsp;R\u00e9union\ncentrale&nbsp;\u00bb werd opgericht. Die was samengesteld uit een Brusselse\nvoorzitter Ducp\u00e9tiaux, een Luikse ondervoorzitter Rogier en een Brugse\nondervoorzitter, Rodenbach.<\/p>\n\n\n\n<p>Toen de spanning steeg, werd op 20 september de veiligheidscommissie\nontbonden. Brussel zat zonder leiding.<\/p>\n\n\n\n<p>Op 21 september kwam prins Frederik, de jongste zoon van de\nkoning, in Vilvoorde met zijn leger van 10.000 soldaten aan. Hij zei dat hij op\n23 september Brussel zou innemen. De spanning was te snijden.&nbsp;<\/p>\n\n\n\n<p><strong>Tijdens de eerste septemberweken was er dus geen grote confrontatie tussen de Belgische opstandelingen en de Nederlandse soldaten, maar een uitdeining van de revolutie over heel Belgi\u00eb, een stijging van de spanningen en een verslechtering van de betrekkingen met de Nederlandse koning. Er heerste een relatieve kalmte over Belgi\u00eb v\u00f3\u00f3r het beslissende treffen te Brussel dat in de nacht van 22 op 23 september 1830 begon. Dat bespreken we in onze volgende tekst.<\/strong><\/p>\n","protected":false},"excerpt":{"rendered":"<p>Le B.U.B. a expliqu\u00e9 dans ses deux premiers textes (I et II) qu\u2019apr\u00e8s l\u2019insurrection populaire du 25, 26 et 27 ao\u00fbt 1830 \u00e0 Bruxelles, la bourgeoisie a repris la s\u00e9curit\u00e9 en mains en formant une garde bourgeoise qui a rapidement ramen\u00e9 l\u2019ordre public. D\u00e8s le 28 ao\u00fbt 1830, la bourgeoisie, dont Alexandre Gendebien, souhaitait obtenir un \u00ab redressement des griefs \u00bb de la part du r\u00e9gime hollandais. Mais la vraie confrontation n\u2019a pas eu lieu avant la nuit du 22 au 23 septembre 1830.<\/p>\n<p>In zijn eerste twee teksten (I en II) heeft de B.U.B. uitgelegd dat na de Brusselse oproer van 25, 26 en 27 augustus 1830 de burgerij opnieuw de openbare veiligheid in handen genomen heeft door een soort burgerwacht te vormen die snel de openbare orde herstelde. Vanaf 28 augustus 1830 probeerde de burgerij, waaronder Alexander Gendebien, van het Nederlandse bewind een &#8221;herstel der grieven&#8221; te bekomen. Maar de echte confrontatie vond niet plaats v\u00f3\u00f3r de nacht van 22 op 23 september 1830.<\/p>\n","protected":false},"author":2,"featured_media":13435,"comment_status":"closed","ping_status":"closed","sticky":false,"template":"","format":"standard","meta":{"ngg_post_thumbnail":0,"jetpack_post_was_ever_published":false,"_jetpack_newsletter_access":"","_jetpack_dont_email_post_to_subs":false,"_jetpack_newsletter_tier_id":0,"_jetpack_memberships_contains_paywalled_content":false,"powered_cache_disable_cache":false,"_jetpack_memberships_contains_paid_content":false,"footnotes":"","jetpack_publicize_message":"","jetpack_publicize_feature_enabled":true,"jetpack_social_post_already_shared":true,"jetpack_social_options":{"image_generator_settings":{"template":"highway","default_image_id":0,"font":"","enabled":false},"version":2}},"categories":[7,1],"tags":[],"class_list":["post-13434","post","type-post","status-publish","format-standard","has-post-thumbnail","hentry","category-history","category-news0"],"jetpack_publicize_connections":[],"jetpack_featured_media_url":"https:\/\/www.unionbelge.be\/wp-content\/uploads\/2020\/09\/1830.png","jetpack_sharing_enabled":true,"jetpack_shortlink":"https:\/\/wp.me\/p6Y7u0-3uG","jetpack_likes_enabled":false,"_links":{"self":[{"href":"https:\/\/www.unionbelge.be\/index.php?rest_route=\/wp\/v2\/posts\/13434","targetHints":{"allow":["GET"]}}],"collection":[{"href":"https:\/\/www.unionbelge.be\/index.php?rest_route=\/wp\/v2\/posts"}],"about":[{"href":"https:\/\/www.unionbelge.be\/index.php?rest_route=\/wp\/v2\/types\/post"}],"author":[{"embeddable":true,"href":"https:\/\/www.unionbelge.be\/index.php?rest_route=\/wp\/v2\/users\/2"}],"replies":[{"embeddable":true,"href":"https:\/\/www.unionbelge.be\/index.php?rest_route=%2Fwp%2Fv2%2Fcomments&post=13434"}],"version-history":[{"count":5,"href":"https:\/\/www.unionbelge.be\/index.php?rest_route=\/wp\/v2\/posts\/13434\/revisions"}],"predecessor-version":[{"id":13442,"href":"https:\/\/www.unionbelge.be\/index.php?rest_route=\/wp\/v2\/posts\/13434\/revisions\/13442"}],"wp:featuredmedia":[{"embeddable":true,"href":"https:\/\/www.unionbelge.be\/index.php?rest_route=\/wp\/v2\/media\/13435"}],"wp:attachment":[{"href":"https:\/\/www.unionbelge.be\/index.php?rest_route=%2Fwp%2Fv2%2Fmedia&parent=13434"}],"wp:term":[{"taxonomy":"category","embeddable":true,"href":"https:\/\/www.unionbelge.be\/index.php?rest_route=%2Fwp%2Fv2%2Fcategories&post=13434"},{"taxonomy":"post_tag","embeddable":true,"href":"https:\/\/www.unionbelge.be\/index.php?rest_route=%2Fwp%2Fv2%2Ftags&post=13434"}],"curies":[{"name":"wp","href":"https:\/\/api.w.org\/{rel}","templated":true}]}}