{"id":13428,"date":"2020-09-14T16:41:17","date_gmt":"2020-09-14T15:41:17","guid":{"rendered":"http:\/\/www.unionbelge.be\/?p=13428"},"modified":"2020-09-14T21:26:23","modified_gmt":"2020-09-14T20:26:23","slug":"belgische-omwenteling-internationale-context-gunstig-voor-de-belgen-iii-revolution-belge-le-contexte-international-favorable-aux-belges-iii","status":"publish","type":"post","link":"https:\/\/www.unionbelge.be\/?p=13428","title":{"rendered":"BELGISCHE OMWENTELING: INTERNATIONALE CONTEXT GUNSTIG VOOR DE BELGEN (III) &#8211; REVOLUTION BELGE: LE CONTEXTE INTERNATIONAL FAVORABLE AUX BELGES (III)"},"content":{"rendered":"\n<p>Afbeelding &#8211; Image: De Poolse opstand (1830); l&#8217;insurrection polonaise (1830) (bron &#8211; source: https:\/\/sites.google.com\/site\/armeepolonaisefin\/) <\/p>\n\n\n\n<p><strong>RUSSISCHE TSAAR WOU TUSSENKOMEN, MAAR KON NIET<\/strong><\/p>\n\n\n\n<p><strong>Sommigen beweren dat Belgi\u00eb een staat is die gevormd werd door de grootmachten. Dat is niet juist. De Belgen hebben zelf hun volledige onafhankelijkheid gewild nadat ze in 1814 semi-onafhankelijk waren geworden. Daarna werd Belgi\u00eb op het Congres van Wenen in een door de grootmachten opgedrongen unie met Nederland gedwongen. Dat wil echter niet zeggen dat de internationale context geen belangrijke rol heeft gespeeld bij de Belgische Revolutie van 1830. Dat zien we in deze derde aflevering van onze reeks over de omwenteling in Belgi\u00eb. <\/strong><\/p>\n\n\n\n<p>De Belgen hadden geluk. Wegens de strategische ligging van\nons land in Europa waren de Europese grootmachten erg ge\u00efnteresseerd in de\nBelgische Omwenteling. Er waren Fransen die de Belgische revolutionairen\nondesteunden, maar de Franse koning Louis-Philippe wou op geen enkele manier\nmilitair tussenkomen. Een confrontatie met Pruisen en het Verenigd Koninkrijk\nmoest immers vermeden worden. <\/p>\n\n\n\n<p>In Wenen wou een gretige kanselier Metternich maar al te\ngraag troepen sturen om de Belgen een lesje te leren, maar zijn troepen waren\nnodig om pas uitgebroken opstanden in de Italiaanse gebieden van Oostenrijk de\nkop in te drukken. <\/p>\n\n\n\n<p>In Berlijn gaf de Pruisische koning, die overigens ook de\nschoonbroer van de Nederlandse koning Willem I was, het bevel aan \u00e9\u00e9n van zijn\nregimenten om Belgi\u00eb binnen te vallen. Maar na een diplomatieke tussenkomst van\nde regeringen in Londen en Parijs zette Pruisen de aanval stop.<\/p>\n\n\n\n<p>De Britten zelf hadden, trouw als ze waren aan hun\ndefensieve opstelling in Europa, niet de minste intentie om militair in Belgi\u00eb\ntussen te komen en deden een oproep tot kalmte. <\/p>\n\n\n\n<p>Maar het grootste gevaar voor de Belgische Revolutie kwam\nvan de Russen. Tsaar Nicolaas I wou maar al te graag de Nederlanders tegen de\nBelgen te hulp snellen door zijn kozakken te sturen. Zijn troepen werden echter\nopgehouden in Polen, waar de bevolking tegen de Russen in opstand gekomen was. Het\nRussisch leger zou die opstand trouwens in 1830 en 1831 op een erg gruwelijke\nmanier in de kiem smoren.&nbsp;<\/p>\n\n\n\n<p><strong>In 1830 hadden de Belgen dus geluk. In een volgende aflevering, bestuderen we de koude oorlog die tot 22 september 1830 duurde, maar toch niet zo rustig was. <\/strong><\/p>\n\n\n\n<p><\/p>\n\n\n\n<p><strong>LE TSAR RUSSE VOULAIT INTERVENIR, MAIS NE POUVAIT PAS<\/strong><\/p>\n\n\n\n<p><strong>Certains pr\u00e9tendent que la Belgique est un \u00c9tat form\u00e9 par les grandes puissances. Ce n&#8217;est pas correct. Les Belges eux-m\u00eames voulaient leur ind\u00e9pendance totale apr\u00e8s \u00eatre devenus semi-ind\u00e9pendants en 1814. Ensuite, au Congr\u00e8s de Vienne, les grandes puissances imposaient une union des Belges avec les Pays-Bas. Mais cela ne veut pas dire que le contexte international n&#8217;a pas jou\u00e9 de r\u00f4le important dans la R\u00e9volution belge de 1830. On le voit dans ce troisi\u00e8me volet de notre s\u00e9rie sur la r\u00e9volte en Belgique.<\/strong><\/p>\n\n\n\n<p>Les Belges \u00e9taient chanceux. En raison de la localisation\nstrat\u00e9gique de notre pays en Europe, les grandes nations europ\u00e9ennes \u00e9taient\ntr\u00e8s int\u00e9ress\u00e9es par la R\u00e9volution belge. Il y avait des Fran\u00e7ais qui\nsoutenaient les r\u00e9volutionnaires belges, mais le roi fran\u00e7ais Louis-Philippe ne\nvoulait en aucune fa\u00e7on intervenir militairement afin d\u2019\u00e9viter une\nconfrontation avec la Prusse et l\u2019Angleterre. <\/p>\n\n\n\n<p>A Vienne, le sulfurant chancelier Metternich voulait bien\nenvoyer des troupes pour mettre les Belges \u00e0 leur place, mais ses troupes\n\u00e9taient occup\u00e9es dans les possessions italiennes de l\u2019Autriche o\u00f9 il y avait\naussi des r\u00e9voltes populaires.<\/p>\n\n\n\n<p>A Berlin, le roi de la Prusse, qui \u00e9tait aussi le beau-fr\u00e8re\ndu roi hollandais Guillaume Ier donna l\u2019ordre \u00e0 un de ses r\u00e9giments d\u2019envahir\nla Belgique, mais apr\u00e8s l\u2019intervention diplomatique des gouvernements de\nLondres et de Paris, la Prusse abandonna l\u2019attaque. <\/p>\n\n\n\n<p>Les Anglais eux-m\u00eames, fid\u00e8les \u00e0 leur tradition d\u00e9fensive en\nEurope, n\u2019avaient aucune intention d\u2019intervenir militairement en Belgique et\nfirent un appel au calme.<\/p>\n\n\n\n<p>Le plus grand danger pour la R\u00e9volution belge provint cependant des Russes. Le Tsar Nicolas Ier entendait volontiers venir aider les Hollandais contre les Belges en envoyant ses cosaques. Mais ses troupes furent retenues en Pologne o\u00f9 la population s\u2019\u00e9tait aussi lev\u00e9e contre l\u2019occupation russe. L\u2019arm\u00e9e russe y metta d\u2019ailleurs la r\u00e9bellion de fa\u00e7on particuli\u00e8rement cruelle en 1830 et 1831.<\/p>\n\n\n\n<p><strong>Les Belges ont donc eu de la chance en 1830. Au prochain \u00e9pisode, nous allons \u00e9tudier la guerre froide qui durait jusqu\u2019au 22 septembre 1830, mais qui n\u2019\u00e9tait pas si calme que cela. <\/strong><\/p>\n","protected":false},"excerpt":{"rendered":"<p>Sommigen beweren dat Belgi\u00eb een staat is die gevormd werd door de grootmachten. Dat is niet juist. De Belgen hebben zelf hun volledige onafhankelijkheid gewild nadat ze in 1814 semi-onafhankelijk waren geworden. Daarna werd Belgi\u00eb op het Congres van Wenen in een door de grootmachten opgedrongen unie met Nederland gedwongen. Dat wil echter niet zeggen dat de internationale context geen belangrijke rol heeft gespeeld bij de Belgische Revolutie van 1830. Dat zien we in deze derde aflevering van onze reeks over de omwenteling in Belgi\u00eb. <\/p>\n<p>Certains pr\u00e9tendent que la Belgique est un \u00c9tat form\u00e9 par les grandes puissances. Ce n&#8217;est pas correct. Les Belges eux-m\u00eames voulaient leur ind\u00e9pendance totale apr\u00e8s \u00eatre devenus semi-ind\u00e9pendants en 1814. Ensuite, au Congr\u00e8s de Vienne, les grandes puissances imposaient une union des Belges avec les Pays-Bas. Mais cela ne veut pas dire que le contexte international n&#8217;a pas jou\u00e9 de r\u00f4le important dans la R\u00e9volution belge de 1830. On le voit dans ce troisi\u00e8me volet de notre s\u00e9rie sur la r\u00e9volte en Belgique.<\/p>\n","protected":false},"author":2,"featured_media":13429,"comment_status":"closed","ping_status":"closed","sticky":false,"template":"","format":"standard","meta":{"ngg_post_thumbnail":0,"jetpack_post_was_ever_published":false,"_jetpack_newsletter_access":"","_jetpack_dont_email_post_to_subs":false,"_jetpack_newsletter_tier_id":0,"_jetpack_memberships_contains_paywalled_content":false,"powered_cache_disable_cache":false,"_jetpack_memberships_contains_paid_content":false,"footnotes":"","jetpack_publicize_message":"","jetpack_publicize_feature_enabled":true,"jetpack_social_post_already_shared":true,"jetpack_social_options":{"image_generator_settings":{"template":"highway","default_image_id":0,"font":"","enabled":false},"version":2}},"categories":[1,5,30],"tags":[],"class_list":["post-13428","post","type-post","status-publish","format-standard","has-post-thumbnail","hentry","category-news0","category-opinions","category-publication-publicatie"],"jetpack_publicize_connections":[],"jetpack_featured_media_url":"https:\/\/www.unionbelge.be\/wp-content\/uploads\/2020\/09\/bitwa1.jpg","jetpack_sharing_enabled":true,"jetpack_shortlink":"https:\/\/wp.me\/p6Y7u0-3uA","jetpack_likes_enabled":false,"_links":{"self":[{"href":"https:\/\/www.unionbelge.be\/index.php?rest_route=\/wp\/v2\/posts\/13428","targetHints":{"allow":["GET"]}}],"collection":[{"href":"https:\/\/www.unionbelge.be\/index.php?rest_route=\/wp\/v2\/posts"}],"about":[{"href":"https:\/\/www.unionbelge.be\/index.php?rest_route=\/wp\/v2\/types\/post"}],"author":[{"embeddable":true,"href":"https:\/\/www.unionbelge.be\/index.php?rest_route=\/wp\/v2\/users\/2"}],"replies":[{"embeddable":true,"href":"https:\/\/www.unionbelge.be\/index.php?rest_route=%2Fwp%2Fv2%2Fcomments&post=13428"}],"version-history":[{"count":2,"href":"https:\/\/www.unionbelge.be\/index.php?rest_route=\/wp\/v2\/posts\/13428\/revisions"}],"predecessor-version":[{"id":13431,"href":"https:\/\/www.unionbelge.be\/index.php?rest_route=\/wp\/v2\/posts\/13428\/revisions\/13431"}],"wp:featuredmedia":[{"embeddable":true,"href":"https:\/\/www.unionbelge.be\/index.php?rest_route=\/wp\/v2\/media\/13429"}],"wp:attachment":[{"href":"https:\/\/www.unionbelge.be\/index.php?rest_route=%2Fwp%2Fv2%2Fmedia&parent=13428"}],"wp:term":[{"taxonomy":"category","embeddable":true,"href":"https:\/\/www.unionbelge.be\/index.php?rest_route=%2Fwp%2Fv2%2Fcategories&post=13428"},{"taxonomy":"post_tag","embeddable":true,"href":"https:\/\/www.unionbelge.be\/index.php?rest_route=%2Fwp%2Fv2%2Ftags&post=13428"}],"curies":[{"name":"wp","href":"https:\/\/api.w.org\/{rel}","templated":true}]}}