{"id":13401,"date":"2020-08-25T14:45:09","date_gmt":"2020-08-25T13:45:09","guid":{"rendered":"http:\/\/www.unionbelge.be\/?p=13401"},"modified":"2020-08-26T15:56:35","modified_gmt":"2020-08-26T14:56:35","slug":"190-jaar-geleden-de-belgische-revoluti-van-1830-il-y-a-190-ans-la-revolution-belge-de-1830","status":"publish","type":"post","link":"https:\/\/www.unionbelge.be\/?p=13401","title":{"rendered":"190 JAAR GELEDEN BEGON DE BELGISCHE REVOLUTIE VAN 1830 (I) &#8211; IL Y A 190 ANS DEBUTA LA REVOLUTION BELGE DE 1830 (I)"},"content":{"rendered":"\n<p>De Muntschouwburg te Brussel op 25 augustus 2020 &#8211; Le Th\u00e9\u00e2tre de la Monnaie \u00e0 Bruxelles le 25 ao\u00fbt 2020, Foto &#8211; Photo: B.U.B.<\/p>\n\n\n\n<p><strong>DE &nbsp;STOMME VAN PORTICI<\/strong><\/p>\n\n\n\n<p><strong>In deze serie wil de B.U.B. een licht werpen op de\ngebeurtenissen van 1830 die onze huidige, onafhankelijke Belgische staat\nvormden en die het dagelijkse leven van Belgi\u00eb tot op heden\nbe\u00efnvloeden.&nbsp;&nbsp;&nbsp;&nbsp; <\/strong><\/p>\n\n\n\n<p>Belgi\u00eb is een oude natie die zijn geografische wortels\nheeft in de Romeinse bezetting van 2000 jaar geleden en in de verdeling van het\nRijk van Karel de Grote in de 9e eeuw. Zijn nationale wortels gaan terug tot de\nBourgondische Nederlanden van de 14e eeuw. <\/p>\n\n\n\n<p>In 1789 werd Belgi\u00eb voor het eerst onafhankelijk als een confederale republiek op basis van de oude vorstendommen, die de oorsprong vormen van onze historische provincies. Na de Franse bezetting (1794-1814) werd door de geallieerden de Belgische onafhankelijkheid uitgeroepen. Diezelfde geallieerden bestuurden Belgi\u00eb tussen februari 1814 en september 1815 als een semi-autonome staat. Na het Congres van Wenen werd Belgi\u00eb in een unie met Nederland gedwongen. In 1830 en 1831 brak het echte glorierijke moment aan: Belgi\u00eb werd ons huidige Koninkrijk.&nbsp;&nbsp;&nbsp;&nbsp; <\/p>\n\n\n\n<p>In de jaren 1820 rommelde het al bij de Belgen. Hoewel ze talrijker waren dan de Hollanders (4 miljoen Belgen tegenover 3 miljoen Hollanders), vormden ze een grote minderheid aan de top van de overheid. De pers- en godsdienstvrijheid werd gemuilkorfd en het Hollandse leger was als bezettingsmacht in de steden aanwezig. Bovendien stonden, in de schoot van het nieuwe Koninkrijk, de katholieke Belgen lijnrecht tegenover de autoritaire protestants-Hollandse macht. Als klap op de vuurpijl stond de economie er slecht voor en namen de werkloosheid en armoede in Belgi\u00eb toe. In 1829 tekenden honderdduizenden Belgen een petitie tegen het beleid van de Nederlandse Koning Willem I. Op een gegeven moment werd de spanning zo groot dat een vonk voldoende was om de vlam in de Belgische pan te doen slaan.&nbsp;&nbsp;&nbsp; <\/p>\n\n\n\n<p>En die vonk kwam er&nbsp; aan het einde van de zomer van 1830. De revolutie begon met een operastuk dat op 25 augustus 1830 in de Muntschouwburg in Brussel werd opgevoerd. Het betrof een verhaal over de vrijheidsstrijd van de Napolitanen die in opstand kwamen tegen de Spaanse bezetting. Als voor een volle zaal de zin &#8220;Amour Sacr\u00e9e de la Patrie&#8221; weergalmde, begon het publiek hardop te zingen. Na de voorstelling gingen de verhitte toeschouwers de straat op en staken ze de uitgeverij van het pro-Hollandse dagblad \u2018Le National\u2019 in brand.<\/p>\n\n\n\n<p>Aan het stadhuis van Brussel werd, als revolutionair symbool, de Franse vlag gehesen. Die werd echter snel vervangen door een gloednieuwe Belgische vlag in zwart-geel-rood die op 26 augustus 1830 in de vroege ochtend werd genaaid op verzoek van journalist Edouard Ducp\u00e9tiaux en zijn vriend Lucien Jotrrand door de naaister Marie Abts-Ermens (uit Kortenberg, Brabant), die vlakbij de Grote Markt woonde. Dezelfde kleuren werden gebruikt door de patriotten die in 1789 in opstand waren gekomen tegen keizer Jozef II van Oostenrijk. De revolutie was een feit.\u00a0\u00a0\u00a0\u00a0 <\/p>\n\n\n\n<p>Op 27 augustus 1830 verdreef Leuven als eerste stad in Belgi\u00eb het Hollandse leger. De energieke revolutionair De Neef kon de Hollandse troepen verjagen aan het hoofd van een goed bewapende militie. Er werd een burgercomit\u00e9 gevormd en de stad verkreeg zijn autonomie. Het Leuvense enthousiasme werkte aanstekelijk op de Brabanders en Luikenaren. In Luik hield Charles Rogier gepassioneerde toespraken die de menigte begeesterden. De revolutie breidde zich geleidelijk aan uit over het Belgische grondgebied.&nbsp;&nbsp;&nbsp;&nbsp; <\/p>\n\n\n\n<p><strong>In de volgende aflevering bekijken we de situatie in\nBrussel en Antwerpen eind augustus en begin september 1830.<\/strong><\/p>\n\n\n\n<p><\/p>\n\n\n\n<p><strong>LA MUETTE DE PORTICI<\/strong><\/p>\n\n\n\n<p><strong>Dan cette s\u00e9rie, le B.U.B. entend jeter une lumi\u00e8re\n\u00e9clairante sur les \u00e9v\u00e9nements de 1830 qui ont form\u00e9 notre Etat belge actuel et\nqui marquent jusqu\u2019\u00e0 aujourd\u2019hui le quotidien de la Belgique.<\/strong><\/p>\n\n\n\n<p>La Belgique est une vielle nation qui trouve ses racines g\u00e9ographiques dans\nl\u2019occupation romaine d\u2019il y a 2.000 ans et dans la division de l\u2019Empire de Charlemagne\nau 9<sup>i\u00e8me<\/sup> si\u00e8cle. Elle trouve ses origines nationales dans les\nPays-Bas bourguignons du 14<sup>i\u00e8me<\/sup> si\u00e8cle. <\/p>\n\n\n\n<p>La Belgique a acc\u00e9d\u00e9 une premi\u00e8re fois \u00e0 l\u2019ind\u00e9pendance en 1789-1790 en tant que r\u00e9publique conf\u00e9d\u00e9rale bas\u00e9e sur les anciennes principaut\u00e9s qui se trouvent \u00e0 l&#8217;origine de nos provinces historiques. Apr\u00e8s l\u2019occupation fran\u00e7aise (1794-1814), l\u2019ind\u00e9pendance de la Belgique fut proclam\u00e9e par les alli\u00e9s. Entre f\u00e9vrier 1814 et septembre 1815 la Belgique devint un Etat s\u00e9mi-autonome gouvern\u00e9 par ces m\u00eames alli\u00e9s. Suite au Congr\u00e8s de Vienne, la Belgique \u00e9tait forc\u00e9e dans une union avec la Hollande. En 1830 et 1831, le vrai moment de gloire fut arriv\u00e9&nbsp;: la Belgique devenait notre royaume actuel.<\/p>\n\n\n\n<p>Dans les ann\u00e9es 1820, les Belges grognaient d\u00e9j\u00e0. Bien qu\u2019ils f\u00fbssent plus nombreux que les Hollandais (4 millions de Belges contre 3 millions de Hollandais), ils furent tr\u00e8s minoritaires dans les c\u00e9nacles du pouvoir. La libert\u00e9 de presse et de religion \u00e9tait musel\u00e9e et l\u2019arm\u00e9e hollandaise \u00e9tait omnipr\u00e9sente dans les villes comme une force d\u2019occupation et pour couronner le tout, l\u2019\u00e9conomie allait mal et le ch\u00f4mage ainsi que la pauvret\u00e9 en Belgique augmentaient. Qui plus est, au sein du nouveau Royaume les catholiques belges s&#8217;opposaient \u00e0 un pouvoir protestant autoritaire. En 1829, des centaines de milliers de Belges signaient une p\u00e9tition contre la politique du Roi hollandais Guillaume Ier. &nbsp;A un certain moment, la tension devenait tellement vive qu\u2019une \u00e9tincelle suffisait pour enflammer l\u2019atmosph\u00e8re en Belgique. <\/p>\n\n\n\n<p>Et cette \u00e9tincelle se produisait \u00e0 la fin de l\u2019\u00e9t\u00e9 de 1830. La r\u00e9volution commen\u00e7a par une pi\u00e8ce d\u2019op\u00e9ra jou\u00e9e \u00e0 Bruxelles au Th\u00e9\u00e2tre de la Monnaie le 25 ao\u00fbt 1830. Il s\u2019agissait d\u2019une histoire racontant la lutte de libert\u00e9 des Napolitains qui se r\u00e9voltaient contre l\u2019occupation espagnole. La salle \u00e9tait pleine. Lorsque la phrase \u00ab&nbsp;<em>L\u2019amour sacr\u00e9 de la Patrie<\/em>&nbsp;\u00bb retentissait, la foule se mettait \u00e0 chanter \u00e0 haute voix. Apr\u00e8s la pi\u00e8ce, les spectateurs agit\u00e9s sortaient dans la rue et mettaient le feu \u00e0 la maison d\u2019\u00e9dition du journal pro-hollandais \u2018Le National\u2019. <\/p>\n\n\n\n<p>A l\u2019H\u00f4tel de ville de Bruxelles, le drapeau fran\u00e7ais fut hiss\u00e9 en tant que symbole r\u00e9volutionnaire. Cependant celui-ci fut vite remplac\u00e9 par un tout nouveau drapeau belge aux couleurs noir-jaune-rouge cousu le 26 ao\u00fbt 1830 au petit matin \u00e0 la demande du journaliste Edouard Ducp\u00e9tiaux et son ami Lucien Jotrrand par la couturi\u00e8re Marie Abts-Ermens (originaire de Kortenberg dans le Brabant) qui habitait tout pr\u00e8s de la Grand-Place. Ces m\u00eames couleurs furent utilis\u00e9s par les patriotes qui s&#8217;\u00e9taient r\u00e9volt\u00e9s contre l\u2019empereur Joseph II d\u2019Autriche en 1789. La r\u00e9volution \u00e9tait n\u00e9e.<\/p>\n\n\n\n<p>Le 27 ao\u00fbt 1830, la Ville de Louvain \u00e9tait la premi\u00e8re ville de Belgique qui expulsait l\u2019arm\u00e9e hollandaise. En effet, le r\u00e9volutionnaire \u00e9nergique De Neef avait pu chasser les troupes hollandaises \u00e0 la t\u00eate d\u2019une milice bien arm\u00e9e. Un comit\u00e9 de citoyens \u00e9tait constitu\u00e9 et la ville devenait autonome. L\u2019enthousiasme louvaniste inspirait les Braban\u00e7ons et les Li\u00e9geois. A Li\u00e8ge, Charles Rogier tenait des discours passionn\u00e9s galvanisant la foule. Au fur et \u00e0 mesure, la r\u00e9volution s\u2019\u00e9tendait sur le territoire belge. <\/p>\n\n\n\n<p><strong>Dans le prochain \u00e9pisode, nous allons voir la situation \u00e0 Bruxelles et \u00e0 Anvers fin ao\u00fbt, d\u00e9but septembre 1830.<\/strong><\/p>\n","protected":false},"excerpt":{"rendered":"<p>In deze serie wil de B.U.B. een licht werpen op de gebeurtenissen van 1830 die onze huidige, onafhankelijke Belgische staat vormden en die het dagelijkse leven van Belgi\u00eb tot op heden be\u00efnvloeden.     <\/p>\n<p>Dan cette s\u00e9rie, le B.U.B. entend jeter une lumi\u00e8re \u00e9clairante sur les \u00e9v\u00e9nements de 1830 qui ont form\u00e9 notre Etat belge actuel et qui marquent jusqu\u2019\u00e0 aujourd\u2019hui le quotidien de la Belgique.<\/p>\n","protected":false},"author":2,"featured_media":13402,"comment_status":"closed","ping_status":"closed","sticky":false,"template":"","format":"standard","meta":{"ngg_post_thumbnail":0,"jetpack_post_was_ever_published":false,"_jetpack_newsletter_access":"","_jetpack_dont_email_post_to_subs":false,"_jetpack_newsletter_tier_id":0,"_jetpack_memberships_contains_paywalled_content":false,"powered_cache_disable_cache":false,"_jetpack_memberships_contains_paid_content":false,"footnotes":"","jetpack_publicize_message":"","jetpack_publicize_feature_enabled":true,"jetpack_social_post_already_shared":true,"jetpack_social_options":{"image_generator_settings":{"template":"highway","default_image_id":0,"font":"","enabled":false},"version":2}},"categories":[1],"tags":[],"class_list":["post-13401","post","type-post","status-publish","format-standard","has-post-thumbnail","hentry","category-news0"],"jetpack_publicize_connections":[],"jetpack_featured_media_url":"https:\/\/www.unionbelge.be\/wp-content\/uploads\/2020\/08\/IMG_2952.jpg","jetpack_sharing_enabled":true,"jetpack_shortlink":"https:\/\/wp.me\/p6Y7u0-3u9","jetpack_likes_enabled":false,"_links":{"self":[{"href":"https:\/\/www.unionbelge.be\/index.php?rest_route=\/wp\/v2\/posts\/13401","targetHints":{"allow":["GET"]}}],"collection":[{"href":"https:\/\/www.unionbelge.be\/index.php?rest_route=\/wp\/v2\/posts"}],"about":[{"href":"https:\/\/www.unionbelge.be\/index.php?rest_route=\/wp\/v2\/types\/post"}],"author":[{"embeddable":true,"href":"https:\/\/www.unionbelge.be\/index.php?rest_route=\/wp\/v2\/users\/2"}],"replies":[{"embeddable":true,"href":"https:\/\/www.unionbelge.be\/index.php?rest_route=%2Fwp%2Fv2%2Fcomments&post=13401"}],"version-history":[{"count":5,"href":"https:\/\/www.unionbelge.be\/index.php?rest_route=\/wp\/v2\/posts\/13401\/revisions"}],"predecessor-version":[{"id":13408,"href":"https:\/\/www.unionbelge.be\/index.php?rest_route=\/wp\/v2\/posts\/13401\/revisions\/13408"}],"wp:featuredmedia":[{"embeddable":true,"href":"https:\/\/www.unionbelge.be\/index.php?rest_route=\/wp\/v2\/media\/13402"}],"wp:attachment":[{"href":"https:\/\/www.unionbelge.be\/index.php?rest_route=%2Fwp%2Fv2%2Fmedia&parent=13401"}],"wp:term":[{"taxonomy":"category","embeddable":true,"href":"https:\/\/www.unionbelge.be\/index.php?rest_route=%2Fwp%2Fv2%2Fcategories&post=13401"},{"taxonomy":"post_tag","embeddable":true,"href":"https:\/\/www.unionbelge.be\/index.php?rest_route=%2Fwp%2Fv2%2Ftags&post=13401"}],"curies":[{"name":"wp","href":"https:\/\/api.w.org\/{rel}","templated":true}]}}