{"id":13362,"date":"2020-07-22T08:10:38","date_gmt":"2020-07-22T07:10:38","guid":{"rendered":"http:\/\/www.unionbelge.be\/?p=13362"},"modified":"2020-07-22T21:40:55","modified_gmt":"2020-07-22T20:40:55","slug":"le-federalisme-linguistique-a-clairement-tue-des-gens-het-taalfederalisme-heeft-duidelijk-mensen-gedood","status":"publish","type":"post","link":"https:\/\/www.unionbelge.be\/?p=13362","title":{"rendered":"LE FEDERALISME LINGUISTIQUE A CLAIREMENT TUE DES GENS ! &#8211; HET TAALFEDERALISME HEEFT DUIDELIJK MENSEN GEDOOD !"},"content":{"rendered":"\n<p>Foto B.U.B.: \u201canti-coronatent\u201d v\u00f3\u00f3r het Sint-Elisabeth-ziekenhuis in Ukkel,<br>Brabant (09.04.20)<br>Photo B.U.B.: tente \u201canti-corona\u201d devant l\u2019h\u00f4pital Sainte-Elisabeth \u00e0 Uccle<br> dans le Brabant (09.04.20)<br><\/p>\n\n\n\n<p><strong>UN HAUT FONCTIONNAIRE DE LA SANTE PUBLIQUE DONNE RAISON A L\u2019UNION BELGE<\/strong><\/p>\n\n\n\n<p><strong>Le  B.U.B. a soulign\u00e9 \u00e0 plusieurs reprises que l\u2019\u00e9parpillement d\u00e9sastreux  des comp\u00e9tences en mati\u00e8re de soins de sant\u00e9 a probablement co\u00fbt\u00e9 des  centaines de vies pendant la crise Covid. Ces d\u00e9c\u00e8s se sont produits  principalement dans les maisons de retraite, qui rel\u00e8vent, suite \u00e0 la  sixi\u00e8me \u00ab&nbsp;r\u00e9forme de l\u2019Etat&nbsp;\u00bb de 2013, de la comp\u00e9tence des communaut\u00e9s.<\/strong><\/p>\n\n\n\n<p>Le\n 10 juillet 2020, Pedro Facon, le secr\u00e9taire g\u00e9n\u00e9ral du SPF Sant\u00e9 \nPublique, a d\u00e9clar\u00e9 devant la \u00ab&nbsp;Commission ad hoc pour l&#8217;Evaluation et \nla Poursuite de la Mise en Oeuvre de la Politique Corona flamande&nbsp;\u00bb (le \nnom absurde et pompeux du comit\u00e9 Covid au sein du superflu parlement \n\u00ab&nbsp;flamand&nbsp;\u00bb) que la <strong>r\u00e9partition compliqu\u00e9e des comp\u00e9tences<\/strong> en Belgique a compliqu\u00e9 la coordination de toute la crise: &#8221; &#8230; <em>Je pense que la structure de ce pays fait en sorte que les individus fonctionnent moins bien<\/em>&#8220;, a-t-il d\u00e9clar\u00e9.<\/p>\n\n\n\n<p>Cet \u00e9miettement de comp\u00e9tences &#8211; avec ses neuf ministres de la sant\u00e9 -, a <strong>deux fois plus d\u2019impact <\/strong>en p\u00e9riode de crise, selon ce fonctionnaire.<\/p>\n\n\n\n<p>Ceux qui plaident pour une \u201cr\u00e9forme de l\u2019Etat\u201d avec davantage de scissions souhaitent par cons\u00e9quent encore plus de crises et plus de morts !<\/p>\n\n\n\n<p>Par ailleurs, la <strong>coop\u00e9ration<\/strong> entre les niveaux de pouvoir ne fonctionne pas non plus. <\/p>\n\n\n\n<p>Facon\n explique \u00e0 ce sujet que fin mars 2020, il a \u00e9t\u00e9 propos\u00e9 aux soi-disant \n&#8220;gouvernements&#8221; &#8220;flamand&#8221; et &#8220;wallon&#8221; de coordonner la crise au niveau \n&#8220;interf\u00e9d\u00e9ral&#8221;. Ces gouvernements ont cependant, en \u00abbons\u00bb \nnationalistes, rejet\u00e9 cette proposition. Ce refus a caus\u00e9 de nombreuses \nvictimes. Il a occasionn\u00e9 une p\u00e9nurie de masques de protection dans les \nmaisons de retraite communautaris\u00e9es avec comme cons\u00e9quence que les \nhabitants et les membres du personnel n\u2019\u00e9taient pas suffisamment \nprot\u00e9g\u00e9s. <\/p>\n\n\n\n<p>Le\n fonctionnaire pr\u00e9conise une structure au sein de laquelle une seule \npersonne peut coordonner les soins de sant\u00e9 \u00e9parpill\u00e9s tout en \u00e9tant \nresponsable de l&#8217;ensemble. Selon le B.U.B., cela ne peut logiquement \n\u00eatre que le ministre belge de la Sant\u00e9. Une nouvelle structure n&#8217;est pas\n n\u00e9cessaire. Une ref\u00e9d\u00e9ralisation compl\u00e8te de la mati\u00e8re s\u2019impose. Ce \nn&#8217;est pas seulement notre avis, mais aussi celui de 70% des Belges selon\n le dernier sondage du<em> Soir \/ <\/em>HLN du 22 juin 2020. <\/p>\n\n\n\n<p><strong>Un  syst\u00e8me politique qui tue des gens n\u2019est pas acceptable&nbsp;! De plus, ce  syst\u00e8me nocif et absurde repose sur une id\u00e9ologie antibelge. Le  f\u00e9d\u00e9ralisme linguistique meurtrier est donc la plus grande honte de  notre histoire nationale. La particratie enti\u00e8re en est responsable. Le  B.U.B. plaide d\u00e9j\u00e0 depuis 20 ans pour l&#8217;abolition imm\u00e9diate de ce  syst\u00e8me co\u00fbteux, inefficace, inextricable et immoral.<\/strong><\/p>\n\n\n\n<p><strong>TOPAMBTENAAR VOLKSGEZONDHEID GEEFT DE BELGISCHE UNIE GELIJK<\/strong><\/p>\n\n\n\n<p><strong>De B.U.B. wees er al verschillende keren\n op hoe de rampzalige bevoegdheidsverdeling in de gezondheidszorgen \nvermoedelijk honderden mensenlevens kostte in de coronacrisis. Die doden\n vielen vooral in de rusthuizen, die sedert de zesde \n&#8221;staatshervorming&#8221; van 2013 een bevoegdheid zijn van de \ngemeenschappen.<\/strong><\/p>\n\n\n\n<p>Op 10 juli 2020 verklaarde Pedro Facon &#8211; secretaris-generaal van de FOD Gezondheidszorgen &#8211; in de &#8221;Commissie <em>ad hoc<\/em>\n voor de Evaluatie en Verdere Uitvoering van het Vlaamse Coronabeleid&#8221; \n(de absurde en hoogdravende naam voor de coronacommissie&nbsp;in het overbodige &#8221;Vlaams&#8221; parlement)&nbsp;dat door de <strong>ingewikkelde bevoegdheidsverdeling<\/strong> in Belgi\u00eb de hele crisis moeilijk te co\u00f6rdineren viel:&nbsp;&#8221;&#8230; <em>ik denk dat de structuur van dit land maakt dat individuen minder goed functioneren<\/em>\u201d, verklaarde hij.<\/p>\n\n\n\n<p>Die bevoegdheidsversnippering &#8211; met negen ministers van gezondheid &#8211; heeft volgens de topambtenaar in een crisissituatie <strong>dubbel zoveel impact. <\/strong><\/p>\n\n\n\n<p>Wie nu voor pleit voor een &#8216;staatshervorming&#8217; met m\u00e9\u00e9r splitsingen, wil dus nog meer crisissen en nog meer doden ! <\/p>\n\n\n\n<p>De <strong>samenwerking<\/strong> tussen de bevoegdheidsniveaus loopt bovendien ook volledig spaak.<\/p>\n\n\n\n<p>Facon vertelt hierover hoe eind maart 2020 aan de zogenaamde &#8221;Vlaamse&#8221; en &#8221;Waalse&#8221; \u201cregeringen\u201d werd voorgesteld om de crisis &#8221;interfederaal&#8221; te laten co\u00f6rdineren. Die regeringen wezen dat echter, als &#8216;goede&#8217; nationalisten, af.  Die weigering kostte vele mensenlevens. Er waren daardoor immers  mondmaskers in de gecommunautariseerde rusthuizen tekort waardoor er honderden slachtoffers vielen.<\/p>\n\n\n\n<p>De ambtenaar pleit voor een structuur waarbinnen \u00e9\u00e9n enkele persoon\n de versnipperde gezondheidszorgen kan co\u00f6rdineren en voor het geheel \nverantwoordelijk is. Volgens de B.U.B. kan dat logischerwijs enkel de \nBelgische minister van Volksgezondheid zijn. Een nieuwe structuur is \nniet nodig, gewoon een volledige herfederalisering. Dat is trouwens niet\n alleen onze mening, maar ook die van 70 procent van de Belgen volgens de laatste peiling van <em>Le<\/em> <em>Soir<\/em>-HLN van 22 juni 2020.<\/p>\n\n\n\n<p><strong>Wanneer\n een politiek systeem mensenlevens kost, is dat een heel slecht systeem.\n Bovendien is dit verderfelijke en absurde systeem gebaseerd op een \nanti-Belgische ideologie. Het moordende taalfederalisme is dan ook de \ngrootste schande van onze nationale geschiedenis. De hele particratie is\n hiervoor verantwoordelijk. De B.U.B. pleit vooruitziend al sinds 20 \njaar voor de onmiddellijke afschaffing van dit geldverslindende, \nineffici\u00ebnte, onontwarbare en immorele systeem.<\/strong><\/p>\n","protected":false},"excerpt":{"rendered":"<p>Le  B.U.B. a soulign\u00e9 \u00e0 plusieurs reprises que l\u2019\u00e9parpillement d\u00e9sastreux  des comp\u00e9tences en mati\u00e8re de soins de sant\u00e9 a probablement co\u00fbt\u00e9 des  centaines de vies pendant la crise Covid. Ces d\u00e9c\u00e8s se sont produits  principalement dans les maisons de retraite, qui rel\u00e8vent, suite \u00e0 la  sixi\u00e8me \u00ab r\u00e9forme de l\u2019Etat \u00bb de 2013, de la comp\u00e9tence des communaut\u00e9s.<\/p>\n<p>De B.U.B. wees er al verschillende keren  op hoe de rampzalige bevoegdheidsverdeling in de gezondheidszorgen  vermoedelijk honderden mensenlevens kostte in de coronacrisis. Die doden  vielen vooral in de rusthuizen, die sedert de zesde  &#8221;staatshervorming&#8221; van 2013 een bevoegdheid zijn van de  gemeenschappen.<\/p>\n","protected":false},"author":2,"featured_media":13363,"comment_status":"closed","ping_status":"closed","sticky":false,"template":"","format":"standard","meta":{"ngg_post_thumbnail":0,"jetpack_post_was_ever_published":false,"_jetpack_newsletter_access":"","_jetpack_dont_email_post_to_subs":false,"_jetpack_newsletter_tier_id":0,"_jetpack_memberships_contains_paywalled_content":false,"powered_cache_disable_cache":false,"_jetpack_memberships_contains_paid_content":false,"footnotes":"","jetpack_publicize_message":"","jetpack_publicize_feature_enabled":true,"jetpack_social_post_already_shared":true,"jetpack_social_options":{"image_generator_settings":{"template":"highway","default_image_id":0,"font":"","enabled":false},"version":2}},"categories":[1,5],"tags":[],"class_list":["post-13362","post","type-post","status-publish","format-standard","has-post-thumbnail","hentry","category-news0","category-opinions"],"jetpack_publicize_connections":[],"jetpack_featured_media_url":"https:\/\/www.unionbelge.be\/wp-content\/uploads\/2020\/07\/corona1.png","jetpack_sharing_enabled":true,"jetpack_shortlink":"https:\/\/wp.me\/p6Y7u0-3tw","jetpack_likes_enabled":false,"_links":{"self":[{"href":"https:\/\/www.unionbelge.be\/index.php?rest_route=\/wp\/v2\/posts\/13362","targetHints":{"allow":["GET"]}}],"collection":[{"href":"https:\/\/www.unionbelge.be\/index.php?rest_route=\/wp\/v2\/posts"}],"about":[{"href":"https:\/\/www.unionbelge.be\/index.php?rest_route=\/wp\/v2\/types\/post"}],"author":[{"embeddable":true,"href":"https:\/\/www.unionbelge.be\/index.php?rest_route=\/wp\/v2\/users\/2"}],"replies":[{"embeddable":true,"href":"https:\/\/www.unionbelge.be\/index.php?rest_route=%2Fwp%2Fv2%2Fcomments&post=13362"}],"version-history":[{"count":3,"href":"https:\/\/www.unionbelge.be\/index.php?rest_route=\/wp\/v2\/posts\/13362\/revisions"}],"predecessor-version":[{"id":13367,"href":"https:\/\/www.unionbelge.be\/index.php?rest_route=\/wp\/v2\/posts\/13362\/revisions\/13367"}],"wp:featuredmedia":[{"embeddable":true,"href":"https:\/\/www.unionbelge.be\/index.php?rest_route=\/wp\/v2\/media\/13363"}],"wp:attachment":[{"href":"https:\/\/www.unionbelge.be\/index.php?rest_route=%2Fwp%2Fv2%2Fmedia&parent=13362"}],"wp:term":[{"taxonomy":"category","embeddable":true,"href":"https:\/\/www.unionbelge.be\/index.php?rest_route=%2Fwp%2Fv2%2Fcategories&post=13362"},{"taxonomy":"post_tag","embeddable":true,"href":"https:\/\/www.unionbelge.be\/index.php?rest_route=%2Fwp%2Fv2%2Ftags&post=13362"}],"curies":[{"name":"wp","href":"https:\/\/api.w.org\/{rel}","templated":true}]}}