{"id":13212,"date":"2020-04-08T21:03:46","date_gmt":"2020-04-08T20:03:46","guid":{"rendered":"http:\/\/www.unionbelge.be\/?p=13212"},"modified":"2020-04-10T09:48:34","modified_gmt":"2020-04-10T08:48:34","slug":"het-federalisme-doodt-opnieuw-le-federalisme-tue-de-nouveau","status":"publish","type":"post","link":"https:\/\/www.unionbelge.be\/?p=13212","title":{"rendered":"HET FEDERALISME DOODT OPNIEUW ! &#8211; LE FEDERALISME TUE DE NOUVEAU ! &#8211; DER F\u00d6DERALISMUS T\u00d6TET ERNEUT !"},"content":{"rendered":"\n<p>Afbeelding &#8211; illustration: de ware aard van Flamandistan: een mensenleven is niet veel waard. La vraie nature du Flamandistan: une vie humaine ne vaut pas grand&#8217; chose (Auteur onbekend &#8211; auteur inconnu)<\/p>\n\n\n\n<p><strong>GROOTSTE POLITIEKE SCHANDAAL SINDS EINDE WERELDOORLOG II ! <\/strong><\/p>\n\n\n\n<p><strong>Op  7 april 2020 maakte de zogezegde \u201cVlaamse\u2019\u2019 minister van welzijn Wouter  Beke (CD&amp;V) bekend dat er 619 nog niet aan het federale niveau  gerapporteerde mensen in de Noord-Belgische rusthuizen bijkomend  overleden waren aan de gevolgen van het coronavirus. Zo zijn momenteel  meer dan 2.000 inwoners van Belgi\u00eb aan het virus overleden, wat  proportioneel meer is dan in de ons omringende landen (1 op 5.000 Belgen). Deze belangrijke  informatie omtrent de toestand in de rusthuizen werd bewust door de  flamingantische \u201cregering\u201d verzwegen. Ook is de co\u00f6rdinatie met het  \u201cfederale\u201d niveau ondermaats, wat vele mensenlevens kost <\/strong>&#8230;<\/p>\n\n\n\n<p>De  problemen op het overbodige \u201cVlaamse\u2019\u2019 niveau stapelen zich op. Er zijn  in de rusthuizen en in de huizen voor gehandicapten te weinig tests en  er is te weinig beschermingsmateriaal, waaronder mondmaskers. Dat brengt  zowel het personeel als de bewoners van deze instellingen in  levensgevaar. Het grote aantal doden in de Noord-Belgische rusthuizen  lijkt verklaard te worden door de bevoegdheidsverdeling tussen het  federale niveau en de gemeenschapsniveaus en dus door een slechte  co\u00f6rdinatie tussen die twee niveaus, die door de staatshervormingen tot  stand kwamen. Er waren immers onvoldoende maskers aan Belgi\u00eb geleverd,  maar ze werden op federaal niveau besteld en kwamen daardoor niet aan in  de door de drie taalgemeenschappen beheerde rusthuizen en andere  zorginstellingen. Zo is een onbepaald aantal doden, maar waarschijnlijk honderden, te wijten aan het door de particratie gewild institutioneel systeem. Het &nbsp;taalfederalisme doodt dus nog eens. Maar  taalnationalisten trekken zich niets aan van enkele honderden  slachtoffers erbij. Dat systeem is gemaakt voor en door de particratie en de separatisten, niet voor de Belgen. <\/p>\n\n\n\n<p>Blijkbaar  heeft Beke aanvankelijk deze gevoelige informatie willen verzwijgen  door ze niet aan de Belgische overheid mee te delen.&nbsp;Zelfs in de  Sovjet-Unie was er ten tijde van de kernramp van Tsjernobyl (1986) meer  transparantie dan in het gefederaliseerde Belgi\u00eb\u2026<\/p>\n\n\n\n<p><strong>De  B.U.B. is verbijsterd door deze toestand met een hoog  \u201eNoord-Korea-gehalte\u201d. Gedurende weken werden honderden doden &nbsp;verzwegn  om de schrijnende situatie in de zorginstellingen van d egemeenschappen  te verzwijgen en bijgevolg ook het faillissement van het federalistische  systeem. Het feit dat Beke het federaal niveau de schuld geeft,  bevestigt alleen maar die stelling. <\/strong><\/p>\n\n\n\n<p>Het  federaal niveau kan niet rechtstreeks tussenkomen in  gemeenschapsinstellingen. Als \u00e9\u00e9n van de architecten van dit gruwelijke  federalisme moest Beke dit weten. En hij is niet van plan het  federalisme in vraag te stellen. Op 3 april 2020 vroeg een journalist  van <em>De Tijd<\/em> hem terecht of hij al vaak gefoeterd had op de zesde staatshervorming, die de bevoegdheden in de zorg nog meer versnipperde. Beke antwoordde hem: \u2018<em>Nog geen seconde. Met overleg en afspraken kan je alles oplossen\u2019.<\/em> Ga  dat maar eens vertellen aan de families van de honderden (of  duizenden?) doden die de pandemie al kostte bij de kwetsbare senioren\u2026<\/p>\n\n\n\n<p>De  onbekwaamheid van&nbsp;Beke toont ook aan dat in het kleine Belgi\u00eb het  federalisme nooit kan werken om de eenvoudige reden dat er onvoldoende  bekwame politici beschikbaar zijn om zo\u2019n complex systeem te beheren.<\/p>\n\n\n\n<p>Beke zal natuurlijk geen ontslag nemen. Hij  was lid van het separatistische KVHV, was voorzitter van de  anti-Belgische CD&amp;V en is nu lid van de overbodige \u201cVlaamse\u201d  regering. Hij is dus onaantastbaar, ook al vallen er door zijn wanbeheer  honderden of straks misschien zelfs duizenden doden. Het taalnationalisme is niet  ge\u00efnteresseerd in mensenlevens als het hem niet goed uitkomt. Het is een  doel op zich. Zo wordt ongestraft een schandalig en onmenselijk  federaal systeem in stand gehouden zonder dat de pers dit schijnt op te  merken. <\/p>\n\n\n\n<p>Na de aanslagen van 2015 en 2016 hadden een deel van de pers en de B.U.B. <strong>(<a href=\"https:\/\/www.unionbelge.be\/?p=9981\">link<\/a>)<\/strong>  nochtans al gewezen op de ineffici\u00ebntie en het dodelijk karakter van  het taalfederalisme, dat de financiering van de politie in gevaar bracht  en zo terroristen vrij spel liet en dat bovendien mensen de dood injoeg  in de Brusselse metro door een gebrekkige co\u00f6rdinatie tussen het  federale niveau en het Brussels gewest.<\/p>\n\n\n\n<p><strong>Maar de les van de bloedige aanslagen was blijkbaar niet genoeg. Voor de particratie moet de situatie nog crimineler worden. Ondanks  het ondraaglijk lijden dat het aan de Belgen berokkent en het grootste  politieke schandaal dat het sinds het einde van de Tweede Wereldoolog  heeft gecre\u00eberd, heeft het taalfederalisme nog een \u201cmooie\u201d toekomst voor  zich\u2026&nbsp;<\/strong><\/p>\n\n\n\n<figure class=\"wp-block-image size-large\"><img loading=\"lazy\" decoding=\"async\" width=\"720\" height=\"405\" src=\"https:\/\/www.unionbelge.be\/wp-content\/uploads\/2020\/03\/foto.jpg\" alt=\"\" class=\"wp-image-13209\" srcset=\"https:\/\/www.unionbelge.be\/wp-content\/uploads\/2020\/03\/foto.jpg 720w, https:\/\/www.unionbelge.be\/wp-content\/uploads\/2020\/03\/foto-420x236.jpg 420w, https:\/\/www.unionbelge.be\/wp-content\/uploads\/2020\/03\/foto-300x169.jpg 300w, https:\/\/www.unionbelge.be\/wp-content\/uploads\/2020\/03\/foto-600x338.jpg 600w\" sizes=\"auto, (max-width: 720px) 100vw, 720px\" \/><\/figure>\n\n\n\n<p><strong>LE PLUS GRAND SCANDALE POLITIQUE DEPUIS LA FIN DE LA DEUXIEME GUERRE MONDIALE&nbsp;! <\/strong><\/p>\n\n\n\n<p><strong>Le  7 avril 2020, le soi-disant ministre \u00ab&nbsp;flamand&nbsp;\u00bb de l\u2019aide sociale  Wouter Beke (CD&amp;V) a annonc\u00e9 que 619 personnes suppl\u00e9mentaires et  non encore rapport\u00e9es sont d\u00e9c\u00e9d\u00e9es dans des maisons de repos du nord de  la Belgique suite aux effets du coronavirus. Ainsi, le nombre total de  victimes de ce virus d\u00e9passe les 2.000 en Belgique, ce qui est  proportionnellement plus que dan les pays voisins (un sur 5.000 Belges). Cette information  importante relative \u00e0 la situation dans les maisons de repos a \u00e9t\u00e9  d\u00e9lib\u00e9r\u00e9ment cach\u00e9e par le \u00ab&nbsp;gouvernement&nbsp;\u00bb flamingant. Aussi la  coordination avec le niveau \u00ab&nbsp;f\u00e9d\u00e9ral&nbsp;\u00bb est-elle d\u00e9plorable, ce qui co\u00fbte beaucoup de vies humaines&#8230;<\/strong><\/p>\n\n\n\n<p>Les  probl\u00e8mes au niveau \u00ab&nbsp;flamand&nbsp;\u00bb superflu s\u2019accumulent. Dans les maisons  de repos et les maisons pour handicap\u00e9s, il y a trop peu de tests et  trop peu de mat\u00e9riel de protection, dont des masques de protection. Cela  met en danger de mort tant le personnel que les r\u00e9sidents de ces  institutions. Le manque de masques dans les maisons de repos du nord de  la Belgique semble d\u00fb \u00e0 la r\u00e9partition de comp\u00e9tences entre les niveaux  f\u00e9d\u00e9ral et communautaires et donc \u00e0 une mauvaise coordination entre ces  deux niveaux issus des r\u00e9formes de l\u2019Etat. On avait livr\u00e9 suffisamment  de masques \u00e0 la Belgique, mais ils ne sont pas arriv\u00e9s dans les maisons  de repos et autres institutions de soins g\u00e9r\u00e9es par les trois  communaut\u00e9s linguistiques. Ainsi, un nombre de morts ind\u00e9termin\u00e9, mais probablement des centaines, est d\u00fb au syst\u00e8me institutionnel voulu par la particratie. Le f\u00e9d\u00e9ralisme tue donc encore une fois.  Toutefois, les nationalistes se fichent bien de quelques centaines de  morts en plus. Ce syst\u00e8me est fait par et pour la particratie et les  s\u00e9paratistes, non pour les Belges. <\/p>\n\n\n\n<p>Apparemment, Beke a voulu taire ces donn\u00e9es sensibles en ne les communiquant pas au gouvernement belge. M\u00eame en Union Sovi\u00e9tique, il y avait plus de transparence au moment de la catastrophe nucl\u00e9aire de Tchernobyl (1986) que dans la Belgique f\u00e9d\u00e9ralis\u00e9e.<\/p>\n\n\n\n<p><strong>Le  B.U.B. est abasourdi par cette situation, digne de la Cor\u00e9e du Nord&nbsp;:  durant des semaines, des responsables flamingants ont tu des centaines  de d\u00e9c\u00e8s afin de cacher la situation critique dans les institutions de  soins au niveau communautaire et partant la faillite du syst\u00e8me  f\u00e9d\u00e9raliste. Le fait que Beke renvoie la balle au niveau f\u00e9d\u00e9ral ne  fait que confirmer cette th\u00e8se.<\/strong><\/p>\n\n\n\n<p>Le\n niveau f\u00e9d\u00e9ral ne peut intervenir directement dans les institutions \ncommunautaires. Comme l\u2019un des architectes de ce macabre f\u00e9d\u00e9ralisme, \nBeke ne pouvait l\u2019ignorer. Et apparemment, il n\u2019est pas pr\u00eat \u00e0 mettre en\n cause le f\u00e9d\u00e9ralisme. En effet, dans un entretien accord\u00e9 au journal <em>De Tijd<\/em>\n &nbsp;le 3 avril 2020, le journaliste lui a demand\u00e9 \u00e0 juste titre s&#8217;il ne \nregrettait pas encore la sixi\u00e8me \u00ab&nbsp;r\u00e9forme de l&#8217;\u00c9tat&nbsp;\u00bb, qui a encore \ndavantage \u00e9parpill\u00e9 les comp\u00e9tences en mati\u00e8re de soins de sant\u00e9. Beke a\n r\u00e9pondu: \u00ab&nbsp;<em>M\u00eame pas une seconde. On peut tout r\u00e9gler par la concertation et des accords&nbsp;<\/em>\u00bb. Expliquez cela un peu aux familles des centaines (ou milliers?) de morts que la pand\u00e9mie a d\u00e9j\u00e0 caus\u00e9 !<\/p>\n\n\n\n<p>L\u2019incomp\u00e9tence  de Beke d\u00e9montre \u00e9galement que le f\u00e9d\u00e9ralisme ne peut fonctionner dans  un petit pays comme la Belgique pour la simple raison qu\u2019il n\u2019y a pas  assez de politiciens comp\u00e9tents pour g\u00e9rer un syst\u00e8me si complexe. <\/p>\n\n\n\n<p>Bien s\u00fbr, Beke ne d\u00e9missionnera pas. L\u2019homme \u00e9tait membre de la KVHV, une organisation s\u00e9paratiste, il \u00e9tait pr\u00e9sident du CD&amp;V, un parti antibelge et est maintenant membre du gouvernement \u00ab\u00a0flamand\u00a0\u00bb inutile. Il est donc intouchable, m\u00eame si sa mauvaise gestion cause des centaines, et bient\u00f4t peut-\u00eatre des milliers de morts. Le nationalisme linguistique se d\u00e9sint\u00e9resse des vies humaines lorsque cela ne l\u2019arrange pas d\u2019y avoir \u00e9gard. Il est un but en soi. Ainsi, on maintient en vie impun\u00e9ment un syst\u00e8me f\u00e9d\u00e9ral scandaleux et inhumain sans que la presse ne semble s\u2019en \u00e9mouvoir.<\/p>\n\n\n\n<p>Apr\u00e8s les attentats de 2015 et 2016, une partie de la presse et le B.U.B. (<a href=\"https:\/\/www.unionbelge.be\/?p=9981\">lien<\/a>)  avaient cependant d\u00e9j\u00e0 mis en \u00e9vidence l\u2019inefficacit\u00e9 et le caract\u00e8re  mortel du f\u00e9d\u00e9ralisme linguistique, qui mettait en p\u00e9ril le financement  de la police laissant ainsi libre cours aux terroristes et qui causait  la mort de personnes dans le m\u00e9tro bruxellois en raison d&#8217;une mauvaise  coordination entre le niveau f\u00e9d\u00e9ral et la r\u00e9gion de Bruxelles. <\/p>\n\n\n\n<p><strong>Mais  la le\u00e7on des attentats sanglants n\u2019\u00e9tait apparemment pas suffisante.  Pour la particratie, la situation doit devenir encore plus criminelle.  Malgr\u00e9 la souffrance insupportable qu\u2019il cause aux Belges et le plus  grand scandale politique qu\u2019il a cr\u00e9\u00e9 depuis la fin de la deuxi\u00e8me  guerre mondiale, le f\u00e9d\u00e9ralisme linguistique a encore de \u00ab&nbsp;beaux&nbsp;\u00bb jours  devant lui\u2026<\/strong><\/p>\n\n\n\n<div class=\"wp-block-group\"><div class=\"wp-block-group__inner-container is-layout-flow wp-block-group-is-layout-flow\">\n<pre class=\"wp-block-preformatted\">DER GR\u00d6SSTE POLITISCHE SKANDAL SEIT DEM ENDE DES ZWEITEN WELTKRIEGS ! \n\nAm 7. April 2020 gab der sogenannte \"fl\u00e4mische\" Minister f\u00fcr Sozialhilfe Wouter Beke (CD&amp;V) bekannt, dass 619 weitere Personen, die noch nicht gemeldet wurden, in Pflegeheimen im Norden Belgiens an den Folgen des Coronavirus starben. Somit \u00fcbersteigt die Gesamtzahl der Opfer dieses Virus in Belgien 2.000, was proportional mehr ist als in den Nachbarl\u00e4ndern (einer von 5.000 Belgiern). Diese wichtigen Informationen zur Situation in Pflegeheimen wurden von der flamingantischen \"Regierung\" bewusst verschwiegen. Die Koordination mit der \"f\u00f6deralen\" Ebene ist also bedauerlich, was viele Menschenleben kostet... \n \n \n \n \n<\/pre>\n<\/div><\/div>\n\n\n\n<pre class=\"wp-block-preformatted\">&nbsp;<\/pre>\n\n\n\n<p><\/p>\n","protected":false},"excerpt":{"rendered":"<p>Op  7 april 2020 maakte de zogezegde \u201cVlaamse\u2019\u2019 minister van welzijn Wouter  Beke (CD&#038;V) bekend dat er 619 nog niet aan het federale niveau  gerapporteerde mensen in de Noord-Belgische rusthuizen bijkomend  overleden waren aan de gevolgen van het coronavirus. Zo zijn momenteel  meer dan 2.000 inwoners van Belgi\u00eb aan het virus overleden, wat  proportioneel meer is dan in de ons omringende landen. Deze belangrijke  informatie omtrent de toestand in de rusthuizen werd bewust door de  flamingantische \u201cregering\u201d verzwegen. Ook is de co\u00f6rdinatie met het  \u201cfederale\u201d niveau ondermaats, wat vele mensenlevens kost&#8230;<\/p>\n<p>Le  7 avril 2020, le soi-disant ministre \u00ab flamand \u00bb de l\u2019aide sociale  Wouter Beke (CD&#038;V) a annonc\u00e9 que 619 personnes suppl\u00e9mentaires et  non encore rapport\u00e9es sont d\u00e9c\u00e9d\u00e9es dans des maisons de repos du nord de  la Belgique suite aux effets du coronavirus. Ainsi, le nombre total de  victimes de ce virus d\u00e9passe les 2.000 en Belgique, ce qui est  proportionnellement plus que dan les pays voisins (un sur 5.000 Belges). Cette information  importante relative \u00e0 la situation dans les maisons de repos a \u00e9t\u00e9  d\u00e9lib\u00e9r\u00e9ment cach\u00e9e par le \u00ab gouvernement \u00bb flamingant. Aussi la  coordination avec le niveau \u00ab f\u00e9d\u00e9ral \u00bb est-elle d\u00e9plorable, ce qui co\u00fbte beaucoup de vies humaines&#8230;<\/p>\n","protected":false},"author":2,"featured_media":13216,"comment_status":"closed","ping_status":"closed","sticky":false,"template":"","format":"standard","meta":{"ngg_post_thumbnail":0,"jetpack_post_was_ever_published":false,"_jetpack_newsletter_access":"","_jetpack_dont_email_post_to_subs":false,"_jetpack_newsletter_tier_id":0,"_jetpack_memberships_contains_paywalled_content":false,"powered_cache_disable_cache":false,"_jetpack_memberships_contains_paid_content":false,"footnotes":"","jetpack_publicize_message":"","jetpack_publicize_feature_enabled":true,"jetpack_social_post_already_shared":true,"jetpack_social_options":{"image_generator_settings":{"template":"highway","default_image_id":0,"font":"","enabled":false},"version":2}},"categories":[1,5],"tags":[],"class_list":["post-13212","post","type-post","status-publish","format-standard","has-post-thumbnail","hentry","category-news0","category-opinions"],"jetpack_publicize_connections":[],"jetpack_featured_media_url":"https:\/\/www.unionbelge.be\/wp-content\/uploads\/2020\/04\/afb.png","jetpack_sharing_enabled":true,"jetpack_shortlink":"https:\/\/wp.me\/p6Y7u0-3r6","jetpack_likes_enabled":false,"_links":{"self":[{"href":"https:\/\/www.unionbelge.be\/index.php?rest_route=\/wp\/v2\/posts\/13212","targetHints":{"allow":["GET"]}}],"collection":[{"href":"https:\/\/www.unionbelge.be\/index.php?rest_route=\/wp\/v2\/posts"}],"about":[{"href":"https:\/\/www.unionbelge.be\/index.php?rest_route=\/wp\/v2\/types\/post"}],"author":[{"embeddable":true,"href":"https:\/\/www.unionbelge.be\/index.php?rest_route=\/wp\/v2\/users\/2"}],"replies":[{"embeddable":true,"href":"https:\/\/www.unionbelge.be\/index.php?rest_route=%2Fwp%2Fv2%2Fcomments&post=13212"}],"version-history":[{"count":11,"href":"https:\/\/www.unionbelge.be\/index.php?rest_route=\/wp\/v2\/posts\/13212\/revisions"}],"predecessor-version":[{"id":13231,"href":"https:\/\/www.unionbelge.be\/index.php?rest_route=\/wp\/v2\/posts\/13212\/revisions\/13231"}],"wp:featuredmedia":[{"embeddable":true,"href":"https:\/\/www.unionbelge.be\/index.php?rest_route=\/wp\/v2\/media\/13216"}],"wp:attachment":[{"href":"https:\/\/www.unionbelge.be\/index.php?rest_route=%2Fwp%2Fv2%2Fmedia&parent=13212"}],"wp:term":[{"taxonomy":"category","embeddable":true,"href":"https:\/\/www.unionbelge.be\/index.php?rest_route=%2Fwp%2Fv2%2Fcategories&post=13212"},{"taxonomy":"post_tag","embeddable":true,"href":"https:\/\/www.unionbelge.be\/index.php?rest_route=%2Fwp%2Fv2%2Ftags&post=13212"}],"curies":[{"name":"wp","href":"https:\/\/api.w.org\/{rel}","templated":true}]}}