{"id":1315,"date":"2002-11-03T00:49:30","date_gmt":"2002-11-02T22:49:30","guid":{"rendered":"http:\/\/www.unionbelge.be\/?p=1315"},"modified":"2010-09-07T00:50:16","modified_gmt":"2010-09-06T22:50:16","slug":"de-waal-en-de-auto","status":"publish","type":"post","link":"https:\/\/www.unionbelge.be\/?p=1315","title":{"rendered":"De Waal en de auto"},"content":{"rendered":"<p><strong>Nu het politieke landschap weer in beroering is door de kwestie rond Francorchamps, stellen velen zich terecht de vraag waarom ons land \u2018heiliger moet zijn dan de paus\u2019 en nu al tabaksreclame verbieden, terwijl de Europese richtlijnen dit pas gebieden voor 2006. Het moet zijn dat G. Bourgeois op een weinig gemoedelijke voet leeft met tabak, want hij verzet zich blijkbaar enorm heftig tegen de reclame.<\/strong><\/p>\n<p>Omdat hij het vuur niet aan de sigaret kan brengen, voelt hij er meer voor om de lont elders aan te steken. De man is ook milieubewust en hij vindt niet alleen de rook van tabak, maar ook die van uitlaatgassen bedervend. Vandaar zijn initiatief met speelgoedautootjes. Terecht zou men zich kunnen afvragen waarom een volwassen man in vredesnaam zijn tijd in zulke fratsen moet steken. Maar met flaminganten weet je maar nooit, d\u00e0t was ons al langer bekend. Klaarblijkelijk dienen de auto\u2019s die weldra zullen uitgedeeld worden om te tonen hoeveel geld er we jaarlijks vloeit naar de \u2018Walen\u2019. Er is een andere partij die zulk een symboliek gebruikt, het Vlaams Blok. De N-VA doet dus wederom beroep op de symboliek van zijn spitsbroeders. Inderdaad zijn zij de Vlaamse idee indachtig. Had Karel Dillen immers niet verklaard dat \u2018de Waal een parasiet is op het Vlaamse volk\u2019? En dus kunnen we om de twee jaar een auto kopen wanneer we \u2018vrij zijn\u2019 van het Walenland. Voorwaar een schitterend vooruitzicht waar geen rechtgeaarde Vlaming aan moet kunnen weerstaan, zo menen de beide partijen.<\/p>\n<p>Het feit dat zulk een symboliek aanzet tot racisme was natuurlijk nog niet opgekomen in de hoofden van deze mensen. Blijkbaar zijn sommige tabaksonthouders grote verbruikers van alcohol. De Franstalige politici ondertussen vinden dat de tabaksreclame behouden moet worden omdat het de belangen van het Waals gewest dient. Dit is natuurlijk een grove leugen, Francorchamps is goed voor de uitstraling van h\u00e9\u00e9l Belgi\u00eb. Dat komt ervan wanneer men partijen regionaliseert. Uit dit en het voorval (waarbij Agalev en Ecolo aanvankelijk een gescheiden koers voeren) bij Nepal trokken sommigen de conclusie dat Frans- en Nederlandstaligen niet in \u00e9\u00e9n partij kunnen samenzitten. Dat dat niet komt omdat ze te \u2018verschillend\u2019 zijn, maar simpelweg omdat ze geen verantwoording moeten afleggen voor heel het hele land bij de federale verkiezingen, d\u00e0\u00e0r denkt blijkbaar niemand aan.<\/p>\n<p>Onze beweging waarin mensen van alle taalgroepen vreedzaam samenwerken bewijst dag na dag de onzin van zulke leugens, en ontmaskert ze als platvloers racisme. Verdoken, dat wel. Of gelooft u ook dat u binnenkort twee auto\u2019s kan kopen om de vier jaar door simpelweg te stoppen met roken?<\/p>\n","protected":false},"excerpt":{"rendered":"<p>Nu het politieke landschap weer in beroering is door de kwestie rond Francorchamps, stellen velen [&hellip;]<\/p>\n","protected":false},"author":2,"featured_media":0,"comment_status":"closed","ping_status":"open","sticky":false,"template":"","format":"standard","meta":{"ngg_post_thumbnail":0,"jetpack_post_was_ever_published":false,"_jetpack_newsletter_access":"","_jetpack_dont_email_post_to_subs":false,"_jetpack_newsletter_tier_id":0,"_jetpack_memberships_contains_paywalled_content":false,"powered_cache_disable_cache":false,"_jetpack_memberships_contains_paid_content":false,"footnotes":"","jetpack_publicize_message":"","jetpack_publicize_feature_enabled":true,"jetpack_social_post_already_shared":false,"jetpack_social_options":{"image_generator_settings":{"template":"highway","default_image_id":0,"font":"","enabled":false},"version":2}},"categories":[5],"tags":[],"class_list":["post-1315","post","type-post","status-publish","format-standard","hentry","category-opinions"],"jetpack_publicize_connections":[],"jetpack_featured_media_url":"","jetpack_sharing_enabled":true,"jetpack_shortlink":"https:\/\/wp.me\/p6Y7u0-ld","jetpack_likes_enabled":false,"_links":{"self":[{"href":"https:\/\/www.unionbelge.be\/index.php?rest_route=\/wp\/v2\/posts\/1315","targetHints":{"allow":["GET"]}}],"collection":[{"href":"https:\/\/www.unionbelge.be\/index.php?rest_route=\/wp\/v2\/posts"}],"about":[{"href":"https:\/\/www.unionbelge.be\/index.php?rest_route=\/wp\/v2\/types\/post"}],"author":[{"embeddable":true,"href":"https:\/\/www.unionbelge.be\/index.php?rest_route=\/wp\/v2\/users\/2"}],"replies":[{"embeddable":true,"href":"https:\/\/www.unionbelge.be\/index.php?rest_route=%2Fwp%2Fv2%2Fcomments&post=1315"}],"version-history":[{"count":2,"href":"https:\/\/www.unionbelge.be\/index.php?rest_route=\/wp\/v2\/posts\/1315\/revisions"}],"predecessor-version":[{"id":1317,"href":"https:\/\/www.unionbelge.be\/index.php?rest_route=\/wp\/v2\/posts\/1315\/revisions\/1317"}],"wp:attachment":[{"href":"https:\/\/www.unionbelge.be\/index.php?rest_route=%2Fwp%2Fv2%2Fmedia&parent=1315"}],"wp:term":[{"taxonomy":"category","embeddable":true,"href":"https:\/\/www.unionbelge.be\/index.php?rest_route=%2Fwp%2Fv2%2Fcategories&post=1315"},{"taxonomy":"post_tag","embeddable":true,"href":"https:\/\/www.unionbelge.be\/index.php?rest_route=%2Fwp%2Fv2%2Ftags&post=1315"}],"curies":[{"name":"wp","href":"https:\/\/api.w.org\/{rel}","templated":true}]}}