{"id":12989,"date":"2019-09-08T23:03:08","date_gmt":"2019-09-08T22:03:08","guid":{"rendered":"http:\/\/www.unionbelge.be\/?p=12989"},"modified":"2019-09-14T14:20:07","modified_gmt":"2019-09-14T13:20:07","slug":"van-de-cauter-et-tilkin-passent-au-second-tour-van-de-cauter-en-tilkin-gaan-naar-de-tweede-ronde","status":"publish","type":"post","link":"https:\/\/www.unionbelge.be\/?p=12989","title":{"rendered":"VAN DE CAUTER ET TILKIN PASSENT AU SECOND TOUR &#8211; VAN DE CAUTER EN TILKIN GAAN NAAR DE TWEEDE RONDE"},"content":{"rendered":"\n<p><strong>LE SECOND TOUR AURA LIEU LE 28 SEPTEMBRE<\/strong><\/p>\n\n\n\n<p><strong>Aux \u00e9lections pour \u00e9lire le  nouveau pr\u00e9sident du B.U.B. qui ont eu lieu \u00e0 Bruxelles le 7 septembre  2019, les quatre candidats ont obtenu les votes suivants&nbsp;des 17 membres  du conseil du parti (moins une abstention):<\/strong><\/p>\n\n\n\n<p>Tim Hottelet: 3 voix<\/p>\n\n\n\n<p>Giuseppe Baudewijns : 0 voix (a vot\u00e9 pour un autre candidat)<\/p>\n\n\n\n<p>Hans Van de Cauter&nbsp;: 8 voix<\/p>\n\n\n\n<p>Charles-Emmanuel Tilkin&nbsp;: 5 voix<\/p>\n\n\n\n<p>Chaque candidat \u00e9tait convaincu  du fait que l\u2019unit\u00e9 et le progr\u00e8s du plus beau et meilleur parti de la  Belgique \u00e9tait le but commun et chaque candidat s\u2019est d\u00e9clar\u00e9 pr\u00eat \u00e0  faire tout son possible pour r\u00e9aliser cet objectif, quel que soit son  r\u00e9sultat. De justesse, le pr\u00e9sident sortant Van de Cauter n\u2019a pas obtenu  assez de voix pour \u00eatre d\u00e9j\u00e0 \u00e9lu au premier tour.<\/p>\n\n\n\n<p>Hans Van de Cauter et  Charles-Emmanuel Tilkin sont donc s\u00e9lectionn\u00e9s pour le second tour, qui  aura lieu le 28 septembre 2019 \u00e0 Bruxelles o\u00f9 ils vont se disputer le  titre de pr\u00e9sident de l\u2019Union belge pour une p\u00e9riode de 5 ans.<\/p>\n\n\n\n<p><strong>Le B.U.B. remercie les 4  candidats et se r\u00e9jouit de la s\u00e9r\u00e9nit\u00e9 et de l\u2019honn\u00eatet\u00e9 de la campagne.  Nous souhaitons bonne chance aux deux candidats restants ! Vive la  B.U.B., vive la Belgique!<\/strong><\/p>\n\n\n\n<p><\/p>\n\n\n\n<p><strong>DE TWEEDE RONDE ZAL OP 28 SEPTEMBER PLAATSVINDEN<\/strong><\/p>\n\n\n\n<p><strong>Bij de  voorzittersverkiezingen die op 7 september 2019 in Brussel plaatsvonden,  hebben de vier kandidaten van de 17 partijraadsleden (min \u00e9\u00e9n  onthouding) de volgende stemmen behaald:<\/strong><\/p>\n\n\n\n<p>Tim Hottelet: 3 stemmen<\/p>\n\n\n\n<p>Giuseppe Baudewijns: 0 stemmen (heeft voor een andere kandidaat gestemd)<\/p>\n\n\n\n<p>Hans Van de Cauter: 8 stemmen<\/p>\n\n\n\n<p>Charles-Emmanuel Tilkin: 5 stemmen<\/p>\n\n\n\n<p>Elke kandidaat was ervan  overtuigd dat de eenheid en de vooruitgang van de mooiste en beste  partij van Belgi\u00eb het gemeenschappelijke doel is en elke kandidaat  verklaarde zich bereid daarvoor alles te doen wat mogelijk is, ongeacht  zijn resultaat. Uittredend voorzitter Van de Cauter behaalde net niet  genoeg stemmen om in de eerste ronde al verkozen te worden.<\/p>\n\n\n\n<p>Hans Van de Cauter en  Charles-Emmanuel Tilkin zijn dus geplaatst voor de tweede ronde die op  28 september 2019 in Brussel zal plaatsvinden, waar ze zullen strijden  om de titel van voorzitter van de B.U.B. voor een periode van 5 jaar.<\/p>\n\n\n\n<p><strong>De B.U.B. dankt de vier \nkandidaten en is verheugd met de sereniteit en de eerlijkheid van de \ncampagne. We wensen veel geluk aan de twee overblijvende kandidaten ! \nLeve de B.U.B., leve Belgi\u00eb !<\/strong><\/p>\n","protected":false},"excerpt":{"rendered":"<p>Aux \u00e9lections pour \u00e9lire le  nouveau pr\u00e9sident du B.U.B. qui ont eu lieu \u00e0 Bruxelles le 7 septembre  2019, les quatre candidats ont obtenu les votes suivants des 17 membres  du conseil du parti (moins une abstention):<\/p>\n<p>Bij de  voorzittersverkiezingen die op 7 september 2019 in Brussel plaatsvonden,  hebben de vier kandidaten van de 17 partijraadsleden (min \u00e9\u00e9n  onthouding) de volgende stemmen behaald:<\/p>\n","protected":false},"author":2,"featured_media":12990,"comment_status":"closed","ping_status":"closed","sticky":false,"template":"","format":"standard","meta":{"ngg_post_thumbnail":0,"jetpack_post_was_ever_published":false,"_jetpack_newsletter_access":"","_jetpack_dont_email_post_to_subs":false,"_jetpack_newsletter_tier_id":0,"_jetpack_memberships_contains_paywalled_content":false,"powered_cache_disable_cache":false,"_jetpack_memberships_contains_paid_content":false,"footnotes":"","jetpack_publicize_message":"","jetpack_publicize_feature_enabled":true,"jetpack_social_post_already_shared":true,"jetpack_social_options":{"image_generator_settings":{"template":"highway","default_image_id":0,"font":"","enabled":false},"version":2}},"categories":[4],"tags":[],"class_list":["post-12989","post","type-post","status-publish","format-standard","has-post-thumbnail","hentry","category-info"],"jetpack_publicize_connections":[],"jetpack_featured_media_url":"https:\/\/www.unionbelge.be\/wp-content\/uploads\/2019\/09\/voorz.png","jetpack_sharing_enabled":true,"jetpack_shortlink":"https:\/\/wp.me\/p6Y7u0-3nv","jetpack_likes_enabled":false,"_links":{"self":[{"href":"https:\/\/www.unionbelge.be\/index.php?rest_route=\/wp\/v2\/posts\/12989","targetHints":{"allow":["GET"]}}],"collection":[{"href":"https:\/\/www.unionbelge.be\/index.php?rest_route=\/wp\/v2\/posts"}],"about":[{"href":"https:\/\/www.unionbelge.be\/index.php?rest_route=\/wp\/v2\/types\/post"}],"author":[{"embeddable":true,"href":"https:\/\/www.unionbelge.be\/index.php?rest_route=\/wp\/v2\/users\/2"}],"replies":[{"embeddable":true,"href":"https:\/\/www.unionbelge.be\/index.php?rest_route=%2Fwp%2Fv2%2Fcomments&post=12989"}],"version-history":[{"count":2,"href":"https:\/\/www.unionbelge.be\/index.php?rest_route=\/wp\/v2\/posts\/12989\/revisions"}],"predecessor-version":[{"id":12993,"href":"https:\/\/www.unionbelge.be\/index.php?rest_route=\/wp\/v2\/posts\/12989\/revisions\/12993"}],"wp:featuredmedia":[{"embeddable":true,"href":"https:\/\/www.unionbelge.be\/index.php?rest_route=\/wp\/v2\/media\/12990"}],"wp:attachment":[{"href":"https:\/\/www.unionbelge.be\/index.php?rest_route=%2Fwp%2Fv2%2Fmedia&parent=12989"}],"wp:term":[{"taxonomy":"category","embeddable":true,"href":"https:\/\/www.unionbelge.be\/index.php?rest_route=%2Fwp%2Fv2%2Fcategories&post=12989"},{"taxonomy":"post_tag","embeddable":true,"href":"https:\/\/www.unionbelge.be\/index.php?rest_route=%2Fwp%2Fv2%2Ftags&post=12989"}],"curies":[{"name":"wp","href":"https:\/\/api.w.org\/{rel}","templated":true}]}}