{"id":12977,"date":"2019-09-03T23:02:48","date_gmt":"2019-09-03T22:02:48","guid":{"rendered":"http:\/\/www.unionbelge.be\/?p=12977"},"modified":"2019-09-05T16:20:46","modified_gmt":"2019-09-05T15:20:46","slug":"verkiezingen-voorzitterschap-b-u-b-elections-du-president-du-b-u-b","status":"publish","type":"post","link":"https:\/\/www.unionbelge.be\/?p=12977","title":{"rendered":"VERKIEZINGEN VOORZITTERSCHAP B.U.B. &#8211; ELECTIONS DU PRESIDENT DU B.U.B."},"content":{"rendered":"\n<p><strong>VIER KANDIDATEN STRIJDEN OM DE TITEL<\/strong><\/p>\n\n\n\n<p><strong>Overeenkomstig artikel 4 van de statuten van de B.U.B. wordt de voorzitter van de partij door de partijraad bij gewone meerderheid voor een periode van 5 jaar verkozen. De laatste verkiezing was op 6 september 2014. In september 2019 vindt derhalve een nieuwe verkiezing plaats om uittredend voorzitter Hans Van de Cauter te vervangen.<\/strong><\/p>\n\n\n\n<p>Vier Belgen hebben in deze chronologische volgorde hun\nkandidatuur gesteld:<\/p>\n\n\n\n<div class=\"wp-block-image\"><figure class=\"aligncenter is-resized\"><img loading=\"lazy\" decoding=\"async\" src=\"https:\/\/www.unionbelge.be\/wp-content\/uploads\/2019\/09\/67311144_10157353362339500_612092638509662208_n.jpg\" alt=\"\" class=\"wp-image-12980\" width=\"215\" height=\"218\"\/><figcaption>Tim Hottelet<\/figcaption><\/figure><\/div>\n\n\n\n<ul class=\"wp-block-list\"><li>Tim Hottelet, bediende NMBS en partijraadslid<\/li><li>Giuseppe Baudewijns, foorkramer en partijraadslid<\/li><li>Hans Van de Cauter, advocaat en uittredend voorzitter<\/li><li>Charles-Emmanuel Tilkin, ambtenaar (FOD Financi\u00ebn) en partijraadslid <\/li><li><\/li><\/ul>\n\n\n\n<div class=\"wp-block-image\"><figure class=\"aligncenter is-resized\"><img loading=\"lazy\" decoding=\"async\" src=\"https:\/\/www.unionbelge.be\/wp-content\/uploads\/2019\/09\/55897327_2096075380499930_1124414548237877248_n.jpg\" alt=\"\" class=\"wp-image-12979\" width=\"215\" height=\"215\" srcset=\"https:\/\/www.unionbelge.be\/wp-content\/uploads\/2019\/09\/55897327_2096075380499930_1124414548237877248_n.jpg 160w, https:\/\/www.unionbelge.be\/wp-content\/uploads\/2019\/09\/55897327_2096075380499930_1124414548237877248_n-100x100.jpg 100w, https:\/\/www.unionbelge.be\/wp-content\/uploads\/2019\/09\/55897327_2096075380499930_1124414548237877248_n-150x150.jpg 150w\" sizes=\"auto, (max-width: 215px) 100vw, 215px\" \/><figcaption>Giuseppe Baudewijns<\/figcaption><\/figure><\/div>\n\n\n\n<p><strong>De verkiezing vindt plaats op de partijraadsvergadering van 7 september. Als een tweede verkiezing nodig blijkt, zal die plaatsvinden op 28 september.<\/strong><\/p>\n\n\n\n<p><strong>De B.U.B. wenst elke kandidaat succes !<\/strong><\/p>\n\n\n\n<p><strong>ELECTIONS DU PRESIDENT DU B.U.B.<\/strong><\/p>\n\n\n\n<p><strong>QUATRE CANDIDATS EN LICE<\/strong><\/p>\n\n\n\n<p><strong>Conform\u00e9ment \u00e0 l\u2019article 4 des statuts du B.U.B, le pr\u00e9sident du parti est \u00e9lu pour une p\u00e9riode de cinq ans par le conseil du parti et \u00e0 majorit\u00e9 simple. La derni\u00e8re \u00e9lection ayant eu lieu le 6 septembre 2014, une nouvelle \u00e9lection aura lieu en septembre 2019 afin de remplacer le pr\u00e9sident sortant, Hans Van de Cauter.<\/strong><\/p>\n\n\n\n<div class=\"wp-block-image\"><figure class=\"aligncenter is-resized\"><img loading=\"lazy\" decoding=\"async\" src=\"https:\/\/www.unionbelge.be\/wp-content\/uploads\/2019\/09\/62164424_10157206452138340_3099820799675072512_n.jpg\" alt=\"\" class=\"wp-image-12981\" width=\"197\" height=\"197\" srcset=\"https:\/\/www.unionbelge.be\/wp-content\/uploads\/2019\/09\/62164424_10157206452138340_3099820799675072512_n.jpg 960w, https:\/\/www.unionbelge.be\/wp-content\/uploads\/2019\/09\/62164424_10157206452138340_3099820799675072512_n-420x420.jpg 420w, https:\/\/www.unionbelge.be\/wp-content\/uploads\/2019\/09\/62164424_10157206452138340_3099820799675072512_n-100x100.jpg 100w, https:\/\/www.unionbelge.be\/wp-content\/uploads\/2019\/09\/62164424_10157206452138340_3099820799675072512_n-800x800.jpg 800w, https:\/\/www.unionbelge.be\/wp-content\/uploads\/2019\/09\/62164424_10157206452138340_3099820799675072512_n-150x150.jpg 150w, https:\/\/www.unionbelge.be\/wp-content\/uploads\/2019\/09\/62164424_10157206452138340_3099820799675072512_n-300x300.jpg 300w, https:\/\/www.unionbelge.be\/wp-content\/uploads\/2019\/09\/62164424_10157206452138340_3099820799675072512_n-768x768.jpg 768w, https:\/\/www.unionbelge.be\/wp-content\/uploads\/2019\/09\/62164424_10157206452138340_3099820799675072512_n-600x600.jpg 600w, https:\/\/www.unionbelge.be\/wp-content\/uploads\/2019\/09\/62164424_10157206452138340_3099820799675072512_n-630x630-cropped.jpg 630w, https:\/\/www.unionbelge.be\/wp-content\/uploads\/2019\/09\/62164424_10157206452138340_3099820799675072512_n-200x200.jpg 200w\" sizes=\"auto, (max-width: 197px) 100vw, 197px\" \/><figcaption>Hans Van de Cauter<\/figcaption><\/figure><\/div>\n\n\n\n<p>Dans l\u2019ordre chronologique suivant, quatre Belges ont pos\u00e9 leur candidature:&nbsp;<\/p>\n\n\n\n<ul class=\"wp-block-list\"><li>Tim Hottelet, employ\u00e9 SNCB et membre du conseil de parti&nbsp;<\/li><li>Giuseppe Baudewijns, forain&nbsp;et membre du conseil de parti&nbsp;<\/li><li>Hans Van de Cauter, avocat et pr\u00e9sident sortant<\/li><li>Charles-Emmanuel Tilkin, fonctionnaire (SPF Finances) et membre du conseil de parti<\/li><\/ul>\n\n\n\n<div class=\"wp-block-image\"><figure class=\"aligncenter is-resized\"><img loading=\"lazy\" decoding=\"async\" src=\"https:\/\/www.unionbelge.be\/wp-content\/uploads\/2019\/09\/18698553_10212874648839363_1526723421207077681_n.jpg\" alt=\"\" class=\"wp-image-12982\" width=\"179\" height=\"179\" srcset=\"https:\/\/www.unionbelge.be\/wp-content\/uploads\/2019\/09\/18698553_10212874648839363_1526723421207077681_n.jpg 868w, https:\/\/www.unionbelge.be\/wp-content\/uploads\/2019\/09\/18698553_10212874648839363_1526723421207077681_n-420x420.jpg 420w, https:\/\/www.unionbelge.be\/wp-content\/uploads\/2019\/09\/18698553_10212874648839363_1526723421207077681_n-100x100.jpg 100w, https:\/\/www.unionbelge.be\/wp-content\/uploads\/2019\/09\/18698553_10212874648839363_1526723421207077681_n-800x800.jpg 800w, https:\/\/www.unionbelge.be\/wp-content\/uploads\/2019\/09\/18698553_10212874648839363_1526723421207077681_n-150x150.jpg 150w, https:\/\/www.unionbelge.be\/wp-content\/uploads\/2019\/09\/18698553_10212874648839363_1526723421207077681_n-300x300.jpg 300w, https:\/\/www.unionbelge.be\/wp-content\/uploads\/2019\/09\/18698553_10212874648839363_1526723421207077681_n-768x768.jpg 768w, https:\/\/www.unionbelge.be\/wp-content\/uploads\/2019\/09\/18698553_10212874648839363_1526723421207077681_n-600x600.jpg 600w, https:\/\/www.unionbelge.be\/wp-content\/uploads\/2019\/09\/18698553_10212874648839363_1526723421207077681_n-200x200.jpg 200w\" sizes=\"auto, (max-width: 179px) 100vw, 179px\" \/><figcaption>Charles-Emmanuel Tilkin,<\/figcaption><\/figure><\/div>\n\n\n\n<p><strong>L\u2019\u00e9lection aura lieu \u00e0 la r\u00e9union du conseil du parti du 7 septembre. S\u2019il s\u2019av\u00e8re n\u00e9cessaire d\u2019organiser une deuxi\u00e8me \u00e9lection, celle-ci aura lieu le 28 septembre.&nbsp;<\/strong><\/p>\n\n\n\n<p><strong>Le B.U.B. souhaite bonne chance \u00e0 chaque candidat&nbsp;!<\/strong><\/p>\n","protected":false},"excerpt":{"rendered":"<p>Overeenkomstig artikel 4 van de statuten van de B.U.B. wordt de voorzitter van de partij door de partijraad bij gewone meerderheid voor een periode van 5 jaar verkozen. De laatste verkiezing was op 6 september 2014. In september 2019 vindt derhalve een nieuwe verkiezing plaats om uittredend voorzitter Hans Van de Cauter te vervangen.\ufeff<\/p>\n<p>Conform\u00e9ment \u00e0 l\u2019article 4 des statuts du B.U.B, le pr\u00e9sident du parti est \u00e9lu pour une p\u00e9riode de cinq ans par le conseil du parti et \u00e0 majorit\u00e9 simple. La derni\u00e8re \u00e9lection ayant eu lieu le 6 septembre 2014, une nouvelle \u00e9lection aura lieu en septembre 2019 afin de remplacer le pr\u00e9sident sortant, Hans Van de Cauter.<\/p>\n","protected":false},"author":2,"featured_media":12978,"comment_status":"closed","ping_status":"closed","sticky":false,"template":"","format":"standard","meta":{"ngg_post_thumbnail":0,"jetpack_post_was_ever_published":false,"_jetpack_newsletter_access":"","_jetpack_dont_email_post_to_subs":false,"_jetpack_newsletter_tier_id":0,"_jetpack_memberships_contains_paywalled_content":false,"powered_cache_disable_cache":false,"_jetpack_memberships_contains_paid_content":false,"footnotes":"","jetpack_publicize_message":"","jetpack_publicize_feature_enabled":true,"jetpack_social_post_already_shared":true,"jetpack_social_options":{"image_generator_settings":{"template":"highway","default_image_id":0,"font":"","enabled":false},"version":2}},"categories":[1,4],"tags":[],"class_list":["post-12977","post","type-post","status-publish","format-standard","has-post-thumbnail","hentry","category-news0","category-info"],"jetpack_publicize_connections":[],"jetpack_featured_media_url":"https:\/\/www.unionbelge.be\/wp-content\/uploads\/2019\/09\/Logo-BUB-2018-color.png","jetpack_sharing_enabled":true,"jetpack_shortlink":"https:\/\/wp.me\/p6Y7u0-3nj","jetpack_likes_enabled":false,"_links":{"self":[{"href":"https:\/\/www.unionbelge.be\/index.php?rest_route=\/wp\/v2\/posts\/12977","targetHints":{"allow":["GET"]}}],"collection":[{"href":"https:\/\/www.unionbelge.be\/index.php?rest_route=\/wp\/v2\/posts"}],"about":[{"href":"https:\/\/www.unionbelge.be\/index.php?rest_route=\/wp\/v2\/types\/post"}],"author":[{"embeddable":true,"href":"https:\/\/www.unionbelge.be\/index.php?rest_route=\/wp\/v2\/users\/2"}],"replies":[{"embeddable":true,"href":"https:\/\/www.unionbelge.be\/index.php?rest_route=%2Fwp%2Fv2%2Fcomments&post=12977"}],"version-history":[{"count":2,"href":"https:\/\/www.unionbelge.be\/index.php?rest_route=\/wp\/v2\/posts\/12977\/revisions"}],"predecessor-version":[{"id":12984,"href":"https:\/\/www.unionbelge.be\/index.php?rest_route=\/wp\/v2\/posts\/12977\/revisions\/12984"}],"wp:featuredmedia":[{"embeddable":true,"href":"https:\/\/www.unionbelge.be\/index.php?rest_route=\/wp\/v2\/media\/12978"}],"wp:attachment":[{"href":"https:\/\/www.unionbelge.be\/index.php?rest_route=%2Fwp%2Fv2%2Fmedia&parent=12977"}],"wp:term":[{"taxonomy":"category","embeddable":true,"href":"https:\/\/www.unionbelge.be\/index.php?rest_route=%2Fwp%2Fv2%2Fcategories&post=12977"},{"taxonomy":"post_tag","embeddable":true,"href":"https:\/\/www.unionbelge.be\/index.php?rest_route=%2Fwp%2Fv2%2Ftags&post=12977"}],"curies":[{"name":"wp","href":"https:\/\/api.w.org\/{rel}","templated":true}]}}