{"id":12938,"date":"2019-07-24T22:01:40","date_gmt":"2019-07-24T21:01:40","guid":{"rendered":"http:\/\/www.unionbelge.be\/?p=12938"},"modified":"2019-07-25T14:44:06","modified_gmt":"2019-07-25T13:44:06","slug":"la-majorite-des-belges-souhaite-un-retour-vers-un-pays-unitaire-meerderheid-belgen-wil-terug-naar-unitaire-staat","status":"publish","type":"post","link":"https:\/\/www.unionbelge.be\/?p=12938","title":{"rendered":"LA MAJORITE DES BELGES SOUHAITE LE RETOUR VERS L&#8217;ETAT UNITAIRE &#8211; MEERDERHEID BELGEN WIL TERUG NAAR UNITAIRE STAAT"},"content":{"rendered":"\n<p><strong>STAND DU B.U.B. DU 21 JUILLET 2019<\/strong><\/p>\n\n\n\n<p><strong>Comme chaque ann\u00e9e, le stand du B.U.B. situ\u00e9 Rue de la R\u00e9gence \u00e0 Bruxelles fut un grand succ\u00e8s. Les membres du parti pr\u00e9sents ont expliqu\u00e9 notre parti unitariste et centriste et ont vendu des gadgets tricolores comme des drapeaux belges et des pin\u2019s. Ils ont \u00e9galement fait compl\u00e9ter des formulaires pour le parti.<\/strong><\/p>\n\n\n\n<figure class=\"wp-block-image\"><img loading=\"lazy\" decoding=\"async\" width=\"1024\" height=\"768\" src=\"https:\/\/www.unionbelge.be\/wp-content\/uploads\/2019\/07\/WhatsApp-Image-2019-07-21-at-20.23.22-1024x768.jpeg\" alt=\"\" class=\"wp-image-12940\" srcset=\"https:\/\/www.unionbelge.be\/wp-content\/uploads\/2019\/07\/WhatsApp-Image-2019-07-21-at-20.23.22-1024x768.jpeg 1024w, https:\/\/www.unionbelge.be\/wp-content\/uploads\/2019\/07\/WhatsApp-Image-2019-07-21-at-20.23.22-420x315.jpeg 420w, https:\/\/www.unionbelge.be\/wp-content\/uploads\/2019\/07\/WhatsApp-Image-2019-07-21-at-20.23.22-800x600.jpeg 800w, https:\/\/www.unionbelge.be\/wp-content\/uploads\/2019\/07\/WhatsApp-Image-2019-07-21-at-20.23.22-300x225.jpeg 300w, https:\/\/www.unionbelge.be\/wp-content\/uploads\/2019\/07\/WhatsApp-Image-2019-07-21-at-20.23.22-768x576.jpeg 768w, https:\/\/www.unionbelge.be\/wp-content\/uploads\/2019\/07\/WhatsApp-Image-2019-07-21-at-20.23.22-1232x924.jpeg 1232w, https:\/\/www.unionbelge.be\/wp-content\/uploads\/2019\/07\/WhatsApp-Image-2019-07-21-at-20.23.22-1440x1080.jpeg 1440w, https:\/\/www.unionbelge.be\/wp-content\/uploads\/2019\/07\/WhatsApp-Image-2019-07-21-at-20.23.22-600x450.jpeg 600w, https:\/\/www.unionbelge.be\/wp-content\/uploads\/2019\/07\/WhatsApp-Image-2019-07-21-at-20.23.22.jpeg 1920w\" sizes=\"auto, (max-width: 1024px) 100vw, 1024px\" \/><\/figure>\n\n\n\n<p>Chaque ann\u00e9e, le B.U.B. remarque que la plupart des Belges souhaitent au plus vite le retour \u00e0 la Belgique unitaire. Le nombre de s\u00e9paratistes est inversement proportionnel \u00e0 l\u2019attention que les m\u00e9dias leur accordent. Cela est d\u00fb au fait que la plupart des m\u00e9dias sont&nbsp;aux mains de flamingants au nord du pays ou de wallingants (voire de flamingants) ou de d\u00e9faitistes au sud de la Belgique. Cela se voit notamment au niveau de la couverture m\u00e9diatique de la F\u00eate nationale. Les journalistes n\u2019en parlent pas avant, mais seulement la veille pour r\u00e9sumer le discours royal et le jour m\u00eame pour mentionner le d\u00e9fil\u00e9 militaire, sans enthousiasme et tout cela souvent dans un sens particratique (p. ex. \u00ab&nbsp;Le Roi veut la formation d\u2019un gouvernement&nbsp;\u00bb), sensationnel et antimonarchique (\u00ab&nbsp;Le Prince Laurent ceci, le Roi Albert cela&nbsp;\u00bb). En revanche, on n\u2019entend pas un mot sur la foule incroyable qu\u2019attirent les festivit\u00e9s chaque ann\u00e9e et encore moins sur l\u2019esprit unitariste de cette foule. La presse nous cache la v\u00e9rit\u00e9 sur ordre de ses patrons particratiques et s\u00e9paratistes&nbsp;!<\/p>\n\n\n\n<figure class=\"wp-block-image\"><img loading=\"lazy\" decoding=\"async\" width=\"1024\" height=\"576\" src=\"https:\/\/www.unionbelge.be\/wp-content\/uploads\/2019\/07\/WhatsApp-Image-2019-07-22-at-08.43.591-1024x576.jpeg\" alt=\"\" class=\"wp-image-12942\" srcset=\"https:\/\/www.unionbelge.be\/wp-content\/uploads\/2019\/07\/WhatsApp-Image-2019-07-22-at-08.43.591-1024x576.jpeg 1024w, https:\/\/www.unionbelge.be\/wp-content\/uploads\/2019\/07\/WhatsApp-Image-2019-07-22-at-08.43.591-420x236.jpeg 420w, https:\/\/www.unionbelge.be\/wp-content\/uploads\/2019\/07\/WhatsApp-Image-2019-07-22-at-08.43.591-800x450.jpeg 800w, https:\/\/www.unionbelge.be\/wp-content\/uploads\/2019\/07\/WhatsApp-Image-2019-07-22-at-08.43.591-300x169.jpeg 300w, https:\/\/www.unionbelge.be\/wp-content\/uploads\/2019\/07\/WhatsApp-Image-2019-07-22-at-08.43.591-768x432.jpeg 768w, https:\/\/www.unionbelge.be\/wp-content\/uploads\/2019\/07\/WhatsApp-Image-2019-07-22-at-08.43.591-1232x693.jpeg 1232w, https:\/\/www.unionbelge.be\/wp-content\/uploads\/2019\/07\/WhatsApp-Image-2019-07-22-at-08.43.591-600x338.jpeg 600w, https:\/\/www.unionbelge.be\/wp-content\/uploads\/2019\/07\/WhatsApp-Image-2019-07-22-at-08.43.591-1200x675-cropped.jpeg 1200w, https:\/\/www.unionbelge.be\/wp-content\/uploads\/2019\/07\/WhatsApp-Image-2019-07-22-at-08.43.591.jpeg 1920w\" sizes=\"auto, (max-width: 1024px) 100vw, 1024px\" \/><\/figure>\n\n\n\n<p>Par ailleurs, plus personne ne croit encore au f\u00e9d\u00e9ralisme linguistique, \u00e0 l\u2019exception de quelques excentriques. Quoi de plus normal vu que le f\u00e9d\u00e9ralisme a \u00e9t\u00e9 instaur\u00e9 en Belgique pour scinder le pays et non pour l\u2019unifier, comme aux Etats-Unis ou en Suisse. Le respect n\u00e9cessaire des langues nationales ne n\u00e9cessite aucune autonomie. C&#8217;est un leurre de la particratie.<\/p>\n\n\n\n<p><strong>Il n\u2019y a qu\u2019une Union Belge (B.U.B.) forte qui puisse remettre notre pays \u00e0 nouveau sur le droit chemin. Sinon, ce ne sont pas le conf\u00e9d\u00e9ralisme ou le s\u00e9paratisme qui menacent, mais des ann\u00e9es de discussions inutiles et le d\u00e9clin \u00e9conomique. Le B.U.B. n\u2019en veut pas ! Nous voulons un avenir positif et unitaire pour notre petit pays magnifique ! <\/strong><\/p>\n\n\n\n<p><\/p>\n\n\n\n<p><strong>B.U.B.-STAND VAN 21 JULI 2019&nbsp;<\/strong><\/p>\n\n\n\n<p><strong>De stand van de B.U.B. in de Regentschapsstraat te Brussel was zoals elk jaar weer een groot succes. De aanwezige partijleden hadden hun handen vol met uitleg geven over onze unitaristische centrumpartij, het verkopen zoals tricolore gadgets zoals Belgische vlaggen en pin\u2019s alsook het doen invullen van formulieren voor de partij.&nbsp;<\/strong><\/p>\n\n\n\n<p> Elk jaar merkt de B.U.B. opnieuw dat de meeste Belgen zo spoedig mogelijk naar het unitaire Belgi\u00eb willen terugkeren. Het aantal separatisten is omgekeerd evenredig aan de media-aandacht die ze krijgen. En dat komt omdat de meeste media in handen zijn van flaminganten in het noorden van het land of in handen van wallinganten (en soms zelfs flaminganten) of defaitisten in het zuiden van het land. Dat ziet men ondermeer in de media-aandacht voor de Nationale Feestdag. De journalisten spreken er tevoren niet over, maar alleen de dag tevoren om de koninklijke toespraak samen te vatten en de dag zelf om te berichten over het militair d\u00e9fil\u00e9, zonder enthousiasme en dikwijls op een particratische (bijv.: \u201cde Koning wil de vorming van een regering\u201d), sensationele en anti-royalistische wijze (\u201cPrins Laurent dit, Koning Albert dat\u201d). Men rept daarentegen met geen woord over de ongelooflijke mensenmassa\u2019s die de festiviteiten jaarlijks aantrekken en nog minder over de unitaristische gezindheid van die mensen. Een groot deel van de pers verbergt de waarheid in opdracht van haar particratische en separatistische broodheren ! <\/p>\n\n\n\n<figure class=\"wp-block-image\"><img loading=\"lazy\" decoding=\"async\" width=\"1024\" height=\"768\" src=\"https:\/\/www.unionbelge.be\/wp-content\/uploads\/2019\/07\/WhatsApp-Image-2019-07-21-at-20.23.21-1024x768.jpeg\" alt=\"\" class=\"wp-image-12943\" srcset=\"https:\/\/www.unionbelge.be\/wp-content\/uploads\/2019\/07\/WhatsApp-Image-2019-07-21-at-20.23.21-1024x768.jpeg 1024w, https:\/\/www.unionbelge.be\/wp-content\/uploads\/2019\/07\/WhatsApp-Image-2019-07-21-at-20.23.21-420x315.jpeg 420w, https:\/\/www.unionbelge.be\/wp-content\/uploads\/2019\/07\/WhatsApp-Image-2019-07-21-at-20.23.21-800x600.jpeg 800w, https:\/\/www.unionbelge.be\/wp-content\/uploads\/2019\/07\/WhatsApp-Image-2019-07-21-at-20.23.21-300x225.jpeg 300w, https:\/\/www.unionbelge.be\/wp-content\/uploads\/2019\/07\/WhatsApp-Image-2019-07-21-at-20.23.21-768x576.jpeg 768w, https:\/\/www.unionbelge.be\/wp-content\/uploads\/2019\/07\/WhatsApp-Image-2019-07-21-at-20.23.21-1232x924.jpeg 1232w, https:\/\/www.unionbelge.be\/wp-content\/uploads\/2019\/07\/WhatsApp-Image-2019-07-21-at-20.23.21-1440x1080.jpeg 1440w, https:\/\/www.unionbelge.be\/wp-content\/uploads\/2019\/07\/WhatsApp-Image-2019-07-21-at-20.23.21-600x450.jpeg 600w, https:\/\/www.unionbelge.be\/wp-content\/uploads\/2019\/07\/WhatsApp-Image-2019-07-21-at-20.23.21-1200x900-cropped.jpeg 1200w, https:\/\/www.unionbelge.be\/wp-content\/uploads\/2019\/07\/WhatsApp-Image-2019-07-21-at-20.23.21.jpeg 1920w\" sizes=\"auto, (max-width: 1024px) 100vw, 1024px\" \/><\/figure>\n\n\n\n<p>Anderzijds gelooft niemand nog in het taalfederalisme of het moet \u00e9\u00e9n of andere zonderling zijn. En dat is ook normaal want het federalisme werd in Belgi\u00eb ingevoerd om het land te splitsen, niet om het te verenigen zoals in de VSA of Zwitserland. Het noodzakelijke respect voor de landstalen moet helemaal niet gepaard gaan met autonomie. Dat is een leugen van de particratie.<\/p>\n\n\n\n<p><strong>Alleen een sterke Belgische Unie (B.U.B.) kan ons land weer op het juiste spoor brengen. Anders dreigen niet het confederalisme of het separatisme, maar jaren van nutteloze discussies en economisch verval. Dat wil de B.U.B. niet ! Wij willen een positieve en unitaire toekomst voor ons kleine, maar prachtige land !<\/strong><\/p>\n\n\n\n<p> &nbsp;<\/p>\n\n\n\n<p><\/p>\n","protected":false},"excerpt":{"rendered":"<p>Comme chaque ann\u00e9e, le stand du B.U.B. situ\u00e9 Rue de la R\u00e9gence \u00e0 Bruxelles fut un grand succ\u00e8s. Les membres du parti pr\u00e9sents ont expliqu\u00e9 notre parti unitariste et centriste et ont vendu des gadgets tricolores comme des drapeaux belges et des pin\u2019s. Ils ont \u00e9galement fait compl\u00e9ter des formulaires pour le parti.<\/p>\n<p>De stand van de B.U.B. in de Regentschapsstraat te Brussel was zoals elk jaar weer een groot succes. De aanwezige partijleden hadden hun handen vol met uitleg geven over onze unitaristische centrumpartij, het verkopen zoals tricolore gadgets zoals Belgische vlaggen en pin\u2019s alsook het doen invullen van formulieren voor de partij. <\/p>\n","protected":false},"author":2,"featured_media":12939,"comment_status":"closed","ping_status":"closed","sticky":false,"template":"","format":"standard","meta":{"ngg_post_thumbnail":0,"jetpack_post_was_ever_published":false,"_jetpack_newsletter_access":"","_jetpack_dont_email_post_to_subs":false,"_jetpack_newsletter_tier_id":0,"_jetpack_memberships_contains_paywalled_content":false,"powered_cache_disable_cache":false,"_jetpack_memberships_contains_paid_content":false,"footnotes":"","jetpack_publicize_message":"","jetpack_publicize_feature_enabled":true,"jetpack_social_post_already_shared":true,"jetpack_social_options":{"image_generator_settings":{"template":"highway","default_image_id":0,"font":"","enabled":false},"version":2}},"categories":[1,5,4],"tags":[],"class_list":["post-12938","post","type-post","status-publish","format-standard","has-post-thumbnail","hentry","category-news0","category-opinions","category-info"],"jetpack_publicize_connections":[],"jetpack_featured_media_url":"https:\/\/www.unionbelge.be\/wp-content\/uploads\/2019\/07\/67346275_1462804903861025_6693689844868055040_o.jpg","jetpack_sharing_enabled":true,"jetpack_shortlink":"https:\/\/wp.me\/p6Y7u0-3mG","jetpack_likes_enabled":false,"_links":{"self":[{"href":"https:\/\/www.unionbelge.be\/index.php?rest_route=\/wp\/v2\/posts\/12938","targetHints":{"allow":["GET"]}}],"collection":[{"href":"https:\/\/www.unionbelge.be\/index.php?rest_route=\/wp\/v2\/posts"}],"about":[{"href":"https:\/\/www.unionbelge.be\/index.php?rest_route=\/wp\/v2\/types\/post"}],"author":[{"embeddable":true,"href":"https:\/\/www.unionbelge.be\/index.php?rest_route=\/wp\/v2\/users\/2"}],"replies":[{"embeddable":true,"href":"https:\/\/www.unionbelge.be\/index.php?rest_route=%2Fwp%2Fv2%2Fcomments&post=12938"}],"version-history":[{"count":3,"href":"https:\/\/www.unionbelge.be\/index.php?rest_route=\/wp\/v2\/posts\/12938\/revisions"}],"predecessor-version":[{"id":12946,"href":"https:\/\/www.unionbelge.be\/index.php?rest_route=\/wp\/v2\/posts\/12938\/revisions\/12946"}],"wp:featuredmedia":[{"embeddable":true,"href":"https:\/\/www.unionbelge.be\/index.php?rest_route=\/wp\/v2\/media\/12939"}],"wp:attachment":[{"href":"https:\/\/www.unionbelge.be\/index.php?rest_route=%2Fwp%2Fv2%2Fmedia&parent=12938"}],"wp:term":[{"taxonomy":"category","embeddable":true,"href":"https:\/\/www.unionbelge.be\/index.php?rest_route=%2Fwp%2Fv2%2Fcategories&post=12938"},{"taxonomy":"post_tag","embeddable":true,"href":"https:\/\/www.unionbelge.be\/index.php?rest_route=%2Fwp%2Fv2%2Ftags&post=12938"}],"curies":[{"name":"wp","href":"https:\/\/api.w.org\/{rel}","templated":true}]}}