{"id":12931,"date":"2019-07-20T07:44:18","date_gmt":"2019-07-20T06:44:18","guid":{"rendered":"http:\/\/www.unionbelge.be\/?p=12931"},"modified":"2019-07-20T19:03:31","modified_gmt":"2019-07-20T18:03:31","slug":"partijvoorzitters-hebben-veel-meer-macht-dan-de-koning-les-presidents-de-parti-ont-beaucoup-plus-de-pouvoir-que-le-roi","status":"publish","type":"post","link":"https:\/\/www.unionbelge.be\/?p=12931","title":{"rendered":"PARTIJVOORZITTERS HEBBEN VEEL MEER MACHT DAN DE KONING &#8211; LES PRESIDENTS DE PARTI ONT BEAUCOUP PLUS DE POUVOIR QUE LE ROI"},"content":{"rendered":"\n<p><strong>B.U.B. IN DAG ALLEMAAL<\/strong><\/p>\n\n\n\n<p><strong>In het Belgische weekblad Dag Allemaal van 16 juli 2019 verscheen een pro-monarchistisch interview met de voorzitter van de B.U.B., Hans Van de Cauter.<\/strong><\/p>\n\n\n\n<p>Onze voorzitter stelt er ondermeer dat partijvoorzitters ook niet door het volk verkozen zijn, maar toch veel meer macht hebben dan de Koning. Verkiezingen worden dus niet systematisch toegepast om belangrijke posten toe te kennen. Dat geldt trouwens ook voor rechters en bedrijfsleiders, waarvan de macht niet mag onderschat worden. Erfopvolging speelt overigens een cruciale rol bij nalatenschappen in het burgerlijk recht. Dat het hier om een priv\u00e9-materie gaat, neemt niet weg dat rijkdom en het behoud ervan ook een belangrijke rol spelen in het verkrijgen en behouden van politieke macht en invloed.<\/p>\n\n\n\n<p>Voorts pleit onze voorzitter opnieuw, zoals de B.U.B., voor een volksraadpleging over de staatsstructuur. Zo kan eindelijk de hele politiek-communautaire discussie op een democratische wijze be\u00ebindigd worden. De republikeinen zouden zo&#8217;n initiatief moeten toejuichen. <\/p>\n\n\n\n<p><strong>Tot slot wenst de B.U.B. alle Belgen een gelukkige Nationale Feestdag. U kan eens een bezoek brengen aan onze stand in de Regentschapsstraat te Brussel (in de buurt van de Zavelkerk) op 21 juli.<\/strong><\/p>\n\n\n\n<p><\/p>\n\n\n\n<p><strong>LE B.U.B. DANS LE MAGAZINE &#8216;DAG ALLEMAAL&#8217;<\/strong><\/p>\n\n\n\n<p><strong>.Dans l&#8217;hebdomadaire belge &#8216;Dag Allemaal&#8217; du 16 juillet 2019 est paru une interview pro-monarchique avec le pr\u00e9sident du B.U.B. Hans Van de Cauter.<\/strong><\/p>\n\n\n\n<p>Notre pr\u00e9sident y d\u00e9clare notamment que les pr\u00e9sidents de parti ne sont pas non plus \u00e9lus par le peuple, mais qu&#8217;ils poss\u00e8dent n\u00e9anmoins de bien plus de pouvoir que le Roi. Les \u00e9lections ne sont donc pas syst\u00e9matiquement appliqu\u00e9es pour attribuer des postes importants. Cela vaut d&#8217;ailleurs aussi pour les juges et les dirigeants d&#8217;entreprise, dont le pouvoir ne peut \u00eatre sous-estim\u00e9. L&#8217;h\u00e9r\u00e9dit\u00e9 joue \u00e9galement un r\u00f4le crucial dans le cadre des successions en droit civil. Qu&#8217;il s&#8217;agisse ici d&#8217;une mati\u00e8re priv\u00e9e n&#8217;emp\u00eache que la richesse et son maintien jouent un r\u00f4le important dans l&#8217;acquisition et le maintien du pouvoir et d&#8217;influence.<\/p>\n\n\n\n<p>En outre, notre pr\u00e9sident, tout comme le B.U.B., plaide de nouveau pour une consultation populaire sur la forme \u00e9tatique. Ainsi, on pourra enfin terminer la discussion politico-communautaire de fa\u00e7on d\u00e9mocratique. Les r\u00e9publicains devraient applaudir une telle initiative des deux mains.<\/p>\n\n\n\n<p><strong>Enfin, le B.U.B. souhaite une heureuse F\u00eate nationale \u00e0 tous les Belges. Le 21 juillet, vous pourrez visiter notre stand Rue de la R\u00e9gence \u00e0 Bruxelles (dans les environs de l&#8217;\u00e9glise du Sablon).<\/strong><\/p>\n","protected":false},"excerpt":{"rendered":"<p>In het Belgische weekblad Dag Allemaal van 16 juli 2019 verscheen een pro-monarchistisch interview met de voorzitter van de B.U.B., Hans Van de Cauter.<\/p>\n<p>Dans l&#8217;hebdomadaire belge &#8216;Dag Allemaal&#8217; du 16 juillet 2019 est paru une interview pro-monarchique avec le pr\u00e9sident du B.U.B. Hans Van de Cauter.<\/p>\n","protected":false},"author":2,"featured_media":12932,"comment_status":"closed","ping_status":"closed","sticky":false,"template":"","format":"standard","meta":{"ngg_post_thumbnail":0,"jetpack_post_was_ever_published":false,"_jetpack_newsletter_access":"","_jetpack_dont_email_post_to_subs":false,"_jetpack_newsletter_tier_id":0,"_jetpack_memberships_contains_paywalled_content":false,"powered_cache_disable_cache":false,"_jetpack_memberships_contains_paid_content":false,"footnotes":"","jetpack_publicize_message":"","jetpack_publicize_feature_enabled":true,"jetpack_social_post_already_shared":true,"jetpack_social_options":{"image_generator_settings":{"template":"highway","default_image_id":0,"font":"","enabled":false},"version":2}},"categories":[10,1,4],"tags":[],"class_list":["post-12931","post","type-post","status-publish","format-standard","has-post-thumbnail","hentry","category-ideology","category-news0","category-info"],"jetpack_publicize_connections":[],"jetpack_featured_media_url":"https:\/\/www.unionbelge.be\/wp-content\/uploads\/2019\/07\/Artikel-HVDC-Dag-Allemaal-20-juli-2019-scaled.jpg","jetpack_sharing_enabled":true,"jetpack_shortlink":"https:\/\/wp.me\/p6Y7u0-3mz","jetpack_likes_enabled":false,"_links":{"self":[{"href":"https:\/\/www.unionbelge.be\/index.php?rest_route=\/wp\/v2\/posts\/12931","targetHints":{"allow":["GET"]}}],"collection":[{"href":"https:\/\/www.unionbelge.be\/index.php?rest_route=\/wp\/v2\/posts"}],"about":[{"href":"https:\/\/www.unionbelge.be\/index.php?rest_route=\/wp\/v2\/types\/post"}],"author":[{"embeddable":true,"href":"https:\/\/www.unionbelge.be\/index.php?rest_route=\/wp\/v2\/users\/2"}],"replies":[{"embeddable":true,"href":"https:\/\/www.unionbelge.be\/index.php?rest_route=%2Fwp%2Fv2%2Fcomments&post=12931"}],"version-history":[{"count":1,"href":"https:\/\/www.unionbelge.be\/index.php?rest_route=\/wp\/v2\/posts\/12931\/revisions"}],"predecessor-version":[{"id":12933,"href":"https:\/\/www.unionbelge.be\/index.php?rest_route=\/wp\/v2\/posts\/12931\/revisions\/12933"}],"wp:featuredmedia":[{"embeddable":true,"href":"https:\/\/www.unionbelge.be\/index.php?rest_route=\/wp\/v2\/media\/12932"}],"wp:attachment":[{"href":"https:\/\/www.unionbelge.be\/index.php?rest_route=%2Fwp%2Fv2%2Fmedia&parent=12931"}],"wp:term":[{"taxonomy":"category","embeddable":true,"href":"https:\/\/www.unionbelge.be\/index.php?rest_route=%2Fwp%2Fv2%2Fcategories&post=12931"},{"taxonomy":"post_tag","embeddable":true,"href":"https:\/\/www.unionbelge.be\/index.php?rest_route=%2Fwp%2Fv2%2Ftags&post=12931"}],"curies":[{"name":"wp","href":"https:\/\/api.w.org\/{rel}","templated":true}]}}