{"id":12925,"date":"2019-07-05T22:53:04","date_gmt":"2019-07-05T21:53:04","guid":{"rendered":"http:\/\/www.unionbelge.be\/?p=12925"},"modified":"2019-07-08T11:21:11","modified_gmt":"2019-07-08T10:21:11","slug":"homans-spuwt-op-de-belgen-en-op-vlaanderen-homans-crache-sur-les-belges-et-sur-la-flandre","status":"publish","type":"post","link":"https:\/\/www.unionbelge.be\/?p=12925","title":{"rendered":"HOMANS SPUWT OP DE BELGEN EN OP HAAR &#8220;VLAANDEREN&#8221; &#8211; HOMANS CRACHE SUR LES BELGES ET SUR SA &#8220;FLANDRE&#8221;"},"content":{"rendered":"\n<p><strong>ONBESCHOFT EN HYPOCRIET FLAMINGANTISME<\/strong><\/p>\n\n\n\n<p><strong>Op 2 juli 2019 legde \u2018Vlaams\u2019 \u201cminister-president\u201d (sic) Liesbeth Homans (N-VA) bij de Koning haar (ongrondwettelijke) eed af. Daarna werd de groepsfoto van de \u201cVlaamse\u201d regering genomen toen zich een voor de flaminganten fataal incident voordeed: Homans noemde de Belgische vlag een \u201cvod\u201d en zei dat ze die niet op de achtergrond wou. <\/strong><\/p>\n\n\n\n<p>Toen \u201cVlaams\u201d minister van Welzijn Vandeurzen (CD&amp;V) opperde dat ze bij het nemen van de foto naar de zon moesten kijken, repliceerde Homans: &#8220;<em>Ja, maar we willen die Belgische vod niet op de achtergrond<\/em>&#8220;. <\/p>\n\n\n\n<p>Deze boute uitspraak van een fanatieke separatiste verwondert de B.U.B. natuurlijk niet. Zowat alle flamingantische politici zijn immers separatisten en haten Belgi\u00eb. &nbsp; Deze uitspraak lokte op de sociale media heel wat commotie uit. Het waren meestal Belgisch-patriottische reacties. In andere landen zou het niet anders zijn. Maar daar zou zo\u2019n minister ook onmiddellijk ontslag hebben moeten nemen. Dat gebeurt in Belgi\u00eb echter niet omdat de flaminganten momenteel nog een sterke greep hebben op de politiek. <\/p>\n\n\n\n<p>De ayatollah van het \u201cVlaams\u201d-nationalisme, Bart De Wever, heeft in zijn boek <em>Over Identiteit<\/em> ook gesproken over de Belgische identificering: \u201c<em><strong>De wil om de Belgische natie te bewaren is sterk aanwezig bij het grootste deel van de bevolking<\/strong><\/em>\u201d [\u2026] \u201c<em>De meerderheid van de Vlamingen identificeert zich probleemloos als Vlaming en Belg en ziet tussen beide geen tegenstelling<\/em>\u201d. Met \u201cVlaming\u201d bedoelt hij hier (foutief) \u201cNederlandstalige Belg\u201d. <\/p>\n\n\n\n<p>Anders gezegd, omdat \u201cVlaanderen\u201d als \u201cNederlandstalig deel van Belgi\u00eb\u201d nooit buiten Belgi\u00eb bestaan heeft, spuwt Homans met deze uitspraak ook op het zogenaamde \u201cVlaanderen\u201d en de zogenaamde \u201cVlamingen\u201d en bijgevolg eveneens op haar eigen kersverse functie. <\/p>\n\n\n\n<p><strong>Homans deed achteraf haar uitspraak af als \u201ceen grap\u201d. Ze begreep de commotie niet. Dat laatste is opmerkelijk want enkele jaren geleden verklaarde Siegfried Bracke (N-VA) dat hij zich niet beter voelde wanneer hij de \u00ab&nbsp;Vlaamse&nbsp;\u00bb vlag bij het wielrennen zag wapperen&nbsp;: \u00ab&nbsp;<em>Ooit is \u00e9\u00e9n van die vodden tussen een wiel terecht gekomen, wat eraan zat te komen&nbsp;<\/em>\u00bb. Jo Van Bever van de \u00ab&nbsp;Vlaamse&nbsp;\u00bb Volksbeweging had toen als volgt gereageerd: \u00ab&nbsp;<\/strong><em><strong>Ik vind het bijzonder jammer dat een vooraanstaand N-VA-politicus zulke bewoordingen in de mond neemt, \u2018Elke vlag verdient respect<\/strong><\/em><strong>\u00bb (HLN, 22.10.13).  <\/strong><\/p>\n\n\n\n<p><strong>De hypocrisie is bij de flaminganten nooit veraf ! <\/strong><\/p>\n\n\n\n<p><strong>LE FLAMINGANTISME INSOLENT ET HYPOCRITE<\/strong><\/p>\n\n\n\n<p><strong>Le 2 juillet 2019, Liesbeth Homans (N-VA), la \u00abministre-pr\u00e9sidente\u00bb \u2018flamande\u2019 (sic), a pr\u00eat\u00e9 le serment (inconstitutionnel) devant le Roi. Ensuite, lors de la prise de la photo de groupe du gouvernement &#8220;flamand&#8221;, un incident fatal pour les flamingants s&#8217;est produit : Homans disait que le drapeau belge \u00e9tait un \u00ab chiffon \u00bb et qu\u2019elle ne le voulait pas \u00e0 l\u2019arri\u00e8re-plan .<\/strong><\/p>\n\n\n\n<p>Lorsque Jo Vandeurzen (CD&amp;V), le ministre \u201cflamand\u201d du bien-\u00eatre, remarquait&nbsp;qu&#8217;il faudrait qu&#8217;ils se placent face au soleil pour la pose, Homans r\u00e9pondait : &#8220;<em>Oui, mais nous ne voulons pas de ce chiffon belge en arri\u00e8re-plan<\/em>&#8220;.<\/p>\n\n\n\n<p>Le B.U.B. n\u2019est \u00e9videmment pas \u00e9tonn\u00e9 par cette d\u00e9claration brutale d\u2019une s\u00e9paratiste fanatique. La quasi-totalit\u00e9 des politiciens flamingants sont en effet des s\u00e9paratistes qui ha\u00efssent la Belgique. <\/p>\n\n\n\n<p>Ces propos ont suscit\u00e9 beaucoup d&#8217;agitation sur les r\u00e9seaux sociaux. Il s\u2019agissait la plupart du temps de r\u00e9actions patriotiques belges. Dans d\u2019autres pays, ce serait pareil. Toutefois, un tel ministre y aurait d\u00fb aussi d\u00e9missionner sur-le-champ. Cela ne se passe pas en Belgique parce que les flamingants ont \u00e0 l\u2019heure actuelle encore une emprise forte sur la politique. <\/p>\n\n\n\n<p>L&#8217;ayatollah du nationalisme &#8220;flamand&#8221;, Bart De Wever (N-VA), a aussi parl\u00e9 de cette identification belge dans son livre \u2018<em>Over identiteit<\/em>\u2019: \u00ab&nbsp;<em>L<strong>a volont\u00e9 de maintenir la nation belge est fortement pr\u00e9sente aupr\u00e8s de la plus grande partie de la population<\/strong><\/em> [&#8230;] &#8221; &#8220;<em>La plupart des Flamands s&#8217;identifient sans probl\u00e8me tant comme Flamands que Belges et ne voient aucune opposition entre les deux&#8221; Par &#8220;Flamand&#8221;, il entend ici (\u00e0 tort) &#8220;Belge n\u00e9erlandophone<\/em>&#8220;.<\/p>\n\n\n\n<p>En d&#8217;autres termes, parce que la &#8220;Flandre&#8221; en tant que \u00ab&nbsp;partie n\u00e9erlandophone&#8221; de la Belgique n&#8217;a jamais exist\u00e9 en dehors de celle-ci, Homans crache par sa d\u00e9claration aussi sur la soi-disant &#8220;Flandre&#8221; et le soi-disant &#8220;Flamand&#8221;, m\u00e9prisant ainsi \u00e9galement son propre nouveau mandat.<\/p>\n\n\n\n<p><strong>A posteriori, Homans a qualifi\u00e9 ses propos de \u00ab blague \u00bb. Elle ne comprenait pas la commotion. C\u2019est \u00e9tonnant puisqu\u2019en octobre 2013, Siegfried Bracke (N-VA) avait d\u00e9clar\u00e9 ne pas aimer voir flotter le drapeau flamand lors de courses cyclistes : \u00ab <\/strong><em><strong>Un jour, un de ces chiffons s\u2019est emp\u00eatr\u00e9 dans les roues d\u2019un cycliste. Cela devait arriver<\/strong><\/em><strong> \u00bb. A l\u2019\u00e9poque, Jo Van Bever du \u00ab Vlaamse \u00bb Volksbeweging \u00bb (le Mouvement populaire \u00ab flamand \u00bb) y avait r\u00e9agi ainsi : \u00ab <\/strong><em><strong>Il est, selon moi, tr\u00e8s regrettable qu\u2019une figure de proue de la N-VA s\u2019exprime de cette mani\u00e8re. Il faut respecter chaque drapeau<\/strong><\/em><strong> \u00bb (HLN, 22.10.13).  <\/strong><\/p>\n\n\n\n<p><br><\/p>\n\n\n\n<p><\/p>\n\n\n\n<p><strong>Oh Hypocrisie, quand tu nous tiens&nbsp;!<\/strong><\/p>\n\n\n\n<p><\/p>\n","protected":false},"excerpt":{"rendered":"<p>Le 2 juillet 2019, Liesbeth Homans (N-VA), la \u00abministre-pr\u00e9sidente\u00bb \u2018flamande\u2019 (sic), a pr\u00eat\u00e9 le serment (inconstitutionnel) devant le Roi. Ensuite, lors de la prise de la photo de groupe du gouvernement &#8220;flamand&#8221;, un incident fatal pour les flamingants s&#8217;est produit : Homans disait que le drapeau belge \u00e9tait un \u00ab chiffon \u00bb et qu\u2019elle ne le voulait pas \u00e0 l\u2019arri\u00e8re-plan .<br \/>\nOp 2 juli 2019 legde \u2018Vlaams\u2019 \u201cminister-president\u201d (sic) Liesbeth Homans (N-VA) bij de Koning haar (ongrondwettelijke) eed af. Daarna werd de groepsfoto van de \u201cVlaamse\u201d regering genomen toen zich een voor de flaminganten fataal incident voordeed: Homans noemde de Belgische vlag een \u201cvod\u201d en zei dat ze die niet op de achtergrond wou. <\/p>\n","protected":false},"author":2,"featured_media":12825,"comment_status":"closed","ping_status":"closed","sticky":false,"template":"","format":"standard","meta":{"ngg_post_thumbnail":0,"jetpack_post_was_ever_published":false,"_jetpack_newsletter_access":"","_jetpack_dont_email_post_to_subs":false,"_jetpack_newsletter_tier_id":0,"_jetpack_memberships_contains_paywalled_content":false,"powered_cache_disable_cache":false,"_jetpack_memberships_contains_paid_content":false,"footnotes":"","jetpack_publicize_message":"","jetpack_publicize_feature_enabled":true,"jetpack_social_post_already_shared":true,"jetpack_social_options":{"image_generator_settings":{"template":"highway","default_image_id":0,"font":"","enabled":false},"version":2}},"categories":[1,5],"tags":[],"class_list":["post-12925","post","type-post","status-publish","format-standard","has-post-thumbnail","hentry","category-news0","category-opinions"],"jetpack_publicize_connections":[],"jetpack_featured_media_url":"https:\/\/www.unionbelge.be\/wp-content\/uploads\/2019\/04\/BVLAG.png","jetpack_sharing_enabled":true,"jetpack_shortlink":"https:\/\/wp.me\/p6Y7u0-3mt","jetpack_likes_enabled":false,"_links":{"self":[{"href":"https:\/\/www.unionbelge.be\/index.php?rest_route=\/wp\/v2\/posts\/12925","targetHints":{"allow":["GET"]}}],"collection":[{"href":"https:\/\/www.unionbelge.be\/index.php?rest_route=\/wp\/v2\/posts"}],"about":[{"href":"https:\/\/www.unionbelge.be\/index.php?rest_route=\/wp\/v2\/types\/post"}],"author":[{"embeddable":true,"href":"https:\/\/www.unionbelge.be\/index.php?rest_route=\/wp\/v2\/users\/2"}],"replies":[{"embeddable":true,"href":"https:\/\/www.unionbelge.be\/index.php?rest_route=%2Fwp%2Fv2%2Fcomments&post=12925"}],"version-history":[{"count":3,"href":"https:\/\/www.unionbelge.be\/index.php?rest_route=\/wp\/v2\/posts\/12925\/revisions"}],"predecessor-version":[{"id":12929,"href":"https:\/\/www.unionbelge.be\/index.php?rest_route=\/wp\/v2\/posts\/12925\/revisions\/12929"}],"wp:featuredmedia":[{"embeddable":true,"href":"https:\/\/www.unionbelge.be\/index.php?rest_route=\/wp\/v2\/media\/12825"}],"wp:attachment":[{"href":"https:\/\/www.unionbelge.be\/index.php?rest_route=%2Fwp%2Fv2%2Fmedia&parent=12925"}],"wp:term":[{"taxonomy":"category","embeddable":true,"href":"https:\/\/www.unionbelge.be\/index.php?rest_route=%2Fwp%2Fv2%2Fcategories&post=12925"},{"taxonomy":"post_tag","embeddable":true,"href":"https:\/\/www.unionbelge.be\/index.php?rest_route=%2Fwp%2Fv2%2Ftags&post=12925"}],"curies":[{"name":"wp","href":"https:\/\/api.w.org\/{rel}","templated":true}]}}