{"id":1288,"date":"2003-10-27T22:35:48","date_gmt":"2003-10-27T20:35:48","guid":{"rendered":"http:\/\/www.unionbelge.be\/?p=1288"},"modified":"2010-09-06T22:36:45","modified_gmt":"2010-09-06T20:36:45","slug":"les-soins-de-sante-doivent-rester-nationaux","status":"publish","type":"post","link":"https:\/\/www.unionbelge.be\/?p=1288","title":{"rendered":"Les soins de sant\u00e9 doivent rester nationaux!"},"content":{"rendered":"<p><strong>Le pr\u00e9sident du VLD s&#8217;est encore montr\u00e9 sur le plan communautaire. Cela devient une tradition apparemment. Il accuse les francophones de Belgique &#8211; encore une fois &#8211; de profiter des n\u00e9erlandophones de Belgique sur le plan des d\u00e9penses en soins de sant\u00e9. Et cela \u00e0 un moment o\u00f9 une \u00e9tude des mutualit\u00e9s chr\u00e9tiennes d\u00e9montre qu&#8217;il n&#8217;y a que tr\u00e8s peu d&#8217;abus dans le sud du pays et qu&#8217;il y en a aussi dans le nord. <\/strong><\/p>\n<p>Les diff\u00e9rences sont par contre principalement dues \u00e0 des d\u00e9penses suppl\u00e9mentaires, mais n\u00e9cessaires dans des zones plus d\u00e9favoris\u00e9es, donc au profit de gens qui en ont besoin. Le rapport Jadot d&#8217;il y a quelques ann\u00e9es avait d\u00e9j\u00e0 d\u00e9montr\u00e9 que les diff\u00e9rences de consommation m\u00e9dicale entre les arrondissements et les provinces de Belgique \u00e9taient plus grandes qu&#8217;entre les r\u00e9gions.<\/p>\n<p>Toutefois, les quelques flamingants qui subsistent, veulent \u00e0 tout prix mettre de l&#8217;huile sur le feu communautaire dans la p\u00e9riode pr\u00e9-\u00e9lectorale. Ils montrent par l\u00e0 que leur but est purement financier et \u00e9go\u00efste. Bien-s\u00fbr que les abus, l\u00e0 o\u00f9 ils existent, doivent \u00eatre attaqu\u00e9s, mais on peut le faire d&#8217;une fa\u00e7on neutre sans ce jeu de rugby politique et sans mettre en cause la soci\u00e9t\u00e9 belge.<\/p>\n<p>Le B.U.B. fustige \u00e9videmment ces attaques intempestives et mal fond\u00e9es qui ne sont dans l&#8217;int\u00e9r\u00eat que de ceux qui les lancent.<\/p>\n<p>Toute la s\u00e9curit\u00e9 sociale, y compris les soins de sant\u00e9, doit rester une comp\u00e9tence nationale. On ne peut construire une Europe sociale \u00e0 25 Etats-membres lorsqu&#8217;on d\u00e9tricote la Belgique sociale.<\/p>\n","protected":false},"excerpt":{"rendered":"<p>Le pr\u00e9sident du VLD s&#8217;est encore montr\u00e9 sur le plan communautaire. Cela devient une tradition [&hellip;]<\/p>\n","protected":false},"author":2,"featured_media":0,"comment_status":"closed","ping_status":"open","sticky":false,"template":"","format":"standard","meta":{"ngg_post_thumbnail":0,"jetpack_post_was_ever_published":false,"_jetpack_newsletter_access":"","_jetpack_dont_email_post_to_subs":false,"_jetpack_newsletter_tier_id":0,"_jetpack_memberships_contains_paywalled_content":false,"powered_cache_disable_cache":false,"_jetpack_memberships_contains_paid_content":false,"footnotes":"","jetpack_publicize_message":"","jetpack_publicize_feature_enabled":true,"jetpack_social_post_already_shared":false,"jetpack_social_options":{"image_generator_settings":{"template":"highway","default_image_id":0,"font":"","enabled":false},"version":2}},"categories":[5],"tags":[],"class_list":["post-1288","post","type-post","status-publish","format-standard","hentry","category-opinions"],"jetpack_publicize_connections":[],"jetpack_featured_media_url":"","jetpack_sharing_enabled":true,"jetpack_shortlink":"https:\/\/wp.me\/p6Y7u0-kM","jetpack_likes_enabled":false,"_links":{"self":[{"href":"https:\/\/www.unionbelge.be\/index.php?rest_route=\/wp\/v2\/posts\/1288","targetHints":{"allow":["GET"]}}],"collection":[{"href":"https:\/\/www.unionbelge.be\/index.php?rest_route=\/wp\/v2\/posts"}],"about":[{"href":"https:\/\/www.unionbelge.be\/index.php?rest_route=\/wp\/v2\/types\/post"}],"author":[{"embeddable":true,"href":"https:\/\/www.unionbelge.be\/index.php?rest_route=\/wp\/v2\/users\/2"}],"replies":[{"embeddable":true,"href":"https:\/\/www.unionbelge.be\/index.php?rest_route=%2Fwp%2Fv2%2Fcomments&post=1288"}],"version-history":[{"count":1,"href":"https:\/\/www.unionbelge.be\/index.php?rest_route=\/wp\/v2\/posts\/1288\/revisions"}],"predecessor-version":[{"id":1289,"href":"https:\/\/www.unionbelge.be\/index.php?rest_route=\/wp\/v2\/posts\/1288\/revisions\/1289"}],"wp:attachment":[{"href":"https:\/\/www.unionbelge.be\/index.php?rest_route=%2Fwp%2Fv2%2Fmedia&parent=1288"}],"wp:term":[{"taxonomy":"category","embeddable":true,"href":"https:\/\/www.unionbelge.be\/index.php?rest_route=%2Fwp%2Fv2%2Fcategories&post=1288"},{"taxonomy":"post_tag","embeddable":true,"href":"https:\/\/www.unionbelge.be\/index.php?rest_route=%2Fwp%2Fv2%2Ftags&post=1288"}],"curies":[{"name":"wp","href":"https:\/\/api.w.org\/{rel}","templated":true}]}}