{"id":1286,"date":"2003-09-13T22:34:19","date_gmt":"2003-09-13T20:34:19","guid":{"rendered":"http:\/\/www.unionbelge.be\/?p=1286"},"modified":"2010-09-06T22:35:18","modified_gmt":"2010-09-06T20:35:18","slug":"le-debat-necessaire","status":"publish","type":"post","link":"https:\/\/www.unionbelge.be\/?p=1286","title":{"rendered":"Le d\u00e9bat n\u00e9cessaire"},"content":{"rendered":"<p><strong>Le 12 Septembre sur la cha\u00eene &#8216;Canvas&#8217; le spectateur a pu \u00eatre t\u00e9moin d&#8217;un d\u00e9bat que trop peux on ne puisse voir. Il s&#8217;agissait de la question si, oui ou non, les Flamands et les Wallons sont deux peuples qui ne savent pas\/plus vivre dans un seul pays. Du c\u00f4t\u00e9 nationaliste on trouvait le Professeur Storme, membre du N-VA, de l&#8217;autre c\u00f4t\u00e9 il y avait son oppononent, Monsieur Reynebeau, journaliste. On ne vas pas discuter ici en profondeur sur la discussion m\u00eame. Disons qu&#8217;il suffit de mentioner que M. Reynebeau a d\u00e9fendu d&#8217;une fa\u00e7on tr\u00e8s digne la cause belge. On le f\u00e9licite pour cela.<\/strong><\/p>\n<p>Mais il y a une autre question, bien plus fondamentale que nous nous posons. Premi\u00e8rement pourqoui voit-on tellement peu de d\u00e9bats qui s&#8217;agissent d&#8217;un th\u00e8me si important? Et pourquoi, quand ils prennent place sont-ils si limit\u00e9s? C.a.d. on voit toujours un nationaliste flamand, qui est li\u00e9 a un parti faire la guerre des mots avec une personne soi-disant &#8220;neutre et pro-belge&#8221;. On ne pense pas qu&#8217;il s&#8217;agit d&#8217;une faute que cette deuxi\u00e8me personne n&#8217;a rien avoir avec un parti politique. Le B.U.B. est le seul parti dans toute la Belgique qui d\u00e9fend d&#8217;une fa\u00e7on ardente l&#8217;unit\u00e9 de notre pays. Naturellement (et heureusement) il y a encore dans d&#8217;autres partis des gens qui ne veulent pas voir \u00e9clater la Belgique, mais ils sont- permettez nous- trop l\u00e2ches pour le dire. En plus ils sont enferm\u00e9es dans leur syst\u00e8me particrate, qui leur fait exprimer non pas la volont\u00e9 du peuple qui leur a \u00e9lu, mais plut\u00f4t les mots d&#8217;ordres de leur chefs nationalistes.<\/p>\n<p>N\u00e9anmoins il y a m\u00eame encore un \u00e9l\u00e9ment qui manque dans toute cette discussion. Les N\u00e9erlandophones n&#8217;ont encore jamais eu l&#8217;occassion d&#8217;entendre les voix francophones sur ce th\u00e8me et vice-versa. Paradoxalement toute la question ne tourne pas &#8211; ou pas seulement- autour de l&#8217;avenir de la Flandre ou de la Wallonie (qui ont pour nous politiquement pas de relevance), mais il s&#8217;agit bien de l&#8217;avenir belge&#8230; Dans L&#8217;Union Europ\u00e9enne, dans l&#8217;Otan et dans les Nations Unies, pour donner quelques exemples, des gens des dixaines de nations et de centaines de cultures se voient pour trouver des solutions pour des probl\u00e8mes tr\u00e8s complexes. Mais en Belgique, deux communaut\u00e9s ne peuvent m\u00eame pas d\u00e9bater sur un probl\u00e8me qui n&#8217;est quand-m\u00eame pas tellement compliqu\u00e9. Et oui, cela est comment les choses se font dans un pays \u00e0 deux visages. Un pays o\u00f9 de l&#8217;un c\u00f4t\u00e9 on a adopt\u00e9 le marriage des homosexuels et de l&#8217;autre c\u00f4t\u00e9 on ne peux m\u00eame pas transmettre en deux langues sur une cha\u00eene radio. Petit pays, petit esprit?<\/p>\n","protected":false},"excerpt":{"rendered":"<p>Le 12 Septembre sur la cha\u00eene &#8216;Canvas&#8217; le spectateur a pu \u00eatre t\u00e9moin d&#8217;un d\u00e9bat [&hellip;]<\/p>\n","protected":false},"author":2,"featured_media":0,"comment_status":"closed","ping_status":"open","sticky":false,"template":"","format":"standard","meta":{"ngg_post_thumbnail":0,"jetpack_post_was_ever_published":false,"_jetpack_newsletter_access":"","_jetpack_dont_email_post_to_subs":false,"_jetpack_newsletter_tier_id":0,"_jetpack_memberships_contains_paywalled_content":false,"powered_cache_disable_cache":false,"_jetpack_memberships_contains_paid_content":false,"footnotes":"","jetpack_publicize_message":"","jetpack_publicize_feature_enabled":true,"jetpack_social_post_already_shared":false,"jetpack_social_options":{"image_generator_settings":{"template":"highway","default_image_id":0,"font":"","enabled":false},"version":2}},"categories":[5],"tags":[],"class_list":["post-1286","post","type-post","status-publish","format-standard","hentry","category-opinions"],"jetpack_publicize_connections":[],"jetpack_featured_media_url":"","jetpack_sharing_enabled":true,"jetpack_shortlink":"https:\/\/wp.me\/p6Y7u0-kK","jetpack_likes_enabled":false,"_links":{"self":[{"href":"https:\/\/www.unionbelge.be\/index.php?rest_route=\/wp\/v2\/posts\/1286","targetHints":{"allow":["GET"]}}],"collection":[{"href":"https:\/\/www.unionbelge.be\/index.php?rest_route=\/wp\/v2\/posts"}],"about":[{"href":"https:\/\/www.unionbelge.be\/index.php?rest_route=\/wp\/v2\/types\/post"}],"author":[{"embeddable":true,"href":"https:\/\/www.unionbelge.be\/index.php?rest_route=\/wp\/v2\/users\/2"}],"replies":[{"embeddable":true,"href":"https:\/\/www.unionbelge.be\/index.php?rest_route=%2Fwp%2Fv2%2Fcomments&post=1286"}],"version-history":[{"count":1,"href":"https:\/\/www.unionbelge.be\/index.php?rest_route=\/wp\/v2\/posts\/1286\/revisions"}],"predecessor-version":[{"id":1287,"href":"https:\/\/www.unionbelge.be\/index.php?rest_route=\/wp\/v2\/posts\/1286\/revisions\/1287"}],"wp:attachment":[{"href":"https:\/\/www.unionbelge.be\/index.php?rest_route=%2Fwp%2Fv2%2Fmedia&parent=1286"}],"wp:term":[{"taxonomy":"category","embeddable":true,"href":"https:\/\/www.unionbelge.be\/index.php?rest_route=%2Fwp%2Fv2%2Fcategories&post=1286"},{"taxonomy":"post_tag","embeddable":true,"href":"https:\/\/www.unionbelge.be\/index.php?rest_route=%2Fwp%2Fv2%2Ftags&post=1286"}],"curies":[{"name":"wp","href":"https:\/\/api.w.org\/{rel}","templated":true}]}}