{"id":12795,"date":"2019-04-03T22:35:35","date_gmt":"2019-04-03T21:35:35","guid":{"rendered":"http:\/\/www.unionbelge.be\/?p=12795"},"modified":"2019-04-09T20:41:45","modified_gmt":"2019-04-09T19:41:45","slug":"oproep-steun-verkiezingen-appel-soutien-elections","status":"publish","type":"post","link":"https:\/\/www.unionbelge.be\/?p=12795","title":{"rendered":"OPROEP STEUN VERKIEZINGEN &#8211; APPEL SOUTIEN ELECTIONS"},"content":{"rendered":"\n<p><strong>VOOR EEN UNITAIR BELGI\u00cb !<\/strong><\/p>\n\n\n\n<p><strong>Beste leden en sympathisanten,<\/strong><\/p>\n\n\n\n<p><strong>De B.U.B. gaat een nieuwe electorale uitdaging aan. Voor de nationale verkiezingen van 26 mei 2019 zullen we lijsten neerleggen in Oost-Vlaanderen (lijst 23) en \u00ab Vlaams \u00bb-Brabant (lijst 22). Voor Brussel en \u201cWaals\u201d-Brabant hebben we beslist met de Lijsten Destexhe (lijst 13) samen te werken op basis van een gemeenschappelijke verklaring, die louter communautair van aard is. U kan ze terugvinden op onze site. Zo is onze voorzitter, Hans Van de Cauter, derde kandidaat op de federale lijst van Destexhe in Brussel en partijraadslid Yves-Marie Vandenbrande derde op de kamerlijst van Senator Alain Destexhe in \u201cWaals\u201d-Brabant.<\/strong><\/p>\n\n\n\n<p>Het spreekt vanzelf dat er aan deze nieuwe kiesstrijd kosten\nverbonden zijn, temeer daar ze volgt op die van oktober 2018. We doen dus een\noproep aan uw vrijgevigheid om een gift te doen aan onze partij. Die mag niet\nmeer bedragen dan 500 \u20ac per natuurlijke persoon. Die gift kan gestort worden op\nhet rekeningnummer van de B.U.B. BE91 0682 4176 7776.<\/p>\n\n\n\n<p>In tegenstelling tot de traditionele politieke partijen ontvangt de B.U.B. geen enkele toelage van de staat.<\/p>\n\n\n\n<p>Met Belgische groeten,<\/p>\n\n\n\n<p><strong>POUR UNE BELGIQUE UNITAIRE !<\/strong><\/p>\n\n\n\n<p><strong>Chers membres et sympathisants,<\/strong><\/p>\n\n\n\n<p><strong>Le B.U.B. se lance dans une nouvelle aventure \u00e9lectorale. Nous d\u00e9poserons des listes pour les \u00e9lections nationales du 26 mai 2019 en Flandre orientale (liste 23) et dans le Brabant \u00ab&nbsp;flamand&nbsp;\u00bb (liste 22). Pour Bruxelles et le Brabant \u2018wallon\u2019, nous collaborons avec les Listes Destexhe (liste 13) sur base d\u2019une d\u00e9claration commune purement communautaire que vous trouvez sur notre site. Ainsi, le pr\u00e9sident du B.U.B., Hans Van de Cauter, sera troisi\u00e8me candidat sur la liste f\u00e9d\u00e9rale du S\u00e9nateur Alain Destexhe et Yves-Marie Vandenbrande, membre du conseil du parti, sera le troisi\u00e8me candidat sur la liste Destexhe dans le Brabant \u00ab&nbsp;wallon&nbsp;\u00bb.<\/strong><\/p>\n\n\n\n<p>Il va de soi que ce nouveau combat \u00e9lectoral, qui suit de\npr\u00e8s celui d\u2019octobre 2018, entra\u00eene des frais. Pourrions-nous d\u00e8s lors faire\nappel \u00e0 votre g\u00e9n\u00e9rosit\u00e9 en demandant de verser un don n\u2019exc\u00e9dant pas 500 \u20ac par\npersonne physique \u00e0 notre parti&nbsp;? Ce don peut \u00eatre vers\u00e9 sur le compte du\nB.U.B. portant le num\u00e9ro BE91 0682 4176 7776.<\/p>\n\n\n\n<p>Contrairement aux partis politiques traditionnels, le B.U.B. ne re\u00e7oit aucun subside de l&#8217;Etat.<\/p>\n\n\n\n<p>Salutations belges, <\/p>\n\n\n\n<p>Hans Van de Cauter<\/p>\n\n\n\n<p>Pr\u00e9sident \/ Voorzitter B.U.B.<\/p>\n\n\n\n<p><a href=\"http:\/\/www.belgischeunie.be\">www.belgischeunie.be<\/a><\/p>\n\n\n\n<p><a href=\"https:\/\/www.unionbelge.be\">www.unionbelge.be<\/a> <\/p>\n","protected":false},"excerpt":{"rendered":"<p>De B.U.B. gaat een nieuwe electorale uitdaging aan. Voor de nationale verkiezingen van 26 mei 2019 zullen we lijsten neerleggen in Oost-Vlaanderen (lijst 23) en \u00ab Vlaams \u00bb-Brabant (lijst 22). Voor Brussel en \u201cWaals\u201d-Brabant hebben we beslist met de Lijsten Destexhe (lijst 13) samen te werken op basis van een gemeenschappelijke verklaring, die louter communautair van aard is. U kan ze terugvinden op onze site. Zo is onze voorzitter, Hans Van de Cauter, derde kandidaat op de federale lijst van Destexhe in Brussel en partijraadslid Yves-Marie Vandenbrande derde op de kamerlijst van Senator Alain Destexhe in \u201cWaals\u201d-Brabant.\ufeff<\/p>\n<p>Le B.U.B. se lance dans une nouvelle aventure \u00e9lectorale. Nous d\u00e9poserons des listes pour les \u00e9lections nationales du 26 mai 2019 en Flandre orientale (liste 23) et dans le Brabant \u00ab flamand \u00bb (liste 22). Pour Bruxelles et le Brabant \u2018wallon\u2019, nous collaborons avec les Listes Destexhe (liste 13) sur base d\u2019une d\u00e9claration commune purement communautaire que vous trouvez sur notre site. Ainsi, le pr\u00e9sident du B.U.B., Hans Van de Cauter, sera troisi\u00e8me candidat sur la liste f\u00e9d\u00e9rale du S\u00e9nateur Alain Destexhe et Yves-Marie Vandenbrande, membre du conseil du parti, sera le troisi\u00e8me candidat sur la liste Destexhe dans le Brabant \u00ab wallon \u00bb.<\/p>\n","protected":false},"author":2,"featured_media":12808,"comment_status":"closed","ping_status":"closed","sticky":false,"template":"","format":"standard","meta":{"ngg_post_thumbnail":0,"jetpack_post_was_ever_published":false,"_jetpack_newsletter_access":"","_jetpack_dont_email_post_to_subs":false,"_jetpack_newsletter_tier_id":0,"_jetpack_memberships_contains_paywalled_content":false,"powered_cache_disable_cache":false,"_jetpack_memberships_contains_paid_content":false,"footnotes":"","jetpack_publicize_message":"","jetpack_publicize_feature_enabled":true,"jetpack_social_post_already_shared":true,"jetpack_social_options":{"image_generator_settings":{"template":"highway","default_image_id":0,"font":"","enabled":false},"version":2}},"categories":[1,5],"tags":[],"class_list":["post-12795","post","type-post","status-publish","format-standard","has-post-thumbnail","hentry","category-news0","category-opinions"],"jetpack_publicize_connections":[],"jetpack_featured_media_url":"https:\/\/www.unionbelge.be\/wp-content\/uploads\/2019\/03\/Grimbergen-16.03.2019.jpg","jetpack_sharing_enabled":true,"jetpack_shortlink":"https:\/\/wp.me\/p6Y7u0-3kn","jetpack_likes_enabled":false,"_links":{"self":[{"href":"https:\/\/www.unionbelge.be\/index.php?rest_route=\/wp\/v2\/posts\/12795","targetHints":{"allow":["GET"]}}],"collection":[{"href":"https:\/\/www.unionbelge.be\/index.php?rest_route=\/wp\/v2\/posts"}],"about":[{"href":"https:\/\/www.unionbelge.be\/index.php?rest_route=\/wp\/v2\/types\/post"}],"author":[{"embeddable":true,"href":"https:\/\/www.unionbelge.be\/index.php?rest_route=\/wp\/v2\/users\/2"}],"replies":[{"embeddable":true,"href":"https:\/\/www.unionbelge.be\/index.php?rest_route=%2Fwp%2Fv2%2Fcomments&post=12795"}],"version-history":[{"count":6,"href":"https:\/\/www.unionbelge.be\/index.php?rest_route=\/wp\/v2\/posts\/12795\/revisions"}],"predecessor-version":[{"id":12830,"href":"https:\/\/www.unionbelge.be\/index.php?rest_route=\/wp\/v2\/posts\/12795\/revisions\/12830"}],"wp:featuredmedia":[{"embeddable":true,"href":"https:\/\/www.unionbelge.be\/index.php?rest_route=\/wp\/v2\/media\/12808"}],"wp:attachment":[{"href":"https:\/\/www.unionbelge.be\/index.php?rest_route=%2Fwp%2Fv2%2Fmedia&parent=12795"}],"wp:term":[{"taxonomy":"category","embeddable":true,"href":"https:\/\/www.unionbelge.be\/index.php?rest_route=%2Fwp%2Fv2%2Fcategories&post=12795"},{"taxonomy":"post_tag","embeddable":true,"href":"https:\/\/www.unionbelge.be\/index.php?rest_route=%2Fwp%2Fv2%2Ftags&post=12795"}],"curies":[{"name":"wp","href":"https:\/\/api.w.org\/{rel}","templated":true}]}}