{"id":12788,"date":"2019-03-16T12:23:18","date_gmt":"2019-03-16T11:23:18","guid":{"rendered":"http:\/\/www.unionbelge.be\/?p=12788"},"modified":"2019-03-16T12:23:30","modified_gmt":"2019-03-16T11:23:30","slug":"samenwerking-tussen-de-lijsten-destexhe-en-de-b-u-b-collaboration-entre-les-listes-de-destexhe-et-le-b-u-b","status":"publish","type":"post","link":"https:\/\/www.unionbelge.be\/?p=12788","title":{"rendered":"SAMENWERKING TUSSEN DE LIJSTEN DESTEXHE EN DE B.U.B. &#8211; COLLABORATION ENTRE LES LISTES DE DESTEXHE ET LE B.U.B."},"content":{"rendered":"\n<p><strong>VOOR EEN NIEUW EN STERK BELGI\u00cb!<\/strong><\/p>\n\n\n\n<p>De Lijsten Destexhe en de partij Belgische Unie (\nB.U.B.) zijn verheugd u een akkoord tot samenwerking tussen de twee partijen mee\nte delen. <\/p>\n\n\n\n<p>Deze samenwerking zal van toepassing zijn op de\nfederale verkiezingen voor de kieskringen van Brussel en de vijf Franstalige\nprovincies, alsook op de Brusselse gewestlijst. <\/p>\n\n\n\n<p>Een vijftiental kandidaten van onze partij, de Belgische Unie (B.U.B.) zullen de Lijsten Destexhe versterken en sommigen op verkiesbare plaatsen. Zo zal de voorzitter van de B.U.B., Hans Van de Cauter, die ook gemeenteraadslid in Ukkel is, de derde kandidaat op de federale lijst van de Lijsten Destexhe zijn.<\/p>\n\n\n\n<p>De twee politieke bewegingen, die elk hun volledige autonomie behouden, delen verschillende programmapunten en wensen hier samen op verder te bouwen. <\/p>\n\n\n\n<p><strong>De versterking van de eenheid van Belgi\u00eb, de herfederalisering van vele bevoegdheden en de promotie van tweetaligheid zullen de speerpunten van deze samenwerking zijn.<\/strong><\/p>\n\n\n\n<p><strong>POUR UNE BELGIQUE NOUVELLE ET FORTE!<\/strong><\/p>\n\n\n\n<p><strong>Les Listes Destexhe et le parti Union Belge (B.U.B.) sont heureux de vous annoncer l&#8217;accord d&#8217;une collaboration entre les deux formations politiques. <\/strong><\/p>\n\n\n\n<p>Cette collaboration s\u2019appliquera aux \u00e9lections\nf\u00e9d\u00e9rales sur les circonscriptions de Bruxelles et des cinq provinces francophones,\nainsi que sur la liste r\u00e9gionale bruxelloise. <\/p>\n\n\n\n<p>Une quinzaine de candidats de notre parti, l&#8217;Union Belge (B.U.B.) viendront renforcer les Listes Destexhe, dont certains \u00e0 des places \u00e9ligibles. Ainsi, le pr\u00e9sident du B.U.B., Hans Van de Cauter, qui est aussi conseiller communal \u00e0 Uccle, sera le troisi\u00e8me candidat sur la liste f\u00e9d\u00e9rale des Listes Destexhe.<\/p>\n\n\n\n<p>Les deux mouvements politiques, tout en gardant leur autonomie, se rejoignent sur de nombreux points de programme et souhaitent avancer ensemble sur une ligne commune. <\/p>\n\n\n\n<p><strong>Le renforcement de l&#8217;unit\u00e9 de la Belgique, la ref\u00e9d\u00e9ralisation de nombreuses comp\u00e9tences et la promotion du bilinguisme seront les principaux points de cette collaboration.<\/strong><\/p>\n\n\n\n<p><br><\/p>\n","protected":false},"excerpt":{"rendered":"<p>De Lijsten Destexhe en de partij Belgische Unie ( B.U.B.) zijn verheugd u een akkoord tot samenwerking tussen de twee partijen mee te delen.<\/p>\n<p>Les Listes Destexhe et le parti Union Belge (B.U.B.) sont heureux de vous annoncer l&#8217;accord d&#8217;une collaboration entre les deux formations politiques. \ufeff <\/p>\n","protected":false},"author":2,"featured_media":12239,"comment_status":"closed","ping_status":"closed","sticky":false,"template":"","format":"standard","meta":{"ngg_post_thumbnail":0,"jetpack_post_was_ever_published":false,"_jetpack_newsletter_access":"","_jetpack_dont_email_post_to_subs":false,"_jetpack_newsletter_tier_id":0,"_jetpack_memberships_contains_paywalled_content":false,"powered_cache_disable_cache":false,"_jetpack_memberships_contains_paid_content":false,"footnotes":"","jetpack_publicize_message":"","jetpack_publicize_feature_enabled":true,"jetpack_social_post_already_shared":true,"jetpack_social_options":{"image_generator_settings":{"template":"highway","default_image_id":0,"font":"","enabled":false},"version":2}},"categories":[1],"tags":[],"class_list":["post-12788","post","type-post","status-publish","format-standard","has-post-thumbnail","hentry","category-news0"],"jetpack_publicize_connections":[],"jetpack_featured_media_url":"https:\/\/www.unionbelge.be\/wp-content\/uploads\/2018\/07\/11.jpg","jetpack_sharing_enabled":true,"jetpack_shortlink":"https:\/\/wp.me\/p6Y7u0-3kg","jetpack_likes_enabled":false,"_links":{"self":[{"href":"https:\/\/www.unionbelge.be\/index.php?rest_route=\/wp\/v2\/posts\/12788","targetHints":{"allow":["GET"]}}],"collection":[{"href":"https:\/\/www.unionbelge.be\/index.php?rest_route=\/wp\/v2\/posts"}],"about":[{"href":"https:\/\/www.unionbelge.be\/index.php?rest_route=\/wp\/v2\/types\/post"}],"author":[{"embeddable":true,"href":"https:\/\/www.unionbelge.be\/index.php?rest_route=\/wp\/v2\/users\/2"}],"replies":[{"embeddable":true,"href":"https:\/\/www.unionbelge.be\/index.php?rest_route=%2Fwp%2Fv2%2Fcomments&post=12788"}],"version-history":[{"count":1,"href":"https:\/\/www.unionbelge.be\/index.php?rest_route=\/wp\/v2\/posts\/12788\/revisions"}],"predecessor-version":[{"id":12789,"href":"https:\/\/www.unionbelge.be\/index.php?rest_route=\/wp\/v2\/posts\/12788\/revisions\/12789"}],"wp:featuredmedia":[{"embeddable":true,"href":"https:\/\/www.unionbelge.be\/index.php?rest_route=\/wp\/v2\/media\/12239"}],"wp:attachment":[{"href":"https:\/\/www.unionbelge.be\/index.php?rest_route=%2Fwp%2Fv2%2Fmedia&parent=12788"}],"wp:term":[{"taxonomy":"category","embeddable":true,"href":"https:\/\/www.unionbelge.be\/index.php?rest_route=%2Fwp%2Fv2%2Fcategories&post=12788"},{"taxonomy":"post_tag","embeddable":true,"href":"https:\/\/www.unionbelge.be\/index.php?rest_route=%2Fwp%2Fv2%2Ftags&post=12788"}],"curies":[{"name":"wp","href":"https:\/\/api.w.org\/{rel}","templated":true}]}}