{"id":12519,"date":"2018-11-12T10:58:39","date_gmt":"2018-11-12T09:58:39","guid":{"rendered":"http:\/\/www.unionbelge.be\/?p=12519"},"modified":"2018-11-20T08:46:45","modified_gmt":"2018-11-20T07:46:45","slug":"11-11-1918-11-11-2018","status":"publish","type":"post","link":"https:\/\/www.unionbelge.be\/?p=12519","title":{"rendered":"11.11.1918 &#8211; 11.11.2018"},"content":{"rendered":"<figure id=\"attachment_12520\" aria-describedby=\"caption-attachment-12520\" style=\"width: 300px\" class=\"wp-caption alignleft\"><a href=\"https:\/\/www.unionbelge.be\/?attachment_id=12520\" rel=\"attachment wp-att-12520\"><img loading=\"lazy\" decoding=\"async\" class=\"size-medium wp-image-12520\" src=\"https:\/\/www.unionbelge.be\/wp-content\/uploads\/2018\/11\/2018-11-11-3273-300x168.jpg\" alt=\"Une d\u00e9l\u00e9gation du B.U.B. \u00e9tait pr\u00e9sente \u00e0 la comm\u00e9moration de l\u2019armistice du 11 novembre 2018 \u00e0 Bruxelles. Een delegatie van de B.U.B. was bij de herdenking van de wapenstilstand in Brussel op 11 november 2018 aanwezig. \" width=\"300\" height=\"168\" data-wp-pid=\"12520\" srcset=\"https:\/\/www.unionbelge.be\/wp-content\/uploads\/2018\/11\/2018-11-11-3273-300x168.jpg 300w, https:\/\/www.unionbelge.be\/wp-content\/uploads\/2018\/11\/2018-11-11-3273-420x236.jpg 420w, https:\/\/www.unionbelge.be\/wp-content\/uploads\/2018\/11\/2018-11-11-3273-800x449.jpg 800w, https:\/\/www.unionbelge.be\/wp-content\/uploads\/2018\/11\/2018-11-11-3273-768x431.jpg 768w, https:\/\/www.unionbelge.be\/wp-content\/uploads\/2018\/11\/2018-11-11-3273-1024x575.jpg 1024w, https:\/\/www.unionbelge.be\/wp-content\/uploads\/2018\/11\/2018-11-11-3273-1232x691.jpg 1232w, https:\/\/www.unionbelge.be\/wp-content\/uploads\/2018\/11\/2018-11-11-3273-1920x1078.jpg 1920w, https:\/\/www.unionbelge.be\/wp-content\/uploads\/2018\/11\/2018-11-11-3273-600x337.jpg 600w, https:\/\/www.unionbelge.be\/wp-content\/uploads\/2018\/11\/2018-11-11-3273-1200x675-cropped.jpg 1200w\" sizes=\"auto, (max-width: 300px) 100vw, 300px\" \/><\/a><figcaption id=\"caption-attachment-12520\" class=\"wp-caption-text\">Une d\u00e9l\u00e9gation du B.U.B. \u00e9tait pr\u00e9sente \u00e0 la comm\u00e9moration de l\u2019armistice du 11 novembre 2018 \u00e0 Bruxelles. Een delegatie van de B.U.B. was bij de herdenking van de wapenstilstand in Brussel op 11 november 2018 aanwezig. C&#8217;\u00e9tait une belle comm\u00e9moration avec une allocution \u00e9mouvante du Roi. Het was een mooie herdenking met een ontroerende toespraak van de Koning. Es war eine sch\u00f6ne Gedenkfeier mit einer ergreifenden Ansprache des K\u00f6nigs.<\/figcaption><\/figure>\n<p style=\"text-align: left;\"><strong>BELGIE HERDENKT EINDE EERSTE WERELDOORLOG<\/strong><\/p>\n<p style=\"text-align: left;\"><strong>Op 11\u00a0november\u00a0hebben de Belgen de wapenstilstand herdacht die een einde stelde aan de Eerste Wereldoorlog, nu honderd jaar geleden.\u00a0De iure\u00a0werd de oorlog be\u00ebindigd door verschillende opeenvolgende verdragen van 1919 en 1920 met Duitsland, Oostenrijk, Bulgarije en het Ottomaanse Rijk. Door het verdrag van Versailles van 1919 werd Belgi\u00eb zeer karig gecompenseerd voor het enorme offer dat tijdens de oorlog gebracht werd. Ons land verkreeg slechts de Oostkantons en het mandaat over de Duitse kolonie Ruanda-Urundi in Afrika.<\/strong><\/p>\n<p style=\"text-align: left;\">De Eerste Wereldoorlog was het bloedigste conflict dat de wereld tot dan gekend had. In het westen werd die oorlog gedurende vier jaar van 1914 tot 1918 hardnekkig doorgezet. Duitsland wou immers de veroverde gebieden (Belgi\u00eb (grotendeels) en Noord-Frankrijk) niet opgeven.<\/p>\n<p style=\"text-align: left;\">Op 4 augustus 1914 was Duitsland Belgi\u00eb binnengevallen, hoewel het \u00e9\u00e9n van de garanten van de aan Belgi\u00eb in 1839 opgelegde neutraliteit was.\u00a0Zo werd ons land meegesleept in een oorlog tussen de grote mogendheden waarmee ons land niets te maken had.\u00a0Er zouden 9.000 Belgische burgers en 40.000 soldaten omkomen.\u00a0Dat hadden er nog veel m\u00e9\u00e9r kunnen zijn indien Koning Albert I niet geweigerd had om onze troepen in te zetten bij de nutteloze slachtpartijen, o.a. bij Verdun en de Somme in het midden van de oorlog.<\/p>\n<p style=\"text-align: left;\">Belgi\u00eb bleef immers gedurende de hele oorlog neutraal.\u00a0Ondanks de aanzienlijke verwoestingen en de duizenden onschuldige burgers die vermoord of gedeporteerd werden door het Duitse leger, ligt de grootste betekenis van de oorlog voor ons land op het politieke vlak.<\/p>\n<p style=\"text-align: left;\">Sedert 1831 kende Belgi\u00eb een stabiel, parlementair regime. Toen de oorlog uitbrak, werd de socialistische voorman Emile Vandervelde (BWP) tot Minister van Staat benoemd. Daarmee had Belgi\u00eb de eerste socialistische minister van Europa. In 1916 werd het katholieke kabinet, dat sinds 1884 ( ! ) onafgebroken aan de macht was uitgebreid met liberalen en socialisten.\u00a0Samen met de invoering van het algemeen enkelvoudig mannelijk stemrecht (1919) na de fameuze \u2018coup de Loppem\u2019 van\u00a0november\u00a01918 en het enorme prestige van de Koning hebben deze maatregelen ertoe bijgedragen dat de Belgische democratie met glans het interbellum doorstond.\u00a0Anders dan in de meeste Europese landen was er geen doorbraak van radicaal-linkse of radicaal-rechtse partijen, laat staan de invoering van een dictatuur al dan niet na een revolutie of staatsgreep.\u00a0We kunnen het ons nu nog moeilijk voorstellen, maar eind jaren 1930 telde Europa meer dictaturen dan democratie\u00ebn.<\/p>\n<p style=\"text-align: left;\">Anderzijds was de oorlog en dan meer bepaald de Duitse\u00a0<em>Flamenpolitik<\/em>\u00a0erop gericht om Belgi\u00eb te vernietigen, minstens aanzienlijk te verzwakken door het aanwakkeren van twisten tussen de taalgroepen. Er werd een voordien onbestaande anti-Belgische stroming binnen de \u201cVlaamse\u201d beweging in het leven geroepen (<a href=\"https:\/\/www.unionbelge.be\/?p=5557\">zie ons artikel<\/a>).\u00a0Ook de frontbeweging achter de Ijzer van soldaten die eerst kloegen over taaltoestanden in het Belgisch leger en vervolgens \u201czelfbestuur\u201d gingen eisen, kwam niet uit de lucht vallen. Nadat de Duitse overheid in 1916 de universiteit van Gent vernederlandst had en de Belgische regering-in-ballingschap geen Nederlandstalige universiteit na de oorlog in het vooruitzicht stelde, radicaliseerden sommige soldaten achter het front.\u00a0Ze bezagen de Duitse maatregelen als een \u201cgift\u201d aan de zogenaamde \u201cVlamingen\u201d, die hun eigen regering hen niet toekende.\u00a0Spoedig zochten ze toenadering tot de \u201cactivisten\u201d, de flamingantische collaborateurs.<\/p>\n<p style=\"text-align: left;\">Kortom, de\u00a0<em>Flamenpolitik<\/em>\u00a0stimuleerde zowel in het bezette land als achter het front een anti-Belgisch bewustzijn. Die collaboratie bleef wel zeer beperkt (0,2% van de Belgische bevolking), maar sloeg een diepe bres binnen de \u201cVlaamse\u201d beweging.<\/p>\n<p style=\"text-align: left;\">Indien Belgi\u00eb in 1914, net als Denemarken in 1940, slechts een symbolische weerstand geboden had en zich gewillig had laten inlijven bij het Duitse Rijk, was deze verdeelpolitiek nooit gevoerd\u00a0geweest.\u00a0Dan had er\u00a0ook nooit een anti-Belgische \u201eVlaamse\u201c beweging\u00a0bestaan.\u00a0Belgi\u00eb zou dan\u00a0na\u00a0de Duitse nederlaag bevrijd zijn\u00a0geweest, net als Luxemburg,\u00a0dat tijdens de oorlog ook onder Duitse controle stond, maar zijn regering kon behouden.<\/p>\n<p style=\"text-align: left;\"><strong>Het is schandalig dat er vandaag in het Belgische parlement partijen zitten die het activisme, thans \u201c\u201cVlaams\u201d-nationalisme\u201d genaamd,\u00a0dat een erfenis van de Duitse\u00a0Flamenpolitik\u00a0is, nog altijd uitdragen. Dat is een belediging aan het adres van de 40.000 Belgische soldaten die sneuvelden tijdens de Eerste Wereldoorlog.\u00a0Duitsland heeft zich overigens nooit verontschuldigd voor deze poging om onze staatsstructuur te vernietigen. Het land zou dat een eeuw later wel eens mogen doen.<\/strong><\/p>\n<p>&nbsp;<\/p>\n<p style=\"text-align: left;\"><strong>LA BELGIQUE A COMMEMORE LA FIN DE LA PREMIERE GUERRE MONDIALE<\/strong><\/p>\n<p style=\"text-align: left;\"><strong>Le 11\u00a0novembre, les Belges ont comm\u00e9mor\u00e9 l\u2019armistice qui mit, maintenant il y a cent ans, fin \u00e0 la Premi\u00e8re Guerre Mondiale. Sur le plan du droit la guerre fut termin\u00e9e\u00a0par diff\u00e9rents trait\u00e9s cons\u00e9cutifs de 1919 et de 1920 conclus avec l\u2019Allemagne, l\u2019Autriche, la Bulgarie et l\u2019Empire Ottoman. Par le trait\u00e9 de Versailles de 1919 la Belgique a \u00e9t\u00e9 maigrement compens\u00e9e pour son sacrifice. Notre pays n\u2019obtenait que les cantons de l\u2019Est et le mandat sur le Ruanda-Urundi, une colonie allemande en Afrique.<\/strong><\/p>\n<p style=\"text-align: left;\">La Premi\u00e8re Guerre mondiale \u00e9tait le conflit le plus sanglant que le monde ait connu jusqu\u2019alors. \u00c0 l&#8217;ouest, cette guerre se poursuivait\u00a0inlassablement\u00a0pendant quatre ans\u00a0de\u00a01914\u00a0\u00e0\u00a01918.\u00a0En effet, l\u2019Allemagne ne voulait pas abandonner les territoires conquis (la Belgique (en grande partie) et le nord de la France).<\/p>\n<p style=\"text-align: left;\">Le 4 ao\u00fbt 1914, bien qu\u2019elle e\u00fbt \u00e9t\u00e9 un des garants de la neutralit\u00e9 impos\u00e9e \u00e0 la Belgique en 1839, l\u2019Allemagne envahissait la Belgique.\u00a0Ainsi, notre pays a \u00e9t\u00e9 entra\u00een\u00e9 dans une guerre entre les grandes puissances, guerre avec laquelle elle n\u2019avait rien \u00e0 voir. 9.000 civils belges et \u00a040.000 soldats belges y ont laiss\u00e9 la vie. Ce nombre pouvait \u00eatre encore beaucoup plus \u00e9lev\u00e9 si le Roi Albert Ier n\u2019avait pas refus\u00e9 de mobiliser nos troupes dans des massacres inutiles, tels que ceux de la Somme et de Verdun au milieu de la guerre.<\/p>\n<p style=\"text-align: left;\">La Belgique a\u00a0en effet\u00a0gard\u00e9 son statut de neutralit\u00e9 durant toute la guerre. En d\u00e9pit des destructions immenses et\u00a0des milliers de civils innocents tu\u00e9s ou d\u00e9port\u00e9s par l\u2019arm\u00e9e allemande,\u00a0c\u2019est au niveau politique que cette guerre a laiss\u00e9 le plus de traces pour notre pays.<\/p>\n<p style=\"text-align: left;\">Depuis 1831, la Belgique connaissait un r\u00e9gime parlementaire stable.\u00a0Lorsque la guerre \u00e9clata, le chef socialiste Emile Vandervelde (POB) a \u00e9t\u00e9 nomm\u00e9 ministre d&#8217;Etat.\u00a0Ainsi, un Belge devint le premier ministre socialiste en Europe.\u00a0En 1916, le Cabinet catholique, au pouvoir depuis 1884 (!), a \u00e9t\u00e9 \u00e9tendu aux lib\u00e9raux et aux socialistes.\u00a0Avec l&#8217;introduction du droit de vote simple masculin g\u00e9n\u00e9ral (1919) apr\u00e8s le fameux &#8220;coup de Loppem&#8221; de novembre 1918 renforc\u00e9 encore par l&#8217;\u00e9norme prestige du Roi, ces mesures ont contribu\u00e9 au fait que la d\u00e9mocratie belge ait\u00a0brillamment r\u00e9sist\u00e9\u00a0pendant\u00a0l&#8217;entre-deux-guerres. Contrairement \u00e0 la plupart des pays europ\u00e9ens, il n\u2019y\u00a0a pas eu de perc\u00e9e de partis radicaux de gauche ou de droite\u00a0et\u00a0encore moins\u00a0de\u00a0dictature, que ce soit suite \u00e0\u00a0une r\u00e9volution ou un coup d\u2019\u00c9tat.Nous pouvons \u00e0 peine l\u2019imaginer aujourd\u2019hui, mais \u00e0 la fin des ann\u00e9es 1930, l\u2019Europe comptait plus de dictatures que de d\u00e9mocraties.<\/p>\n<p style=\"text-align: left;\">D\u2019autre part, la guerre et plus pr\u00e9cis\u00e9ment la\u00a0<em>Flamenpolitik<\/em>, avait pour but de d\u00e9truire ou du moins d\u2019affaiblir consid\u00e9rablement la Belgique en attisant les querelles entre les groupes linguistiques. Ainsi, un mouvement antibelge, auparavant absent, fut cr\u00e9\u00e9 au sein du mouvement \u201cflamand\u201d (<a href=\"https:\/\/www.unionbelge.be\/?p=5557\">voir notre article<\/a>).\u00a0Aussi la \u201cfrontbeweging\u201d (\u201cfrontisme\u201d) compos\u00e9e de soldats derri\u00e8re l\u2019Yser qui se plaignaient d\u2019abord de situations linguistiques \u00e0 l\u2019arm\u00e9e belge pour ensuite r\u00e9clamer de \u201cl\u2019autonomie\u201d\u00a0 n\u2019\u00e9tait pas tomb\u00e9e du ciel. Apr\u00e8s que les autorit\u00e9s allemandes avaient n\u00e9erlandis\u00e9 l\u2019universit\u00e9 de Gand en 1916 et que le gouvernement belge en exil s\u2019\u00e9tait refus\u00e9 de promettre une universit\u00e9 n\u00e9erlandophone apr\u00e8s la guerre, certains soldats derri\u00e8re le front se radicalisaient. Pour eux, les mesures allemandes \u00e9taient consid\u00e9r\u00e9es comme un don aux soi-disant \u201cFlamands\u201d, don qui leur \u00e9tait refus\u00e9 par leur propre gouvernement. Ensuite, ils allaient se rapprocher des \u201cactivistes\u201d, les collaborateurs flamingants.<\/p>\n<p style=\"text-align: left;\">Bref, la\u00a0<em>Flamenpolitik<\/em>\u00a0a\u00a0stimul\u00e9\u00a0\u00e0 la fois dans le pays occup\u00e9\u00a0et\u00a0derri\u00e8re le front un\u00a0sentiment\u00a0antibelge. La collaboration, quoique d\u2019importance\u00a0tr\u00e8s limit\u00e9e (0,2% de la population belge),\u00a0battait en\u00a0br\u00e8che\u00a0lemouvement \u201cflamand\u201d.<\/p>\n<p style=\"text-align: left;\">Si la Belgique en 1914\u00a0ne s\u2019\u00e9tait r\u00e9sist\u00e9e que\u00a0symboliquement\u00a0et s\u2019\u00e9tait laiss\u00e9e\u00a0annexer\u00a0volontairement par\u00a0l\u2019Empire allemand, comme le Danemark en 1940, cette \u00a0politique de division\u00a0n\u2019aurait jamais \u00e9t\u00e9men\u00e9e.\u00a0Par cons\u00e9quent, il n\u2019y aurait\u00a0pas\u00a0eu\u00a0de\u00a0mouvement \u201cflamand\u201d antibelge. La Belgique aurait \u00e9t\u00e9 lib\u00e9r\u00e9e\u00a0apr\u00e8s\u00a0la d\u00e9faite allemande, tout comme le Luxembourg qui \u00e9tait \u00e9galement\u00a0plac\u00e9\u00a0sous contr\u00f4le allemand\u00a0tout en pouvant garder\u00a0son gouvernement pendant la guerre.<\/p>\n<p style=\"text-align: left;\"><strong>Il est scandaleux qu\u2019au sein du parlement belge il existe des partis qui propagent toujours l\u2019activisme, aujourd\u2019hui appel\u00e9 \u00ab\u00a0nationalisme \u201cflamand\u201d\u00a0\u00bb, qui constitue un h\u00e9ritage de la <em>Flamenpolitik<\/em>\u00a0allemande. C\u2019est une insulte \u00e0 l\u2019adresse des 40.000 soldats belges qui ont p\u00e9ri pendant la Premi\u00e8re Guerre Mondiale.\u00a0Par ailleurs,\u00a0l\u2019Allemagne ne s\u2019est jamais excus\u00e9e pour cette tentative de d\u00e9truire notre structure \u00e9tatique. Un si\u00e8cle plus tard, il est temps que le pays le fasse enfin.<\/strong><\/p>\n<p style=\"text-align: left;\">\n","protected":false},"excerpt":{"rendered":"<p>Op 11\u00a0november\u00a0hebben de Belgen de wapenstilstand herdacht die een einde stelde aan de Eerste Wereldoorlog, nu honderd jaar geleden.\u00a0De iure\u00a0werd de oorlog be\u00ebindigd door verschillende opeenvolgende verdragen van 1919 en 1920 met Duitsland, Oostenrijk, Bulgarije en het Ottomaanse Rijk. Door het verdrag van Versailles van 1919 werd Belgi\u00eb zeer karig gecompenseerd voor het enorme offer dat tijdens de oorlog gebracht werd. Ons land verkreeg slechts de Oostkantons en het mandaat over de Duitse kolonie Ruanda-Urundi in Afrika.<\/p>\n<p>Le 11\u00a0novembre, les Belges ont comm\u00e9mor\u00e9 l\u2019armistice qui mit, maintenant il y a cent ans, fin \u00e0 la Premi\u00e8re Guerre Mondiale. Sur le plan du droit la guerre fut termin\u00e9e\u00a0par diff\u00e9rents trait\u00e9s cons\u00e9cutifs de 1919 et de 1920 conclus avec l\u2019Allemagne, l\u2019Autriche, la Bulgarie et l\u2019Empire Ottoman. Par le trait\u00e9 de Versailles de 1919 la Belgique a \u00e9t\u00e9 maigrement compens\u00e9e pour son sacrifice. Notre pays n\u2019obtenait que les cantons de l\u2019Est et le mandat sur le Ruanda-Urundi, une colonie allemande en Afrique.<\/p>\n","protected":false},"author":2,"featured_media":0,"comment_status":"closed","ping_status":"closed","sticky":false,"template":"","format":"standard","meta":{"ngg_post_thumbnail":0,"jetpack_post_was_ever_published":false,"_jetpack_newsletter_access":"","_jetpack_dont_email_post_to_subs":false,"_jetpack_newsletter_tier_id":0,"_jetpack_memberships_contains_paywalled_content":false,"powered_cache_disable_cache":false,"_jetpack_memberships_contains_paid_content":false,"footnotes":"","jetpack_publicize_message":"","jetpack_publicize_feature_enabled":true,"jetpack_social_post_already_shared":true,"jetpack_social_options":{"image_generator_settings":{"template":"highway","default_image_id":0,"font":"","enabled":false},"version":2}},"categories":[7,1,5],"tags":[],"class_list":["post-12519","post","type-post","status-publish","format-standard","hentry","category-history","category-news0","category-opinions"],"jetpack_publicize_connections":[],"jetpack_featured_media_url":"","jetpack_sharing_enabled":true,"jetpack_shortlink":"https:\/\/wp.me\/p6Y7u0-3fV","jetpack_likes_enabled":false,"_links":{"self":[{"href":"https:\/\/www.unionbelge.be\/index.php?rest_route=\/wp\/v2\/posts\/12519","targetHints":{"allow":["GET"]}}],"collection":[{"href":"https:\/\/www.unionbelge.be\/index.php?rest_route=\/wp\/v2\/posts"}],"about":[{"href":"https:\/\/www.unionbelge.be\/index.php?rest_route=\/wp\/v2\/types\/post"}],"author":[{"embeddable":true,"href":"https:\/\/www.unionbelge.be\/index.php?rest_route=\/wp\/v2\/users\/2"}],"replies":[{"embeddable":true,"href":"https:\/\/www.unionbelge.be\/index.php?rest_route=%2Fwp%2Fv2%2Fcomments&post=12519"}],"version-history":[{"count":6,"href":"https:\/\/www.unionbelge.be\/index.php?rest_route=\/wp\/v2\/posts\/12519\/revisions"}],"predecessor-version":[{"id":12537,"href":"https:\/\/www.unionbelge.be\/index.php?rest_route=\/wp\/v2\/posts\/12519\/revisions\/12537"}],"wp:attachment":[{"href":"https:\/\/www.unionbelge.be\/index.php?rest_route=%2Fwp%2Fv2%2Fmedia&parent=12519"}],"wp:term":[{"taxonomy":"category","embeddable":true,"href":"https:\/\/www.unionbelge.be\/index.php?rest_route=%2Fwp%2Fv2%2Fcategories&post=12519"},{"taxonomy":"post_tag","embeddable":true,"href":"https:\/\/www.unionbelge.be\/index.php?rest_route=%2Fwp%2Fv2%2Ftags&post=12519"}],"curies":[{"name":"wp","href":"https:\/\/api.w.org\/{rel}","templated":true}]}}