{"id":12302,"date":"2018-09-10T12:35:32","date_gmt":"2018-09-10T11:35:32","guid":{"rendered":"http:\/\/www.unionbelge.be\/?p=12302"},"modified":"2018-09-10T12:35:32","modified_gmt":"2018-09-10T11:35:32","slug":"la-nation-belge-en-bloc-derriere-lequipe-nationale-belgische-natie-als-een-blok-achter-de-nationale-ploeg","status":"publish","type":"post","link":"https:\/\/www.unionbelge.be\/?p=12302","title":{"rendered":"LA NATION BELGE EN BLOC DERRIERE L\u2019EQUIPE NATIONALE &#8211; BELGISCHE NATIE ALS EEN BLOK ACHTER DE NATIONALE PLOEG\u00a0"},"content":{"rendered":"<figure id=\"attachment_12303\" aria-describedby=\"caption-attachment-12303\" style=\"width: 300px\" class=\"wp-caption alignleft\"><a href=\"https:\/\/www.unionbelge.be\/?attachment_id=12303\" rel=\"attachment wp-att-12303\"><img loading=\"lazy\" decoding=\"async\" class=\"size-medium wp-image-12303\" src=\"https:\/\/www.unionbelge.be\/wp-content\/uploads\/2018\/09\/2018-07-15-2927-300x168.jpg\" alt=\"\" width=\"300\" height=\"168\" data-wp-pid=\"12303\" srcset=\"https:\/\/www.unionbelge.be\/wp-content\/uploads\/2018\/09\/2018-07-15-2927-300x168.jpg 300w, https:\/\/www.unionbelge.be\/wp-content\/uploads\/2018\/09\/2018-07-15-2927-420x236.jpg 420w, https:\/\/www.unionbelge.be\/wp-content\/uploads\/2018\/09\/2018-07-15-2927-800x449.jpg 800w, https:\/\/www.unionbelge.be\/wp-content\/uploads\/2018\/09\/2018-07-15-2927-768x431.jpg 768w, https:\/\/www.unionbelge.be\/wp-content\/uploads\/2018\/09\/2018-07-15-2927-1024x575.jpg 1024w, https:\/\/www.unionbelge.be\/wp-content\/uploads\/2018\/09\/2018-07-15-2927-1200x675-cropped.jpg 1200w\" sizes=\"auto, (max-width: 300px) 100vw, 300px\" \/><\/a><figcaption id=\"caption-attachment-12303\" class=\"wp-caption-text\">Een jubelende menigte op de Brusselse Grote Markt op 15 juli 2018 &#8211; Une foule en liesse \u00e0 la Grand\u2019 Place de Bruxelles le 15 juillet 2018; photo prises des images t\u00e9l\u00e9vis\u00e9es de la VRT et de la RTBF &#8211; foto genomen van de televisie-uitzending van de VRT en de RTBF<\/figcaption><\/figure>\n<p><strong>UNE TENSION INTENABLE ENTRE LA BELGIQUE SOCIOLOGIQUE ET LA BELGIQUE POLITIQUE<\/strong><\/p>\n<p><strong>Les flamingants et les wallingants, composant plus ou moins 10 % de la population belge, continuent \u00e0 pr\u00e9tendre que la nation belge n\u2019existe pas. N\u00e9anmoins, le succ\u00e8s ind\u00e9niable des Diables Rouges lors de la Coupe du Monde en Russie\u00a0(14 juin &#8211; 15 juillet 2018) a une fois de plus (et pour autant que de besoin) d\u00e9montr\u00e9 le contraire.\u00a0Le grand engouement pour les Diables Rouges \u00e9tant un petit temps derri\u00e8re nous, on peut dresser le bilan de ce ph\u00e9nom\u00e8ne \u00e0 la fois sociologique et politique.<\/strong><\/p>\n<ol>\n<li><strong>La nation brille<\/strong><\/li>\n<\/ol>\n<p>La Nation belge existe bel et bien dans les coeurs de tous les supporters de notre \u00e9quipe nationale, venant des neuf provinces historiques de la Belgique.\u00a0Ils ont soutenu les Diables Rouges lors de chaque match que ceux-ci ont jou\u00e9 pendant leur magnifique campagne en Russie.\u00a0Les Diables Rouges ont fait vibrer les coeurs des Belges, quel que soit leur couleur de peau, statut social, richesse ou provenance.<\/p>\n<p>La Nation belge s\u2019est \u00e9galement clairement exprim\u00e9e lors du retour des Diables Rouges en Belgique, le 15 juillet 2018, apr\u00e8s la victoire contre l\u2019Angleterre dans la \u201cpetite finale\u201d. Une foule immense les a accueillis \u00e0 Bruxelles avec comme apog\u00e9e la f\u00eate sur la Grand\u2019 Place. Environ 50.000 personnes venues des quatre coins du pays y ont particip\u00e9.<\/p>\n<p>Mais la Nation belge est aussi une r\u00e9alit\u00e9 dans les coeurs des\u00a0royalistes, de ceux qui aiment nos neuf magnifiques provinces historiques et dans l\u2019\u00e2me de chacun qui aime la Belgique, la belgitude et tout ce qui se rapporte \u00e0 cela.<\/p>\n<p>Il s\u2019agit d\u2019au moins 80 % des citoyens belges qui s\u2019opposeront \u00e0 jamais au s\u00e9paratisme et voteraient pour le retour \u00e0 une Belgique unitaire lors d\u2019un r\u00e9f\u00e9rendum sur le sort du f\u00e9d\u00e9ralisme linguistique \u2013 si on leur donnait l\u2019occasion de le faire bien entendu. Autre preuve de la belgitude: le 11 juillet 2018, \u00e0 l\u2019occasion de la f\u00eate de la Communaut\u00e9 \u201cflamande\u201d, on a vu cent fois plus de drapeaux belges que de drapeaux \u00ab\u00a0flamands\u00a0\u00bb.<\/p>\n<ol start=\"2\">\n<li><strong>Le sport et la politique<\/strong><\/li>\n<\/ol>\n<p>Les flamingants ont retorqu\u00e9 haut et fort qu\u2019il ne faut pas m\u00ealer le sport \u00e0 la politique ou \u00e0 un quelconque sentiment belge. Voil\u00e0 ce qui est \u00e0 la fois hypocrite et faux. Hypocrite puisqu\u2019ils distribuent eux-m\u00eames des lions \u201cflamands\u201d lors d\u2019\u00e9v\u00e9nements sportifs (s\u2019agissant en outre de la version noire et radicale, le symbole de la collaboration avec l\u2019ennemi et non des drapeaux officiels de la communaut\u00e9 \u201cflamande\u201d). Faux puisque le sport de haut niveau est toujours associ\u00e9 \u00e0 la politique et ceci dans le monde entier.<\/p>\n<p>Les compatriotes des champions voient en eux les repr\u00e9sentants dignes de leur pays, ce qui les rend \u00e0 la fois joyeux et heureux,\u00a0 ne f\u00fbt-ce que pour un temps limit\u00e9. De plus, les Belges ne brandiraient pas le tricolore \u2013 un symbole politique par excellence \u2013 si le sport n\u2019avait rien \u00e0 voir avec la politique. Si les flamingants estiment qu\u2019il faut s\u00e9parer le sport de la politique ils doivent \u00e9galement abolir le Gordel, qui est depuis le d\u00e9but un symbole politique.<\/p>\n<ol start=\"3\">\n<li><strong>Gare \u00e0 l\u2019optimisme exag\u00e9r\u00e9<\/strong><\/li>\n<\/ol>\n<p>Cependant, malgr\u00e9 toute l\u2019euphorie suite \u00e0 la troisi\u00e8me place d\u00e9croch\u00e9e \u00e0 la Coupe du Monde en Russie, les Belges ne doivent pas crier victoire trop vite.\u00a0La rentr\u00e9e formidable de l\u2019Equipe Nationale en 1986 n\u2019a laiss\u00e9 aucun effet positif sur la politique belge.<\/p>\n<p>Bien au contraire, un an plus tard, une grave querelle politico-communautaire concernant la nomination du bourgmestre francophone et unilingue de Fourons en province de Limbourg, a \u00e9clat\u00e9. En 1988, une troisi\u00e8me et dramatique r\u00e9forme de l\u2019Etat fut approuv\u00e9 entra\u00eenant la scission de comp\u00e9tences comme l\u2019enseignement, les travaux publics et les transports publics.<\/p>\n<p>De plus, au niveau particratique, les flamingants sont encore solides \u00e0 l\u2019heure actuelle. Il est d\u00e8s lors une illusion de penser qu\u2019ils vont s\u2019effondrer sans r\u00e9sistance.\u00a0Ils sont probablement tellement irrit\u00e9s par cette ph\u00e9nom\u00e9nale belgitude qu\u2019ils veulent se venger.<\/p>\n<ol start=\"4\">\n<li><strong>Une tension intenable<\/strong><\/li>\n<\/ol>\n<p>Il n\u2019emp\u00eache qu\u2019il y a par rapport \u00e0 il y a trente ans, un certain nombre de facteurs diff\u00e9rents.<\/p>\n<p>En premier lieu, le pouvoir de mobilisation sociologique du mouvement \u00abflamand\u00bb a \u00e9norm\u00e9ment diminu\u00e9.\u00a0Alors que les p\u00e8lerinages de l\u2019Yser attiraient plus de 50.000 participants dans les ann\u00e9es 80, le p\u00e8lerinage et la veill\u00e9e de l\u2019Yser ensemble r\u00e9unissent encore \u00e0 peine\u00a04.000 spectateurs de nos jours.<\/p>\n<p>Deuxi\u00e8mement, depuis le d\u00e9but du si\u00e8cle, il existe un mouvement belge, dont le B.U.B. est une \u00e9manation. Ce n\u2019\u00e9tait pas le cas pendant les ann\u00e9es 1980.<\/p>\n<p>Troisi\u00e8mement, le pouvoir du PS, le parti qui incarne le wallingantisme, s\u2019effrite d\u2019ann\u00e9e\u00a0en ann\u00e9e.<\/p>\n<figure id=\"attachment_12305\" aria-describedby=\"caption-attachment-12305\" style=\"width: 300px\" class=\"wp-caption alignleft\"><a href=\"https:\/\/www.unionbelge.be\/?attachment_id=12305\" rel=\"attachment wp-att-12305\"><img loading=\"lazy\" decoding=\"async\" class=\"size-medium wp-image-12305\" src=\"https:\/\/www.unionbelge.be\/wp-content\/uploads\/2018\/09\/2018-07-15-2908-300x168.jpg\" alt=\"'het vertrek van de Rode Duivels bij de zetel van de KBVB om zich naar het Kasteel van Laken te begeven op 15 juli 2018 -  \u2018le d\u00e9part des Diables Rouges au si\u00e8ge de l\u2019URBSFA \u00e0 Laeken pour se rendre au ch\u00e2teau du Roi le 15 juillet 2018, foto- photo B.U.B.\" width=\"300\" height=\"168\" data-wp-pid=\"12305\" srcset=\"https:\/\/www.unionbelge.be\/wp-content\/uploads\/2018\/09\/2018-07-15-2908-300x168.jpg 300w, https:\/\/www.unionbelge.be\/wp-content\/uploads\/2018\/09\/2018-07-15-2908-420x236.jpg 420w, https:\/\/www.unionbelge.be\/wp-content\/uploads\/2018\/09\/2018-07-15-2908-800x449.jpg 800w, https:\/\/www.unionbelge.be\/wp-content\/uploads\/2018\/09\/2018-07-15-2908-768x431.jpg 768w, https:\/\/www.unionbelge.be\/wp-content\/uploads\/2018\/09\/2018-07-15-2908-1024x575.jpg 1024w, https:\/\/www.unionbelge.be\/wp-content\/uploads\/2018\/09\/2018-07-15-2908-1200x675-cropped.jpg 1200w\" sizes=\"auto, (max-width: 300px) 100vw, 300px\" \/><\/a><figcaption id=\"caption-attachment-12305\" class=\"wp-caption-text\">&#8216;het vertrek van de Rode Duivels bij de zetel van de KBVB om zich naar het Kasteel van Laken te begeven op 15 juli 2018 &#8211; \u2018le d\u00e9part des Diables Rouges au si\u00e8ge de l\u2019URBSFA \u00e0 Laeken pour se rendre au ch\u00e2teau du Roi le 15 juillet 2018, foto- photo B.U.B.<\/figcaption><\/figure>\n<p>Enfin, le renforcement \u00e9lectoral de la N-VA a paradoxalement pour cons\u00e9quence que la force du nationalisme \u00ab\u00a0flamand\u00a0\u00bb diminue. En effet, les flamingants les plus extr\u00e9mistes se retrouvent dans ce parti (et au sein du VB). Toutefois, depuis l\u2019\u00e9chec du mouvement d\u2019ind\u00e9pendance en Ecosse et surtout de celui en Catalogne ainsi que suite au chaos incroyable que le Brexit entra\u00eene, le nationalisme r\u00e9gional a \u00e9t\u00e9 durement touch\u00e9.<\/p>\n<p>Par cons\u00e9quent, il n\u2019y a plus personne qui prend encore l\u2019ind\u00e9pendantisme flamingant au s\u00e9rieux et il n\u2019existe presque plus d\u2019enthousiasme pour une\u00a0nouvelle r\u00e9forme de l\u2019Etat antibelge. Les r\u00e9formes de l\u2019Etat du pass\u00e9 ont m\u00eame pour effet que les particrates se rendent compte que leur syst\u00e8me est d\u00e9faillant. C\u2019est pourquoi plusieurs partis, tels que l\u2019Open VLD et Groen, lancent des appels \u00e0 la ref\u00e9d\u00e9ralisation de mati\u00e8res. Il s\u2019av\u00e8re donc que la renaissance d\u2019un sentiment national\u00a0peut avoir comme effet de d\u00e9sinhiber les politiciens belges quant \u00e0 leur belgitude.<\/p>\n<p><strong>En partie \u00e0 cause de l\u2019immense succ\u00e8s des Diables Rouges, il existe une tension intenable entre la Belgique sociologique et la \u00a0Belgique politique. A terme, la politique devra mordre la poussi\u00e8re. Sur ce plan, le B.U.B. est plus n\u00e9cessaire que jamais pour traduire ce sentiment sociologique et probelge en termes politiques.\u00a0<\/strong><\/p>\n<figure id=\"attachment_12304\" aria-describedby=\"caption-attachment-12304\" style=\"width: 300px\" class=\"wp-caption alignleft\"><a href=\"https:\/\/www.unionbelge.be\/?attachment_id=12304\" rel=\"attachment wp-att-12304\"><img loading=\"lazy\" decoding=\"async\" class=\"size-medium wp-image-12304\" src=\"https:\/\/www.unionbelge.be\/wp-content\/uploads\/2018\/09\/Rode-Duivels-FIFA-2018-300x169.jpg\" alt=\"bron-source: fifa.com\" width=\"300\" height=\"169\" data-wp-pid=\"12304\" srcset=\"https:\/\/www.unionbelge.be\/wp-content\/uploads\/2018\/09\/Rode-Duivels-FIFA-2018-300x169.jpg 300w, https:\/\/www.unionbelge.be\/wp-content\/uploads\/2018\/09\/Rode-Duivels-FIFA-2018-420x236.jpg 420w, https:\/\/www.unionbelge.be\/wp-content\/uploads\/2018\/09\/Rode-Duivels-FIFA-2018-800x450.jpg 800w, https:\/\/www.unionbelge.be\/wp-content\/uploads\/2018\/09\/Rode-Duivels-FIFA-2018-768x432.jpg 768w, https:\/\/www.unionbelge.be\/wp-content\/uploads\/2018\/09\/Rode-Duivels-FIFA-2018.jpg 1024w\" sizes=\"auto, (max-width: 300px) 100vw, 300px\" \/><\/a><figcaption id=\"caption-attachment-12304\" class=\"wp-caption-text\">bron-source: fifa.com<\/figcaption><\/figure>\n<p><strong>ONHOUDBARE SPANNING TUSSSEN SOCIOLOGISCH EN POLITIEK BELGI\u00cb<\/strong><\/p>\n<p><strong>De flaminganten en wall<\/strong><strong>inganten, die ongeveer 10% van de Belgische bevolking uitmaken, houden vol dat er geen Belgische natie bestaat.\u00a0Nochtans bewees het onmiskenbare succes van de\u00a0Rode\u00a0Duivels\u00a0tijdens het WK in Rusland (14 juni &#8211; 15 juli 2018) eens te meer en voor zover nog nodig het bestaan van de Belgische Natie.\u00a0Nu de Rode\u00a0Duivels-gekte achter ons ligt, kunnen we de balans opmaken van dit politiek-sociologisch fenomeen<\/strong><\/p>\n<ol>\n<li><strong>De Belgische natie schittert<\/strong><\/li>\n<\/ol>\n<p>De Belgische natie bestaat in de harten van al die supporters van onze nationale ploeg, komende uit de 9 historische provincies van Belgi\u00eb.\u00a0Zij ondersteunden de\u00a0Rode\u00a0Duivels\u00a0gedurende elke match die ze speelden tijdens hun prachtige campagne in Rusland. De\u00a0Rode\u00a0Duivels\u00a0deden de harten van de Belgen sneller slaan, ongeacht hun huidskleur, sociale klasse, rijkdom, geslacht of afkomst.<\/p>\n<p>De Belgische Natie drukte zich ook duidelijk uit bij de terugkeer van de\u00a0Rode\u00a0Duivels\u00a0op Belgische bodem op 15 juli 2018 na de \u2018kleine\u2019 finale die tegen Engeland gewonnen werd.\u00a0De Belgen\u00a0verwelkomden hen met een enthousiaste mensenzee in\u00a0Brussel met als hoogtepunt het feest op de Grote Markt. Ongeveer 50.000 mensen uit de vier hoeken van het land waren daarbij aanwezig.<\/p>\n<p>Maar de Belgische Natie bestaat ook in de ziel van alle aanhangers van ons Koningshuis, van hen die aan onze negen schitterende historische provincies gehecht zijn,\u00a0en in de ziel van\u00a0eenieder die van Belgi\u00eb, de belgitude en alles wat daarmee gepaard gaat, houdt.<\/p>\n<p>Het gaat hier om minstens 80 % van de Belgische burgers, die nooit het separatisme zullen toestaan en bij een referendum tegen het taalfederalisme zouden stemmen alsook voor de terugkeer naar het unitaire Belgi\u00eb, als ze daar tenminste de kans toe kregen. Ander bewijs van de belgitude: op de feestdag van de \u2018Vlaamse\u2019 gemeenschap (11 juli 2018) zag men 100 maal meer Belgische dan flamingantische vlaggen aan de gevels.<\/p>\n<ol start=\"2\">\n<li><strong>Sport en politiek<\/strong><\/li>\n<\/ol>\n<p>De \u201eVlaams\u201c-nationalisten beweren echter bij hoog en bij laag dat sport niets te maken heeft met politiek of met een Belgisch gevoel.\u00a0Dat is hypocriet en onwaar.\u00a0Hypocriet, omdat uitgerekend zij bij sportevenementen zoals het wielrennen \u201cVlaamse\u201d leeuwen uitdelen (en dan nog de zwarte versie, de radicale, die van de collaboratie met de vijand, niet de offici\u00eble vlaggen van de \u201cVlaamse\u201d gemeenschap). Onwaar, omdat sport op topniveau altijd een politiek tintje heeft en dit in heel de wereld.<\/p>\n<p>De landgenoten van de kampioenen zien in hen waardige vertegenwoordigers van hun land, wat die landgenoten blij en zelfs gelukkig maakt, hoe kortstondig dat gevoel ook mag zijn.\u00a0Bovendien zouden de Belgen zich niet in de driekleur \u2013 een politiek symbool bij uitstek &#8211; hullen als sport niets te maken had met politiek.\u00a0Als de flaminganten vinden dat sport van politiek moet gescheiden blijven, moeten ze de Gordel als politiek symbool van het flamingantisme ook meteen afschaffen.<\/p>\n<ol start=\"3\">\n<li><strong>Geen misplaatst optimisme<\/strong><\/li>\n<\/ol>\n<p>Maar ondanks alle euforie na het behalen van de derde plaats op het Wereldkampioenschap voetbal in Rusland mogen de Belgisch-gezinden niet te vlug victorie kraaien.\u00a0De geweldige terugkomst van de\u00a0Rode\u00a0Duivels\u00a0in 1986 heeft geen enkele positieve invloed op de Belgische politiek gehad.\u00a0Integendeel, \u00e9\u00e9n jaar later volgde een serieuze politiek-communautaire rel rond de benoeming van de \u00e9\u00e9ntalige burgemeester Jos\u00e9 Happart in Voeren in de provincie Limburg en in 1988 werd een derde, dramatische staatshervorming goedgekeurd waarbij ondermeer onderwijs, openbaar vervoer en openbare werken werden gesplitst.<\/p>\n<p>Bovendien staan op vlak van partijpolitiek de flaminganten vandaag nog steeds zeer sterk.\u00a0Het is dus een illusie te denken dat ze zomaar gaan bezwijken. Waarschijnlijk zijn ze zodanig ge\u00ebrgerd door die fenomenale belgitude dat ze zinnen op weerwraak.<\/p>\n<ol start=\"4\">\n<li><strong>Onhoudbaar spanningsveld<\/strong><\/li>\n<\/ol>\n<p>Niettemin zijn er, in tegenstelling tot dertig jaar geleden, een aantal factoren die beduidend verschillend zijn.<\/p>\n<p>Ten eerste is de sociologische mobilisatiekracht van de \u201cVlaamse\u201d beweging enorm afgenomen. Waar de Ijzerbedevaarten tot in de jaren 1980 m\u00e9\u00e9r dan 50.000 deelnemers lokten, halen Ijzerbedevaart en -Wake samen nog amper 4.000 toeschouwers.<\/p>\n<p>Ten tweede bestaat er sedert de eeuwwisselling een Belgische beweging, waarvan de B.U.B. een onderdeel is. Die bestond niet in de jaren 1980.<\/p>\n<p>Ten derde brokkelt de PS, de incarnatie van het partijpolitieke wallingantisme, jaarlijks verder af.<\/p>\n<p>Tenslotte heeft de versterking van de N-VA, paradoxaal genoeg, tot gevolg dat de \u201cVlaams\u201d-nationalistische slagkracht afneemt.\u00a0De meest radicale flaminganten zitten immers in deze partij (en het VB).\u00a0Maar sinds de mislukking van het onafhankelijkheidsavontuur in Schotland, en vooral in Cataloni\u00eb alsook de enorme chaos die de Brexit met zich meebrengt, heeft het regionaal nationalisme zware klappen gekregen.<\/p>\n<p>Het gevolg hiervan is\u00a0dat niemand het flamingantische\u2019 onafhankelijkheidsstreven nog \u2018au s\u00e9rieux\u2019 neemt en dat er voor een nieuwe anti-Belgische staatshervorming amper animo bestaat. De voorbije staatshervormingen maken het zelfs voor particraten duidelijk dat hun systeem niet deugt.\u00a0Mede daarom klinkt, bij meerdere partijen, zoals Open VLD en Groen, de roep om verschillende materies te herfederaliseren steeds luider.\u00a0Het positieve effect van een hernieuwd nationaal gevoelen kan zijn dat politici veel minder schaamte zullen vertonen om zich pro-Belgisch op te stellen.<\/p>\n<p><strong>Mede door het grote\u00a0succes van de\u00a0Rode\u00a0Duivels\u00a0is er een onhoudbaar spanningsveld tussen het sociologische en het politieke Belgi\u00eb ontstaan. Op termijn zal de politiek moeten zwichten.\u00a0Op dat vlak is de B.U.B. m\u00e9\u00e9r dan ooit nodig om dit sociologisch pro-Belgi\u00eb gevoel politiek te vertalen.<\/strong><\/p>\n<p>&nbsp;<\/p>\n<p>&nbsp;<\/p>\n","protected":false},"excerpt":{"rendered":"<p>Les flamingants et les wallingants, composant plus ou moins 10 % de la population belge, continuent \u00e0 pr\u00e9tendre que la nation belge n\u2019existe pas. N\u00e9anmoins, le succ\u00e8s ind\u00e9niable des Diables Rouges lors de la Coupe du Monde en Russie\u00a0(14 juin &#8211; 15 juillet 2018) a une fois de plus (et pour autant que de besoin) d\u00e9montr\u00e9 le contraire.\u00a0Le grand engouement pour les Diables Rouges \u00e9tant un petit temps derri\u00e8re nous, on peut dresser le bilan de ce ph\u00e9nom\u00e8ne \u00e0 la fois sociologique et politique.<\/p>\n<p>De flaminganten en wallinganten, die ongeveer 10% van de Belgische bevolking uitmaken, houden vol dat er geen Belgische natie bestaat.\u00a0Nochtans bewees het onmiskenbare succes van de\u00a0Rode\u00a0Duivels\u00a0tijdens het WK in Rusland (14 juni &#8211; 15 juli 2018) eens te meer en voor zover nog nodig het bestaan van de Belgische Natie.\u00a0Nu de Rode\u00a0Duivels-gekte achter ons ligt, kunnen we de balans opmaken van dit politiek-sociologisch fenomeen.<\/p>\n","protected":false},"author":2,"featured_media":0,"comment_status":"closed","ping_status":"closed","sticky":false,"template":"","format":"standard","meta":{"ngg_post_thumbnail":0,"jetpack_post_was_ever_published":false,"_jetpack_newsletter_access":"","_jetpack_dont_email_post_to_subs":false,"_jetpack_newsletter_tier_id":0,"_jetpack_memberships_contains_paywalled_content":false,"powered_cache_disable_cache":false,"_jetpack_memberships_contains_paid_content":false,"footnotes":"","jetpack_publicize_message":"","jetpack_publicize_feature_enabled":true,"jetpack_social_post_already_shared":true,"jetpack_social_options":{"image_generator_settings":{"template":"highway","default_image_id":0,"font":"","enabled":false},"version":2}},"categories":[1,24],"tags":[],"class_list":["post-12302","post","type-post","status-publish","format-standard","hentry","category-news0","category-sociology"],"jetpack_publicize_connections":[],"jetpack_featured_media_url":"","jetpack_sharing_enabled":true,"jetpack_shortlink":"https:\/\/wp.me\/p6Y7u0-3cq","jetpack_likes_enabled":false,"_links":{"self":[{"href":"https:\/\/www.unionbelge.be\/index.php?rest_route=\/wp\/v2\/posts\/12302","targetHints":{"allow":["GET"]}}],"collection":[{"href":"https:\/\/www.unionbelge.be\/index.php?rest_route=\/wp\/v2\/posts"}],"about":[{"href":"https:\/\/www.unionbelge.be\/index.php?rest_route=\/wp\/v2\/types\/post"}],"author":[{"embeddable":true,"href":"https:\/\/www.unionbelge.be\/index.php?rest_route=\/wp\/v2\/users\/2"}],"replies":[{"embeddable":true,"href":"https:\/\/www.unionbelge.be\/index.php?rest_route=%2Fwp%2Fv2%2Fcomments&post=12302"}],"version-history":[{"count":1,"href":"https:\/\/www.unionbelge.be\/index.php?rest_route=\/wp\/v2\/posts\/12302\/revisions"}],"predecessor-version":[{"id":12306,"href":"https:\/\/www.unionbelge.be\/index.php?rest_route=\/wp\/v2\/posts\/12302\/revisions\/12306"}],"wp:attachment":[{"href":"https:\/\/www.unionbelge.be\/index.php?rest_route=%2Fwp%2Fv2%2Fmedia&parent=12302"}],"wp:term":[{"taxonomy":"category","embeddable":true,"href":"https:\/\/www.unionbelge.be\/index.php?rest_route=%2Fwp%2Fv2%2Fcategories&post=12302"},{"taxonomy":"post_tag","embeddable":true,"href":"https:\/\/www.unionbelge.be\/index.php?rest_route=%2Fwp%2Fv2%2Ftags&post=12302"}],"curies":[{"name":"wp","href":"https:\/\/api.w.org\/{rel}","templated":true}]}}