{"id":12282,"date":"2018-08-22T10:10:16","date_gmt":"2018-08-22T09:10:16","guid":{"rendered":"http:\/\/www.unionbelge.be\/?p=12282"},"modified":"2018-08-22T10:10:16","modified_gmt":"2018-08-22T09:10:16","slug":"separatisten-strijden-om-belgische-medailles-les-separatistes-se-disputent-les-medailles-belges","status":"publish","type":"post","link":"https:\/\/www.unionbelge.be\/?p=12282","title":{"rendered":"SEPARATISTEN STRIJDEN OM BELGISCHE MEDAILLES &#8211; LES SEPARATISTES SE DISPUTENT LES MEDAILLES BELGES"},"content":{"rendered":"<figure id=\"attachment_12283\" aria-describedby=\"caption-attachment-12283\" style=\"width: 300px\" class=\"wp-caption alignleft\"><a href=\"https:\/\/www.unionbelge.be\/?attachment_id=12283\" rel=\"attachment wp-att-12283\"><img loading=\"lazy\" decoding=\"async\" class=\"size-medium wp-image-12283\" src=\"https:\/\/www.unionbelge.be\/wp-content\/uploads\/2018\/08\/fb-share-300x158.jpg\" alt=\"bron-source:www.teambelgium.be\" width=\"300\" height=\"158\" data-wp-pid=\"12283\" srcset=\"https:\/\/www.unionbelge.be\/wp-content\/uploads\/2018\/08\/fb-share-300x158.jpg 300w, https:\/\/www.unionbelge.be\/wp-content\/uploads\/2018\/08\/fb-share-420x221.jpg 420w, https:\/\/www.unionbelge.be\/wp-content\/uploads\/2018\/08\/fb-share-800x420.jpg 800w, https:\/\/www.unionbelge.be\/wp-content\/uploads\/2018\/08\/fb-share-768x403.jpg 768w, https:\/\/www.unionbelge.be\/wp-content\/uploads\/2018\/08\/fb-share-1024x538.jpg 1024w, https:\/\/www.unionbelge.be\/wp-content\/uploads\/2018\/08\/fb-share.jpg 1200w\" sizes=\"auto, (max-width: 300px) 100vw, 300px\" \/><\/a><figcaption id=\"caption-attachment-12283\" class=\"wp-caption-text\">bron-source:www.teambelgium.be<\/figcaption><\/figure>\n<p><strong>GROOT BELGISCH SUCCES IS VOORAL INDIVIDUELE PRESTATIE<\/strong><\/p>\n<p><strong>Met afkeer nam de B.U.B. kennis van de strijd van flamingant Weyts (N-VA) om de \u201ceer\u201d betreffende de 19 medailles die de Belgische atleten begin augustus 2018 op verschillende sportkampioenschappen gewonnen hebben.<\/strong><\/p>\n<p>Het dient eerst en vooral duidelijk beklemtoond te worden dat deze medailles vooral het resultaat zijn van het individuele werk van de atleten en niet van de politiek van de talrijke ministers van sport die Belgi\u00eb telt. Deze zijn van geen nut en zijn zelfs een hindernis voor het succes van de Belgische atleten.<\/p>\n<p>De B.U.B. stelt tevens vast dat zowel \u2018Vlaams\u2019 minister van sport Muyters als de \u201cFranse\u201d gemeenschap geprobeerd hebben om de gouden medaille die de Naamse atlete Nafi Thiam op de zevenkamp behaalde op hun naam te schrijven. Vooral vanwege de zogenaamde \u2018Vlaamse\u2019 gemeenschap mag dit verwonderen. <a href=\"http:\/\/:\/\/www.unionbelge.be\/?p=6899.\">De B.U.B. is immers nog niet vergeten<\/a> op welke schandelijke wijze dit ongrondwettelijk beleidsniveau in 2013 met exact dezelfde minister aan boord haar wereldrecord op de vijfkamp bij de junioren fnuikte.<\/p>\n<p><strong>Voor de B.U.B. is het duidelijk: het hele sportbeleid moet onmiddellijk geherfederaliseerd worden. Deze maskerade, die sinds 1980 aanhoudt, is een schande.<\/strong><\/p>\n<p>&nbsp;<\/p>\n<p><strong>LE GRAND SUCCES BELGE EST SURTOUT D\u2019ORDRE INDIVIDUEL<\/strong><\/p>\n<p><strong>Avec aversion, le B.U.B. a pris connaissance du combat pour &#8221;l&#8217;honneur&#8221; du flamingant Weyts (N-VA) \u00e0 propos des 19 m\u00e9dailles d\u00e9croch\u00e9es par les athl\u00e8tes belges d\u00e9but ao\u00fbt 2018 \u00e0 l\u2019occasion de diff\u00e9rents championnats sportifs.<\/strong><\/p>\n<p>Disons d\u2019abord clairement que ces m\u00e9dailles sont surtout le r\u00e9sultat du travail individuel des athl\u00e8tes et non de la politique men\u00e9e par un des nombreux ministres des sports que compte la Belgique. Cette pl\u00e9thore de ministres n\u2019est d\u2019aucune aide, mais constitue un obstacle au succ\u00e8s des athl\u00e8tes belges.<\/p>\n<p>Par ailleurs, le B.U.B. constate que tant le ministre &#8221;flamand&#8221; Muyters que la communaut\u00e9 \u201cfran\u00e7aise\u201d ont essay\u00e9 \u00a0de r\u00e9cup\u00e9rer la m\u00e9daille d&#8217;or obtenue par l&#8217;athl\u00e8te namuroise Nafi Thiam \u00e0 l\u2019heptathlon. Surtout de la part de la soi-disant communaut\u00e9 &#8221;flamande&#8221;, cela peut \u00e9tonner.\u00a0En effet, <a href=\"https:\/\/www.unionbelge.be\/?p=6899\">le B.U.B. n&#8217;a pas encore oubli\u00e9<\/a> de quelle mani\u00e8re honteuse ce niveau anticonstitutionnel, repr\u00e9sent\u00e9 par exactement le m\u00eame ministre, a invalid\u00e9 son record mondial au pentathlon chez les juniors.<\/p>\n<p><strong>Pour le B.U.B., les choses sont claires\u00a0: toute la politique des sports doit \u00eatre imm\u00e9diatement ref\u00e9d\u00e9ralis\u00e9e. Cette mascarade, qui dure depuis 1980, est une honte.<\/strong><\/p>\n","protected":false},"excerpt":{"rendered":"<p>Met afkeer nam de B.U.B. kennis van de strijd van flamingant Weyts (N-VA) om de \u201ceer\u201d betreffende de 19 medailles die de Belgische atleten begin augustus 2018 op verschillende sportkampioenschappen gewonnen hebben.<\/p>\n<p>Avec aversion, le B.U.B. a pris connaissance du combat pour &#8221;l&#8217;honneur&#8221; du flamingant Weyts (N-VA) \u00e0 propos des 19 m\u00e9dailles d\u00e9croch\u00e9es par les athl\u00e8tes belges d\u00e9but ao\u00fbt 2018 \u00e0 l\u2019occasion de diff\u00e9rents championnats sportifs.<\/p>\n","protected":false},"author":2,"featured_media":0,"comment_status":"closed","ping_status":"closed","sticky":false,"template":"","format":"standard","meta":{"ngg_post_thumbnail":0,"jetpack_post_was_ever_published":false,"_jetpack_newsletter_access":"","_jetpack_dont_email_post_to_subs":false,"_jetpack_newsletter_tier_id":0,"_jetpack_memberships_contains_paywalled_content":false,"powered_cache_disable_cache":false,"_jetpack_memberships_contains_paid_content":false,"footnotes":"","jetpack_publicize_message":"","jetpack_publicize_feature_enabled":true,"jetpack_social_post_already_shared":true,"jetpack_social_options":{"image_generator_settings":{"template":"highway","default_image_id":0,"font":"","enabled":false},"version":2}},"categories":[1],"tags":[],"class_list":["post-12282","post","type-post","status-publish","format-standard","hentry","category-news0"],"jetpack_publicize_connections":[],"jetpack_featured_media_url":"","jetpack_sharing_enabled":true,"jetpack_shortlink":"https:\/\/wp.me\/p6Y7u0-3c6","jetpack_likes_enabled":false,"_links":{"self":[{"href":"https:\/\/www.unionbelge.be\/index.php?rest_route=\/wp\/v2\/posts\/12282","targetHints":{"allow":["GET"]}}],"collection":[{"href":"https:\/\/www.unionbelge.be\/index.php?rest_route=\/wp\/v2\/posts"}],"about":[{"href":"https:\/\/www.unionbelge.be\/index.php?rest_route=\/wp\/v2\/types\/post"}],"author":[{"embeddable":true,"href":"https:\/\/www.unionbelge.be\/index.php?rest_route=\/wp\/v2\/users\/2"}],"replies":[{"embeddable":true,"href":"https:\/\/www.unionbelge.be\/index.php?rest_route=%2Fwp%2Fv2%2Fcomments&post=12282"}],"version-history":[{"count":1,"href":"https:\/\/www.unionbelge.be\/index.php?rest_route=\/wp\/v2\/posts\/12282\/revisions"}],"predecessor-version":[{"id":12284,"href":"https:\/\/www.unionbelge.be\/index.php?rest_route=\/wp\/v2\/posts\/12282\/revisions\/12284"}],"wp:attachment":[{"href":"https:\/\/www.unionbelge.be\/index.php?rest_route=%2Fwp%2Fv2%2Fmedia&parent=12282"}],"wp:term":[{"taxonomy":"category","embeddable":true,"href":"https:\/\/www.unionbelge.be\/index.php?rest_route=%2Fwp%2Fv2%2Fcategories&post=12282"},{"taxonomy":"post_tag","embeddable":true,"href":"https:\/\/www.unionbelge.be\/index.php?rest_route=%2Fwp%2Fv2%2Ftags&post=12282"}],"curies":[{"name":"wp","href":"https:\/\/api.w.org\/{rel}","templated":true}]}}