{"id":12159,"date":"2018-04-17T19:12:00","date_gmt":"2018-04-17T18:12:00","guid":{"rendered":"http:\/\/www.unionbelge.be\/?p=12159"},"modified":"2018-04-22T13:46:17","modified_gmt":"2018-04-22T12:46:17","slug":"politique-corrompue-corrupte-politiek","status":"publish","type":"post","link":"https:\/\/www.unionbelge.be\/?p=12159","title":{"rendered":"POLITIQUE CORROMPUE &#8211; CORRUPTE POLITIEK"},"content":{"rendered":"<figure id=\"attachment_12160\" aria-describedby=\"caption-attachment-12160\" style=\"width: 376px\" class=\"wp-caption alignleft\"><a href=\"https:\/\/www.unionbelge.be\/?attachment_id=12160\" rel=\"attachment wp-att-12160\"><img loading=\"lazy\" decoding=\"async\" class=\" wp-image-12160\" src=\"https:\/\/www.unionbelge.be\/wp-content\/uploads\/2018\/04\/nvaps.png\" alt=\"bron-source: www.apache.be; K. Huybreghts\" width=\"376\" height=\"562\" data-wp-pid=\"12160\" srcset=\"https:\/\/www.unionbelge.be\/wp-content\/uploads\/2018\/04\/nvaps.png 571w, https:\/\/www.unionbelge.be\/wp-content\/uploads\/2018\/04\/nvaps-420x627.png 420w, https:\/\/www.unionbelge.be\/wp-content\/uploads\/2018\/04\/nvaps-201x300.png 201w, https:\/\/www.unionbelge.be\/wp-content\/uploads\/2018\/04\/nvaps-536x800.png 536w\" sizes=\"auto, (max-width: 376px) 100vw, 376px\" \/><\/a><figcaption id=\"caption-attachment-12160\" class=\"wp-caption-text\">bron-source: www.apache.be; K. Huybreghts<\/figcaption><\/figure>\n<p><strong>LES BELGES CONNAITRONT-ILS UN JOUR LA VERITE SUR LES SCANDALES POLITIQUES\u00a0?<\/strong><\/p>\n<p><strong>2017 entrera dans les annales comme l&#8217;ann\u00e9e o\u00f9 les Belges ont d\u00e9couvert que beaucoup de leurs politiciens sont des profiteurs, pourvu qu\u2019ils ne soient pas des criminels en col blanc. Il n&#8217;y a plus aucun parti traditionnel qui est sans bl\u00e2me. Ceux qui en sont toujours membres ont donc int\u00e9r\u00eat \u00e0 s\u2019interroger.<\/strong><\/p>\n<p>Le 5 d\u00e9cembre 2017, le proc\u00e8s p\u00e9nal Intradel commen\u00e7ait\u00a0\u00e0 Li\u00e8ge. Lors de l&#8217;attribution d&#8217;un march\u00e9 public pour la construction d&#8217;un incin\u00e9rateur, des pots-de-vin auraient \u00e9t\u00e9 pay\u00e9s, notamment \u00e0\u00a0Alain Mathot du PS. Pourtant, ce dernier n\u2019a pas comparu parce qu&#8217;il jouissait de l\u2019immunit\u00e9 parlementaire, que non\u00a0seulement son parti, mais \u00e9galement la N-VA, avaient refus\u00e9 de lever.\u00a0Quel est le motif du parti s\u00e9paratiste N-VA de prot\u00e9ger un membre du PS?\u00a0Ce dernier n\u2019est-il pas un parti qui fait partie de l&#8217;opposition et qui est l&#8217;ennemi jur\u00e9 de la N-VA? Or, on soup\u00e7onne\u00a0cette figure de proue du PS d\u2019en savoir trop sur certaines pratiques sournoises de la N-VA.<\/p>\n<p>Fin\u00a0novembre 2017, le pr\u00e9sident de la N-VA, Bart De Wever, qui est \u00e9galement bourgmestre d&#8217;Anvers, fut lui aussi\u00a0mis en cause parce qu&#8217;il avait assist\u00e9 \u00e0 la f\u00eate d&#8217;anniversaire de l&#8217;investisseur immobilier, Erik Van der Paal, dans un restaurant \u00e9toil\u00e9 \u00e0 Anvers le 20 octobre 2017. Erik Van der Paal est le fils de\u00a0Rudi Van der Paal, cofondateur de la Volksunie, un parti qu&#8217;il a \u00e9galement financ\u00e9. L&#8217;entreprise de son fils, Land Invest Group, aurait d\u00e9croch\u00e9\u00a0trop facilement des missions de service public. Pour le moment, il ne s&#8217;agit que de\u00a0soup\u00e7ons,\u00a0mais selon la presse (GVA, 11\/12\/2017) Erik Van der Paal aurait subitement vendu des actions dans Land Invest apr\u00e8s l\u2019\u00e9clatement du scandale fin 2017.<\/p>\n<p>Le PS, la\u00a0N-VA et Van der Paal collaborent donc \u00e0 Anvers, vu que\u00a0Ogeo Fund, un fonds de pension li\u00e9geois,\u00a0d\u00e9tient la moiti\u00e9 des actions de\u00a0Land Invest Group. Quoi de plus logique donc que tous ces gens se\u00a0prot\u00e8gent mutuellement.\u00a0\u201cChacun se tient par la barbichette\u201d, comme dit le proverbe. De plus, les flamingants ne vont pas se d\u00e9noncer entre eux. Ainsi, m\u00eame Filip De Winter du &#8221;Vlaams&#8221; Belang a d\u00e9fendu Bart De Wever au moment o\u00f9 le conseil communal anversois allait d\u00e9lib\u00e9rer sur la rencontre du bourgmestre avec l&#8217;investisseur immobilier. Il demandait et obtenait que tout se passe \u00e0 huis clos. Le Vlaams Belang fait pourtant partie de l&#8217;opposition \u00e0 Anvers.<\/p>\n<p>Cela fait penser au scandale Telenet d\u2019il y a un an. Il s\u2019est alors av\u00e9r\u00e9 que des mandataires politiques conseillaient l\u2019entreprise t\u00e9l\u00e9com en \u00e9change de r\u00e9mun\u00e9rations plantureuses, bien que ces politiciens ne soient pas connus pour autre chose que leur mandat politique. Ensuite,\u00a0il y a encore les scandales Publifin et Publipart pour lesquelles &#8216;nos&#8217; politiciens n\u2019ont pas \u00e9t\u00e9 inqui\u00e9t\u00e9s.<\/p>\n<p><strong>Pour le B.U.B., cette\u00a0absence de\u00a0transparence est scandaleuse. Les citoyens ont le droit de savoir si leurs politiciens sont corrompus ou non. C&#8217;est pourquoi le B.U.B. lance un appel au parquet afin d\u2018enqu\u00eater sur ces affaires louches.\u00a0<\/strong><\/p>\n<p>&nbsp;<\/p>\n<p><strong>ZULLEN DE BELGEN OOIT DE WAARHEID KENNEN OVER DE POLITIEKE SCHANDALEN ?<\/strong><\/p>\n<p><strong>2017 zal de geschiedenis ingaan als het jaar dat de Belgische burgers ontdekt hebben dat vele van hun politici profiteurs zijn, voor zover het geen witteboordcriminelen zijn. Geen enkele machtspartij is nog zuiver. Wie er nu nog lid van is,\u00a0zou zich serieuze vragen mogen stellen.<\/strong><\/p>\n<p>Op 5 december 2017 begon het strafproces Intradel in Luik. Bij de toekenning van een aanbesteding voor de constructie van een verbrandingsoven zouden er steekpenningen zijn uitbetaald, ondermeer aan Alain Mathot van de PS. Deze laatste was echter afwezig op dit proces omdat hij genoot van zijn parlementaire onschendbaarheid, die zijn partij, maar ook de N-VA, geweigerd hadden op te heffen. Wat is het motief van de separatistische N-VA om een lid van de PS te beschermen? Maakt die laatste partij geen deel uit van de oppositie en is die niet de gezworen vijand van de N-VA. Het vermoeden bestaat dat die PS\u2019er teveel weet over bepaalde louche handelswijzen van de N-VA.<\/p>\n<p>Eind november 2017 kwam ook de voorzitter van de N-VA, Bart De Wever, die tevens burgemeester van Antwerpen is, in opspraak omdat hij aanwezig was op het verjaardagsfeestje van een vastgoedinvesteerder, Erik Van der Paal, in een Antwerps sterrenrestaurant op 20 oktober 2017. Erik Van der Paal is de zoon van Rudi Van der Paal, de man die de Volksunie mee heeft opgericht en gefinancierd. Het bedrijf van zijn zoon, Land Invest Group, zou al te gemakkelijk publieke opdrachten voor de bouw van vastgoedprojecten in Antwerpen hebben binnengehaald. Het zijn voorlopig vermoedens, maar volgens de pers (GVA, 11\/12\/2017) zou Erik Van der Paal hals over kop zijn aandelen in Land Invest verkocht hebben na het uitbreken van het schandaal eind 2017.<\/p>\n<p>De PS, N-VA en Van der Paal doen dus samen zaken in Antwerpen omdat Ogeo Fund, een Luiks pensioenfonds, dat de helft van de aandelen van Land Invest Group bezit. Logisch\u00a0dus dat al die mensen elkaar beschermen:\u00a0\u201cChacun se tient par la barbichette\u201d, zoals men in het Frans zegt. Bovendien zullen flaminganten elkaar niet verklikken.\u00a0Zo is zelfs\u00a0Filip Dewinter van het \u201cVlaams\u201d Belang Bart De Wever op de Antwerpse gemeenteraad bijgesprongen toen die over de afspraak van de burgemeester met de vastgoedinvesteerder ging beraadslagen. Hij vroeg en verkreeg dat alles achter gesloten deuren zou verlopen.\u00a0Het&#8217;Vlaams&#8217; Belang zit nota bene in de oppositie in Antwerpen. En laten we niet vergeten dat de PS op federaal niveau in de oppositie zit.<\/p>\n<p>Dit doet denken aan het Telenet-schandaal van een jaar geleden. Er bleek toen dat politieke mandatarissen \u2018raad\u2019 gaven aan het telecombedrijf en daar rijkelijk voor betaald werden hoewel die politici niet bekend staan voor iets anders dan hun politiek mandaat. En dan zijn er nog de schandalen rond Publifin en Publipart, waar &#8216;onze&#8217; politici blijkbaar ongestraft mee wegkomen.<\/p>\n<p><strong>Voor de B.U.B. is dit gebrek aan transparantie een schande. De burgers hebben het recht te weten of hun politici\u00a0corrupt\u00a0zijn of niet. De B.U.B. roept dan ook het parket op om een onderzoek te starten in al die louche zaken.<\/strong><\/p>\n<p>&nbsp;<\/p>\n","protected":false},"excerpt":{"rendered":"<p>2017 entrera dans les annales comme l&#8217;ann\u00e9e o\u00f9 les Belges ont d\u00e9couvert que beaucoup de leurs politiciens sont des profiteurs, pourvu qu\u2019ils ne soient pas des criminels en col blanc. Il n&#8217;y a plus aucun parti traditionnel qui est sans bl\u00e2me. Ceux qui en sont toujours membres ont donc int\u00e9r\u00eat \u00e0 s\u2019interroger.<\/p>\n<p>2017 zal de geschiedenis ingaan als het jaar dat de Belgische burgers ontdekt hebben dat vele van hun politici profiteurs zijn, voor zover het geen witteboordcriminelen zijn. Geen enkele machtspartij is nog zuiver. Wie er nu nog lid van is, zou zich serieuze vragen mogen stellen.<\/p>\n","protected":false},"author":2,"featured_media":0,"comment_status":"closed","ping_status":"closed","sticky":false,"template":"","format":"standard","meta":{"ngg_post_thumbnail":0,"jetpack_post_was_ever_published":false,"_jetpack_newsletter_access":"","_jetpack_dont_email_post_to_subs":false,"_jetpack_newsletter_tier_id":0,"_jetpack_memberships_contains_paywalled_content":false,"powered_cache_disable_cache":false,"_jetpack_memberships_contains_paid_content":false,"footnotes":"","jetpack_publicize_message":"","jetpack_publicize_feature_enabled":true,"jetpack_social_post_already_shared":true,"jetpack_social_options":{"image_generator_settings":{"template":"highway","default_image_id":0,"font":"","enabled":false},"version":2}},"categories":[1,5],"tags":[],"class_list":["post-12159","post","type-post","status-publish","format-standard","hentry","category-news0","category-opinions"],"jetpack_publicize_connections":[],"jetpack_featured_media_url":"","jetpack_sharing_enabled":true,"jetpack_shortlink":"https:\/\/wp.me\/p6Y7u0-3a7","jetpack_likes_enabled":false,"_links":{"self":[{"href":"https:\/\/www.unionbelge.be\/index.php?rest_route=\/wp\/v2\/posts\/12159","targetHints":{"allow":["GET"]}}],"collection":[{"href":"https:\/\/www.unionbelge.be\/index.php?rest_route=\/wp\/v2\/posts"}],"about":[{"href":"https:\/\/www.unionbelge.be\/index.php?rest_route=\/wp\/v2\/types\/post"}],"author":[{"embeddable":true,"href":"https:\/\/www.unionbelge.be\/index.php?rest_route=\/wp\/v2\/users\/2"}],"replies":[{"embeddable":true,"href":"https:\/\/www.unionbelge.be\/index.php?rest_route=%2Fwp%2Fv2%2Fcomments&post=12159"}],"version-history":[{"count":1,"href":"https:\/\/www.unionbelge.be\/index.php?rest_route=\/wp\/v2\/posts\/12159\/revisions"}],"predecessor-version":[{"id":12161,"href":"https:\/\/www.unionbelge.be\/index.php?rest_route=\/wp\/v2\/posts\/12159\/revisions\/12161"}],"wp:attachment":[{"href":"https:\/\/www.unionbelge.be\/index.php?rest_route=%2Fwp%2Fv2%2Fmedia&parent=12159"}],"wp:term":[{"taxonomy":"category","embeddable":true,"href":"https:\/\/www.unionbelge.be\/index.php?rest_route=%2Fwp%2Fv2%2Fcategories&post=12159"},{"taxonomy":"post_tag","embeddable":true,"href":"https:\/\/www.unionbelge.be\/index.php?rest_route=%2Fwp%2Fv2%2Ftags&post=12159"}],"curies":[{"name":"wp","href":"https:\/\/api.w.org\/{rel}","templated":true}]}}