{"id":12125,"date":"2018-02-26T10:21:51","date_gmt":"2018-02-26T09:21:51","guid":{"rendered":"http:\/\/www.unionbelge.be\/?p=12125"},"modified":"2018-02-26T10:21:51","modified_gmt":"2018-02-26T09:21:51","slug":"vijftig-jaar-na-leuven-vlaams-tijd-om-de-twee-leuvense-universiteiten-te-herenigen-cinquante-ans-apres-leuven-vlaams-il-faut-reunifier-les-deux-universites-louvanistes-2","status":"publish","type":"post","link":"https:\/\/www.unionbelge.be\/?p=12125","title":{"rendered":"VIJFTIG JAAR NA LEUVEN &#8216;VLAAMS&#8217;: TIJD OM DE TWEE LEUVENSE UNIVERSITEITEN TE HERENIGEN &#8211; CINQUANTE ANS APRES LEUVEN &#8221;VLAAMS&#8221;: IL FAUT REUNIFIER LES DEUX UNIVERSITES LOUVANISTES"},"content":{"rendered":"<figure id=\"attachment_12123\" aria-describedby=\"caption-attachment-12123\" style=\"width: 510px\" class=\"wp-caption alignleft\"><a href=\"https:\/\/www.unionbelge.be\/?attachment_id=12123\" rel=\"attachment wp-att-12123\"><img loading=\"lazy\" decoding=\"async\" class=\"size-full wp-image-12123\" src=\"https:\/\/www.unionbelge.be\/wp-content\/uploads\/2018\/02\/lv.jpg\" alt=\"bron-source: 7sur7.be; \u00a9 photo news\" width=\"510\" height=\"288\" data-wp-pid=\"12123\" \/><\/a><figcaption id=\"caption-attachment-12123\" class=\"wp-caption-text\">bron-source: 7sur7.be; \u00a9 photo news<\/figcaption><\/figure>\n<p><strong>HERDENKING VAN EEN RACISTISCHE SPLITSING<\/strong><\/p>\n<p><strong>Vijftig jaar geleden, in 1968, werd de katholieke Universiteit van Leuven onder flamingantische druk gesplitst in een Nederlands- en een Franstalige universiteit. Voor de B.U.B. was deze splitsing een catastrofale vergissing, zowel voor Belgi\u00eb als voor de Belgische wetenschap.<\/strong><\/p>\n<p>Separatist Bart De Wever, tevens voorzitter van de N-VA, verklaarde op een herdenkingsplechtigheid te Leuven op 24 februari 2018 dat het ging om het &#8221;<em>begin van de doodsstrijd van Belgi\u00eb als natiestaat<\/em>&#8221;. Daarmee verwijst De Wever naar de splitsing van de CVP-PSC volgend op de splitsing en het federaliseringsproces dat in 1970 van start ging.<\/p>\n<p>Volgens de B.U.B. is de Belgische natie in weerwil van meer dan 100 jaar separatistische agitatie nog steeds zeer sterk. Zelfs het &#8216;Vlaams&#8217; Belang heeft dit onlangs erkend door te verklaren dat &#8220;<em>in 2017 met<\/em> (&#8230;) <em>een historisch sterke N-VA nog amper 5%<\/em>&#8221; voorstander van Vlaamse onafhankelijkheid is (<strong><span style=\"color: #0000ff;\"><a style=\"color: #0000ff;\" href=\"http:\/\/splits.be\/verder-voor-onafhankelijkheid\/\">19.02.18<\/a><\/span><\/strong>)!<\/p>\n<p>Het is evident dat de splitsing van de Leuvense universiteit een historische vergissing was. Het is volslagen absurd een universiteit, die overigens katholiek is, op taalbasis te splitsen, alsof Jezus Christus voorstander was van taalkundige splitsingen, quod certe non!<\/p>\n<p>Indien de KULeuven verenigd gebleven was, dan beschikte Belgi\u00eb nu over \u00e9\u00e9n van de belangrijkste universiteiten ter wereld!<\/p>\n<p>Belangrijker nog is zonder twijfel het taalracisme dat aan de grondslag van deze splitsing ligt. Hoe moeten we anders slogans als &#8221;<em>Walen buiten<\/em>&#8221; (wat strikt genomen niet correct is ; standaard-Nederlands is: &#8221;<em>Walen eruit<\/em>&#8221;), &#8221;<em>Walen go home!<\/em>&#8221; (wat zelfs geen Nederlands is) of nog &#8221;<em>Leuven Vlaams<\/em>&#8221; (terwijl Leuven zich in Brabant en niet in Vlaanderen bevindt). Het ergste van allemaal is wel : \u00ab\u00a0<em>Waalse ratten, rol uw matten<\/em>\u00a0\u00bb (\u00ab\u00a0<em>Rats wallons, foutez le camp<\/em>\u00a0\u00bb), dat als nazistisch racisme kan beschouwd worden ! <strong>Kan men zich de ophef inbeelden wanneer men zou betogen voor de deportatie van de Maghrebijnse studenten in Belgi\u00eb?\u00a0 Maar in dit geval is het volgens de weldenkende flamingantische elite en hun media geen probleem; dit grenzeloos racisme is voor hen volkomen normaal !<\/strong><\/p>\n<p>Indien voor de flaminganten eentaligheid zo belangrijk is, waarom zijn de universiteiten in het noorden van het land dan gedeeltelijk tweetalig &#8211; Nederlands-Engels &#8211; geworden?<\/p>\n<p>Vaak hoort men een andere dwaasheid, namelijk dat sedert hun splitsing beide universiteiten beter dan ooit zouden samenwerken. Nochtans bestond er toen de universiteit nog unitair was geen noodzaak om &#8221;samen te werken&#8221;, omdat men alles al samen deed!<\/p>\n<p>Niettemin is lof op zijn plaats voor een recent positief initiatief van beide universiteiten. Ze hebben samen met een wetenschappelijk doel duizenden antieke boeken uit beide collecties in een digitale gegevensbank verzameld. De site van de KU Leuven onderstreept de grote symbolische waarde van het initiatief. Volgens de vice-rector is dit project de illustratie van het feit dat \u00a0&#8221;<em>beide universiteiten opnieuw op een organische manier naar elkaar toegroeien<\/em>&#8221;.<\/p>\n<p><strong>De B.U.B. wil nog verder gaan. De racistische schande van\u00a0\u00ab\u00a0Leuven Vlaams\u00a0\u00bb\u00a0moet voor eens en voor altijd weggeveegd worden. Onze partij wil de KU Leuven en de UCL fuseren tot een grote, katholieke, Brabantse universiteit, verdeeld over drie plaatsen in de provincie Brabant, nl. Brussel, Leuven en Louvain-La-Neuve. Dit zou \u00e9\u00e9n van de grootste en beste universiteiten ter wereld kunnen zijn!<\/strong><\/p>\n<p>&nbsp;<\/p>\n<p><strong>LA COMMEMORATION D\u2019UNE SCISSION RACISTE<\/strong><\/p>\n<p><strong>Il y a cinquante ans, en 1968, l&#8217;universit\u00e9 catholique de Louvain fut scind\u00e9e sous la pression flamingante en une universit\u00e9 n\u00e9erlandophone et une universit\u00e9 francophone. Pour le B.U.B., cette scission \u00e9tait un g\u00e2chis \u00e9norme pour la Belgique et pour la science belge.<\/strong><\/p>\n<p>Selon le s\u00e9paratiste Bart De Wever, pr\u00e9sident de la N-VA, pr\u00e9sent \u00e0 une c\u00e9r\u00e9monie comm\u00e9morative \u00e0 Louvain le 24 f\u00e9vrier 2018, il s&#8217;agissait du d\u00e9but &#8221;de l&#8217;agonie de la Belgique en tant qu&#8217;Etat-nation&#8221;. De Wever a ainsi fait r\u00e9f\u00e9rence \u00e0 la scission du CVP-PSC suite \u00e0 la scission et au \u00a0processus de la f\u00e9d\u00e9ralisation qui a commenc\u00e9 en 1970.<\/p>\n<p>Selon le B.U.B., malgr\u00e9 toute l\u2019agitation s\u00e9paratiste depuis plus de 100 ans, la nation belge est au contraire toujours tr\u00e8s forte. M\u00eame le &#8221;Vlaams&#8221; Belang vient de le reconna\u00eetre en d\u00e9clarant &#8221;<em>qu&#8217;en 2017, avec<\/em> (&#8230;)\u00a0<em>une N-VA qui est historiquement forte, il n&#8217;y a que 5%<\/em>&#8221; qui sont en faveur d&#8217;une ind\u00e9pendance &#8221;flamande&#8221; (<strong><span style=\"color: #0000ff;\"><a style=\"color: #0000ff;\" href=\"http:\/\/splits.be\/verder-voor-onafhankelijkheid\/\">19.02.18<\/a><\/span><\/strong>)!<\/p>\n<p>Il va de soi que la scission de l&#8217;universit\u00e9 bilingue de Louvain fut une erreur historique. Il est compl\u00e8tement absurde de scinder une universit\u00e9, en outre catholique (!) sur base linguistique, comme si J\u00e9sus pr\u00f4nait la s\u00e9paration linguistique, quod certe non\u00a0!\u00a0 Si l\u2019UCL \u00e9tait rest\u00e9e unie, la Belgique aurait eu une des plus importantes universit\u00e9s du monde\u00a0!<\/p>\n<p>Plus important est sans doute le racisme linguistique qui est \u00e0 la base de cette scission. Sinon, comment faudrait-il qualifier des slogans tels que &#8221;<em>Walen buiten<\/em>&#8221; (ce qui est un barbarisme\u00a0; il aurait \u00e9t\u00e9 mieux de dire &#8221;<em>Walen eruit&#8217;<\/em>&#8216;), &#8221;<em>Walen go home!<\/em>&#8221; (ce qui n&#8217;est m\u00eame pas du n\u00e9erlandais) ou encore &#8221;Leuven Vlaams&#8221; (tandis que Leuven se trouve dans le Brabant et non en Flandre) et le pire de tout\u00a0: \u00ab\u00a0<em>Waalse ratten, rol uw matten\u00a0<\/em>\u00bb (\u00ab\u00a0<em>Rats wallons, foutez le camp<\/em>\u00a0\u00bb), ce qui rel\u00e8ve du pur racisme\u00a0nazi! <strong>Imaginez-vous le toll\u00e9 si on manifestait pour la d\u00e9portation des \u00e9tudiants maghr\u00e9bins en Belgique&#8230;\u00a0 Mais qu\u2019\u00e0 cela ne tienne, selon l\u2019\u00e9lite bien-pensante flamingante et leurs m\u00e9dias, ce racisme \u00e0 outrance est tout \u00e0 fait normal\u00a0!<\/strong><\/p>\n<p>D&#8217;ailleurs, si l\u2019unilinguisme \u00e9tait un facteur si d\u00e9terminant pour les flamingants, pourquoi les universit\u00e9s au nord du pays sont-elles devenues partiellement bilingues n\u00e9erlandophones &#8211; anglophones?<\/p>\n<p>Une autre ineptie que l&#8217;on entend souvent, c\u2019est que les deux universit\u00e9s collaborent mieux que jamais depuis leur scission. Toutefois, lorsque l&#8217;universit\u00e9 \u00e9tait unitaire, il ne fallait \u00e9videmment pas \u00ab\u00a0coop\u00e9rer\u00a0\u00bb puisque tout se faisait d\u00e9j\u00e0 ensemble!<\/p>\n<p>Il convient toutefois de louer une r\u00e9cente et heureuse initiative de la part des deux universit\u00e9s en la forme d\u2019une banque de donn\u00e9es digitalis\u00e9e r\u00e9pertoriant les quelques milliers de livres antiques des deux collections \u00e0 des fins scientifiques. <strong><span style=\"color: #0000ff;\"><a style=\"color: #0000ff;\" href=\"https:\/\/nieuws.kuleuven.be\/nl\/campuskrant\/1718\/nr-5\/ku-leuven-en-ucl-brengen-oude-bibliotheekcollectie-weer-samen\">Le site de la KU Leuven<\/a><\/span><\/strong> souligne la valeur hautement symbolique du projet. Selon le vice-recteur de l&#8217;universit\u00e9, ce projet est l&#8217;illustration du fait que &#8221;<em>les deux universit\u00e9s sont \u00e0 nouveau en train de se rapprocher de mani\u00e8re organique<\/em>&#8221;.<\/p>\n<p><strong>Le B.U.B. veut aller plus loin. La honte raciste de \u00ab\u00a0Leuven Vlaams\u00a0\u00bb doit \u00eatre effac\u00e9e pour de bon. Notre parti veut fusionner l\u2019UCL et la KULeuven en une grande universit\u00e9 catholique braban\u00e7onne r\u00e9parties sur trois lieux dans la province du Brabant, c\u2019est-\u00e0-dire Bruxelles, Louvain et Louvain-la-Neuve, ce qui donnerait naissance \u00e0 une des plus grandes et meilleurs universit\u00e9s au monde\u00a0!<\/strong><\/p>\n","protected":false},"excerpt":{"rendered":"<p>Vijftig jaar geleden, in 1968, werd de katholieke Universiteit van Leuven onder flamingantische druk gesplitst in een Nederlands- en een Franstalige universiteit. Voor de B.U.B. was deze splitsing een catastrofale vergissing, zowel voor Belgi\u00eb als voor de Belgische wetenschap.<\/p>\n<p>Il y a cinquante ans, en 1968, l&#8217;universit\u00e9 catholique de Louvain fut scind\u00e9e sous la pression flamingante en une universit\u00e9 n\u00e9erlandophone et une universit\u00e9 francophone. Pour le B.U.B., cette scission \u00e9tait un g\u00e2chis \u00e9norme pour la Belgique et pour la science belge.<\/p>\n","protected":false},"author":2,"featured_media":0,"comment_status":"closed","ping_status":"closed","sticky":false,"template":"","format":"standard","meta":{"ngg_post_thumbnail":0,"jetpack_post_was_ever_published":false,"_jetpack_newsletter_access":"","_jetpack_dont_email_post_to_subs":false,"_jetpack_newsletter_tier_id":0,"_jetpack_memberships_contains_paywalled_content":false,"powered_cache_disable_cache":false,"_jetpack_memberships_contains_paid_content":false,"footnotes":"","jetpack_publicize_message":"","jetpack_publicize_feature_enabled":true,"jetpack_social_post_already_shared":true,"jetpack_social_options":{"image_generator_settings":{"template":"highway","default_image_id":0,"font":"","enabled":false},"version":2}},"categories":[1,5],"tags":[],"class_list":["post-12125","post","type-post","status-publish","format-standard","hentry","category-news0","category-opinions"],"jetpack_publicize_connections":[],"jetpack_featured_media_url":"","jetpack_sharing_enabled":true,"jetpack_shortlink":"https:\/\/wp.me\/p6Y7u0-39z","jetpack_likes_enabled":false,"_links":{"self":[{"href":"https:\/\/www.unionbelge.be\/index.php?rest_route=\/wp\/v2\/posts\/12125","targetHints":{"allow":["GET"]}}],"collection":[{"href":"https:\/\/www.unionbelge.be\/index.php?rest_route=\/wp\/v2\/posts"}],"about":[{"href":"https:\/\/www.unionbelge.be\/index.php?rest_route=\/wp\/v2\/types\/post"}],"author":[{"embeddable":true,"href":"https:\/\/www.unionbelge.be\/index.php?rest_route=\/wp\/v2\/users\/2"}],"replies":[{"embeddable":true,"href":"https:\/\/www.unionbelge.be\/index.php?rest_route=%2Fwp%2Fv2%2Fcomments&post=12125"}],"version-history":[{"count":1,"href":"https:\/\/www.unionbelge.be\/index.php?rest_route=\/wp\/v2\/posts\/12125\/revisions"}],"predecessor-version":[{"id":12126,"href":"https:\/\/www.unionbelge.be\/index.php?rest_route=\/wp\/v2\/posts\/12125\/revisions\/12126"}],"wp:attachment":[{"href":"https:\/\/www.unionbelge.be\/index.php?rest_route=%2Fwp%2Fv2%2Fmedia&parent=12125"}],"wp:term":[{"taxonomy":"category","embeddable":true,"href":"https:\/\/www.unionbelge.be\/index.php?rest_route=%2Fwp%2Fv2%2Fcategories&post=12125"},{"taxonomy":"post_tag","embeddable":true,"href":"https:\/\/www.unionbelge.be\/index.php?rest_route=%2Fwp%2Fv2%2Ftags&post=12125"}],"curies":[{"name":"wp","href":"https:\/\/api.w.org\/{rel}","templated":true}]}}