{"id":11922,"date":"2017-10-11T16:06:42","date_gmt":"2017-10-11T15:06:42","guid":{"rendered":"http:\/\/www.unionbelge.be\/?p=11922"},"modified":"2017-10-11T22:45:11","modified_gmt":"2017-10-11T21:45:11","slug":"b-u-b-voerde-actie-aan-vlaams-parlement-le-b-u-b-mene-une-action-devant-le-parlement-flamand-die-b-u-b-hat-eine-aktion-flamischen-parlament-gefuhrt","status":"publish","type":"post","link":"https:\/\/www.unionbelge.be\/?p=11922","title":{"rendered":"B.U.B. VOERDE ACTIE AAN &#8220;VLAAMS&#8221; PARLEMENT &#8211; LE B.U.B A MENE UNE ACTION DEVANT LE PARLEMENT &#8220;FLAMAND&#8221; &#8211; DIE B.U.B. HAT EINE AKTION AM &#8220;FL\u00c4MISCHEN&#8221; PARLAMENT GEF\u00dcHRT"},"content":{"rendered":"<figure id=\"attachment_11923\" aria-describedby=\"caption-attachment-11923\" style=\"width: 580px\" class=\"wp-caption aligncenter\"><a href=\"https:\/\/www.unionbelge.be\/?attachment_id=11923\" rel=\"attachment wp-att-11923\"><img loading=\"lazy\" decoding=\"async\" class=\"size-large wp-image-11923\" src=\"https:\/\/www.unionbelge.be\/wp-content\/uploads\/2017\/10\/Actie-VL.-parlement-11.10.2017-foto-1024x768.jpg\" alt=\"Foto \/ Photo B.U.B.\" width=\"580\" height=\"435\" data-wp-pid=\"11923\" srcset=\"https:\/\/www.unionbelge.be\/wp-content\/uploads\/2017\/10\/Actie-VL.-parlement-11.10.2017-foto-1024x768.jpg 1024w, https:\/\/www.unionbelge.be\/wp-content\/uploads\/2017\/10\/Actie-VL.-parlement-11.10.2017-foto-420x315.jpg 420w, https:\/\/www.unionbelge.be\/wp-content\/uploads\/2017\/10\/Actie-VL.-parlement-11.10.2017-foto-800x600.jpg 800w, https:\/\/www.unionbelge.be\/wp-content\/uploads\/2017\/10\/Actie-VL.-parlement-11.10.2017-foto-300x225.jpg 300w, https:\/\/www.unionbelge.be\/wp-content\/uploads\/2017\/10\/Actie-VL.-parlement-11.10.2017-foto-768x576.jpg 768w, https:\/\/www.unionbelge.be\/wp-content\/uploads\/2017\/10\/Actie-VL.-parlement-11.10.2017-foto-1200x900-cropped.jpg 1200w, https:\/\/www.unionbelge.be\/wp-content\/uploads\/2017\/10\/Actie-VL.-parlement-11.10.2017-foto.jpg 2048w\" sizes=\"auto, (max-width: 580px) 100vw, 580px\" \/><\/a><figcaption id=\"caption-attachment-11923\" class=\"wp-caption-text\">Foto \/ Photo B.U.B.<\/figcaption><\/figure>\n<p><strong>WAAROM GEEN BELGISCHE VLAG AAN HET &#8216;VLAAMS&#8217; PARLEMENT ?<\/strong><\/p>\n<p><strong>Op 11 oktober 2017 voerde de B.U.B. actie aan het &#8220;Vlaams&#8221; parlement in Brussel. Het doel was het ontbreken van een Belgische vlag in het &#8220;Vlaams&#8221; parlement aan te klagen terwijl een Catalaanse er gedoogd zou worden. <\/strong><\/p>\n<p>Iedereen herinnert zich nog wel dat er vorige week plots een Catalaanse vlag verscheen in het Belgisch parlement. Moet kunnen, vonden sommige politici hoewel dit toch verdacht sterk lijkt op het importeren van buitenlandse problemen in ons vreedzaam landje.<\/p>\n<p>Daarom verzamelden enkele leden van de B.U.B. (Belgisch Unie \u2013 Union Belge) zich vandaag voor het &#8220;Vlaams&#8221; parlement. Ze deelden Belgische vlaggen uit aan de parlementsleden met<span class=\"text_exposed_show\"> het verzoek de Belgische vlag uit te hangen in het &#8220;Vlaams parlement&#8221; en zo steun te betuigen aan de nationale eenheid.<\/span><\/p>\n<div class=\"text_exposed_show\">\n<p>Dat was echter buiten &#8220;Vlaams&#8221; parlementsvoorzitter Peumans (NVA) gerekend die doodleuk kwam verklaren dat Belgische vlaggen verboden zijn in het zijn parlement. Hij riep er de politie bij en liet deze vredelievende burgers verwijderen omdat ze de Belgische vlag bij zich hadden. De Catalaanse zou nochtans geen probleem geweest zijn\u2026<\/p>\n<p><strong>Kafka: <\/strong><strong>Belgische vlag verboden in eigen land.<\/strong><\/p>\n<p><a href=\"https:\/\/www.unionbelge.be\/?attachment_id=11924\" rel=\"attachment wp-att-11924\"><img loading=\"lazy\" decoding=\"async\" class=\"aligncenter size-large wp-image-11924\" src=\"https:\/\/www.unionbelge.be\/wp-content\/uploads\/2017\/10\/Action-parlement-fl.-11.10.2017-1024x722.jpg\" alt=\"\" width=\"580\" height=\"409\" data-wp-pid=\"11924\" srcset=\"https:\/\/www.unionbelge.be\/wp-content\/uploads\/2017\/10\/Action-parlement-fl.-11.10.2017-1024x722.jpg 1024w, https:\/\/www.unionbelge.be\/wp-content\/uploads\/2017\/10\/Action-parlement-fl.-11.10.2017-420x296.jpg 420w, https:\/\/www.unionbelge.be\/wp-content\/uploads\/2017\/10\/Action-parlement-fl.-11.10.2017-800x564.jpg 800w, https:\/\/www.unionbelge.be\/wp-content\/uploads\/2017\/10\/Action-parlement-fl.-11.10.2017-300x211.jpg 300w, https:\/\/www.unionbelge.be\/wp-content\/uploads\/2017\/10\/Action-parlement-fl.-11.10.2017-768x541.jpg 768w, https:\/\/www.unionbelge.be\/wp-content\/uploads\/2017\/10\/Action-parlement-fl.-11.10.2017-1200x846.jpg 1200w, https:\/\/www.unionbelge.be\/wp-content\/uploads\/2017\/10\/Action-parlement-fl.-11.10.2017.jpg 1240w\" sizes=\"auto, (max-width: 580px) 100vw, 580px\" \/><\/a><\/p>\n<\/div>\n<p><strong>POURQUOI PAS DE DRAPEAU BELGE AU PARLEMENT &#8216;FLAMAND&#8217;?<\/strong><\/p>\n<p><strong>Le 11 octobre 2017, le B.U.B. a men\u00e9 une action devant le parlement &#8220;flamand&#8221; \u00e0 Bruxelles. Le but \u00e9tait de d\u00e9noncer l&#8217;absence de drapeau belge au parlement &#8220;flamand&#8221; tandis que le drapeau catalan y serait tol\u00e9r\u00e9.<\/strong><\/p>\n<p>Tout le monde se rappelle que la semaine pass\u00e9e on voyait surgir au parlement belge un drapeau catalan. Cela doit \u00eatre permis, trouvaient certains politiciens, m\u00eame si cela donne l&#8217;impression d&#8217;importer des probl\u00e8mes \u00e9trangers dans notre petit pays paisible.<\/p>\n<p>Voil\u00e0 pourquoi, quelques membres du parti politique B.U.B. (Belgische Unie \u2013 Union Belge) se sont rassembl\u00e9s aujourd&#8217;hui devant le parlement &#8220;flamand&#8221;. Ils distribuaient des drapeaux belges avec la demande de garnir le parlement flamand du drapeau belge en guise de soutien \u00e0 l\u2019unit\u00e9 nationale.<\/p>\n<p>Cependant, c&#8217;\u00e9tait sans compter avec le pr\u00e9sident du parlement &#8220;flamand&#8221; Jan Peumans (N VA) qui a s\u00e8chement d\u00e9clar\u00e9 que les drapeaux belges \u00e9taient interdits dans son parlement. Il a appel\u00e9 la police et a demand\u00e9 d&#8217;\u00e9vacuer rapidement les membres du B.U.B. parce qu&#8217;ils avaient le drapeau belge avec eux. Le drapeau catalan n&#8217;aurait pourtant pas pos\u00e9 de probl\u00e8me&#8230;<\/p>\n<p><strong>Kafka: le drapeau belge interdit dans notre propre pays\u00a0!<\/strong><\/p>\n<p><a href=\"https:\/\/www.unionbelge.be\/?attachment_id=11925\" rel=\"attachment wp-att-11925\"><img loading=\"lazy\" decoding=\"async\" class=\"aligncenter size-large wp-image-11925\" src=\"https:\/\/www.unionbelge.be\/wp-content\/uploads\/2017\/10\/Actie-VL.-parlement-11.10.2017-1024x722.jpg\" alt=\"\" width=\"580\" height=\"409\" data-wp-pid=\"11925\" srcset=\"https:\/\/www.unionbelge.be\/wp-content\/uploads\/2017\/10\/Actie-VL.-parlement-11.10.2017-1024x722.jpg 1024w, https:\/\/www.unionbelge.be\/wp-content\/uploads\/2017\/10\/Actie-VL.-parlement-11.10.2017-420x296.jpg 420w, https:\/\/www.unionbelge.be\/wp-content\/uploads\/2017\/10\/Actie-VL.-parlement-11.10.2017-800x564.jpg 800w, https:\/\/www.unionbelge.be\/wp-content\/uploads\/2017\/10\/Actie-VL.-parlement-11.10.2017-300x211.jpg 300w, https:\/\/www.unionbelge.be\/wp-content\/uploads\/2017\/10\/Actie-VL.-parlement-11.10.2017-768x541.jpg 768w, https:\/\/www.unionbelge.be\/wp-content\/uploads\/2017\/10\/Actie-VL.-parlement-11.10.2017-1200x846.jpg 1200w, https:\/\/www.unionbelge.be\/wp-content\/uploads\/2017\/10\/Actie-VL.-parlement-11.10.2017.jpg 1240w\" sizes=\"auto, (max-width: 580px) 100vw, 580px\" \/><\/a><\/p>\n<p><strong>WARUM KEINE BELGISCHE FAHNE AM &#8216;FL\u00c4MISCHEN&#8217; PARLAMENT ?<\/strong><\/p>\n<p><strong>Am 11. Oktober 2017 hat die B.U.B. eine Aktion am fl\u00e4mischen Parlament in Br\u00fcssel gef\u00fchrt. Das Ziel war an zu klagen, es gibt keine belgischen Fahne im &#8220;fl\u00e4mischen&#8221; Parlament w\u00e4hrend eine katalanische Fahne dort toleriert w\u00e4re.<\/strong><\/p>\n<figure id=\"attachment_11930\" aria-describedby=\"caption-attachment-11930\" style=\"width: 960px\" class=\"wp-caption aligncenter\"><a href=\"https:\/\/www.unionbelge.be\/?attachment_id=11930\" rel=\"attachment wp-att-11930\"><img loading=\"lazy\" decoding=\"async\" class=\"size-full wp-image-11930\" src=\"https:\/\/www.unionbelge.be\/wp-content\/uploads\/2017\/10\/Actie-B.U.B.-17.10.2017.jpg\" alt=\"Photo \/ Foto B.U.B.\" width=\"960\" height=\"720\" data-wp-pid=\"11930\" srcset=\"https:\/\/www.unionbelge.be\/wp-content\/uploads\/2017\/10\/Actie-B.U.B.-17.10.2017.jpg 960w, https:\/\/www.unionbelge.be\/wp-content\/uploads\/2017\/10\/Actie-B.U.B.-17.10.2017-420x315.jpg 420w, https:\/\/www.unionbelge.be\/wp-content\/uploads\/2017\/10\/Actie-B.U.B.-17.10.2017-800x600.jpg 800w, https:\/\/www.unionbelge.be\/wp-content\/uploads\/2017\/10\/Actie-B.U.B.-17.10.2017-300x225.jpg 300w, https:\/\/www.unionbelge.be\/wp-content\/uploads\/2017\/10\/Actie-B.U.B.-17.10.2017-768x576.jpg 768w\" sizes=\"auto, (max-width: 960px) 100vw, 960px\" \/><\/a><figcaption id=\"caption-attachment-11930\" class=\"wp-caption-text\">Photo \/ Foto B.U.B.<\/figcaption><\/figure>\n<figure id=\"attachment_11931\" aria-describedby=\"caption-attachment-11931\" style=\"width: 960px\" class=\"wp-caption aligncenter\"><a href=\"https:\/\/www.unionbelge.be\/?attachment_id=11931\" rel=\"attachment wp-att-11931\"><img loading=\"lazy\" decoding=\"async\" class=\"size-full wp-image-11931\" src=\"https:\/\/www.unionbelge.be\/wp-content\/uploads\/2017\/10\/Actie-B.U.B.-17.10.2017-2.jpg\" alt=\"Conversation apr\u00e8s Peumans. Ensuite, la police a (gentiment) mis fin \u00e0 l'action - Gesprek met Peumans. Vervolgens heeft de politie (vriendelijk) aan de actie een einde gesteld - Gespr\u00e4ch mit Peumans. Danach hat die Polizei (freundlich) die Aktion beendet.\" width=\"960\" height=\"720\" data-wp-pid=\"11931\" srcset=\"https:\/\/www.unionbelge.be\/wp-content\/uploads\/2017\/10\/Actie-B.U.B.-17.10.2017-2.jpg 960w, https:\/\/www.unionbelge.be\/wp-content\/uploads\/2017\/10\/Actie-B.U.B.-17.10.2017-2-420x315.jpg 420w, https:\/\/www.unionbelge.be\/wp-content\/uploads\/2017\/10\/Actie-B.U.B.-17.10.2017-2-800x600.jpg 800w, https:\/\/www.unionbelge.be\/wp-content\/uploads\/2017\/10\/Actie-B.U.B.-17.10.2017-2-300x225.jpg 300w, https:\/\/www.unionbelge.be\/wp-content\/uploads\/2017\/10\/Actie-B.U.B.-17.10.2017-2-768x576.jpg 768w\" sizes=\"auto, (max-width: 960px) 100vw, 960px\" \/><\/a><figcaption id=\"caption-attachment-11931\" class=\"wp-caption-text\">Conversation avec Peumans. Ensuite, la police a (gentiment) mis fin \u00e0 l&#8217;action &#8211; Gesprek met Peumans. Vervolgens heeft de politie (vriendelijk) aan de actie een einde gesteld &#8211; Gespr\u00e4ch mit Peumans. Danach hat die Polizei (freundlich) die Aktion beendet.<\/figcaption><\/figure>\n<p>&nbsp;<\/p>\n<p><strong>Lisez aussi ce bon article de Belga dans Metro \/\u00a0Lees ook dit goed artikel van Belga in Metro (<span style=\"color: #0000ff;\"><a href=\"https:\/\/nl.metrotime.be\/2017\/10\/11\/news\/belgische-unie-voert-actie-met-belgische-driekleur-aan-vlaams-parlement\/\">link &#8211; lien<\/a><\/span><\/strong>)<\/p>\n","protected":false},"excerpt":{"rendered":"<p>Op 11 oktober 2017 voerde de B.U.B. actie aan het &#8220;Vlaams&#8221; parlement in Brussel. Het doel was het ontbreken van een Belgische vlag in het &#8220;Vlaams&#8221; parlement aan te klagen terwijl een Catalaanse er gedoogd zou worden. <\/p>\n<p>Le 11 octobre 2017, le B.U.B. a men\u00e9 une action devant le parlement &#8220;flamand&#8221; \u00e0 Bruxelles. Le but \u00e9tait de d\u00e9noncer l&#8217;absence de drapeau belge au parlement &#8220;flamand&#8221; tandis que le drapeau catalan y serait tol\u00e9r\u00e9.<\/p>\n<p>Am 11. Oktober 2017 hat die B.U.B. eine Aktion am fl\u00e4mischen Parlament in Br\u00fcssel gef\u00fchrt. Das Ziel war an zu klagen, es gibt keine belgischen Fahne im &#8220;fl\u00e4mischen&#8221; Parlament w\u00e4hrend eine katalanische Fahne dort toleriert w\u00e4re.<\/p>\n","protected":false},"author":2,"featured_media":0,"comment_status":"closed","ping_status":"closed","sticky":false,"template":"","format":"standard","meta":{"ngg_post_thumbnail":0,"jetpack_post_was_ever_published":false,"_jetpack_newsletter_access":"","_jetpack_dont_email_post_to_subs":false,"_jetpack_newsletter_tier_id":0,"_jetpack_memberships_contains_paywalled_content":false,"powered_cache_disable_cache":false,"_jetpack_memberships_contains_paid_content":false,"footnotes":"","jetpack_publicize_message":"","jetpack_publicize_feature_enabled":true,"jetpack_social_post_already_shared":true,"jetpack_social_options":{"image_generator_settings":{"template":"highway","default_image_id":0,"font":"","enabled":false},"version":2}},"categories":[1],"tags":[],"class_list":["post-11922","post","type-post","status-publish","format-standard","hentry","category-news0"],"jetpack_publicize_connections":[],"jetpack_featured_media_url":"","jetpack_sharing_enabled":true,"jetpack_shortlink":"https:\/\/wp.me\/p6Y7u0-36i","jetpack_likes_enabled":false,"_links":{"self":[{"href":"https:\/\/www.unionbelge.be\/index.php?rest_route=\/wp\/v2\/posts\/11922","targetHints":{"allow":["GET"]}}],"collection":[{"href":"https:\/\/www.unionbelge.be\/index.php?rest_route=\/wp\/v2\/posts"}],"about":[{"href":"https:\/\/www.unionbelge.be\/index.php?rest_route=\/wp\/v2\/types\/post"}],"author":[{"embeddable":true,"href":"https:\/\/www.unionbelge.be\/index.php?rest_route=\/wp\/v2\/users\/2"}],"replies":[{"embeddable":true,"href":"https:\/\/www.unionbelge.be\/index.php?rest_route=%2Fwp%2Fv2%2Fcomments&post=11922"}],"version-history":[{"count":9,"href":"https:\/\/www.unionbelge.be\/index.php?rest_route=\/wp\/v2\/posts\/11922\/revisions"}],"predecessor-version":[{"id":11938,"href":"https:\/\/www.unionbelge.be\/index.php?rest_route=\/wp\/v2\/posts\/11922\/revisions\/11938"}],"wp:attachment":[{"href":"https:\/\/www.unionbelge.be\/index.php?rest_route=%2Fwp%2Fv2%2Fmedia&parent=11922"}],"wp:term":[{"taxonomy":"category","embeddable":true,"href":"https:\/\/www.unionbelge.be\/index.php?rest_route=%2Fwp%2Fv2%2Fcategories&post=11922"},{"taxonomy":"post_tag","embeddable":true,"href":"https:\/\/www.unionbelge.be\/index.php?rest_route=%2Fwp%2Fv2%2Ftags&post=11922"}],"curies":[{"name":"wp","href":"https:\/\/api.w.org\/{rel}","templated":true}]}}