{"id":11871,"date":"2017-09-22T23:11:36","date_gmt":"2017-09-22T22:11:36","guid":{"rendered":"http:\/\/www.unionbelge.be\/?p=11871"},"modified":"2017-09-22T23:11:36","modified_gmt":"2017-09-22T22:11:36","slug":"le-secretaire-detat-francken-reagit-de-facon-exageree-sur-une-staatssecretaris-francken-reageert-overdreven-op-spotprent","status":"publish","type":"post","link":"https:\/\/www.unionbelge.be\/?p=11871","title":{"rendered":"LE SECRETAIRE D\u2019ETAT FRANCKEN REAGIT DE FACON EXAGEREE A UNE CARICATURE &#8211; STAATSSECRETARIS FRANCKEN REAGEERT OVERDREVEN OP SPOTPRENT"},"content":{"rendered":"<figure id=\"attachment_11874\" aria-describedby=\"caption-attachment-11874\" style=\"width: 300px\" class=\"wp-caption alignleft\"><a href=\"https:\/\/www.unionbelge.be\/?attachment_id=11874\" rel=\"attachment wp-att-11874\"><img loading=\"lazy\" decoding=\"async\" class=\"size-medium wp-image-11874\" src=\"https:\/\/www.unionbelge.be\/wp-content\/uploads\/2017\/09\/Francken-300x298.jpg\" alt=\"Francken afgebeeld als Duitse soldaat tijdens WO II - Francken d\u00e9guis\u00e9 comme soldat allemand de la deuxi\u00e8me guerre mondiale (Ecolo J)\" width=\"300\" height=\"298\" data-wp-pid=\"11874\" srcset=\"https:\/\/www.unionbelge.be\/wp-content\/uploads\/2017\/09\/Francken-300x298.jpg 300w, https:\/\/www.unionbelge.be\/wp-content\/uploads\/2017\/09\/Francken-420x418.jpg 420w, https:\/\/www.unionbelge.be\/wp-content\/uploads\/2017\/09\/Francken-100x100.jpg 100w, https:\/\/www.unionbelge.be\/wp-content\/uploads\/2017\/09\/Francken-150x150.jpg 150w, https:\/\/www.unionbelge.be\/wp-content\/uploads\/2017\/09\/Francken-200x200.jpg 200w, https:\/\/www.unionbelge.be\/wp-content\/uploads\/2017\/09\/Francken.jpg 510w\" sizes=\"auto, (max-width: 300px) 100vw, 300px\" \/><\/a><figcaption id=\"caption-attachment-11874\" class=\"wp-caption-text\">Francken afgebeeld als Duitse soldaat tijdens WO II &#8211; Francken d\u00e9guis\u00e9 comme soldat allemand de la deuxi\u00e8me guerre mondiale (Ecolo J)<\/figcaption><\/figure>\n<p><strong>BANDEN VAN N-VA MET COLLABORATIE ZIJN BEWEZEN<\/strong><strong>\u00a0<\/strong><\/p>\n<p><strong>Op 21 september 2017 reageerde staatssecretaris van Asiel en Migratie Theo Francken (N-VA) heftig op een cartoon van de jongeren van Ecolo waarop hij stond afgebeeld in een legeruniform van de Duitse Wehrmacht. De B.U.B. vindt de fotoshop zelf ook wat overdreven, maar dat Franken daarop klacht tegen de makers indiende gaat volgens ons te ver.<\/strong><\/p>\n<p>Los van zijn migratiebeleid dat men goed of slecht kan vinden, staat Theo Francken bekend als een staatssecretaris met een hard en niet onbesproken discours tegen vluchtelingen en vreemdelingen. \u00a0Zo wilde hij in augustus dit jaar mensen uit Afrika die op een Spaans strand aankwamen geen vluchtelingen noemen. \u201cVluchtelingen, laat me niet lachen\u201d zei hij smalend op Twitter. Vorig jaar heeft hij zich ook verwoed verzet tegen een Syrisch gezin dat met een visum in Belgi\u00eb bij Belgen wou komen wonen. Hij lachte ook op Twitter met een cartoon waarop hij een zwarte bij het haar pakte. Zijn partij zette daarna bij het beeld de veelzeggende slogan: <strong><em>\u201cReanimeer de vrijheid van meningsuiting. Geef ons het recht om te beledigen<\/em>.\u201d<\/strong> Midden september 2017 gebruikte hij ook de term \u2018opkuisen\u2019 wanneer hij sprak over vluchtelingen die in het Brusselse Maximiliaanpark verbleven. Dat vonden vele mensen ongepast voor een staatssecretaris.<\/p>\n<p>Op 21 september 2017 kreeg hij het deksel op de eigen neus door een karikatuur van de jongeren van Ecolo waarop hij als een Duitse soldaat van de tweede wereldoorlog staat afgebeeld. Deze afbeelding leidde zelfs tot het theatrale verlaten van de Kamer van Volksvertegenwoordigers door de voltallige N-VA-fractie op dezelfde dag. Theo Francken kondigde aan klacht in te dienen tegen de makers.<\/p>\n<p>De B.U.B. vindt de reactie van de staatssecretaris op de spotprent overdreven.<\/p>\n<ol>\n<li>De band tussen de N-VA en de collaboratie is wetenschappelijk bewezen, o.a. door de eminente historicus Lode Wils die in december 2012 in De Standaard verklaarde dat de N-VA de erfgenaam is van de collaboratie.<\/li>\n<li>Theo Francken is een vooraanstaande politicus van de N-VA die bijna elke dag in de media komt en telkens wanneer hij het wenst. Hij kan zich dus voldoende verweren tegen aanklachten die hij onterecht vindt.<\/li>\n<li>Politieke mandatarissen hebben macht en moeten dus meer tegen kritiek kunnen dan een gewone burger.<\/li>\n<li>Zijn hard taalgebruik past niet bij een staatssecretaris van de nationale regering. Misschien past dat in een nutteloze gewestregering, maar niet op nationaal vlak.<\/li>\n<li>Eddy Desmet, de ex-schooldirecteur van Ronse die zich verzette tegen de politiek van de overbodige minister Homans (N-VA) in september 2015 had geen recht op een klacht van Homans zelf, wel op \u00e9\u00e9n van onbekende, lokale N-VA-mandatarissen. Blijkbaar hebben kleine garnalen als Desmet geen recht op veel aandacht. Een franstalige, linkse partij (die de B.U.B. absoluut niet in het hart draagt) brengt meer en risicoloze publiciteit op.<\/li>\n<li>Het indienen van een klacht door een bekende politicus is een zwaktebod. We hadden liever een weerlegging van de spotprent gehoord, maar blijkbaar was dat te moeilijk.<\/li>\n<li>De slogan \u201cJe suis Charlie\u201d geldt blijkbaar alleen voor extreemrechts. Dat had men dan wel eerder kunnen zeggen\u2026<\/li>\n<\/ol>\n<p><strong>Ook al doet de staatssecretaris van asiel en migratie misschien goed werk, \u00a0zijn taalgebruik en klacht tonen aan dat hij een kleine meneer is, die alleen uit is op zelfprofilering. Net zoals zijn partij trouwens.<\/strong><\/p>\n<p><strong>\u00a0<\/strong><\/p>\n<figure id=\"attachment_11875\" aria-describedby=\"caption-attachment-11875\" style=\"width: 300px\" class=\"wp-caption alignleft\"><a href=\"https:\/\/www.unionbelge.be\/?attachment_id=11875\" rel=\"attachment wp-att-11875\"><img loading=\"lazy\" decoding=\"async\" class=\"size-medium wp-image-11875\" src=\"https:\/\/www.unionbelge.be\/wp-content\/uploads\/2017\/09\/Francken-met-zwarte-300x240.jpg\" alt=\"Francken se moque d'un Noir sur Twitter - Francken lacht met een zwarte op Twitter\" width=\"300\" height=\"240\" data-wp-pid=\"11875\" srcset=\"https:\/\/www.unionbelge.be\/wp-content\/uploads\/2017\/09\/Francken-met-zwarte-300x240.jpg 300w, https:\/\/www.unionbelge.be\/wp-content\/uploads\/2017\/09\/Francken-met-zwarte-420x336.jpg 420w, https:\/\/www.unionbelge.be\/wp-content\/uploads\/2017\/09\/Francken-met-zwarte.jpg 510w\" sizes=\"auto, (max-width: 300px) 100vw, 300px\" \/><\/a><figcaption id=\"caption-attachment-11875\" class=\"wp-caption-text\">Francken se moque d&#8217;un Noir sur Twitter &#8211; Francken lacht met een zwarte op Twitter<\/figcaption><\/figure>\n<p><strong>LES LIENS DE LA N-VA AVEC LA COLLABORATION SONT PROUVES<\/strong><strong>\u00a0<\/strong><\/p>\n<p><strong>Le 21 septembre 2017, le secr\u00e9taire d\u2019Etat pour l\u2019asile et l\u2019immigration Theo Francken (N-VA) a r\u00e9agi de fa\u00e7on v\u00e9h\u00e9mente \u00e0 un cartoon des jeunes d\u2019Ecolo sur lequel il \u00e9tait dress\u00e9 en uniforme de la Wehrmacht allemande. Le B.U.B. trouve le photoshop aussi un peu exag\u00e9r\u00e9, mais le fait que Francken d\u00e9pose plainte contre les auteurs va selon nous trop loin.\u00a0<\/strong><strong>\u00a0<\/strong><\/p>\n<p>Ind\u00e9pendamment de sa politique de l\u2019immigration que l\u2019on peut approuver ou d\u00e9sapprouver, Theo Francken est connu comme un secr\u00e9taire d\u2019Etat qui tient un discours muscl\u00e9 et controvers\u00e9 \u00e0 propos des r\u00e9fugi\u00e9s et des \u00e9trangers. Ainsi, il ne voulait pas qualifier de r\u00e9fugi\u00e9s des gens arriv\u00e9s cet \u00e9t\u00e9 sur une plage espagnole. \u00ab\u00a0R\u00e9fugi\u00e9s, ne me laissez pas rire\u00a0\u00bb, disait-il de fa\u00e7on moqueuse sur Twitter. \u00a0L\u2019ann\u00e9e pass\u00e9e, il s\u2019est aussi oppos\u00e9 cat\u00e9goriquement contre une famille syrienne qui voulait venir vivre avec un visa chez des Belges en Belgique. Il s\u2019est aussi moqu\u00e9 sur Twitter d\u2019un cartoon sur lequel figurait un Noir qu&#8217;il prenait par les cheveux.\u00a0Son parti avait ensuite accompagn\u00e9 l&#8217;image du slogan parlant\u00a0: <strong><em>\u00ab\u00a0R\u00e9animez la libert\u00e9 d\u2019expression. Donnez-nous le droit d\u2019insulter.\u00a0\u00bb\u00a0\u00a0<\/em><\/strong>A la mi-septembre 2017, il a aussi utilis\u00e9 le terme \u00ab\u00a0nettoyer\u00a0\u00bb en parlant de r\u00e9fugi\u00e9s qui s\u00e9journaient dans le parc Maximilien \u00e0 Bruxelles. Bon nombre de gens trouvaient cela inadapt\u00e9 \u00e0 un secr\u00e9taire d\u2019Etat.<\/p>\n<p>Le 21 septembre 2017, il a subi le retour de manivelle par une caricature des jeunes d\u2019Ecolo sur laquelle il figure comme un soldat allemand de la deuxi\u00e8me guerre mondiale. Cette image a m\u00eame motiv\u00e9 la fraction compl\u00e8te de la N-VA \u00e0 quitter la Chambre des Repr\u00e9sentants le m\u00eame jour. Theo Francken a annonc\u00e9 porter plainte contre les auteurs.<\/p>\n<p>Le B.U.B. trouve la r\u00e9action du secr\u00e9taire d\u2019Etat \u00e0 la caricature exag\u00e9r\u00e9e.<\/p>\n<ol>\n<li>Le lien entre la N-VA et la collaboration est scientifiquement prouv\u00e9, notamment par l\u2019\u00e9minent historien Lode Wils\u00a0 qui d\u00e9clarait en d\u00e9cembre 2012 dans le Standaard que la N-VA est l\u2019h\u00e9riti\u00e8re de la collaboration.<\/li>\n<li>Theo Francken est un homme politique bien connu de la N-VA qui appara\u00eet presque tous les jours dans les m\u00e9dias et chaque fois qu\u2019il le souhaite. Il est donc suffisamment en mesure de se d\u00e9fendre contre des accusations qu\u2019il estime non fond\u00e9es.<\/li>\n<li>Les mandataires politiques ont du pouvoir et doivent donc plus supporter la critique que de simples citoyens.<\/li>\n<li>Son langage dur ne convient pas \u00e0 un secr\u00e9taire d\u2019Etat du gouvernement national. Peut-\u00eatre qu\u2019il convient \u00e0 un gouvernement r\u00e9gional inutile, mais non sur le plan national.<\/li>\n<li>Eddy Desmet, l\u2019ex-directeur d\u2019\u00e9cole de Renaix qui s\u2019est oppos\u00e9 contre \u00a0la politique de l\u2019inutile ministre Homans (N-VA) en septembre 2015 n\u2019avait pas droit \u00e0 une plainte de Homans elle-m\u00eame, mais \u00e0 une d\u00e9pos\u00e9e par des mandataires inconnus et locaux de la N-VA. Apparemment, de petits poissons comme Desmet n\u2019ont pas droit \u00e0 trop d\u2019attention. Un parti francophone et de gauche (que le B.U.B. n\u2019aime absolument pas) rapporte plus de publicit\u00e9 sans risque.<\/li>\n<li>Le d\u00e9p\u00f4t d\u2019une plainte par un politicien connu est un signe de faiblesse. On aurait pr\u00e9f\u00e9r\u00e9 entendre une r\u00e9futation de la caricature, mais c\u2019\u00e9tait apparemment trop difficile.<\/li>\n<li>Il semble que le slogan \u00ab\u00a0Je suis Charlie\u00a0\u00bb ne vaut que pour l\u2019extr\u00eame-droite. On aurait pu le dire plus t\u00f4t\u2026<\/li>\n<\/ol>\n<p><strong>M\u00eame si le secr\u00e9taire d\u2019Etat pour l\u2019asile et l\u2019immigration fait peut-\u00eatre du bon boulot, son langage et sa plainte d\u00e9montrent qu\u2019il est un petit monsieur, qui ne vise qu\u2019\u00e0 faire sa pub. Tout comme son parti d\u2019ailleurs.<\/strong><\/p>\n","protected":false},"excerpt":{"rendered":"<p>Le 21 septembre 2017, le secr\u00e9taire d\u2019Etat pour l\u2019asile et l\u2019immigration Theo Francken (N-VA) a r\u00e9agi de fa\u00e7on v\u00e9h\u00e9mente \u00e0 un cartoon des jeunes d\u2019Ecolo sur lequel il \u00e9tait dress\u00e9 en uniforme de la Wehrmacht allemande. Le B.U.B. trouve le photoshop aussi un peu exag\u00e9r\u00e9, mais le fait que Francken d\u00e9pose plainte contre les auteurs va selon nous trop loin.<\/p>\n<p>Op 21 september 2017 reageerde staatssecretaris van Asiel en Migratie Theo Francken (N-VA) heftig op een cartoon van de jongeren van Ecolo waarop hij stond afgebeeld in een legeruniform van de Duitse Wehrmacht. De B.U.B. vindt de fotoshop zelf ook wat overdreven, maar dat Franken daarop klacht tegen de makers indiende gaat volgens ons te ver.<\/p>\n","protected":false},"author":2,"featured_media":0,"comment_status":"closed","ping_status":"closed","sticky":false,"template":"","format":"standard","meta":{"ngg_post_thumbnail":0,"jetpack_post_was_ever_published":false,"_jetpack_newsletter_access":"","_jetpack_dont_email_post_to_subs":false,"_jetpack_newsletter_tier_id":0,"_jetpack_memberships_contains_paywalled_content":false,"powered_cache_disable_cache":false,"_jetpack_memberships_contains_paid_content":false,"footnotes":"","jetpack_publicize_message":"","jetpack_publicize_feature_enabled":true,"jetpack_social_post_already_shared":true,"jetpack_social_options":{"image_generator_settings":{"template":"highway","default_image_id":0,"font":"","enabled":false},"version":2}},"categories":[1],"tags":[],"class_list":["post-11871","post","type-post","status-publish","format-standard","hentry","category-news0"],"jetpack_publicize_connections":[],"jetpack_featured_media_url":"","jetpack_sharing_enabled":true,"jetpack_shortlink":"https:\/\/wp.me\/p6Y7u0-35t","jetpack_likes_enabled":false,"_links":{"self":[{"href":"https:\/\/www.unionbelge.be\/index.php?rest_route=\/wp\/v2\/posts\/11871","targetHints":{"allow":["GET"]}}],"collection":[{"href":"https:\/\/www.unionbelge.be\/index.php?rest_route=\/wp\/v2\/posts"}],"about":[{"href":"https:\/\/www.unionbelge.be\/index.php?rest_route=\/wp\/v2\/types\/post"}],"author":[{"embeddable":true,"href":"https:\/\/www.unionbelge.be\/index.php?rest_route=\/wp\/v2\/users\/2"}],"replies":[{"embeddable":true,"href":"https:\/\/www.unionbelge.be\/index.php?rest_route=%2Fwp%2Fv2%2Fcomments&post=11871"}],"version-history":[{"count":2,"href":"https:\/\/www.unionbelge.be\/index.php?rest_route=\/wp\/v2\/posts\/11871\/revisions"}],"predecessor-version":[{"id":11876,"href":"https:\/\/www.unionbelge.be\/index.php?rest_route=\/wp\/v2\/posts\/11871\/revisions\/11876"}],"wp:attachment":[{"href":"https:\/\/www.unionbelge.be\/index.php?rest_route=%2Fwp%2Fv2%2Fmedia&parent=11871"}],"wp:term":[{"taxonomy":"category","embeddable":true,"href":"https:\/\/www.unionbelge.be\/index.php?rest_route=%2Fwp%2Fv2%2Fcategories&post=11871"},{"taxonomy":"post_tag","embeddable":true,"href":"https:\/\/www.unionbelge.be\/index.php?rest_route=%2Fwp%2Fv2%2Ftags&post=11871"}],"curies":[{"name":"wp","href":"https:\/\/api.w.org\/{rel}","templated":true}]}}