{"id":1182,"date":"2009-03-29T17:18:47","date_gmt":"2009-03-29T15:18:47","guid":{"rendered":"http:\/\/www.unionbelge.be\/?p=1182"},"modified":"2010-09-06T17:19:43","modified_gmt":"2010-09-06T15:19:43","slug":"le-heysel-doit-rester-lieu-de-detente-d%e2%80%99unite-nationale-de-heizel-moet-een-plaats-van-ontspanning-en-nationale-eenheid-blijven","status":"publish","type":"post","link":"https:\/\/www.unionbelge.be\/?p=1182","title":{"rendered":"LE HEYSEL DOIT RESTER UN LIEU DE DETENTE ET D\u2019UNITE NATIONALE ! &#8211; DE HEIZEL MOET EEN PLAATS VAN ONTSPANNING EN NATIONALE EENHEID BLIJVEN !"},"content":{"rendered":"<p><strong>LE HEYSEL DOIT RESTER UN LIEU DE DETENTE ET D\u2019UNITE NATIONALE !<\/p>\n<p>Le bourgmestre de Bruxelles, Monsieur Thielemans, entend lancer dans les jours qui viennent un appel \u00e0 projets d\u2019urbanisme pour transformer enti\u00e8rement le plateau du Heysel. La seule exigence serait de pr\u00e9voir une salle de conf\u00e9rence de 3.500 places. L\u2019Union belge souhaite que le Heysel reste un endroit de d\u00e9tente et d\u2019unit\u00e9 nationale. <\/strong><\/p>\n<p>Le Heysel est plus que l\u2019Atomium. C\u2019est un vaste terrain au nord de Bruxelles o\u00f9 sont situ\u00e9s de grands palais d\u2019exposition, un stade de football et d\u2019athl\u00e9tisme, des salles de cin\u00e9ma, un parc aquatique, Mini-Europe, un centre de fitness, de nombreux caf\u00e9s et restaurants, un h\u00f4tel, un centre commercial pour professionnels, quelques bureaux, des parkings etc. Tout cela est bord\u00e9 de beaucoup de verdure (le parc d\u2019Osseghem et le Parc de Laeken) et est facilement accessible via l\u2019autoroute et les transports en communs (tram, m\u00e9tro et bus). L\u2019endroit rappelle aussi toujours l\u2019esprit de la grande exposition universelle de 1958 dont l\u2019Atomium constitue sans nul doute le chef d\u2019\u0153uvre. Cette exposition \u00e9tait aussi la plus grande prouesse de notre nation belge depuis la fin de la deuxi\u00e8me guerre mondiale.<\/p>\n<p>Certains b\u00e2timents dont les salles d\u2019exposition sont certes quelques peu d\u00e9labr\u00e9s, mais est-ce une raison pour tout changer et y implanter des bureaux et un centre commercial (ordinaire) ? Kin\u00e9polis, Mini-Europe et Oc\u00e9ade sont des attractions tr\u00e8s pris\u00e9es par les touristes belges et \u00e9trangers et rappellent le caract\u00e8re joyeux qui est si typique de cet endroit depuis l\u2019exposition universelle de 1935 et surtout celle de 1958.<\/p>\n<p>Les candidats, s\u00e9lectionn\u00e9s par \u00e9tapes d\u2019ici d\u00e9cembre, auraient n\u00e9anmoins pratiquement les mains libres. Le B.U.B. n\u2019est pas d\u2019accord avec cette fa\u00e7on de travailler et nous proposons deux conditions \u00e9videntes :<\/p>\n<p><strong>1) le Heysel doit rester un lieu de divertissement, de d\u00e9tente et de d\u00e9couverte avec le maintien des larges espaces de verdures (le Parc d\u2019Osseghem et le Parc de Laeken). Donc, on ne peut y admettre des bureaux, des logements ou des centres commerciaux.<\/p>\n<p>2) Le Heysel doit rester un endroit belge inspir\u00e9 de la magnifique exposition universelle de 1958 dont l\u2019Atomium est le centre naturel.<\/strong><\/p>\n<p>Nous esp\u00e9rons que ces deux consignes simples seront suivies. La Belgique a droit \u00e0 un tel magnifique site touristique c\u00e9l\u00e9brant l\u2019unit\u00e9 nationale.<\/p>\n<p><strong>DE HEIZEL MOET EEN PLAATS VAN ONTSPANNING EN NATIONALE EENHEID BLIJVEN !<\/p>\n<p>De burgemeester van Brussel, de heer Thielemans, wil een architectuurwedstrijd organiseren om de Heizelvlakte volledig om te vormen. De enige vereiste zou een conferentiezaal van 3.500 plaatsen zijn. De Belgische Unie wil dat de Heizel een plaats van ontspanning en eenheid blijft.<\/strong><\/p>\n<p>De Heizel is meer dan het Atomium. Het gaat om een grote vlakte in het noorden van Brussel met grote tentoonstellingspaleizen, een voetbal- en atletiekstadion, bioscoopzalen, een aquapark, Mini-Europa, een fitnesszaal, verschillende caf\u00e9s en restaurants, een hotel, een commercieel centrum voor professionelen, enkele bureaus, parkings etc. Dat alles bevindt zich naast heel veel groen (het Ossegempark en het Park van Laken) en is gemakkelijk bereikbaar via de autosnelweg en het openbaar vervoer (tram, metro en bus). De plaats herinnert ook nog steeds aan de grote wereldtentoonstelling van 1958 waarvan het Atomium natuurlijk het meesterwerk was. Deze tentoonstelling was ook de grootste prestatie van de Belgische natie sinds het einde van de tweede wereldoorlog.<\/p>\n<p>Bepaalde gebouwen waaronder de tentoonstellingspaleizen zijn wat versleten, maar is dat een reden om alles te veranderen en er bureaus en een (ordinair) handelscentrum neer te planten? Kinepolis, Mini-Europa en Oceadium zijn bij de Belgische en buitenlandse toeristen zeer gegeerde trekpleisters en doen herinneren aan de vrolijke sfeer die voor deze plaats sinds de wereldtentoonstellingen van 1935 en vooral 1958 zo typisch is.<\/p>\n<p>De kandidaten voor de architectuurwedstrijd, die stapsgewijs tot in december zouden geselecteerd worden, zouden nochtans de handen bijna vrij hebben. De B.U.B. is het niet eens met deze werkwijze en stelt de volgende evidente voorwaarden:<\/p>\n<p><strong>1) de Heizel moet een plaats van plezier, ontspanning en ontdekking blijven met het behoud van de ruime groene zones (het Ossegempark en het Park van Laken). Bijgevolg kan men er geen bureaus, woningen of handelscentra toelaten.<\/p>\n<p>2) De Heizel moet een Belgische plaats blijven die doet denken aan de prachtige wereldtentoonstelling van 1958 waarvan het Atomium het natuurlijke centrum is.<\/strong><\/p>\n<p>Wij hopen dat die twee simpele richtlijnen zullen gevolgd worden. Belgi\u00eb heeft recht op zo\u2019n prachtige toeristische trekpleister waar de nationale eenheid tot uiting komt.<\/p>\n","protected":false},"excerpt":{"rendered":"<p>LE HEYSEL DOIT RESTER UN LIEU DE DETENTE ET D\u2019UNITE NATIONALE ! Le bourgmestre de [&hellip;]<\/p>\n","protected":false},"author":2,"featured_media":0,"comment_status":"closed","ping_status":"open","sticky":false,"template":"","format":"standard","meta":{"ngg_post_thumbnail":0,"jetpack_post_was_ever_published":false,"_jetpack_newsletter_access":"","_jetpack_dont_email_post_to_subs":false,"_jetpack_newsletter_tier_id":0,"_jetpack_memberships_contains_paywalled_content":false,"powered_cache_disable_cache":false,"_jetpack_memberships_contains_paid_content":false,"footnotes":"","jetpack_publicize_message":"","jetpack_publicize_feature_enabled":true,"jetpack_social_post_already_shared":false,"jetpack_social_options":{"image_generator_settings":{"template":"highway","default_image_id":0,"font":"","enabled":false},"version":2}},"categories":[1],"tags":[],"class_list":["post-1182","post","type-post","status-publish","format-standard","hentry","category-news0"],"jetpack_publicize_connections":[],"jetpack_featured_media_url":"","jetpack_sharing_enabled":true,"jetpack_shortlink":"https:\/\/wp.me\/p6Y7u0-j4","jetpack_likes_enabled":false,"_links":{"self":[{"href":"https:\/\/www.unionbelge.be\/index.php?rest_route=\/wp\/v2\/posts\/1182","targetHints":{"allow":["GET"]}}],"collection":[{"href":"https:\/\/www.unionbelge.be\/index.php?rest_route=\/wp\/v2\/posts"}],"about":[{"href":"https:\/\/www.unionbelge.be\/index.php?rest_route=\/wp\/v2\/types\/post"}],"author":[{"embeddable":true,"href":"https:\/\/www.unionbelge.be\/index.php?rest_route=\/wp\/v2\/users\/2"}],"replies":[{"embeddable":true,"href":"https:\/\/www.unionbelge.be\/index.php?rest_route=%2Fwp%2Fv2%2Fcomments&post=1182"}],"version-history":[{"count":1,"href":"https:\/\/www.unionbelge.be\/index.php?rest_route=\/wp\/v2\/posts\/1182\/revisions"}],"predecessor-version":[{"id":1183,"href":"https:\/\/www.unionbelge.be\/index.php?rest_route=\/wp\/v2\/posts\/1182\/revisions\/1183"}],"wp:attachment":[{"href":"https:\/\/www.unionbelge.be\/index.php?rest_route=%2Fwp%2Fv2%2Fmedia&parent=1182"}],"wp:term":[{"taxonomy":"category","embeddable":true,"href":"https:\/\/www.unionbelge.be\/index.php?rest_route=%2Fwp%2Fv2%2Fcategories&post=1182"},{"taxonomy":"post_tag","embeddable":true,"href":"https:\/\/www.unionbelge.be\/index.php?rest_route=%2Fwp%2Fv2%2Ftags&post=1182"}],"curies":[{"name":"wp","href":"https:\/\/api.w.org\/{rel}","templated":true}]}}