{"id":1180,"date":"2009-03-22T17:17:15","date_gmt":"2009-03-22T15:17:15","guid":{"rendered":"http:\/\/www.unionbelge.be\/?p=1180"},"modified":"2010-09-06T17:18:22","modified_gmt":"2010-09-06T15:18:22","slug":"1-april-valt-vroeg-dit-jaar-poisson-d%e2%80%99avril-precoce","status":"publish","type":"post","link":"https:\/\/www.unionbelge.be\/?p=1180","title":{"rendered":"1 APRIL VALT VROEG DIT JAAR ! &#8211; UN POISSON D\u2019AVRIL PRECOCE"},"content":{"rendered":"<p><strong>1 APRIL VALT VROEG DIT JAAR !<\/p>\n<p>Het Vlaams parlement heeft op 18 maart 2009 een nieuw ruimtelijke ordeningsdecreet gestemd waarin o.a. wordt bepaald dat mensen die geen nauwe banden hebben met bepaalde gemeenten er ook geen bouwgrond kunnen kopen. Dit is een maatregel die de B.U.B. niet kan geloven. Wij denken dan ook aan een vroege aprilgrap.<\/strong><\/p>\n<p>We nemen hier even letterlijk het bericht over dat op De Standaard online stond op 22 maart 2009:<\/p>\n<p><em>\u201cBRUSSEL &#8211; In 67 Vlaamse dorpen en steden wordt het wet dat nieuwe bouwkavels enkel toegewezen worden aan kopers die een nauwe band hebben met de streek. E\u00e9n op de drie Vlamingen woont in zo&#8217;n gemeente.<br \/>\nHet Vlaams parlement keurde vorige woensdag het nieuwe grond- en pandendecreet goed van minister Dirk Van Mechelen (Open VLD). Onderdeel daarvan is de nieuwe regel over betaalbaar wonen in eigen streek.<\/p>\n<p>Het principe werd vier jaar geleden voorgesteld door volksvertegenwoordiger Mark Demesmaeker (N-VA) en het werd vorig jaar, toen het kartel met CD&amp;V nog bestond, overgenomen door de Vlaamse regering. Het nieuwe decreet wordt wet vanaf september.<\/p>\n<p>Om de drie jaar gaat de Vlaamse overheid een lijst opstellen van gemeenten waar de regel van toepassing is. <strong>De maatregel viseert Franstaligen en eurocraten in de Vlaamse rand rond Brussel, gepensioneerden en rijke buitenlanders aan de kust, Nederlanders in het noorden van Antwerpen en welstellende stadsbewoners in de groene rand rond Gent en Antwerpen.<\/strong>\u201d<\/em><\/p>\n<p>Het minst wat men kan zeggen, is dat de Vlaams-nationalisten eerlijke racisten zijn: ze zeggen wie ze discrimineren. Of was deze precisering gewoon een \u201cuitschuiver\u201d van de journalist?<\/p>\n<p>Deze discriminerende maatregel die de constitutionele gelijkheid van de Belgen en de Europese vrije marktprincipes met de voeten treedt, is te gek voor woorden omdat ze totaal gedisproportioneerd is met zijn beweerde doel: de immobili\u00ebnprijzen in de \u201cbeschermde\u201d gemeenten doen dalen. Wat zou er trouwens niet gebeuren met de prijzen in de andere gemeenten? Gaan die niet het gelag betalen voor deze groteske maatregel? Misschien kan het \u2013 overigens totaal overbodige &#8211; Vlaams parlement eens een goede jurist en economist in dienst nemen?<\/p>\n<p><strong>Het Vlaams-nationalisme heeft een hoogtepunt van onverdraagzaamheid bereikt. In nazi-Duitsland was er zelfs meer bewegingsvrijheid. Willen die flaminganten ons terugbrengen naar de Middeleeuwen? Knettergek.<\/strong><\/p>\n<p><strong>UN POISSON D\u2019AVRIL PRECOCE<\/p>\n<p>Le parlement flamand a vot\u00e9 le 18 mars 2009 un nouveau d\u00e9cret sur l\u2019am\u00e9nagement du territoire dans lequel il est notamment stipul\u00e9 que les personnes ne disposant pas de liens \u00e9troits avec certaines communes ne peuvent pas acheter des terrains \u00e0 b\u00e2tir. <\/strong><strong>Ceci est une mesure que le B.U.B. ne peut prendre au s\u00e9rieux. Nous pensons d\u00e8s lors qu\u2019il s\u2019agit d\u2019un poisson d\u2019avril pr\u00e9coce.<\/strong><\/p>\n<p>Nous reprenons ici litt\u00e9ralement le message que nous avons trouv\u00e9 sur le site du Standaard le 22 mars 2009 (traduction) :<\/p>\n<p><em>\u00ab BRUXELLES \u2013 Dans 67 villes et villages flamands, il sera d\u00e9cr\u00e9t\u00e9 que les nouveaux lots ne sont attribu\u00e9s qu\u2019aux acheteurs qui ont un lien \u00e9troit avec la r\u00e9gion. Un sur trois Flamands habite une telle commune.<\/p>\n<p>Mercredi pass\u00e9, le parlement flamand approuvait un nouveau d\u00e9cret sur les lots et b\u00e2timents du ministre Dirk Van Mechelen (Open VLD). La nouvelle r\u00e8gle sur les logements abordables \u00e0 proximit\u00e9 en fait partie.<\/p>\n<p>Le principe a \u00e9t\u00e9 avanc\u00e9 il y a quatre ans par le repr\u00e9sentant Mark Demesmaeker (N-VA) et a \u00e9t\u00e9 repris l\u2019ann\u00e9e pass\u00e9e, \u00e0 un moment o\u00f9 le cartel avec le CD&amp;V existait encore, par le gouvernement flamand. <\/em><em>Le nouveau d\u00e9cret entrera en vigueur \u00e0 partir de septembre.<\/p>\n<p><\/em><em>Tous les trois ans, le gouvernement flamand va dresser une liste de communes o\u00f9 la r\u00e8gle sera applicable. <strong>La mesure vise les Francophones et les eurocrates en p\u00e9riph\u00e9rie bruxelloise, les pensionn\u00e9s et les \u00e9trangers riches \u00e0 la c\u00f4te, les N\u00e9erlandais au nord d\u2019Anvers et les personnes ais\u00e9es en banlieue verte de Gand et d\u2019Anvers. <\/strong>\u00bb<\/em><\/p>\n<p>La moindre que l\u2019on puisse dire est que les nationalistes flamands sont des racistes honn\u00eates : ils disent qui ils vont discriminer. Ou cette pr\u00e9cision \u00e9tait-elle un petit d\u00e9rapage du journaliste ?<\/p>\n<p>Cette mesure discriminatoire violant l\u2019\u00e9galit\u00e9 des Belges assur\u00e9e par la Constitution ainsi que les principes europ\u00e9ens de la libre circulation de personnes est injustifiable car totalement disproportionn\u00e9e par rapport \u00e0 son but pr\u00e9sum\u00e9 : faire diminuer les prix de l\u2019immobilier dans les communes \u00ab prot\u00e9g\u00e9es \u00bb. Qu\u2019en sera-t-il d\u2019ailleurs des prix dans les autres communes ? Celles-ci ne vont-elles pas payer les frais de cette mesure grotesque ? Peut-\u00eatre que le parlement flamand \u2013 par ailleurs totalement inutile &#8211; peut engager un bon juriste et un bon \u00e9conomiste ?<\/p>\n<p><strong>Le nationalisme flamand a atteint un nouveau sommet d\u2019intol\u00e9rance. <\/strong><strong>En Allemagne nazie, il y avait m\u00eame plus de libert\u00e9 de mouvement. <\/strong><strong>Ces nationalistes flamands veulent-ils nous faire revenir au moyen \u00e2ge ? Quelle b\u00eatise.<\/strong><\/p>\n","protected":false},"excerpt":{"rendered":"<p>1 APRIL VALT VROEG DIT JAAR ! Het Vlaams parlement heeft op 18 maart 2009 [&hellip;]<\/p>\n","protected":false},"author":2,"featured_media":0,"comment_status":"closed","ping_status":"open","sticky":false,"template":"","format":"standard","meta":{"ngg_post_thumbnail":0,"jetpack_post_was_ever_published":false,"_jetpack_newsletter_access":"","_jetpack_dont_email_post_to_subs":false,"_jetpack_newsletter_tier_id":0,"_jetpack_memberships_contains_paywalled_content":false,"powered_cache_disable_cache":false,"_jetpack_memberships_contains_paid_content":false,"footnotes":"","jetpack_publicize_message":"","jetpack_publicize_feature_enabled":true,"jetpack_social_post_already_shared":false,"jetpack_social_options":{"image_generator_settings":{"template":"highway","default_image_id":0,"font":"","enabled":false},"version":2}},"categories":[1],"tags":[],"class_list":["post-1180","post","type-post","status-publish","format-standard","hentry","category-news0"],"jetpack_publicize_connections":[],"jetpack_featured_media_url":"","jetpack_sharing_enabled":true,"jetpack_shortlink":"https:\/\/wp.me\/p6Y7u0-j2","jetpack_likes_enabled":false,"_links":{"self":[{"href":"https:\/\/www.unionbelge.be\/index.php?rest_route=\/wp\/v2\/posts\/1180","targetHints":{"allow":["GET"]}}],"collection":[{"href":"https:\/\/www.unionbelge.be\/index.php?rest_route=\/wp\/v2\/posts"}],"about":[{"href":"https:\/\/www.unionbelge.be\/index.php?rest_route=\/wp\/v2\/types\/post"}],"author":[{"embeddable":true,"href":"https:\/\/www.unionbelge.be\/index.php?rest_route=\/wp\/v2\/users\/2"}],"replies":[{"embeddable":true,"href":"https:\/\/www.unionbelge.be\/index.php?rest_route=%2Fwp%2Fv2%2Fcomments&post=1180"}],"version-history":[{"count":1,"href":"https:\/\/www.unionbelge.be\/index.php?rest_route=\/wp\/v2\/posts\/1180\/revisions"}],"predecessor-version":[{"id":1181,"href":"https:\/\/www.unionbelge.be\/index.php?rest_route=\/wp\/v2\/posts\/1180\/revisions\/1181"}],"wp:attachment":[{"href":"https:\/\/www.unionbelge.be\/index.php?rest_route=%2Fwp%2Fv2%2Fmedia&parent=1180"}],"wp:term":[{"taxonomy":"category","embeddable":true,"href":"https:\/\/www.unionbelge.be\/index.php?rest_route=%2Fwp%2Fv2%2Fcategories&post=1180"},{"taxonomy":"post_tag","embeddable":true,"href":"https:\/\/www.unionbelge.be\/index.php?rest_route=%2Fwp%2Fv2%2Ftags&post=1180"}],"curies":[{"name":"wp","href":"https:\/\/api.w.org\/{rel}","templated":true}]}}