{"id":11755,"date":"2017-06-18T23:40:31","date_gmt":"2017-06-18T22:40:31","guid":{"rendered":"http:\/\/www.unionbelge.be\/?p=11755"},"modified":"2017-06-19T16:20:13","modified_gmt":"2017-06-19T15:20:13","slug":"flaminganten-willen-dat-anderlecht-voor-hen-kiest-les-flamingants-veulent-quanderlecht-opte-pour-eux","status":"publish","type":"post","link":"https:\/\/www.unionbelge.be\/?p=11755","title":{"rendered":"FLAMINGANTEN WILLEN DAT ANDERLECHT VOOR HEN KIEST &#8211; LES FLAMINGANTS VEULENT QU\u2019ANDERLECHT OPTE POUR EUX"},"content":{"rendered":"<figure id=\"attachment_11756\" aria-describedby=\"caption-attachment-11756\" style=\"width: 300px\" class=\"wp-caption alignleft\"><a href=\"https:\/\/www.unionbelge.be\/?attachment_id=11756\" rel=\"attachment wp-att-11756\"><img loading=\"lazy\" decoding=\"async\" class=\"size-medium wp-image-11756\" src=\"https:\/\/www.unionbelge.be\/wp-content\/uploads\/2017\/06\/media_xll_9739042-300x169.jpg\" alt=\"bron-source: hln.be; foto-photo: belga\" width=\"300\" height=\"169\" data-wp-pid=\"11756\" \/><\/a><figcaption id=\"caption-attachment-11756\" class=\"wp-caption-text\">bron-source: hln.be; foto-photo: belga<\/figcaption><\/figure>\n<p style=\"text-align: justify;\"><strong>SPORT MOET ONMIDDELLIJK GEHERFEDERALISEERD WORDEN !<\/strong><\/p>\n<p style=\"text-align: justify;\"><strong>De flamingantische minister Ben Weyts (N-VA) eist dat voetbalclub Anderlecht ervoor kiest zich bij een Nederlandstalige of Franstalige sportclub aan te sluiten en denkt dat de Brabantse club uiteindelijk voor de \u201cVlaamse\u201d gemeenschap zal kiezen. Die B.U.B. vindt die politiek een ware racistische schande.<\/strong><\/p>\n<p style=\"text-align: justify;\">In 1980 hebben de particraten achter gesloten deuren en zonder voorafgaandelijk referendum beslist de sport in Belgi\u00eb te splitsen. Men stelt nochtans vast dat dit ingaat tegen de sociologische realiteit\u00a0: alle sporters vereenzelvigen zich met Belgi\u00eb en niet met de taalracistische creaties \u201cVlaanderen\u201d en \u201cWalloni\u00eb\u201d. Idem voor de supporters die geen verschil zien tussen Belgische sporters die Nederlands of Frans spreken.<\/p>\n<p style=\"text-align: justify;\">\u00a0De club RSC Anderlecht is aangesloten bij de KBVB zoals alle Belgische voetbalclubs. De bond is Belgisch en tweetalig, net als RSC Anderlecht. Nu willen de geldverspillende, corrupte en anti-Belgische particraten dat elke Belgisch club voor een taalgroep kiest. De B.U.B. vindt die racistische politiek ontoelaatbaar. Met welk recht delen de particraten ons land in twee taalgroepen op\u00a0? Zij hebben hier helemaal geen mandaat voor.<\/p>\n<p style=\"text-align: justify;\"><strong>De B.U.B. is de enige partij die die nationalistische zotternij wil stoppen v\u00f3\u00f3r ons land tegen de zin van de Belgen (verder) gesplitst wordt\u00a0!<\/strong><\/p>\n<p style=\"text-align: justify;\">\n<p style=\"text-align: justify;\"><strong>LE SPORT DOIT IMMEDIATEMENT ETRE REFEDERALISE\u00a0!<\/strong><\/p>\n<p style=\"text-align: justify;\"><strong>Le ministre flamingant du sport Ben Weyts (N-VA) exige que le club de foot RSC Anderlecht choisisse de s\u2019affilier \u00e0 un club sportif n\u00e9erlandophone ou francophone et pense que le club braban\u00e7on choisira finalement la communaut\u00e9 \u00ab\u00a0flamande\u00a0\u00bb. Le B.U.B. trouve cette politique scandaleusement raciste.<\/strong><\/p>\n<p style=\"text-align: justify;\">En 1980, les particrates ont d\u00e9cid\u00e9 \u00e0 huis clos et sans r\u00e9f\u00e9rendum pr\u00e9alable de scinder le sport en Belgique. Cependant, on constate que cela va \u00e0 l\u2019encontre de la r\u00e9alit\u00e9 sociologique\u00a0: tous les sportifs s\u2019identifient \u00e0 la Belgique et non aux cr\u00e9ations racistes sur le plan linguistique qui sont la \u00ab\u00a0Flandre\u00a0\u00bb et la \u00ab\u00a0Wallonie\u00a0\u00bb. Idem pour les supporters qui ne voient pas de diff\u00e9rences entre des sportifs belges qui parlent n\u00e9erlandais ou fran\u00e7ais.<\/p>\n<p style=\"text-align: justify;\">Le club d\u2019Anderlecht est affili\u00e9 \u00e0 l\u2019URBSFA comme tous les clubs de football belges. L\u2019union est belge et bilingue, tout comme RSC Anderlecht. Maintenant, les particrates dispendieux, corrompus et anti-belges veulent que chaque club belge opte pour un groupe linguistique. Le B.U.B. trouve cette politique raciste inacceptable. De quel droit les particrates scindent-ils notre pays en deux groupes linguistiques\u00a0? Ils n\u2019ont aucun mandat pour le faire.<\/p>\n<p style=\"text-align: justify;\"><strong> Le B.U.B. est le seul parti qui veut finir cette fr\u00e9n\u00e9sie nationaliste avant que notre pays soit scind\u00e9 (davantage) contre le gr\u00e9 des Belges\u00a0! <\/strong><\/p>\n","protected":false},"excerpt":{"rendered":"<p>De flamingantische minister Ben Weyts (N-VA) eist dat voetbalclub Anderlecht ervoor kiest zich bij een Nederlandstalige of Franstalige sportclub aan te sluiten en denkt dat de Brabantse club uiteindelijk voor de \u201cVlaamse\u201d gemeenschap zal kiezen. Die B.U.B. vindt die politiek een ware racistische schande.<\/p>\n<p>Le ministre flamingant du sport Ben Weyts (N-VA) exige que le club de foot RSC Anderlecht choisisse de s\u2019affilier \u00e0 un club sportif n\u00e9erlandophone ou francophone et pense que le club braban\u00e7on choisira finalement la communaut\u00e9 \u00ab flamande \u00bb. Le B.U.B. trouve cette politique scandaleusement raciste.<\/p>\n","protected":false},"author":2,"featured_media":0,"comment_status":"closed","ping_status":"closed","sticky":false,"template":"","format":"standard","meta":{"ngg_post_thumbnail":0,"jetpack_post_was_ever_published":false,"_jetpack_newsletter_access":"","_jetpack_dont_email_post_to_subs":false,"_jetpack_newsletter_tier_id":0,"_jetpack_memberships_contains_paywalled_content":false,"powered_cache_disable_cache":false,"_jetpack_memberships_contains_paid_content":false,"footnotes":"","jetpack_publicize_message":"","jetpack_publicize_feature_enabled":true,"jetpack_social_post_already_shared":true,"jetpack_social_options":{"image_generator_settings":{"template":"highway","default_image_id":0,"font":"","enabled":false},"version":2}},"categories":[1,24],"tags":[],"class_list":["post-11755","post","type-post","status-publish","format-standard","hentry","category-news0","category-sociology"],"jetpack_publicize_connections":[],"jetpack_featured_media_url":"","jetpack_sharing_enabled":true,"jetpack_shortlink":"https:\/\/wp.me\/p6Y7u0-33B","jetpack_likes_enabled":false,"_links":{"self":[{"href":"https:\/\/www.unionbelge.be\/index.php?rest_route=\/wp\/v2\/posts\/11755","targetHints":{"allow":["GET"]}}],"collection":[{"href":"https:\/\/www.unionbelge.be\/index.php?rest_route=\/wp\/v2\/posts"}],"about":[{"href":"https:\/\/www.unionbelge.be\/index.php?rest_route=\/wp\/v2\/types\/post"}],"author":[{"embeddable":true,"href":"https:\/\/www.unionbelge.be\/index.php?rest_route=\/wp\/v2\/users\/2"}],"replies":[{"embeddable":true,"href":"https:\/\/www.unionbelge.be\/index.php?rest_route=%2Fwp%2Fv2%2Fcomments&post=11755"}],"version-history":[{"count":4,"href":"https:\/\/www.unionbelge.be\/index.php?rest_route=\/wp\/v2\/posts\/11755\/revisions"}],"predecessor-version":[{"id":11760,"href":"https:\/\/www.unionbelge.be\/index.php?rest_route=\/wp\/v2\/posts\/11755\/revisions\/11760"}],"wp:attachment":[{"href":"https:\/\/www.unionbelge.be\/index.php?rest_route=%2Fwp%2Fv2%2Fmedia&parent=11755"}],"wp:term":[{"taxonomy":"category","embeddable":true,"href":"https:\/\/www.unionbelge.be\/index.php?rest_route=%2Fwp%2Fv2%2Fcategories&post=11755"},{"taxonomy":"post_tag","embeddable":true,"href":"https:\/\/www.unionbelge.be\/index.php?rest_route=%2Fwp%2Fv2%2Ftags&post=11755"}],"curies":[{"name":"wp","href":"https:\/\/api.w.org\/{rel}","templated":true}]}}