{"id":11737,"date":"2017-06-13T12:41:27","date_gmt":"2017-06-13T11:41:27","guid":{"rendered":"http:\/\/www.unionbelge.be\/?p=11737"},"modified":"2017-06-14T10:13:15","modified_gmt":"2017-06-14T09:13:15","slug":"schandaal-samusocial-maar-topje-ijsberg-le-scandale-samusocial-nest-le-sommet-de-liceberg","status":"publish","type":"post","link":"https:\/\/www.unionbelge.be\/?p=11737","title":{"rendered":"SCHANDAAL SAMUSOCIAL IS MAAR TOPJE IJSBERG &#8211; LE SCANDALE SAMUSOCIAL N\u2019EST QUE LE SOMMET DE L\u2019ICEBERG"},"content":{"rendered":"<figure id=\"attachment_11738\" aria-describedby=\"caption-attachment-11738\" style=\"width: 300px\" class=\"wp-caption alignleft\"><a href=\"https:\/\/www.unionbelge.be\/?attachment_id=11738\" rel=\"attachment wp-att-11738\"><img loading=\"lazy\" decoding=\"async\" class=\"size-medium wp-image-11738\" src=\"https:\/\/www.unionbelge.be\/wp-content\/uploads\/2017\/06\/6698159-300x200.jpg\" alt=\"bron-source: www.knack.be, foto-photo: \u00a9 Belga\" width=\"300\" height=\"200\" data-wp-pid=\"11738\" \/><\/a><figcaption id=\"caption-attachment-11738\" class=\"wp-caption-text\">Yvan Mayeur; bron-source: www.knack.be, foto-photo: \u00a9 Belga<\/figcaption><\/figure>\n<p style=\"text-align: justify;\"><strong>HET TAALFEDERALISME WERKT DE CORRUPTIE IN DE HAND<\/strong><\/p>\n<p style=\"text-align: justify;\"><strong>Uit een doorlichting uitgevoerd door de Brusselse gewestregering blijkt dat Yvan Mayeur (PS), de burgemeester van Brussel, de hoofdstad van Belgi\u00eb, sedert 2014 zitpenningen ontving voor vergaderingen van de daklozenorganisatie Samusocial, eerst in de hoedanigheid van voorzitter, daarna als lid van het bureau. In 2015 en 2016 verkregen Mayeur en OCMW-voorzitster Pascale Pera\u00efta\u00a0 zo zitpenningen ter waarde van 40.000 euro. Na de bekendmaking van het schokkend nieuws heeft Mayeur terecht ontslag genomen. Eens te meer wordt de wallingantische PS als een maffiapartij ontmaskerd.<\/strong><\/p>\n<p style=\"text-align: justify;\">Helaas betreft dit zoveelste schandaal slechts de top van de particratische ijsberg. Vele andere particraten zouden tevens ontslag moeten nemen \u2013 Siegfried Bracke (N-VA), Koen Kennis (N-VA) en Patrick Dewael (VLD) om slechts enkele bekende namen te noemen, daar ze zich schaamteloos verrijken of verrijkt hebben met belastinggeld en\/of met dubieuze nevenposten zonder de minste meerwaarde aan te brengen. De recente schandalen rond Publifin, Publipart, de intercommunales (<strong><span style=\"color: #0000ff;\"><a style=\"color: #0000ff;\" href=\"https:\/\/www.unionbelge.be\/?p=11538\">zie onze tekst<\/a><\/span><\/strong>) en Telenet (het bekleden van functies die zich op de grens van het wettelijke bevinden) tonen aan dat de hele Belgische particratie ernstig ziek is. Wie nog denkt dat alleen de PS schuldig is, heeft de laatste maanden niet goed opgelet.<\/p>\n<p>Dit gezegd zijnde, is het verheugend om te zien hoe de PS, een partij die sedert 1970 aan elke \u201cstaatshervorming\u201d heeft meegewerkt (tot 1978 als Franstalige vleugel van de BSP), zich verder in de vernieling rijdt.<\/p>\n<p>Voor de B.U.B. is er overigens niet veel verschil tussen het stelen van giften die bestemd zijn voor armen, zoals in het geval van Samusocial, enzerzijds, en het stelen van belastinggeld anderzijds. In het eerste geval wordt er vrijwillig betaald. In het tweede geval gedwongen (laten we niet vergeten dat Belgi\u00eb mondiaal al de derde plaats bekleedt van landen waar de burgers het meest belast worden en in Europa zelfs koploper ter zake is). Het is moeilijk te zeggen wat erger is.<\/p>\n<p style=\"text-align: justify;\">Volgens informatie die de B.U.B. heeft bekomen heeft slechts 10 tot 20% van de politici een echt werk. De meeste leven dus uitsluitend van de politiek en staan volledig ter beschikking van en worden volledig gecontroleerd door hun respectievelijke partijen. Gelet op het feit dat hun partij hen ook de verplichting oplegt om zich zo zichtbaar mogelijk op te stellen bij de burgers \u2013 zeker tijdens de verkiezingscampagne \u2013 stemmen de mensen uitgerekend voor hen terwijl het vaak om nietsnutten gaat. De gevolgen zijn uiteraard nefast voor het bestuur van de staat. Het is een vicieuze cirkel.<\/p>\n<p style=\"text-align: justify;\">Daar het federale Belgi\u00eb teveel bestuursniveaus en bijgevolg teveel politici telt, is het overigens logisch dat het risico op corruptie verhoogt.<\/p>\n<p style=\"text-align: justify;\">De cumuls moeten beperkt worden tot maximaal vijf politieke mandaten, waarvan hoogstens twee betaalde. De loutere afschaffing van de cumuls is geen oplossing aangezien dit voor nog meer politieke mandatarissen zou zorgen. De enige echte oplossing ligt in het schrappen van minstens de helft van de politieke mandaten door de afschaffing van het taalfederalisme en de \u201aontvetting\u2018 van de gemeenten.<\/p>\n<p style=\"text-align: justify;\"><span data-ft=\"{&quot;tn&quot;:&quot;K&quot;}\"><span class=\"UFICommentBody _1n4g\">Men dient\u00a0ook voor ogen te houden dat sommige mandaten, zoals gemeente- of provincieraadslid, zeer slecht betaald zijn. Die politici krijgen alleen zittingspenningen. Het is dan ook redelijk dat aan die mensen toegelaten wordt dat ze ook een ander betaald politiek mandaat uitoefenen. Anders komen er, zoals gezegd, nog meer politici en werkt men ook de corruptie in de hand. Maar, we herhalen het,\u00a0bovenal moet het aantal mandaten met minstens 50% omlaag (en dat zegt alleen de B.U.B.). Nu zijn er in Belgi\u00eb zo&#8217;n 10.000 politici terwijl ons land er maar zo&#8217;n 4 tot 5.000 nodig heeft in de 589 gemeenten, de\u00a09 provincies, de nationale regering en het nationaal parlement. Kleine gemeenten kunnen een gemeenteraad van slechts 5 leden hebben. Er mogen geen politici meer zijn in intercommunales of andere, dikwijls nutteloze agentschappen, zoals er zovele bestaan. Een voogdij-overheid (staat, provincie of gemeente)\u00a0volstaat.<\/span><\/span><\/p>\n<p style=\"text-align: justify;\">Volgens Brussels minister Bianca Debaets (CD&amp;V), die reageerde op het Samusocial-schandaal, gedraagt Brussel-Stad zich als &#8220;een staat in de staat&#8221;. De B.U.B. antwoordt hierop dat het Brussels gewest natuurlijk geen staat is, maar een overbodig gewest. En Brussel-stad zou de 19 gemeenten moeten omvatten met \u00e9\u00e9n degelijke, tweetalige burgemeester die door de Brabantse gouverneur en de nationale regering gecontroleerd wordt. Het is alleszins opmerkelijk dat politici nooit zeggen dat het \u201cVlaams\u201d en het \u201cWaals\u201d gewest zich als staten-in-een-staat gedragen. Nochtans doen deze anti-Belgische constructies dit 100 maal meer dan de gemeenten in het Brussels gewest\u2026<\/p>\n<p>De pers spreekt in de Samusocial-zaak plots over &#8216;achterkamerpolitiek&#8217;. Maar al de zes staatshervormingen werden zo doorgevoerd\u00a0: ze werden achter gesloten deuren onderhandeld door partijvoorzitters. Toen zag de pers er nochtans geen graten in\u2026<\/p>\n<p style=\"text-align: justify;\"><strong>Het probleem van het profitariaat en de corruptie in de Belgische politiek is algemeen. Zowat elke particraat is er ook van op de hoogte. De enige manier om terug tot een gezond staatsbestuur te komen is door de afschaffing van de particratie en het taalfederalisme. Zoniet blijft het rommelen in de marge en wordt aan de bevolking de valse indruk gegeven dat men iets aan de problematiek wil doen. <\/strong><\/p>\n<p>&nbsp;<\/p>\n<p style=\"text-align: justify;\"><strong>LE FEDERALISME LINGUISTIQUE FAVORISE LA CORRUPTION<\/strong><\/p>\n<p style=\"text-align: justify;\"><strong>Il ressort d\u2019un audit, effectu\u00e9 par le gouvernement de la r\u00e9gion bruxelloise, qu\u2019Yvan Mayeur (PS), le bourgmestre de Bruxelles, la capitale de la Belgique, a re\u00e7u depuis 2014 des jetons de pr\u00e9sence pour des r\u00e9unions de l\u2019organisation des sans-abri Samusocial, d\u2019abord en sa qualit\u00e9 de pr\u00e9sident, puis en tant que membre du bureau. En 2015 et en 2016, tant Mayeur que Pascale Para\u00efta, la pr\u00e9sidente du CPAS, ont ainsi re\u00e7u des jetons de pr\u00e9sence d\u2019une valeur de 40.000 euros. Apr\u00e8s l\u2019annonce de cette nouvelle choquante, Mayeur a d\u00e9missionn\u00e9 \u00e0 juste titre. Une fois de plus, le PS wallingant est d\u00e9masqu\u00e9 comme un parti mafieux.<\/strong><\/p>\n<p style=\"text-align: justify;\">Il est un fait r\u00e9jouissant que le PS, un parti qui a collabor\u00e9 \u00e0 toutes les \u201cr\u00e9formes\u201d de l\u2019Etat depuis 1970 (jusqu\u2019en 1978 comme aile francophone du PSB), s\u2019autod\u00e9truit davantage.<\/p>\n<p style=\"text-align: justify;\">Malheureusement, le cas Mayeur n\u2019est que le sommet de l\u2019iceberg particratique. Beaucoup d\u2019autres particrates, tels que Siegfried Bracke (N-VA), Koen Kennis (N-VA) et Patrick Dewael (VLD) pour ne citer que quelques noms connus, devraient d\u00e9missionner \u00e9galement parce qu\u2019ils profitent ou ont profit\u00e9 sans vergogne de deniers publics et\/ou occupent des emplois publics douteux sans apporter la moindre plus-value. Les scandales r\u00e9cents de Publifin, Publipart, des intercommunales (<strong><span style=\"color: #0000ff;\"><a style=\"color: #0000ff;\" href=\"https:\/\/www.unionbelge.be\/?p=11538\">voir notre texte<\/a><\/span><\/strong>) et l\u2019occupation de fonctions \u00e0 la limite de la l\u00e9galit\u00e9 d\u00e9montrent que toute la particratie belge est gravement malade. Celui qui pense encore qu\u2019il n\u2019y a que le PS qui est coupable n\u2019a pas \u00e9t\u00e9 attentif ces derniers mois.<\/p>\n<p style=\"text-align: justify;\">Selon le B.U.B., il n\u2019y a pas beaucoup de diff\u00e9rence entre voler de l\u2019argent destin\u00e9 aux pauvres, comme dans le cas de Samusocial, d\u2019une part et voler l\u2019argent du contribuable d\u2019autre part. Dans le premier cas, on paie volontairement, dans le deuxi\u00e8me cas, on est oblig\u00e9 de payer (n\u2019oublions pas que la Belgique est d\u00e9j\u00e0 le troisi\u00e8me pays le plus tax\u00e9 au monde et le pays le plus tax\u00e9 en Europe). Difficile \u00e0 dire ce qui est pire.<\/p>\n<p style=\"text-align: justify;\">Selon des informations obtenues par le B.U.B., \u00e0 peine 10 \u00e0 20% des politiciens exercent un r\u00e9el m\u00e9tier. La plupart d\u2019entre eux vivent donc exclusivement de la politique et sont enti\u00e8rement \u00a0au service et sous le contr\u00f4le de leurs partis respectifs. Vu qu\u2019ils ont aussi l\u2019obligation impos\u00e9e par leur parti de se rendre visibles aupr\u00e8s des citoyens, surtout en p\u00e9riode \u00e9lectorale, c\u2019est pour eux que les gens votent, tandis qu\u2019il s\u2019agit souvent de \u2018bons-\u00e0-rien\u2019. \u00c9videmment cela entra\u00eene des cons\u00e9quences n\u00e9fastes au niveau de l\u2019administration de\u00a0l\u2019Etat. C\u2019est un cercle vicieux.<\/p>\n<p style=\"text-align: justify;\">Par ailleurs, vu que la Belgique compte trop de niveaux de pouvoir et, par cons\u00e9quent, trop de politiciens, il est logique que le risque de corruption augmente.<\/p>\n<p style=\"text-align: justify;\">Les cumuls doivent \u00eatre limit\u00e9s \u00e0 maximum cinq mandats publics dont seulement deux sont pay\u00e9s. La suppression pure et simple des cumuls n\u2019est pas la solution parce que cela augmenterait encore le nombre de mandataires politiques. La seule vraie solution est l\u2019\u00e9limination d\u2019au moins la moiti\u00e9 des mandats politiques par la suppression du f\u00e9d\u00e9ralisme linguistique et le d\u00e9graissage des communes.<\/p>\n<p style=\"text-align: justify;\"><span data-ft=\"{&quot;tn&quot;:&quot;K&quot;}\"><span class=\"UFICommentBody _1n4g\">Il convient aussi de garder \u00e0 l&#8217;esprit que certains mandats, comme conseiller communal ou provincial, sont tr\u00e8s mal pay\u00e9s.\u00a0Ces politiciens ne re\u00e7oivent que des jetons de pr\u00e9sence. Il est d\u00e8s lors raisonnable de permettre \u00e0 ces gens d&#8217;exercer encore un autre mandat politique r\u00e9mun\u00e9r\u00e9. Sinon, il y aura, comme d\u00e9j\u00e0 dit, encore plus de politiciens et on favorise la corruption.\u00a0Toutefois, nous le r\u00e9p\u00e9tons, il est primordial de\u00a0r\u00e9duire le nombre de mandats d&#8217;au moins 50% (et il n&#8217;y a que le B.U.B. qui le dit). Maintenant, il existe en Belgique environ 10.000 politiciens tandis que notre pays n&#8217;en a besoin que de\u00a04 \u00e0 5.000 dans les 589 communes, les 9 provinces, le gouvernement national et le parlement national. Les petites communes peuvent avoir un conseil communal de seulement 5 membres.\u00a0Il ne doit plus y avoir de politiciens dans les intercommunales ou dans d&#8217;autres agences, souvent inutiles, comme il y en a tant.\u00a0 Une autorit\u00e9 de tutelle (Etat, province ou commune) suffit.\u00a0<\/span><\/span><\/p>\n<p style=\"text-align: justify;\">Bianca Debaets (CD&amp;V), ministre au \u2018gouvernement\u2019 bruxellois, a d\u00e9clar\u00e9 en r\u00e9action au scandale de Samusocial que Bruxelles-Ville se comporte comme &#8220;un Etat dans l&#8217;Etat&#8221;. Le B.U.B. y r\u00e9pond que la r\u00e9gion bruxelloise n&#8217;est \u00e9videmment pas un Etat, mais une r\u00e9gion superflue. Et Bruxelles-Ville devrait comprendre les 19 communes dot\u00e9e d\u2019un seul bourgmestre comp\u00e9tent et bilingue contr\u00f4l\u00e9 par le gouverneur braban\u00e7on et le gouvernement national. En revanche, les politiciens ne disent jamais que les r\u00e9gions \u00ab\u00a0flamande\u00a0\u00bb et \u00ab\u00a0wallonne\u00a0\u00bb se comportent comme des Etats dans l\u2019Etat bien que ces constructions antibelges le fassent 100 plus que les communes de la r\u00e9gion bruxelloise\u2026<\/p>\n<p style=\"text-align: justify;\">Quant \u00e0 la presse, elle parle dans l\u2019affaire de Samusocial soudainement de \u201cpolitique en coulisses\u201d. Mais toutes les six r\u00e9formes de l\u2019Etat furent concoct\u00e9es d\u2019une telle mani\u00e8re: elles ont \u00e9t\u00e9 n\u00e9goci\u00e9es \u00e0 huis clos par les pr\u00e9sidents de parti. A l\u2019\u00e9poque, la presse n\u2019y voyait pourtant aucun mal\u2026<\/p>\n<p style=\"text-align: justify;\"><strong>Le probl\u00e8me du profitariat et de la corruption est omnipr\u00e9sent dans la politique belge. \u00a0Presque chaque particrate en est au courant. La seule mani\u00e8re de revenir \u00e0 une gestion saine de l\u2019Etat est la suppression de la particratie et du f\u00e9d\u00e9ralisme linguistique. Sinon, on continuera \u00e0 prendre des mesurettes au cas par cas en donnant \u00e0 la population belge la fausse impression qu\u2019on prend le probl\u00e8me \u00e0 bras-le-corps. <\/strong><\/p>\n<p>&nbsp;<\/p>\n","protected":false},"excerpt":{"rendered":"<p>Uit een doorlichting uitgevoerd door de Brusselse gewestregering blijkt dat Yvan Mayeur (PS), de burgemeester van Brussel, de hoofdstad van Belgi\u00eb, sedert 2014 zitpenningen ontving voor vergaderingen van de daklozenorganisatie Samusocial, eerst in de hoedanigheid van voorzitter, daarna als lid van het bureau. In 2015 en 2016 verkregen Mayeur en OCMW-voorzitster Pascale Pera\u00efta\u00a0 zo zitpenningen ter waarde van 40.000 euro. Na de bekendmaking van het schokkend nieuws heeft Mayeur terecht ontslag genomen. Eens te meer wordt de wallingantische PS als een maffiapartij ontmaskerd.<\/p>\n<p>Il ressort d\u2019un audit, effectu\u00e9 par le gouvernement de la r\u00e9gion bruxelloise, qu\u2019Yvan Mayeur (PS), le bourgmestre de Bruxelles, la capitale de la Belgique, a re\u00e7u depuis 2014 des jetons de pr\u00e9sence pour des r\u00e9unions de l\u2019organisation des sans-abri Samusocial, d\u2019abord en sa qualit\u00e9 de pr\u00e9sident, puis en tant que membre du bureau. En 2015 et en 2016, tant Mayeur que Pascale Para\u00efta, la pr\u00e9sidente du CPAS, ont ainsi re\u00e7u des jetons de pr\u00e9sence d\u2019une valeur de 40.000 euros. Apr\u00e8s l\u2019annonce de cette nouvelle choquante, Mayeur a d\u00e9missionn\u00e9 \u00e0 juste titre. Une fois de plus, le PS wallingant est d\u00e9masqu\u00e9 comme un parti mafieux.<\/p>\n","protected":false},"author":2,"featured_media":0,"comment_status":"closed","ping_status":"closed","sticky":false,"template":"","format":"standard","meta":{"ngg_post_thumbnail":0,"jetpack_post_was_ever_published":false,"_jetpack_newsletter_access":"","_jetpack_dont_email_post_to_subs":false,"_jetpack_newsletter_tier_id":0,"_jetpack_memberships_contains_paywalled_content":false,"powered_cache_disable_cache":false,"_jetpack_memberships_contains_paid_content":false,"footnotes":"","jetpack_publicize_message":"","jetpack_publicize_feature_enabled":true,"jetpack_social_post_already_shared":true,"jetpack_social_options":{"image_generator_settings":{"template":"highway","default_image_id":0,"font":"","enabled":false},"version":2}},"categories":[1,5],"tags":[],"class_list":["post-11737","post","type-post","status-publish","format-standard","hentry","category-news0","category-opinions"],"jetpack_publicize_connections":[],"jetpack_featured_media_url":"","jetpack_sharing_enabled":true,"jetpack_shortlink":"https:\/\/wp.me\/p6Y7u0-33j","jetpack_likes_enabled":false,"_links":{"self":[{"href":"https:\/\/www.unionbelge.be\/index.php?rest_route=\/wp\/v2\/posts\/11737","targetHints":{"allow":["GET"]}}],"collection":[{"href":"https:\/\/www.unionbelge.be\/index.php?rest_route=\/wp\/v2\/posts"}],"about":[{"href":"https:\/\/www.unionbelge.be\/index.php?rest_route=\/wp\/v2\/types\/post"}],"author":[{"embeddable":true,"href":"https:\/\/www.unionbelge.be\/index.php?rest_route=\/wp\/v2\/users\/2"}],"replies":[{"embeddable":true,"href":"https:\/\/www.unionbelge.be\/index.php?rest_route=%2Fwp%2Fv2%2Fcomments&post=11737"}],"version-history":[{"count":10,"href":"https:\/\/www.unionbelge.be\/index.php?rest_route=\/wp\/v2\/posts\/11737\/revisions"}],"predecessor-version":[{"id":11752,"href":"https:\/\/www.unionbelge.be\/index.php?rest_route=\/wp\/v2\/posts\/11737\/revisions\/11752"}],"wp:attachment":[{"href":"https:\/\/www.unionbelge.be\/index.php?rest_route=%2Fwp%2Fv2%2Fmedia&parent=11737"}],"wp:term":[{"taxonomy":"category","embeddable":true,"href":"https:\/\/www.unionbelge.be\/index.php?rest_route=%2Fwp%2Fv2%2Fcategories&post=11737"},{"taxonomy":"post_tag","embeddable":true,"href":"https:\/\/www.unionbelge.be\/index.php?rest_route=%2Fwp%2Fv2%2Ftags&post=11737"}],"curies":[{"name":"wp","href":"https:\/\/api.w.org\/{rel}","templated":true}]}}