{"id":11724,"date":"2017-06-04T20:16:26","date_gmt":"2017-06-04T19:16:26","guid":{"rendered":"http:\/\/www.unionbelge.be\/?p=11724"},"modified":"2017-06-13T10:15:40","modified_gmt":"2017-06-13T09:15:40","slug":"11724","status":"publish","type":"post","link":"https:\/\/www.unionbelge.be\/?p=11724","title":{"rendered":"DES PANNEAUX FLAMINGANTS DEFIGURENT LES ROUTES BELGES &#8211; FLAMINGANTISCHE BORDEN ONTSIEREN BELGISCHE WEGEN"},"content":{"rendered":"<figure id=\"attachment_11725\" aria-describedby=\"caption-attachment-11725\" style=\"width: 300px\" class=\"wp-caption alignleft\"><a href=\"https:\/\/www.unionbelge.be\/?attachment_id=11725\" rel=\"attachment wp-att-11725\"><img loading=\"lazy\" decoding=\"async\" class=\"size-medium wp-image-11725\" src=\"https:\/\/www.unionbelge.be\/wp-content\/uploads\/2017\/06\/bord-300x298.png\" alt=\"foto-photo: B.U.B.\" width=\"300\" height=\"298\" data-wp-pid=\"11725\" srcset=\"https:\/\/www.unionbelge.be\/wp-content\/uploads\/2017\/06\/bord-300x298.png 300w, https:\/\/www.unionbelge.be\/wp-content\/uploads\/2017\/06\/bord-420x418.png 420w, https:\/\/www.unionbelge.be\/wp-content\/uploads\/2017\/06\/bord-100x100.png 100w, https:\/\/www.unionbelge.be\/wp-content\/uploads\/2017\/06\/bord-600x597.png 600w, https:\/\/www.unionbelge.be\/wp-content\/uploads\/2017\/06\/bord-150x150.png 150w, https:\/\/www.unionbelge.be\/wp-content\/uploads\/2017\/06\/bord-200x200.png 200w, https:\/\/www.unionbelge.be\/wp-content\/uploads\/2017\/06\/bord.png 762w\" sizes=\"auto, (max-width: 300px) 100vw, 300px\" \/><\/a><figcaption id=\"caption-attachment-11725\" class=\"wp-caption-text\">foto-photo: B.U.B.<\/figcaption><\/figure>\n<p style=\"text-align: justify;\"><strong>DES PANNEAUX FLAMINGANTS DEFIGURENT LES ROUTES BELGES<\/strong><\/p>\n<p style=\"text-align: justify;\"><strong>Vous les avez sans doute d\u00e9j\u00e0 vus\u00a0: les panneaux d\u2019information bleus le long des routes indiquant les limitations de vitesse dans la soi-disant \u00ab\u00a0Flandre\u00a0\u00bb. Ils se trouvent partout sur les &#8221;fronti\u00e8res d\u2019Etat&#8221;\u00a0de la r\u00e9gion \u00ab\u00a0flamande\u00a0\u00bb avec la France et les Pays-Bas ainsi que sur la fronti\u00e8re linguistique. Autour de Bruxelles, il y en a au moins une cinquantaine.<\/strong><\/p>\n<p style=\"text-align: justify;\">Les Belges ne savent rien du co\u00fbt ni du nombre de ces panneaux, mais ils les croisent fr\u00e9quemment. Puisqu\u2019une seule vitesse en r\u00e9gion \u2018flamande\u2019, c\u2019est-\u00e0-dire celle des routes secondaires, est devenue diff\u00e9rente, soit 70 km\/h au lieu de 90 km\/h, l\u2019autorit\u00e9 \u00ab\u00a0flamande\u00a0\u00bb, qui est comp\u00e9tente depuis la 6i\u00e8me r\u00e9forme de l\u2019Etat pour les limitations de vitesse sur les routes secondaires, a trouv\u00e9 n\u00e9cessaire de placer ces panneaux indicateurs.<\/p>\n<p>Le nom &#8221;Flandre&#8221; est ici\u00a0d&#8217;ailleurs une fiction: on\u00a0vise en effet la r\u00e9gion &#8221;flamande&#8217;, mais on ne pr\u00e9cise pas que la r\u00e9gion bruxelloise n&#8217;en fait pas partie. Et \u00e9videmment, cette &#8221;Flandre&#8221; n&#8217;a aucun rapport avec la Flandre historique (la Flandre orientale, occidentale, fran\u00e7aise, z\u00e9landaise et hennuy\u00e8re).<\/p>\n<p style=\"text-align: justify;\">Ces panneaux cr\u00e9ent une confusion pour les Belges et\u00a0\u00a0a\u00a0fortiori\u00a0pour les \u00e9trangers.\u00a0Celui qui entre en Belgique via par exemple la province de Li\u00e8ge voit que la vitesse sur les routes secondaires dans toute la Belgique est 90 km\/h. Mais lorsqu\u2019on traverse la fronti\u00e8re provinciale du Brabant &#8221;flamand&#8221;, on voit qu\u2019on ne peut faire que du 70 km\/h en la soi-disant &#8216;Flandre&#8217;. La r\u00e9gion &#8216;flamande&#8217; ne fait-elle\u00a0peut-\u00eatre plus partie de la Belgique?<\/p>\n<p style=\"text-align: justify;\">Selon le B.U.B., cette initiative n\u2019a rien \u00e0 voir avec la s\u00e9curit\u00e9 routi\u00e8re, mais tout avec la promotion du nationalisme\u00a0: les flamingants veulent cr\u00e9er une nation \u00ab\u00a0flamande\u00a0\u00bb en usant de tous les moyens possibles, y compris les panneaux de circulation.<\/p>\n<p style=\"text-align: justify;\"><strong>Le B.U.B. ne veut pas de gaspillage de deniers publics et de d\u00e9figuration des routes belges. Ces panneaux doivent \u00eatre enlev\u00e9s et la vitesse maximale sur les routes secondaires doit \u00eatre \u00e9galis\u00e9e dans toute la Belgique \u00e0 80 km\/h, ce qui constitue un compromis entre 90 km\/h, une vitesse trop \u00e9lev\u00e9e en zone semi-urbanis\u00e9e, et 70 km\/h, une vitesse trop basse \u00e0 la campagne.<\/strong><\/p>\n<p>&nbsp;<\/p>\n<p style=\"text-align: justify;\"><strong>FLAMINGANTISCHE BORDEN ONTSIEREN BELGISCHE WEGEN<\/strong><\/p>\n<p style=\"text-align: justify;\"><strong>U hebt ze ongetwijfeld al gezien: de blauwe informatieborden langs de wegen met de snelheidsbeperkingen in het zogenaamde \u201eVlaanderen\u201c. Ze staan overal op de &#8221;landsgrenzen&#8221;\u00a0van het \u201eVlaams\u201c gewest (dus van Belgi\u00eb)\u00a0met Frankrijk en Nederland alsook op de taalgrens. Rond Brussel zijn er misschien een vijftigtal.<\/strong><\/p>\n<p style=\"text-align: justify;\">Naar\u00a0de kostprijs en het aantal borden hebben de Belgen het raden, maar ze komen hen wel frequent tegen. Aangezien \u00e9\u00e9n snelheid in het \u201aVlaams\u2018 gewest, namelijk die van de secundaire wegen, verschillend geworden is &#8211; 70 km\/u i.p.v. vroeger 90 km\/u &#8211; vond de \u201eVlaamse\u201c overheid, die sinds de implementatie van de\u00a0zesde staatshervorming in 2014 bevoegd is voor de snelheidsbeperkingen op de secundaire wegen, het nodig die informatieborden te plaatsen.<\/p>\n<p style=\"text-align: justify;\">Overigens is\u00a0de naam &#8216;Vlaanderen&#8217; hier een fictie: men bedoelt immers het &#8216;Vlaams&#8217; gewest, maar vermeldt er niet bij dat het\u00a0Brussels gewest daar geen deel van uitmaakt. En uiteraard heeft dit &#8216;Vlaanderen&#8217; niets met het historische Vlaanderen (Oost-, West-, Frans-, Zeeuws- en Henegouws-Vlaanderen) te maken.<\/p>\n<p style=\"text-align: justify;\">Deze borden scheppen verwarring voor Belgen en\u00a0a\u00a0fortiori\u00a0voor buitenlanders. Wie bijvoorbeeld via de provincie Luik Belgi\u00eb binnenrijdt krijgt de melding dat de snelheid op secundaire wegen in heel Belgi\u00eb 90 km per uur is. Maar wanneer men &#8216;Vlaams&#8217;-Brabant binnenrijdt staat er dat men in het zogenaamde &#8216;Vlaanderen&#8217; maar 70 km per uur mag rijden. Maakt het &#8216;Vlaams&#8217; gewest soms geen deel meer uit van Belgi\u00eb?<\/p>\n<p style=\"text-align: justify;\">Volgens de B.U.B. heeft dit initiatief niets met verkeersveiligheid te maken,\u00a0maar alles met nationalistische profilering: de flaminganten willen een \u201eVlaamse\u201c natie scheppen en daarvoor zijn alle middelen goed, inclusief verkeersborden.<\/p>\n<p style=\"text-align: justify;\"><strong>De B.U.B. wil geen geldverkwisting en ontsiering van de Belgische wegen. Deze borden moeten weggenomen worden en de maximumsnelheid op de secundaire wegen dient in heel Belgi\u00eb op 80 km\/u gelijkgeschakeld te worden, wat een compromis is tussen 90 km\/u, een te hoge snelheid in halfbebouwde gebieden, en 70 km\/u, een te lage snelheid op het platteland.<\/strong><\/p>\n","protected":false},"excerpt":{"rendered":"<p>Vous les avez sans doute d\u00e9j\u00e0 vus : les panneaux d\u2019information bleus le long des routes indiquant les limitations de vitesse dans la soi-disant \u00ab Flandre \u00bb. Ils se trouvent partout sur les &#8221;fronti\u00e8res d\u2019Etat&#8221; de la r\u00e9gion \u00ab flamande \u00bb avec la France et les Pays-Bas ainsi que sur la fronti\u00e8re linguistique. Autour de Bruxelles, il y en a au moins une cinquantaine.<\/p>\n<p>U hebt ze ongetwijfeld al gezien: de blauwe informatieborden langs de wegen met de snelheidsbeperkingen in het zogenaamde \u201eVlaanderen\u201c. Ze staan overal op de &#8221;landsgrenzen&#8221; van het \u201eVlaams\u201c gewest (dus van Belgi\u00eb) met Frankrijk en Nederland alsook op de taalgrens. Rond Brussel zijn er misschien een vijftigtal.<\/p>\n","protected":false},"author":2,"featured_media":0,"comment_status":"closed","ping_status":"closed","sticky":false,"template":"","format":"standard","meta":{"ngg_post_thumbnail":0,"jetpack_post_was_ever_published":false,"_jetpack_newsletter_access":"","_jetpack_dont_email_post_to_subs":false,"_jetpack_newsletter_tier_id":0,"_jetpack_memberships_contains_paywalled_content":false,"powered_cache_disable_cache":false,"_jetpack_memberships_contains_paid_content":false,"footnotes":"","jetpack_publicize_message":"","jetpack_publicize_feature_enabled":true,"jetpack_social_post_already_shared":true,"jetpack_social_options":{"image_generator_settings":{"template":"highway","default_image_id":0,"font":"","enabled":false},"version":2}},"categories":[1,5],"tags":[],"class_list":["post-11724","post","type-post","status-publish","format-standard","hentry","category-news0","category-opinions"],"jetpack_publicize_connections":[],"jetpack_featured_media_url":"","jetpack_sharing_enabled":true,"jetpack_shortlink":"https:\/\/wp.me\/s6Y7u0-11724","jetpack_likes_enabled":false,"_links":{"self":[{"href":"https:\/\/www.unionbelge.be\/index.php?rest_route=\/wp\/v2\/posts\/11724","targetHints":{"allow":["GET"]}}],"collection":[{"href":"https:\/\/www.unionbelge.be\/index.php?rest_route=\/wp\/v2\/posts"}],"about":[{"href":"https:\/\/www.unionbelge.be\/index.php?rest_route=\/wp\/v2\/types\/post"}],"author":[{"embeddable":true,"href":"https:\/\/www.unionbelge.be\/index.php?rest_route=\/wp\/v2\/users\/2"}],"replies":[{"embeddable":true,"href":"https:\/\/www.unionbelge.be\/index.php?rest_route=%2Fwp%2Fv2%2Fcomments&post=11724"}],"version-history":[{"count":5,"href":"https:\/\/www.unionbelge.be\/index.php?rest_route=\/wp\/v2\/posts\/11724\/revisions"}],"predecessor-version":[{"id":11733,"href":"https:\/\/www.unionbelge.be\/index.php?rest_route=\/wp\/v2\/posts\/11724\/revisions\/11733"}],"wp:attachment":[{"href":"https:\/\/www.unionbelge.be\/index.php?rest_route=%2Fwp%2Fv2%2Fmedia&parent=11724"}],"wp:term":[{"taxonomy":"category","embeddable":true,"href":"https:\/\/www.unionbelge.be\/index.php?rest_route=%2Fwp%2Fv2%2Fcategories&post=11724"},{"taxonomy":"post_tag","embeddable":true,"href":"https:\/\/www.unionbelge.be\/index.php?rest_route=%2Fwp%2Fv2%2Ftags&post=11724"}],"curies":[{"name":"wp","href":"https:\/\/api.w.org\/{rel}","templated":true}]}}