{"id":11713,"date":"2017-05-28T11:38:01","date_gmt":"2017-05-28T10:38:01","guid":{"rendered":"http:\/\/www.unionbelge.be\/?p=11713"},"modified":"2017-05-28T23:04:09","modified_gmt":"2017-05-28T22:04:09","slug":"trump-en-belgique-trump-belgie","status":"publish","type":"post","link":"https:\/\/www.unionbelge.be\/?p=11713","title":{"rendered":"LA VISITE DE TRUMP EN BELGIQUE &#8211; HET BEZOEK VAN TRUMP IN BELGIE"},"content":{"rendered":"<figure id=\"attachment_11718\" aria-describedby=\"caption-attachment-11718\" style=\"width: 300px\" class=\"wp-caption alignleft\"><a href=\"https:\/\/www.unionbelge.be\/?attachment_id=11718\" rel=\"attachment wp-att-11718\"><img loading=\"lazy\" decoding=\"async\" class=\"size-medium wp-image-11718\" src=\"https:\/\/www.unionbelge.be\/wp-content\/uploads\/2017\/05\/298599591_B9712115395Z.1_20170524190333_000_GI094KRET.2-0-300x200.jpg\" alt=\"bron-source: www.lesoir.be - foto-photo: \u00a9 Reuters\" width=\"300\" height=\"200\" data-wp-pid=\"11718\" \/><\/a><figcaption id=\"caption-attachment-11718\" class=\"wp-caption-text\">bron-source: www.lesoir.be &#8211; foto-photo: \u00a9 Reuters<\/figcaption><\/figure>\n<p style=\"text-align: justify;\"><strong>LE B.U.B. S\u2019OPPOSE AU CHANGEMENT DE L\u2019ORDRE DE PRESEANCE<\/strong><\/p>\n<p style=\"text-align: justify;\"><strong>Le 24 et le 25 mai 2017, le pr\u00e9sident am\u00e9ricain Trump a visit\u00e9 la Belgique et l\u2019OTAN. Apr\u00e8s son atterrissage \u00e0 Zaventem, il s\u2019est d\u2019abord rendu au Palais Royal de Bruxelles et a d\u00e9clar\u00e9 que c\u2019\u00e9tait un honneur pour lui d\u2019\u00eatre ici. Il a aussi cl\u00f4tur\u00e9 sa visite de deux jours par un souper au Ch\u00e2teau de Laeken.<\/strong><\/p>\n<p style=\"text-align: justify;\">Le pr\u00e9sident Trump conna\u00eet ses priorit\u00e9s: lors de sa br\u00e8ve visite en Belgique, il a d\u2019abord rendu visite \u00e0 notre Roi et au premier ministre Charles Michel. Ce n\u2019est qu\u2019apr\u00e8s (le 25 mai) qu\u2019il s\u2019est rendu \u00e0 l\u2019UE et \u00e0 l\u2019OTAN. Il n\u2019y avait \u00e9videmment pas de raison pour Trump de rendre visite aux dirigeants des communaut\u00e9s et r\u00e9gions.<\/p>\n<p style=\"text-align: justify;\">Pour le B.U.B., le fait que le pr\u00e9sident am\u00e9ricain boude les r\u00e9gions et les communaut\u00e9s est la preuve qu\u2019elles ne repr\u00e9sentent rien \u00e0 l\u2019\u00e9tranger. Cependant, ces entit\u00e9s f\u00e9d\u00e9r\u00e9es veulent changer l\u2019ordre protocolaire afin de mettre leurs dirigeants (presque) sur pied d\u2019\u00e9galit\u00e9 avec le premier ministre f\u00e9d\u00e9ral lors d\u2019une visite de dirigeants \u00e9trangers. Selon le B.U.B., cette modification non seulement ne sert \u00e0 rien, mais est \u00e9galement une manoeuvre antibelge.<\/p>\n<p style=\"text-align: justify;\"><strong>La visite de Trump a prouv\u00e9 que les r\u00e9gions et les communaut\u00e9s n\u2019ont aucune importance internationale et qu&#8217;il n&#8217;y a pas de raison pour changer l&#8217;ordre de pr\u00e9s\u00e9ance.<\/strong><\/p>\n<p>&nbsp;<\/p>\n<p style=\"text-align: justify;\"><strong>DE B.U.B. VERZET ZICH TEGEN DE WIJZIGING VAN DE VOORRANGSLIJST<\/strong><\/p>\n<p style=\"text-align: justify;\"><strong>Op 24 \u00a0en 25 mei 2017 bracht de Amerikaanse president Trump een bezoek aan Belgi\u00eb en de NAVO. Na zijn landing in Zaventem ging hij eerst naar het Koninklijk Paleis in Brussel\u00a0en heeft hij verklaard dat het een eer voor hem was om hier te zijn. Hij sloot zijn tweedaags bezoek ook af met een diner op het Kasteel van Laken.<\/strong><\/p>\n<p style=\"text-align: justify;\">President Trump kent zijn prioriteiten: \u00a0bij zijn kort bezoek aan Belgi\u00eb bracht hij eerst een bezoek aan onze Koning en de eerste minister Charles Michel. Dan pas ging hij (op 25 mei) naar de EU en de NAVO. Van een bezoek van Trump aan de regionale en communautaire\u00a0leiders was uiteraard geen sprake.<\/p>\n<p style=\"text-align: justify;\">Voor de B.U.B. is het feit dat de Amerikaanse president de gewesten en gemeenschappen links laat liggen het bewijs dat zij\u00a0in het buitenland niets voorstellen. Nochtans willen die deelgebieden de protocollaire orde aanpassen door hun leiders\u00a0 (bijna)\u00a0op gelijke hoogte met de federale eerste minister te plaatsen bij het bezoek van buitenlandse staatslieden. De B.U.B. ziet niet het nut van die wijziging in en meent dat dit een anti-Belgisch manoeuver is.<\/p>\n<p style=\"text-align: justify;\"><strong>Het bezoek van Trump heeft bewezen dat de gewesten en gemeenschappen geen enkele internationale betekenis hebben en dat er geen reden is om de voorrangslijst te wijzigen.<\/strong><\/p>\n","protected":false},"excerpt":{"rendered":"<p>Le 24 et le 25 mai 2017, le pr\u00e9sident am\u00e9ricain Trump a visit\u00e9 la Belgique et l\u2019OTAN. Apr\u00e8s son atterrissage \u00e0 Zaventem, il s\u2019est d\u2019abord rendu au Palais Royal de Bruxelles et a d\u00e9clar\u00e9 que c\u2019\u00e9tait un honneur pour lui d\u2019\u00eatre ici. Il a aussi cl\u00f4tur\u00e9 sa visite de deux jours par un souper au Ch\u00e2teau de Laeken.<\/p>\n<p>Op 24 en 25 mei 2017 bracht de Amerikaanse president Trump een bezoek aan Belgi\u00eb en de NAVO. Na zijn landing in Zaventem ging hij eerst naar het Koninklijk Paleis in Brussel\u00a0en heeft hij verklaard dat het een eer voor hem was om hier te zijn. Hij sloot zijn tweedaags bezoek ook af met een diner op het Kasteel van Laken.<\/p>\n","protected":false},"author":2,"featured_media":0,"comment_status":"closed","ping_status":"closed","sticky":false,"template":"","format":"standard","meta":{"ngg_post_thumbnail":0,"jetpack_post_was_ever_published":false,"_jetpack_newsletter_access":"","_jetpack_dont_email_post_to_subs":false,"_jetpack_newsletter_tier_id":0,"_jetpack_memberships_contains_paywalled_content":false,"powered_cache_disable_cache":false,"_jetpack_memberships_contains_paid_content":false,"footnotes":"","jetpack_publicize_message":"","jetpack_publicize_feature_enabled":true,"jetpack_social_post_already_shared":true,"jetpack_social_options":{"image_generator_settings":{"template":"highway","default_image_id":0,"font":"","enabled":false},"version":2}},"categories":[1,5],"tags":[],"class_list":["post-11713","post","type-post","status-publish","format-standard","hentry","category-news0","category-opinions"],"jetpack_publicize_connections":[],"jetpack_featured_media_url":"","jetpack_sharing_enabled":true,"jetpack_shortlink":"https:\/\/wp.me\/p6Y7u0-32V","jetpack_likes_enabled":false,"_links":{"self":[{"href":"https:\/\/www.unionbelge.be\/index.php?rest_route=\/wp\/v2\/posts\/11713","targetHints":{"allow":["GET"]}}],"collection":[{"href":"https:\/\/www.unionbelge.be\/index.php?rest_route=\/wp\/v2\/posts"}],"about":[{"href":"https:\/\/www.unionbelge.be\/index.php?rest_route=\/wp\/v2\/types\/post"}],"author":[{"embeddable":true,"href":"https:\/\/www.unionbelge.be\/index.php?rest_route=\/wp\/v2\/users\/2"}],"replies":[{"embeddable":true,"href":"https:\/\/www.unionbelge.be\/index.php?rest_route=%2Fwp%2Fv2%2Fcomments&post=11713"}],"version-history":[{"count":4,"href":"https:\/\/www.unionbelge.be\/index.php?rest_route=\/wp\/v2\/posts\/11713\/revisions"}],"predecessor-version":[{"id":11719,"href":"https:\/\/www.unionbelge.be\/index.php?rest_route=\/wp\/v2\/posts\/11713\/revisions\/11719"}],"wp:attachment":[{"href":"https:\/\/www.unionbelge.be\/index.php?rest_route=%2Fwp%2Fv2%2Fmedia&parent=11713"}],"wp:term":[{"taxonomy":"category","embeddable":true,"href":"https:\/\/www.unionbelge.be\/index.php?rest_route=%2Fwp%2Fv2%2Fcategories&post=11713"},{"taxonomy":"post_tag","embeddable":true,"href":"https:\/\/www.unionbelge.be\/index.php?rest_route=%2Fwp%2Fv2%2Ftags&post=11713"}],"curies":[{"name":"wp","href":"https:\/\/api.w.org\/{rel}","templated":true}]}}