{"id":11696,"date":"2017-05-15T19:13:50","date_gmt":"2017-05-15T18:13:50","guid":{"rendered":"http:\/\/www.unionbelge.be\/?p=11696"},"modified":"2017-05-16T15:32:24","modified_gmt":"2017-05-16T14:32:24","slug":"eurovision-la-belgique-decroche-la-quatrieme-place-eurovision-belgie-eindigt-op-de-vierde-plaats","status":"publish","type":"post","link":"https:\/\/www.unionbelge.be\/?p=11696","title":{"rendered":"EUROVISION: LA BELGIQUE DECROCHE LA QUATRIEME PLACE &#8211; EUROVISION: BELGI\u00cb EINDIGT OP DE VIERDE PLAATS"},"content":{"rendered":"<figure id=\"attachment_11697\" aria-describedby=\"caption-attachment-11697\" style=\"width: 357px\" class=\"wp-caption alignleft\"><a href=\"https:\/\/www.unionbelge.be\/?attachment_id=11697\" rel=\"attachment wp-att-11697\"><img loading=\"lazy\" decoding=\"async\" class=\" wp-image-11697\" src=\"https:\/\/www.unionbelge.be\/wp-content\/uploads\/2017\/05\/images2.persgroep.net_-300x180.jpg\" alt=\"bron-source: www.demorgen.be; foto-photo: \u00a9ISOPIX\" width=\"357\" height=\"214\" data-wp-pid=\"11697\" \/><\/a><figcaption id=\"caption-attachment-11697\" class=\"wp-caption-text\">bron-source: www.demorgen.be; foto-photo: \u00a9ISOPIX<\/figcaption><\/figure>\n<p style=\"text-align: justify;\"><strong>BRAVO, BLANCHE!<br \/>\n<\/strong><\/p>\n<p style=\"text-align: justify;\"><strong>Le B.U.B. tient \u00e0 f\u00e9liciter la\u00a0chanteuse belge\u00a0Blanche (pseudonyme pour Ellie Delvaux) pour sa brillante\u00a0performance lors du 62i\u00e8me\u00a0concours de l&#8217;Eurovision \u00e0 Kiev en Ukraine le 13 mai 2017. Blanche, qui n\u2019a que\u00a017 ans, a obtenu en finale la quatri\u00e8me place\u00a0(derri\u00e8re le Portugal, la Bulgarie et la Moldavie)\u00a0 avec sa chanson &#8221;<em>City Lights<\/em>&#8221;.<\/strong><\/p>\n<p style=\"text-align: justify;\">Il s&#8217;agit d&#8217;une prestation historique. En effet, la Belgique n\u2019a gagn\u00e9 l&#8217;Eurovision qu\u2019une fois en 1986 avec Sandra Kim et sa chanson \u00ab\u00a0<em>J\u2019aime la vie<\/em>\u00a0\u00bb. Notre pays a auparavant aussi\u00a0termin\u00e9 deux\u00a0fois deuxi\u00e8me (en 1978 et 2003) et deux\u00a0fois quatri\u00e8me (en\u00a01982 et 2015).<\/p>\n<p style=\"text-align: justify;\">Il est int\u00e9ressant de noter que cette ann\u00e9e l&#8217;ensemble des jurys professionnels\u00a0de chaque pays n&#8217;avait\u00a0accord\u00e9 &#8221;que&#8221;\u00a0108 points \u00e0 la Belgique.\u00a0Fort heureusement, le public europ\u00e9en\u00a0lui a accord\u00e9 en plus 255 points par t\u00e9l\u00e9voting, ainsi corrigeant l&#8217;erreur des jurys. En effet, la quatri\u00e8me place \u00e9tait certainement m\u00e9rit\u00e9e. Quoi qu&#8217;il en soit, terminer quatri\u00e8me sur 42 participants est un\u00a0exploit\u00a0formidable.<\/p>\n<p style=\"text-align: justify;\"><strong>Ces belles performances belges redorent un peu le blason de notre pays, qui est quasi\u00a0quotidiennement terni par les politiciens s\u00e9paratistes.<\/strong><\/p>\n<p>&nbsp;<\/p>\n<p style=\"text-align: justify;\"><strong>PROFICIAT, BLANCHE!<br \/>\n<\/strong><\/p>\n<p style=\"text-align: justify;\"><strong>De B.U.B. feliciteert de Belgische\u00a0zangeres Blanche\u00a0(pseudoniem\u00a0voor\u00a0Ellie Delvaux)\u00a0met haar schitterende\u00a0prestatie op het 62ste Eurovisiesongfestival te Ki\u00ebv op 13 mei 2017.\u00a0Blanche, die\u00a0slechts\u00a017 jaar oud is\u00a0eindigde\u00a0met haar nummer &#8221;City lights&#8221;\u00a0vierde (na Portugal, Bulgarije\u00a0en Moldavi\u00eb).<\/strong><\/p>\n<p style=\"text-align: justify;\">Het gaat om een historische prestatie. Belgi\u00eb won immers slechts eenmaal het Eurovisiesongfestival, in 1986 met Sandra Kim en haar lied \u201c<em>J\u2019aime la vie<\/em>\u201d. Wel is ons land \u00a0tweemaal als tweede ge\u00ebindigd (in 1978 en in 2003)\u00a0en tweemaal vierde (in 1982 en in\u00a02015).<\/p>\n<p style=\"text-align: justify;\">Het is interessant om weten dat dit jaar het geheel aan vakjury&#8217;s uit elk land Belgi\u00eb dit jaar &#8216;slechts&#8217; 108 punten schonk, terwijl het Europese\u00a0publiek (per televoting) haar gelukkig 255 punten meer schonk en zo de fout van de jury&#8217;s rechtzette. De vierde plaats was immers zeker verdiend. Wat er ook van\u00a0zij, vierde eindigen op\u00a042 deelnemers\u00a0is een geweldige prestatie.<\/p>\n<p style=\"text-align: justify;\"><strong>Deze mooie Belgische prestaties\u00a0poetsen het blazoen van ons land,\u00a0dat bijna dagelijks door de separatistische\u00a0politici besmeurd wordt, een beetje op.<\/strong><\/p>\n","protected":false},"excerpt":{"rendered":"<p>Le B.U.B. tient \u00e0 f\u00e9liciter la chanteuse belge Blanche (pseudonyme pour Ellie Delvaux) pour sa brillante performance lors du 62i\u00e8me concours de l&#8217;Eurovision \u00e0 Kiev en Ukraine. Blanche, qui n\u2019a que 17 ans, a obtenu en finale la quatri\u00e8me place (derri\u00e8re le Portugal, la Bulgarie et la Moldavie)  avec sa chanson &#8221;City Lights&#8221;.<\/p>\n<p>De B.U.B. feliciteert de Belgische zangeres Blanche (pseudoniem voor Ellie Delvaux) met haar schitterende prestatie op het 62ste Eurovisiesongfestival te Ki\u00ebv. Blanche, die slechts 17 jaar oud is eindigde met haar nummer &#8221;City lights&#8221; vierde (na Portugal, Bulgarije en Moldavi\u00eb).<\/p>\n","protected":false},"author":2,"featured_media":0,"comment_status":"closed","ping_status":"closed","sticky":false,"template":"","format":"standard","meta":{"ngg_post_thumbnail":0,"jetpack_post_was_ever_published":false,"_jetpack_newsletter_access":"","_jetpack_dont_email_post_to_subs":false,"_jetpack_newsletter_tier_id":0,"_jetpack_memberships_contains_paywalled_content":false,"powered_cache_disable_cache":false,"_jetpack_memberships_contains_paid_content":false,"footnotes":"","jetpack_publicize_message":"","jetpack_publicize_feature_enabled":true,"jetpack_social_post_already_shared":true,"jetpack_social_options":{"image_generator_settings":{"template":"highway","default_image_id":0,"font":"","enabled":false},"version":2}},"categories":[1,5],"tags":[],"class_list":["post-11696","post","type-post","status-publish","format-standard","hentry","category-news0","category-opinions"],"jetpack_publicize_connections":[],"jetpack_featured_media_url":"","jetpack_sharing_enabled":true,"jetpack_shortlink":"https:\/\/wp.me\/p6Y7u0-32E","jetpack_likes_enabled":false,"_links":{"self":[{"href":"https:\/\/www.unionbelge.be\/index.php?rest_route=\/wp\/v2\/posts\/11696","targetHints":{"allow":["GET"]}}],"collection":[{"href":"https:\/\/www.unionbelge.be\/index.php?rest_route=\/wp\/v2\/posts"}],"about":[{"href":"https:\/\/www.unionbelge.be\/index.php?rest_route=\/wp\/v2\/types\/post"}],"author":[{"embeddable":true,"href":"https:\/\/www.unionbelge.be\/index.php?rest_route=\/wp\/v2\/users\/2"}],"replies":[{"embeddable":true,"href":"https:\/\/www.unionbelge.be\/index.php?rest_route=%2Fwp%2Fv2%2Fcomments&post=11696"}],"version-history":[{"count":5,"href":"https:\/\/www.unionbelge.be\/index.php?rest_route=\/wp\/v2\/posts\/11696\/revisions"}],"predecessor-version":[{"id":11703,"href":"https:\/\/www.unionbelge.be\/index.php?rest_route=\/wp\/v2\/posts\/11696\/revisions\/11703"}],"wp:attachment":[{"href":"https:\/\/www.unionbelge.be\/index.php?rest_route=%2Fwp%2Fv2%2Fmedia&parent=11696"}],"wp:term":[{"taxonomy":"category","embeddable":true,"href":"https:\/\/www.unionbelge.be\/index.php?rest_route=%2Fwp%2Fv2%2Fcategories&post=11696"},{"taxonomy":"post_tag","embeddable":true,"href":"https:\/\/www.unionbelge.be\/index.php?rest_route=%2Fwp%2Fv2%2Ftags&post=11696"}],"curies":[{"name":"wp","href":"https:\/\/api.w.org\/{rel}","templated":true}]}}