{"id":11675,"date":"2017-04-27T11:21:36","date_gmt":"2017-04-27T10:21:36","guid":{"rendered":"http:\/\/www.unionbelge.be\/?p=11675"},"modified":"2017-04-27T11:21:36","modified_gmt":"2017-04-27T10:21:36","slug":"le-gaspillage-de-linutile-region-flamande-het-nutteloze-vlaams-gewest-verkwist","status":"publish","type":"post","link":"https:\/\/www.unionbelge.be\/?p=11675","title":{"rendered":"LE  GASPILLAGE DE L\u2019INUTILE REGION &#8221;FLAMANDE&#8221; &#8211; HET  NUTTELOZE &#8221;VLAAMS&#8221; GEWEST VERKWIST"},"content":{"rendered":"<figure id=\"attachment_11676\" aria-describedby=\"caption-attachment-11676\" style=\"width: 397px\" class=\"wp-caption alignleft\"><a href=\"https:\/\/www.unionbelge.be\/?attachment_id=11676\" rel=\"attachment wp-att-11676\"><img loading=\"lazy\" decoding=\"async\" class=\" wp-image-11676\" src=\"https:\/\/www.unionbelge.be\/wp-content\/uploads\/2017\/04\/media_xll_6279608.jpg\" alt=\"bron-source: hln.be: \u00a9 photo news.\" width=\"397\" height=\"224\" data-wp-pid=\"11676\" \/><\/a><figcaption id=\"caption-attachment-11676\" class=\"wp-caption-text\">bron-source: hln.be: \u00a9 photo news.<\/figcaption><\/figure>\n<p style=\"text-align: justify;\"><strong>LE\u00a0 FEDERALISME CORROMPU<br \/>\n<\/strong><\/p>\n<p style=\"text-align: justify;\"><strong>Suite au scandale concernant le gaspillage au niveau des intercommunales plus t\u00f4t dans l&#8217;ann\u00e9e (<span style=\"color: #0000ff;\"><a style=\"color: #0000ff;\" href=\"https:\/\/www.unionbelge.be\/?p=11538\">voir notre texte<\/a><\/span>), &#8221;nos&#8221; politiciens avaient promis de s\u2019attaquer s\u00e9rieusement au probl\u00e8me. Non seulement il s&#8217;agissait\u00a0d&#8217;une promesse vaine, mais il s&#8217;av\u00e8re maintenant que la soi-disant r\u00e9gion &#8221;flamande&#8221; elle-m\u00eame jette aussi l\u2019argent par les fen\u00eatres.<\/strong><\/p>\n<p style=\"text-align: justify;\">Ainsi, il s&#8217;av\u00e8re\u00a0tout d&#8217;abord\u00a0qu&#8217;il existe des\u00a0dizaines d&#8217;intercommunales dans le nord du pays\u00a0qui refusent d\u2019accorder de la transparence au soi-disant gouvernement &#8221;flamand&#8221;\u00a0sur les r\u00e9mun\u00e9rations qu&#8217;elles versent. Ceux qui sont cens\u00e9s les contr\u00f4ler n\u2019ont donc aucune prise sur leurs propres organes\u00a0!<\/p>\n<p style=\"text-align: justify;\">Qui plus est,\u00a0rien qu\u2019en r\u00e9gion \u201cflamande\u201d, 76 agences et institutions autonomes existent, accumulant au total plus de 350 mandats politiques avec des r\u00e9mun\u00e9rations s\u2019\u00e9levant jusqu&#8217;\u00e0 29.000 euros par ann\u00e9e (source: HLN, 22 avril 2017).<\/p>\n<p style=\"text-align: justify;\">C\u2019est\u00a0Bj\u00f6rn Rzoska (Groen), un membre du parlement &#8221;flamand&#8221; qui avait command\u00e9 une \u00e9tude\u00a0\u00e0 ce sujet. Bien s\u00fbr, le comportement de Groen qui pointe maintenant\u00a0du doigt le gouvernement\u00a0&#8221;flamand&#8221; actuel, t\u00e9moigne-t-il d&#8217;une\u00a0 hypocrisie particuli\u00e8re. Tout d&#8217;abord, parce que ce parti (avant: Agalev) a approuv\u00e9, d\u00e8s le moment o\u00f9 il avait des \u00e9lus au niveau national (en 1983) plusieurs \u201cr\u00e9formes\u201d de l&#8217;Etat par lesquelles ces institutions ont vu le jour (les r\u00e9formes de 1993, 2001 et 2011). Ensuite, ce parti a appuy\u00e9 et vot\u00e9 toutes ces structures et activit\u00e9s lorsqu&#8217;il \u00e9tait au pouvoir au niveau r\u00e9gional et communautaire (1999-2004).<\/p>\n<p style=\"text-align: justify;\">D&#8217;autre part, l&#8217;auto-proclam\u00e9\u00a0\u201cministre-pr\u00e9sident\u201d &#8221;flamand&#8221; Geert Bourgeois du parti s\u00e9paratiste N-VA a accus\u00e9 Groen\u00a0\u00a0d\u2019\u201cantipolitique vulgaire&#8221;\u00a0 (<a href=\"http:\/\/derededactie.be\/\">derededactie.be<\/a>, 22 avril 2017).\u00a0Les particrates r\u00e9agissent toujours de la m\u00eame mani\u00e8re lorsque la v\u00e9rit\u00e9 est d\u00e9voil\u00e9e. Soudainement, Bourgeois a d\u00e9clar\u00e9 qu&#8217;\u00e0 la fin de cette l\u00e9gislature 30 institutions et 4.000\u00a0\u00a0fonctionnaires dispara\u00eetraient. Cela reste \u00e0 voir et c\u2019est d\u2019ailleurs largement insuffisant (voir plus loin). Et cette m\u00eame N-VA a-t-elle\u00a0oubli\u00e9 qu&#8217;elle-m\u00eame et son pr\u00e9d\u00e9cesseur, la VU, sont d\u00e9j\u00e0 au pouvoir depuis 25 ann\u00e9es au niveau &#8221;flamand&#8221; (depuis 1992, hormis la l\u00e9gislature\u00a01995-1999 et les p\u00e9riodes 2003-2004 et 2008-2009)? On dirait le PS, le parti qui est accus\u00e9 constamment par la N-VA\u00a0de magouilles!<\/p>\n<p style=\"text-align: justify;\">En outre, la N-VA fait semblant de ne pas voir le v\u00e9ritable probl\u00e8me.\u00a0Ces institutions n&#8217;auraient en effet\u00a0jamais d\u00fb \u00eatre cr\u00e9\u00e9es. Il existe en effet des minist\u00e8res pour gouverner le pays (dans ce cas-ci une r\u00e9gion superflue). De plus, les politiciens \u2013 hormis les ministres de tutelle \u2013 n&#8217;ont rien \u00e0 voir dans ces organismes. Entretemps, nous savons d\u2019ailleurs, apr\u00e8s les affaires des intercommunales dans le nord et le sud de la Belgique, que leur pr\u00e9sence n&#8217;apporte pas la moindre plus-value, bien au contraire.<\/p>\n<p style=\"text-align: justify;\">De plus en plus de gens, parmi lesquels des \u00e9ditorialistes influents, voient \u00e9galement l\u2019absurdit\u00e9 du f\u00e9d\u00e9ralisme. Ainsi, Bart Eeckhout, le r\u00e9dacteur en chef du quotidien <em>De Morgen<\/em> \u00e9crivait <span style=\"color: #0000ff;\"><strong><a style=\"color: #0000ff;\" href=\"http:\/\/www.demorgen.be\/politiek\/de-vlaamse-ziekte-bac5b7ea\/\">le 22 avril 2017 dans son \u00e9ditorial<\/a>:<\/strong><\/span> \u201c<em>Il s\u2019av\u00e8re que ce que l\u2019on fait soi-m\u00eame, on le fait mieux, est un mythe soigneusement conserv\u00e9. Que la d\u00e9f\u00e9d\u00e9ralisation m\u00e8ne \u00e0 l\u2019efficacicit\u00e9, semble une erreur co\u00fbteuse. Elle est au contraire une des explications des d\u00e9penses publiques indomptables. Pourtant, vous n\u2019allez jamais entendre cette explication logique de la part des grands combattants du gaspillage de deniers publics. Etrange.<\/em>\u201d[&#8230;]\u00a0\u201c<em>Et tout cela ne nous co\u00fbte pas seulement beaucoup d\u2019argent. C\u2019est en outre tr\u00e8s antid\u00e9mocratique<\/em>\u201d. Aussi le r\u00e9dacteur de <em>l\u2019Echo<\/em>, Martin Buxant, est-il arriv\u00e9 au m\u00eame constat dans son \u00e9ditorial intitul\u00e9 \u201c<strong><span style=\"color: #0000ff;\"><a style=\"color: #0000ff;\" href=\"http:\/\/www.lecho.be\/opinions\/edito\/Ce-pays-ne-fonctionne-pas\/9884598\"><em>Ce pays ne fonctionne pas<\/em><\/a>\u201d<\/span><\/strong> du 20 avril 2017. M\u00eame s\u2019il ne propose pas de solution concr\u00e8te, il arrive \u00e9galement \u00e0 la conclusion que le f\u00e9d\u00e9ralisme est un \u00e9chec.<\/p>\n<p style=\"text-align: justify;\"><strong>La solution est pourtant simple. Le B.U.B. abolirait toutes les agences (et bien s\u00fbr les r\u00e9gions dont elles d\u00e9pendent) et les int\u00e9grerait\u00a0dans une dizaine de minist\u00e8res nationaux.\u00a0Quelque soit l\u2019angle de vue, la folie f\u00e9d\u00e9raliste augmente le nombre de niveaux de pouvoir et, par cons\u00e9quent, le risque de corruption. En Belgique, il est m\u00eame impossible d&#8217;aborder les v\u00e9ritables probl\u00e8mes aussi longtemps qu\u2019on ne supprime pas, une fois pour toutes, le f\u00e9d\u00e9ralisme linguistique inefficace, dispendieux, complexe, superflu, polarisant, anti-d\u00e9mocratique et discriminatoire.<br \/>\n<\/strong><\/p>\n<p style=\"text-align: justify;\">\n<p style=\"text-align: justify;\"><strong>HET\u00a0 CORRUPTE FEDERALISME<br \/>\n<\/strong><\/p>\n<p style=\"text-align: justify;\"><strong>Na het schandaal in verband met de geldverspillende intercommunales eerder dit jaar (<span style=\"color: #0000ff;\"><a style=\"color: #0000ff;\" href=\"https:\/\/www.unionbelge.be\/?p=11538\">zie onze tekst<\/a><\/span>) beloofden \u201conze\u201d politici de zaken ten gronde aan te pakken. Niet alleen bleek dat een loze belofte, maar nu komt uit dat het zogenaamde &#8221;Vlaams&#8221; gewest zelf ook het geld door ramen en deuren gooit.<\/strong><\/p>\n<p style=\"text-align: justify;\">Zo blijkt allereerst dat tientallen intercommunales in het noorden van het land de zogenaamde &#8221;Vlaamse&#8221; overheid transparantie weigeren te geven over de vergoedingen die ze uitkeren. Zij die geacht worden hen te controleren hebben dus geen enkele greep op hun eigen organen !<\/p>\n<p style=\"text-align: justify;\">Bovendien\u00a0bestaan\u00a0er alleen al\u00a0in het \u201eVlaams\u201c gewest meer dan 76 agentschappen en autonome instellingen, samen goed voor m\u00e9\u00e9r dan 350 politieke mandaten met vergoedingen die oplopen tot 29.000 euro per jaar\u00a0(bron: HLN, 22 april 2017).<\/p>\n<p style=\"text-align: justify;\">De bal werd aan het rollen gebracht door &#8221;Vlaams&#8221; parlementslid Bj\u00f6rn Rzoska (Groen) die hieromtrent een studie bestelde. Uiteraard is de houding van Groen die nu de huidige &#8221;Vlaamse&#8221; regering met de vinger wijst bijzonder hypocriet. Allereerst omdat deze partij (voorheen: Agalev) sedert het moment dat ze op nationaal niveau verkozenen had &#8211; in 1983 &#8211; meerdere \u201cstaatshervormingen\u201d heeft goedgekeurd waardoor die instellingen konden ontstaan (m.n. in 1993, 2001 en 2011). Ten tweede omdat de partij toen ze op regionaal en communautair niveau mee aan de macht was (1999-2004)\u00a0deze hele werking heeft meegesteund en meegestemd.<\/p>\n<p style=\"text-align: justify;\">Anderzijds beschuldigde de zelfverklaarde &#8221;Vlaamse&#8221; \u201cminister-president\u201d Geert Bourgeois van de separatistische N-VA Groen\u00a0van \u00a0&#8221;platte anti-politiek&#8221; waaraan die laatste partij zich zou bezondigen (<a href=\"http:\/\/derededactie.be\">derededactie.be<\/a>, 22 april 2017).\u00a0Wanneer de waarheid naar boven komt, reageren particraten steeds op dezelfde manier. Plots verklaarde de N-VA dat er tegen het einde van deze legislatuur 30 instellingen en 4.000 ambtenaren zouden verdwijnen. Dat moeten we nog zien en dat is trouwens ruim onvoldoende (zie verder). En is diezelfde N-VA soms vergeten dat zij en haar voorganger, de VU, op &#8221;Vlaams&#8221; niveau al 25 jaar aan de macht is (de legislatuur 1995-1999 en de periodes 2003-2004 en 2008-2009 daargelaten)? Het lijkt wel de PS, die door de N-VA voortdurend malafide praktijken verwijt!<\/p>\n<p style=\"text-align: justify;\">Bovendien doet de N-VA alsof ze het echte probleem niet ziet. Die instellingen hadden immers nooit mogen gecre\u00eberd worden. Er zijn immers ministeries om het land (in dit geval een overbodig gewest) te besturen. Bovendien hebben politici in die instellingen niets te zoeken, de voogdijministers daargelaten. We weten onderhand na de affaires van de intercommunales in Noord- en Zuid-Belgi\u00eb dat hun aanwezigheid geen meerwaarde biedt, wel integendeel.<\/p>\n<p style=\"text-align: justify;\">Meer en meer mensen, waaronder invloedrijke opiniemakers, zien eveneens de absurditeit van het federalisme. Zo schreef Bart Eeckhout, de hoofdredacteur van het dagblad <em>De Morgen<\/em> <a href=\"http:\/\/www.demorgen.be\/politiek\/de-vlaamse-ziekte-bac5b7ea\/\"><span style=\"color: #0000ff;\"><strong>op 22 april 2017 in zijn editoriaal<\/strong><\/span><\/a>: \u201c<em>Dat wat we zelf doen ook echt beter is, is een zorgvuldig in stand gehouden mythe. Dat defederalisering tot effici\u00ebntie zou leiden, is een dure vergissing gebleken. Ze is juist \u00e9\u00e9n van de verklaringen voor het niet te temmen overheidsbeslag. Toch zult u die logische verklaring nooit horen bij de grote strijders tegen de geldverslinding van overheidswege. Hoe vreemd<\/em>\u201d. [&#8230;]\u00a0\u201c<em>En dat kost ons niet alleen veel geld. Het is ook nog eens\u00a0zeer ondemocratisch<\/em>\u201d. We hadden het zelf nauwelijks beter kunnen verwoorden. Ook de redacteur van <em>l\u2019Echo<\/em>, Martin Buxant, kwam tot dezelfde conclusie in zijn editoriaal van 20 april 2017 met als titel \u201c<span style=\"color: #0000ff;\"><strong><a style=\"color: #0000ff;\" href=\"http:\/\/Ce pays ne fonctionne pas\"><em>Ce pays ne fonctionne pas<\/em><\/a><\/strong><\/span>\u201d. Zelfs al stelt hij geen concrete oplossing voor, komt hij eveneens tot de conclusie dat het federalisme een mislukking is.<\/p>\n<p style=\"text-align: justify;\"><strong>De oplossing is nochtans simpel. De B.U.B. zou alle agentschappen (en natuurlijk de gewesten waarvan ze afhangen), afschaffen en integreren in een tiental nationale ministeries. Hoe men het ook draait of keert, de federalistische onzin verhoogt het aantal bestuursniveaus en dus het risico op corruptie. Men kan in Belgi\u00eb zelfs niet eens de echte problemen aanpakken, zolang men het\u00a0ineffici\u00ebnt, peperduur, ultra-complex, overbodig, polariserend, ondemocratisch en discriminerend taalfederalisme niet eens en voor altijd afschaft.<\/strong><\/p>\n","protected":false},"excerpt":{"rendered":"<p>Suite au scandale concernant le gaspillage au niveau des intercommunales plus t\u00f4t dans l&#8217;ann\u00e9e (voir notre texte), &#8221;nos&#8221; politiciens avaient promis de s\u2019attaquer s\u00e9rieusement au probl\u00e8me. Non seulement il s&#8217;agissait d&#8217;une promesse vaine, mais il s&#8217;av\u00e8re maintenant que la soi-disant r\u00e9gion &#8221;flamande&#8221; elle-m\u00eame jette aussi l\u2019argent par les fen\u00eatres.<\/p>\n<p>Na het schandaal in verband met de geldverspillende intercommunales eerder dit jaar (zie onze tekst) beloofden \u201conze\u201d politici de zaken ten gronde aan te pakken. Niet alleen bleek dat een loze belofte, maar nu komt uit dat het zogenaamde &#8221;Vlaams&#8221; gewest zelf ook het geld door ramen en deuren gooit.<\/p>\n","protected":false},"author":2,"featured_media":0,"comment_status":"closed","ping_status":"closed","sticky":false,"template":"","format":"standard","meta":{"ngg_post_thumbnail":0,"jetpack_post_was_ever_published":false,"_jetpack_newsletter_access":"","_jetpack_dont_email_post_to_subs":false,"_jetpack_newsletter_tier_id":0,"_jetpack_memberships_contains_paywalled_content":false,"powered_cache_disable_cache":false,"_jetpack_memberships_contains_paid_content":false,"footnotes":"","jetpack_publicize_message":"","jetpack_publicize_feature_enabled":true,"jetpack_social_post_already_shared":true,"jetpack_social_options":{"image_generator_settings":{"template":"highway","default_image_id":0,"font":"","enabled":false},"version":2}},"categories":[1],"tags":[],"class_list":["post-11675","post","type-post","status-publish","format-standard","hentry","category-news0"],"jetpack_publicize_connections":[],"jetpack_featured_media_url":"","jetpack_sharing_enabled":true,"jetpack_shortlink":"https:\/\/wp.me\/p6Y7u0-32j","jetpack_likes_enabled":false,"_links":{"self":[{"href":"https:\/\/www.unionbelge.be\/index.php?rest_route=\/wp\/v2\/posts\/11675","targetHints":{"allow":["GET"]}}],"collection":[{"href":"https:\/\/www.unionbelge.be\/index.php?rest_route=\/wp\/v2\/posts"}],"about":[{"href":"https:\/\/www.unionbelge.be\/index.php?rest_route=\/wp\/v2\/types\/post"}],"author":[{"embeddable":true,"href":"https:\/\/www.unionbelge.be\/index.php?rest_route=\/wp\/v2\/users\/2"}],"replies":[{"embeddable":true,"href":"https:\/\/www.unionbelge.be\/index.php?rest_route=%2Fwp%2Fv2%2Fcomments&post=11675"}],"version-history":[{"count":1,"href":"https:\/\/www.unionbelge.be\/index.php?rest_route=\/wp\/v2\/posts\/11675\/revisions"}],"predecessor-version":[{"id":11677,"href":"https:\/\/www.unionbelge.be\/index.php?rest_route=\/wp\/v2\/posts\/11675\/revisions\/11677"}],"wp:attachment":[{"href":"https:\/\/www.unionbelge.be\/index.php?rest_route=%2Fwp%2Fv2%2Fmedia&parent=11675"}],"wp:term":[{"taxonomy":"category","embeddable":true,"href":"https:\/\/www.unionbelge.be\/index.php?rest_route=%2Fwp%2Fv2%2Fcategories&post=11675"},{"taxonomy":"post_tag","embeddable":true,"href":"https:\/\/www.unionbelge.be\/index.php?rest_route=%2Fwp%2Fv2%2Ftags&post=11675"}],"curies":[{"name":"wp","href":"https:\/\/api.w.org\/{rel}","templated":true}]}}