{"id":11529,"date":"2017-02-10T17:57:13","date_gmt":"2017-02-10T16:57:13","guid":{"rendered":"http:\/\/www.unionbelge.be\/?p=11529"},"modified":"2017-02-10T18:00:34","modified_gmt":"2017-02-10T17:00:34","slug":"dans-les-faits-le-sport-est-encore-tres-belge-de-belgitude-van-sporza-en-de-sportwereld","status":"publish","type":"post","link":"https:\/\/www.unionbelge.be\/?p=11529","title":{"rendered":"DANS LES FAITS, LE SPORT EST ENCORE TRES BELGE &#8211; DE BELGITUDE VAN \u201eSPORZA\u201c EN DE SPORTWERELD"},"content":{"rendered":"<div style=\"width: 640px;\" class=\"wp-video\"><video class=\"wp-video-shortcode\" id=\"video-11529-1\" width=\"640\" height=\"360\" preload=\"metadata\" controls=\"controls\"><source type=\"video\/mp4\" src=\"https:\/\/www.unionbelge.be\/wp-content\/uploads\/2017\/02\/Eden-Hazard-Magical-Solo-Goal-Chelsea-vs-Arsenal-2-0-_-4_2_2017.mp4?_=1\" \/><a href=\"https:\/\/www.unionbelge.be\/wp-content\/uploads\/2017\/02\/Eden-Hazard-Magical-Solo-Goal-Chelsea-vs-Arsenal-2-0-_-4_2_2017.mp4\">https:\/\/www.unionbelge.be\/wp-content\/uploads\/2017\/02\/Eden-Hazard-Magical-Solo-Goal-Chelsea-vs-Arsenal-2-0-_-4_2_2017.mp4<\/a><\/video><\/div>\n<p style=\"text-align: justify;\"><em>Hierboven &#8211; ci dessus: Eden Hazard marque contre Arsenal &#8211; scoort tegen Arsenal (05.02.17), bron-source: https:\/\/www.youtube.com\/watch?v=tfTlmKiD8NU<\/em><\/p>\n<p style=\"text-align: justify;\"><strong>LA BELGITUDE DE \u201eSPORZA\u201c ET DU MONDE SPORTIF<\/strong><\/p>\n<p style=\"text-align: justify;\"><strong>Bien que la politique des sports soit scind\u00e9e depuis 1980, on peut constater que le sport \u00e0 haut niveau en Belgique est encore tr\u00e8s belge, aussi \u00e0 la VRT (l\u2019ex-BRT).<\/strong><\/p>\n<p style=\"text-align: justify;\">Ainsi, tandis que le journal journal t\u00e9l\u00e9vis\u00e9 de la VRT, par exemple celui du 5 f\u00e9vrier 2017, est tr\u00e8s flamingant, l\u2019\u00e9mission sportive Sportweekend (un programme t\u00e9l\u00e9vis\u00e9 de \u201cSporza\u201d, <a href=\"http:\/\/www.sporza.be\">www.sporza.be<\/a>) est tr\u00e8s pro-belge. Le contraste est tel que les deux programmes semblent venir d&#8217;un autre univers.<\/p>\n<p style=\"text-align: justify;\">Au journal t\u00e9l\u00e9vis\u00e9, souvent, on n&#8217;entend parler que de &#8221;la Flandre&#8221; et de la &#8221;Wallonie&#8221; ainsi que de leurs et d\u00e9riv\u00e9s, comme &#8221;Flamands&#8221; ou \u201cWallons\u201d. Ce 5 f\u00e9vrier, la seule fois que la Belgique fut mentionn\u00e9e \u00e9tait lorsqu&#8217;un Congolais parlait en fran\u00e7ais \u00e0 la comm\u00e9moration du d\u00e9funt\u00a0leader de l\u2019opposition congolaise Tshisekedi. L\u2019interview\u00e9 se montrait &#8221;<em>reconnaissant envers le Royaume de Belgique<\/em>&#8221;. Au moins, ces gens-l\u00e0 t\u00e9moignent encore du respect pour notre pays.<\/p>\n<p style=\"text-align: justify;\">En revanche, lors de l\u2019\u00e9mission sportive, on n&#8217;a pas du tout parl\u00e9 de la &#8216;Flandre&#8217; ou de la &#8216;Wallonie&#8217;. Au contraire, les termes\u00a0Belgique et d\u00e9riv\u00e9s furent utilis\u00e9s abondamment\u00a0et souvent dans un sens\u00a0positif et patriotique.<\/p>\n<p style=\"text-align: justify;\">Et pour cause: le weekend fut fantastique pour la Belgique. Le footballeur <strong>Lukaku<\/strong> marquait quatre ( ! ) buts au cours d&#8217;un match pour son club Everton et son coll\u00e8gue <strong>Mertens<\/strong> en a marqu\u00e9 trois pour Napoli. Tous les deux sont \u00e0 l&#8217;heure actuelle les meilleurs buteurs dans leurs comp\u00e9titions, c\u2019est-\u00e0-dire en Angleterre et en Italie. Jamais deux Belges ont \u00e9t\u00e9 \u00e0 la fois le premier au classement des meilleurs buteurs dans deux des cinq grandes comp\u00e9titions europ\u00e9ennes.\u00a0Qui plus est, <strong>Eden Hazard<\/strong>, le capitaine des Diables\u00a0Rouges, qui joue \u00e0 Chelsea en Angleterre, a marqu\u00e9 un but incroyable en d\u00e9butant son action sur sa propre moiti\u00e9 du terrain pour ensuite dribbler la moiti\u00e9 de l&#8217;\u00e9quipe d&#8217;Arsenal et finalement inscrire\u00a0un but fantastique. A la BBC, l&#8217;action\u00a0fut m\u00eame compar\u00e9e \u2013 non sans raison &#8211; avec le but l\u00e9gendaire de Maradona \u00e0 la Coupe du Monde en 1986 contre l&#8217;Angleterre.<\/p>\n<div style=\"width: 450px;\" class=\"wp-video\"><video class=\"wp-video-shortcode\" id=\"video-11529-2\" width=\"450\" height=\"360\" preload=\"metadata\" controls=\"controls\"><source type=\"video\/mp4\" src=\"https:\/\/www.unionbelge.be\/wp-content\/uploads\/2017\/02\/Goal-of-the-Century-by-Maradona.mp4?_=2\" \/><a href=\"https:\/\/www.unionbelge.be\/wp-content\/uploads\/2017\/02\/Goal-of-the-Century-by-Maradona.mp4\">https:\/\/www.unionbelge.be\/wp-content\/uploads\/2017\/02\/Goal-of-the-Century-by-Maradona.mp4<\/a><\/video><\/div>\n<p>Maradona in &#8211; en 1986, bron- source: <a href=\"https:\/\/youtu.be\/hF_2arqQLwo\">https:\/\/youtu.be\/hF_2arqQLwo<\/a><\/p>\n<p style=\"text-align: justify;\">De son c\u00f4t\u00e9, <strong>l&#8217;\u00e9quipe nationale belge de tennis<\/strong> a \u00e9limin\u00e9 l&#8217;Allemagne \u00e0 la Daviscup permettant aux Belges d\u2019acc\u00e9der au quart de finale.\u00a0 La\u00a0nuit apr\u00e8s, l\u2019entra\u00eeneur et ex-Diable Rouge <strong>Hugo Broos<\/strong> a gagn\u00e9, comme premier entra\u00eeneur belge de l&#8217;Histoire, la Coupe d&#8217;Afrique avec son \u00e9quipe du Cameroun.<\/p>\n<p>A noter aussi que le weekend pr\u00e9c\u00e9dent, le Belge <strong>Van Aert<\/strong> a remport\u00e9 le titre de\u00a0champion\u00a0du monde de cyclocross (tandis que <strong>Pauwels<\/strong> a d\u00e9croch\u00e9 la m\u00e9daille de bronze), le jour apr\u00e8s que notre compatriote\u00a0<strong>Sanne Cant<\/strong> fut sacr\u00e9e championne du monde dans la m\u00eame discipline. Jamais une femme belge n\u2019a r\u00e9ussi un tel exploit.<\/p>\n<p><strong>Tous ces gens font au moins\u00a0cent fois plus pour l\u2019unit\u00e9 de notre pays que l&#8217;ensemble des particrates !<\/strong><\/p>\n<p>&nbsp;<\/p>\n<figure id=\"attachment_11532\" aria-describedby=\"caption-attachment-11532\" style=\"width: 300px\" class=\"wp-caption alignleft\"><a href=\"https:\/\/www.unionbelge.be\/?attachment_id=11532\" rel=\"attachment wp-att-11532\"><img loading=\"lazy\" decoding=\"async\" class=\"size-medium wp-image-11532\" src=\"https:\/\/www.unionbelge.be\/wp-content\/uploads\/2017\/02\/images1.persgroep.net_-300x200.jpg\" alt=\"Sanne Cant, bron-source: demorgen.be, \u00a9Photo News\" width=\"300\" height=\"200\" data-wp-pid=\"11532\" srcset=\"https:\/\/www.unionbelge.be\/wp-content\/uploads\/2017\/02\/images1.persgroep.net_-300x200.jpg 300w, https:\/\/www.unionbelge.be\/wp-content\/uploads\/2017\/02\/images1.persgroep.net_.jpg 642w\" sizes=\"auto, (max-width: 300px) 100vw, 300px\" \/><\/a><figcaption id=\"caption-attachment-11532\" class=\"wp-caption-text\">Sanne Cant, bron-source: demorgen.be, \u00a9Photo News<\/figcaption><\/figure>\n<p style=\"text-align: justify;\"><strong>DE FACTO IS DE SPORT NOG ERG BELGISCH<\/strong><\/p>\n<p style=\"text-align: justify;\"><strong>Hoewel het sportbeleid sedert 1980 gesplitst is, dient men vast te stellen dat de topsport in Belgi\u00eb nog erg Belgisch is, ook op de VRT (de voormalige BRT).\u00a0<\/strong><\/p>\n<p style=\"text-align: justify;\">Zo is de sportuitzending Sportweekend (een televisieprogramma van &#8221;Sporza&#8221;, <a href=\"http:\/\/www.sporza.be\">www.sporza.be<\/a>) erg Belgisch, hoewel het VRT-journaal zeer flamingantisch is, zo ook op 5 februari 2017. Het contrast is dermate groot dat de programma&#8217;s wel uit een ander universum lijken te komen.<\/p>\n<p style=\"text-align: justify;\">Op het gewone nieuws is het vaak\u00a0enkel &#8216;Vlaanderen&#8217; en\u00a0&#8216;Walloni\u00eb&#8217; en hun\u00a0afgeleiden,\u00a0zoals &#8221;Vlamingen&#8221; of &#8221;Walen&#8221;,\u00a0wat de klok slaat. Op 5 februari jl. kwam\u00a0Belgi\u00eb enkel\u00a0ter sprake\u00a0toen een Congolees het woord nam op de\u00a0herdenkingsplechtigheid\u00a0van de overleden Congolese oppositieleider\u00a0Tshisekedi. De ge\u00efnterviewde was\u00a0&#8221;<em>erkentelijk tegenover het Koninkrijk Belgi\u00eb<\/em>&#8221;. Die mensen hebben tenminste nog respect voor ons land.<\/p>\n<p style=\"text-align: justify;\">Daarentegen werd op het sportnieuws met geen woord gerept\u00a0over &#8216;Vlaanderen&#8217; of &#8216;Walloni\u00eb&#8217;. Integendeel, de termen Belgi\u00eb, Belgisch en Belgen werden overvloedig en vaak in een positieve en patriottische zin gebruikt.<\/p>\n<figure id=\"attachment_11533\" aria-describedby=\"caption-attachment-11533\" style=\"width: 300px\" class=\"wp-caption alignleft\"><a href=\"https:\/\/www.unionbelge.be\/?attachment_id=11533\" rel=\"attachment wp-att-11533\"><img loading=\"lazy\" decoding=\"async\" class=\"size-medium wp-image-11533\" src=\"https:\/\/www.unionbelge.be\/wp-content\/uploads\/2017\/02\/media_xll_9511677-300x169.jpg\" alt=\"Hugo Broos (bron-source: \u00a9 afp)\" width=\"300\" height=\"169\" data-wp-pid=\"11533\" \/><\/a><figcaption id=\"caption-attachment-11533\" class=\"wp-caption-text\">Hugo Broos (bron-source: \u00a9 afp)<\/figcaption><\/figure>\n<p style=\"text-align: justify;\">En terecht.\u00a0Het was dan ook een fantastisch weekeind voor Belgi\u00eb: de voetballer\u00a0<strong>Lukaku<\/strong> scoorde vier ( ! ) goals in \u00e9\u00e9n match voor zijn club\u00a0Everton en zijn collega\u00a0<strong>Mertens<\/strong> scoorde er drie voor Napoli. Beiden zijn nu topschutter in resp. de Engelse en de Italiaanse competities. Nooit eerder voerden twee Belgen tegelijkertijd\u00a0de topschutterstand aan in twee van de vijf grote Europese competities.\u00a0Bovendien heeft <strong>Eden Hazard<\/strong>,\u00a0de kapitein van de Rode Duivels die bij Chelsea in Engeland speelt,\u00a0een ongelofelijk doelpunt gescoord. Hij\u00a0begon zijn actie op de eigen helft van het terrein om vervolgens de helft van de ploeg van Arsenal te dribbelen en ten slotte een \u00a0prachtdoelpunt te scoren. Op de BBC werd de\u00a0 actie\u00a0&#8211; niet eens onterecht &#8211; zelfs vergeleken met het\u00a0legendarische doelpunt van\u00a0Maradona tegen Engeland op de Wereldbeker\u00a0van\u00a01986.<\/p>\n<p>Daarenboven schakelde <strong>de Belgische\u00a0nationale tennisploeg<\/strong> in de Daviscup Duitsland uit,\u00a0waardoor de Belgen geplaatst zijn voor de kwartfinale. De\u00a0nacht nadien won trainer en voormalig Rode Duivel\u00a0<strong>Hugo Broos<\/strong> als eerste Belg ooit de Afrikacup voor landenteams met zijn ploeg\u00a0Kameroen.<\/p>\n<p>We noteren ook nog dat het weekeind tevoren\u00a0de Belg <strong>Van Aert<\/strong> het WK veldrijden op zijn naam schreef (<strong>Pauwels<\/strong> pakte brons) en dat op de dag nadat onze landgenote <strong>Sanne Cant<\/strong> in dezelfde discipline ook wereldkampioene werd. Nooit eerder viel een Belgische vrouw die eer te beurt.<\/p>\n<p><strong>Al deze mensen doen minstens\u00a0100 maal m\u00e9\u00e9r voor de eenheid van\u00a0Belgi\u00eb dan alle particraten samen !<\/strong><\/p>\n<p>&nbsp;<\/p>\n","protected":false},"excerpt":{"rendered":"<p>Bien que la politique des sports soit scind\u00e9e depuis 1980, on peut constater que le sport \u00e0 haut niveau en Belgique est encore tr\u00e8s belge, aussi \u00e0 la VRT (l\u2019ex-BRT).<\/p>\n<p>Hoewel het sportbeleid sedert 1980 gesplitst is, dient men vast te stellen dat de topsport in Belgi\u00eb nog erg Belgisch is, ook op de VRT (de voormalige BRT). <\/p>\n","protected":false},"author":2,"featured_media":0,"comment_status":"closed","ping_status":"closed","sticky":false,"template":"","format":"standard","meta":{"ngg_post_thumbnail":0,"jetpack_post_was_ever_published":false,"_jetpack_newsletter_access":"","_jetpack_dont_email_post_to_subs":true,"_jetpack_newsletter_tier_id":0,"_jetpack_memberships_contains_paywalled_content":false,"powered_cache_disable_cache":false,"_jetpack_memberships_contains_paid_content":false,"footnotes":"","jetpack_publicize_message":"","jetpack_publicize_feature_enabled":true,"jetpack_social_post_already_shared":true,"jetpack_social_options":{"image_generator_settings":{"template":"highway","default_image_id":0,"font":"","enabled":false},"version":2}},"categories":[1,5],"tags":[],"class_list":["post-11529","post","type-post","status-publish","format-standard","hentry","category-news0","category-opinions"],"jetpack_publicize_connections":[],"jetpack_featured_media_url":"","jetpack_sharing_enabled":true,"jetpack_shortlink":"https:\/\/wp.me\/p6Y7u0-2ZX","jetpack_likes_enabled":false,"_links":{"self":[{"href":"https:\/\/www.unionbelge.be\/index.php?rest_route=\/wp\/v2\/posts\/11529","targetHints":{"allow":["GET"]}}],"collection":[{"href":"https:\/\/www.unionbelge.be\/index.php?rest_route=\/wp\/v2\/posts"}],"about":[{"href":"https:\/\/www.unionbelge.be\/index.php?rest_route=\/wp\/v2\/types\/post"}],"author":[{"embeddable":true,"href":"https:\/\/www.unionbelge.be\/index.php?rest_route=\/wp\/v2\/users\/2"}],"replies":[{"embeddable":true,"href":"https:\/\/www.unionbelge.be\/index.php?rest_route=%2Fwp%2Fv2%2Fcomments&post=11529"}],"version-history":[{"count":2,"href":"https:\/\/www.unionbelge.be\/index.php?rest_route=\/wp\/v2\/posts\/11529\/revisions"}],"predecessor-version":[{"id":11535,"href":"https:\/\/www.unionbelge.be\/index.php?rest_route=\/wp\/v2\/posts\/11529\/revisions\/11535"}],"wp:attachment":[{"href":"https:\/\/www.unionbelge.be\/index.php?rest_route=%2Fwp%2Fv2%2Fmedia&parent=11529"}],"wp:term":[{"taxonomy":"category","embeddable":true,"href":"https:\/\/www.unionbelge.be\/index.php?rest_route=%2Fwp%2Fv2%2Fcategories&post=11529"},{"taxonomy":"post_tag","embeddable":true,"href":"https:\/\/www.unionbelge.be\/index.php?rest_route=%2Fwp%2Fv2%2Ftags&post=11529"}],"curies":[{"name":"wp","href":"https:\/\/api.w.org\/{rel}","templated":true}]}}