{"id":11497,"date":"2017-01-16T11:14:41","date_gmt":"2017-01-16T10:14:41","guid":{"rendered":"http:\/\/www.unionbelge.be\/?p=11497"},"modified":"2017-01-16T21:51:14","modified_gmt":"2017-01-16T20:51:14","slug":"zaak-deene-waarom-geen-herdenking-door-de-bende-van-nijvel-affaire-deene-pourquoi-pas-de-commemoration-par-les-tueurs-du-brabant","status":"publish","type":"post","link":"https:\/\/www.unionbelge.be\/?p=11497","title":{"rendered":"ZAAK DEENE : WAAROM GEEN HERDENKING DOOR DE BENDE VAN NIJVEL? &#8211; AFFAIRE DEENE : POURQUOI PAS DE COMMEMORATION PAR LES TUEURS DU BRABANT?"},"content":{"rendered":"<figure id=\"attachment_11498\" aria-describedby=\"caption-attachment-11498\" style=\"width: 510px\" class=\"wp-caption alignleft\"><a href=\"https:\/\/www.unionbelge.be\/?attachment_id=11498\" rel=\"attachment wp-att-11498\"><img loading=\"lazy\" decoding=\"async\" class=\"size-full wp-image-11498\" src=\"https:\/\/www.unionbelge.be\/wp-content\/uploads\/2017\/01\/media_xll_6713765.jpg\" alt=\"foto-photo: hln.be; archief Belga; le Delhaize d\u2019Alost - de Delhaize te Aalst\" width=\"510\" height=\"288\" data-wp-pid=\"11498\" srcset=\"https:\/\/www.unionbelge.be\/wp-content\/uploads\/2017\/01\/media_xll_6713765.jpg 510w, https:\/\/www.unionbelge.be\/wp-content\/uploads\/2017\/01\/media_xll_6713765-300x169.jpg 300w\" sizes=\"auto, (max-width: 510px) 100vw, 510px\" \/><\/a><figcaption id=\"caption-attachment-11498\" class=\"wp-caption-text\">foto-photo: hln.be; archief Belga; le Delhaize d\u2019Alost &#8211; de Delhaize te Aalst<\/figcaption><\/figure>\n<p>&nbsp;<\/p>\n<p>&nbsp;<\/p>\n<p>&nbsp;<\/p>\n<p>&nbsp;<\/p>\n<p>&nbsp;<\/p>\n<p>&nbsp;<\/p>\n<p>&nbsp;<\/p>\n<p>&nbsp;<\/p>\n<p>&nbsp;<\/p>\n<p><strong>LA N-VA CHERCHE A JUSTIFIER LA TERREUR<br \/>\n<\/strong><\/p>\n<p><strong>Op 4 januari 2017 publiceerde de B.U.B. een artikel waarin ze de deelname van Karlijn Deene, N-VA-mandataris en medewerkster van &#8220;Vlaams&#8221; \u00ab\u00a0minister-president\u00a0\u00bb Bourgeois, op een pro-nazi feestje, de vriendenkring Sneyssens, aan de kaak stelde. Het was met name dankzij een verwijzing naar ons artikel door de bekende viroloog Marc van Ranst op zijn Facebook-pagina dat de geschreven pers een grote weerklank gaf aan dit ontluisterend nieuws. Daarentegen was de stilte hieromtrent van de \u00ab\u00a0openbare\u00a0\u00bb media, RTBF en VRT, alsook van hun commerci\u00eble tegenhangers, RTL en VTM, enigszins verwonderlijk. Men kan echter een band leggen met een fictief feest georganiseerd door oud-leden van de \u00ab\u00a0Bende van Nijvel\u00a0\u00bb.<\/strong><\/p>\n<p>Het was inderdaad onze partij die als eerste de aanwezigheid van Karlijn Deene (N-VA), gemeenteraadslid te Gent en schrijver van de toespraken van \u201cVlaams\u201d \u201cminister-president\u201d Bourgeois, op de bijeenkomst van nazi\u2019s onthulde. Ze pochte met haar aanwezigheid op haar Facebook-pagina.\u00a0De\u00a0grootvader van Deene \u2013 Obersturmbannf\u00fchrer Oswald van Ooteghem \u2013 \u00a0collaboreerde met het nazi-regime. De vader van Bourgeois ook. Men ziet zo door welke personen we geregeerd worden !<\/p>\n<p>Op de bijeenkomsten van de vriendenkring Sneyssens kon het \u00ab\u00a0Berkenkruis\u00a0\u00bb, een soort omgekeerd runeteken (zeer populair bij de SS), dat de dood en de oorlog symboliseert, \u00ab\u00a0bewonderd\u00a0\u00bb worden. We brengen eveneens in herinnering dat gedurende dit \u201cpacifistisch\u201d feest (scripsit Deene) de \u201cJoelkaars\u201d aangestoken werd. Een zekere Himmler, hoofd van de SS, alsook de architect van de holocaust,\u00a0wou het Joelfeest instellen om het Kerstfeest te vervangen. Zijn doel was het\u00a0christendom en onze humanistische samenleving uit te roeien en te vervangen door een racistische en Germaanse tirannie.<\/p>\n<p>De N-VA meende echter dat de aanwezigheid van Karlijn Deene op de bijeenkomst van de groep een \u00ab\u00a0priv\u00e9-aangelegenheid\u00bb was.\u00a0Deene heeft niet haar excuses aangeboden, maar ze haar bericht van haar Facebook-profiel gewist en het in priv\u00e9-modus geplaatst.<\/p>\n<p>Stelt u zich voor dat een lid van de CDU, de politieke partij van de Duitse bondskanselier Angela Merkel, aanwezig zou zijn op een feest georganiseerd door nostalgici van het Derde Rijk. Merkel zou dan op staande voet ontslag moeten nemen.<\/p>\n<p>Wat zou, op soortgelijke wijze, de oud-leden van de terroristische groep\u00a0\u00ab\u00a0de Bende van Nijvel\u00a0\u00bb (Tueurs du Brabant) verhinderen om het (vermoedelijke) overlijden van \u00e9\u00e9n van hun leden tijdens de moorddadige roofoverval op de Delhaize in Aalst (Oost-Vlaanderen) op 9 november 1985 te herdenken\u00a0? Volgens de logica van de N-VA zou men dus hulde moeten brengen aan dit \u00ab\u00a0slachtoffer\u00a0\u00bb\u2026 Stelt u zich bovendien voor dat tegelijkertijd \u00e9\u00e9n van hun dochters de woordvoerster zou zijn van premier Michel\u2026 Te gek voor woorden toch?<\/p>\n<p><strong>Hoe absurd deze vergelijking ook overkomt, in de twee situaties gaat het om een herdenking van misdadigers door misdadigers. We zien geen fundamenteel verschil.<\/strong><\/p>\n<p>&nbsp;<\/p>\n<figure id=\"attachment_11502\" aria-describedby=\"caption-attachment-11502\" style=\"width: 213px\" class=\"wp-caption alignleft\"><a href=\"https:\/\/www.unionbelge.be\/?attachment_id=11502\" rel=\"attachment wp-att-11502\"><img loading=\"lazy\" decoding=\"async\" class=\"size-medium wp-image-11502\" src=\"https:\/\/www.unionbelge.be\/wp-content\/uploads\/2017\/01\/berkenkruis-213x300.jpg\" alt=\"bron-source: http:\/\/www.military.be\/\" width=\"213\" height=\"300\" data-wp-pid=\"11502\" \/><\/a><figcaption id=\"caption-attachment-11502\" class=\"wp-caption-text\">Berkenkruis &#8211; Croix de Bouleau; bron-source: http:\/\/www.military.be\/<\/figcaption><\/figure>\n<p><strong>DE N-VA PROBEERT TERREUR TE VERGOELIJKEN<br \/>\n<\/strong><\/p>\n<p><strong>Le 4 janvier 2017, le B.U.B. a publi\u00e9 un article d\u00e9non\u00e7ant la participation d\u2019une mandataire N-VA et collaboratrice du \u00ab\u00a0ministre-pr\u00e9sident\u00a0\u00bb &#8220;flamand&#8221; Bourgeois, Karlijn Deene, \u00e0 une f\u00eate pro-nazi, le vriendenkring Sneyssens (\u201ccercle d\u2019amis Sneyssens\u201d). Gr\u00e2ce notamment \u00e0 une r\u00e9f\u00e9rence vers notre article publi\u00e9e par le virologue connu Marc Van Ranst sur sa page Facebook, la presse \u00e9crite a r\u00e9serv\u00e9 un large \u00e9cho \u00e0 cette nouvelle consternante. En revanche, le silence \u00e0 ce propos des cha\u00eenes \u201cpubliques\u201d, RTBF et VRT, et commerciales, RTL et VTM, a quelque peu \u00e9tonn\u00e9.\u00a0On peut cependant \u00e9tablir un lien avec une f\u00eate fictive organis\u00e9e par les anciens membres des \u2018Tueurs du Brabant\u2019.<\/strong><\/p>\n<p>Notre parti a en effet \u00e9t\u00e9 le premier \u00e0 relever la pr\u00e9sence de Karlijn Deene (N-VA), conseill\u00e8re communale de la ville de Gand et\u00a0 r\u00e9dactrice des discours du \u201cministre-pr\u00e9sident\u201d \u201cflamand\u201d Geert Bourgeois (N-VA), \u00e0 une\u00a0r\u00e9union de nazis. Elle se vantait de sa pr\u00e9sence sur sa page facebook.\u00a0Le grand-p\u00e8re de Deene \u2013 Obersturmbannf\u00fchrer Oswald van Ooteghem \u2013 fut collaborateur du r\u00e9gime nazi, tout comme le p\u00e8re de Bourgeois. On se rend compte par quels personnages nous sommes gouvern\u00e9s !<\/p>\n<p>Lors des r\u00e9unions du cercle d\u2019amis Sneyssens, on pouvait \u00ab\u00a0admirer\u00a0\u00bb la \u00ab\u00a0Berkenkruis\u00a0\u00bb, une esp\u00e8ce de rune invers\u00e9e (tr\u00e8s populaire chez les SS), \u00e9voquant la mort et la guerre. Rappelons \u00e9galement que pendant cette f\u00eate \u201cpacifiste\u201d (scripsit Deene), la \u201cbougie de Yule\u201d fut allum\u00e9e. Un certain Himmler, chef du SS et architecte de l&#8217;holocauste,\u00a0a\u00a0voulu instaurer la f\u00eate de Yule en remplacement de la f\u00eate de No\u00ebl. Son but \u00e9tait d\u2019\u00e9radiquer le christianisme ainsi que notre civilisation humaniste\u00a0pour la remplacer par une tyrannie raciste et germanique.<\/p>\n<p>La N-VA consid\u00e9rait cependant que la pr\u00e9sence de Karlijn Deene \u00e0 la r\u00e9union du cercle \u00e9tait une \u00ab\u00a0affaire priv\u00e9e\u00a0\u00bb.\u00a0L\u2019int\u00e9ress\u00e9e ne s\u2019est pas excus\u00e9e, a effac\u00e9 le message sur son profil Facebook et a mis ce dernier en mode priv\u00e9.<\/p>\n<p>Imaginez-vous qu\u2019un membre du CDU, le parti politique de la chanceli\u00e8re allemande Angela Merkel soit pr\u00e9sent \u00e0 une f\u00eate organis\u00e9e par des nostalgiques du Troisi\u00e8me Reich. Merkel devrait alors d\u00e9missionner sur-le-champ.<\/p>\n<p>Dans un registre similaire, qu\u2019est-ce qui emp\u00eacherait les anciens membres du groupe terroriste \u00ab\u00a0les Tueurs du Brabant\u00a0\u00bb (\u2018Bende van Nijvel\u2019) de comm\u00e9morer le d\u00e9c\u00e8s (pr\u00e9sum\u00e9) d\u2019un leurs membres lors de leur braquage meurtrier perp\u00e9tr\u00e9 au Delhaize d\u2019Alost (Flandre orientale) le 9 novembre 1985\u00a0? Selon la logique de la N-VA, il faudrait donc rendre hommage \u00e0 cette \u201cvictime\u201d&#8230; Imaginez-vous en outre qu\u2019en m\u00eame temps une de leurs filles soit la porte-parole du premier ministre Michel? Ce serait tout \u00e0 fait absurde, n\u2019est-ce pas\u00a0?<\/p>\n<p><strong>Quelque absurde que nous paraisse cette comparaison, dans les deux cas de figure, il s\u2019agit d\u2019une comm\u00e9moration de criminels par des criminels. On ne voit pas de diff\u00e9rence fondamentale.<\/strong><\/p>\n<p>&nbsp;<\/p>\n<p><em>In de pers en op het web &#8211; dans la presse et sur le web:<\/em><\/p>\n<p><strong><a href=\"http:\/\/www.gva.be\/cnt\/dmf20170108_02662682\/marc-van-ranst-over-n-va-ster-sympathie-voor-nazi-aanhangers-openlijk-geetaleerd-en-verdedigd\">Gazet van Antwerpen<\/a><\/strong><\/p>\n<p><strong><a href=\"http:\/\/www.standaard.be\/cnt\/dmf20170109_02664514?shareid=8993f13ad93b85f7bf2af2c09cbaa9d3f54907b7a592cf53a8bd75ead5b1ea6752162c1eeae31582c5ef9a97fc14a088de755a2796d00bcf25293dead34f2e6e\">De Standaard<\/a><\/strong><\/p>\n<p><strong><a href=\"http:\/\/www.hln.be\/hln\/nl\/957\/Binnenland\/article\/detail\/3050187\/2017\/01\/09\/Medewerkster-N-VA-aanwezig-op-feestje-Oostfronters-Dit-is-een-privekwestie.dhtml\">Het Laatste Nieuws<\/a><\/strong><\/p>\n<p><strong><a href=\"http:\/\/www.demorgen.be\/politiek\/medewerker-bourgeois-op-lunch-met-oostfronters-baf966b8\/\">De Morgen<\/a><\/strong><\/p>\n<p><strong><a href=\"http:\/\/www.7sur7.be\/7s7\/fr\/1502\/Belgique\/article\/detail\/3050246\/2017\/01\/09\/Une-conseillere-N-VA-a-une-fete-des-anciens-du-front-de-l-Est-Une-affaire-privee.dhtml\">7sur7<\/a><\/strong><\/p>\n<p><strong><a href=\"https:\/\/www.apache.be\/2017\/01\/09\/niet-ieder-huisje-heeft-zn-berkenkruisje\/\">Apache<\/a><\/strong><\/p>\n<p><strong><a href=\"http:\/\/www.socialisme.be\/nl\/42969\/gents-n-va-gemeenteraadslid-vooral-onder-de-indruk-van-toespraak-voormalige-waffen-sser\">Socialisme.be<\/a><\/strong><\/p>\n<p><strong><a href=\"http:\/\/www.nieuwsblad.be\/cnt\/dmf20170109_02664342\">Het Nieuwsblad<\/a><\/strong><\/p>\n<p><strong><a href=\"http:\/\/www.levif.be\/actualite\/belgique\/une-conseillere-n-va-a-une-fete-d-anciens-du-front-de-l-est-une-affaire-privee-pour-geert-bourgeois\/article-normal-596753.html\">Le Vif<\/a><\/strong><\/p>\n<p><strong><a href=\"http:\/\/www.dewereldmorgen.be\/blog\/geertcool\/2017\/01\/11\/voormalige-waffen-sser-maakt-indruk-op-gents-n-va-gemeenteraadslid\">DeWereldMorgen<\/a><\/strong><\/p>\n<p><strong><a href=\"http:\/\/www.rtbf.be\/info\/belgique\/detail_une-conseillere-n-va-a-une-fete-des-anciens-du-front-de-l-est-une-affaire-privee?id=9497958\">RTBF (site)<\/a><\/strong><\/p>\n<p><strong><a href=\"http:\/\/blog.marcelsel.com\/2017\/01\/09\/au-gouvernement-belge-les-anciens-waffen-ss-collent-au-doigt-comme-du-sparadrap\/\">Blog Marcel Sel<\/a><\/strong><\/p>\n<p><strong><a href=\"http:\/\/nl.metrotime.be\/2017\/01\/09\/news\/medewerkster-bij-feestje-oostfronters-is-prive-kwestie\/\">Metro<\/a><\/strong><\/p>\n<p><strong><a href=\"http:\/\/www.lalibre.be\/actu\/belgique\/une-conseillere-n-va-a-une-fete-des-anciens-du-front-de-l-est-bourgeois-parle-d-une-affaire-privee-58738283cd70717f88ee5564\">La Libre Belgique<\/a><\/strong><\/p>\n<p><strong><a href=\"http:\/\/www.dhnet.be\/actu\/belgique\/une-conseillere-n-va-a-une-fete-des-anciens-du-front-de-l-est-bourgeois-parle-d-une-affaire-privee-58738304cd708a17d55e7c3d\">LDH<\/a><\/strong><\/p>\n<p><strong><a href=\"http:\/\/m.hbvl.be\/cnt\/dmf20170109_02664346\/kabinet-bourgeois-medewerkster-bij-feestje-oostfronters-is-privekwestie\">HBVL<\/a><\/strong><\/p>\n<p><strong><a href=\"https:\/\/www.facebook.com\/vmo.vlaamsemilitantenorde\/\">VMO (!)<\/a><\/strong><\/p>\n<p><strong><a href=\"http:\/\/www.lanouvellegazette.be\/1759065\/article\/2017-01-09\/une-conseillere-n-va-a-une-fete-des-anciens-du-front-de-l-est-une-affaire-privee\">La Nouvelle Gazette<\/a><\/strong><\/p>\n<p><strong><a href=\"http:\/\/liege.lameuse.be\/29765\/article\/2017-01-08\/une-elue-de-la-n-va-chez-les-nostalgiques-du-3e-reich\">La Meuse<\/a><\/strong><\/p>\n<p><strong><a href=\"https:\/\/radiorecuperandomemoria.com\/2017\/01\/14\/belgica-los-referentes-historicos-de-la-n-va-partido-de-gobierno\/\">Recuperando Memoria (Spanje-Espagne)<\/a><\/strong><\/p>\n","protected":false},"excerpt":{"rendered":"<p>Op 4 januari 2017 publiceerde de B.U.B. een artikel waarin ze de deelname van Karlijn Deene, N-VA-mandataris en medewerkster van &#8220;Vlaams&#8221; \u00ab minister-president \u00bb Bourgeois, op een pro-nazi feestje, de vriendenkring Sneyssens, aan de kaak stelde. Het was met name dankzij een verwijzing naar ons artikel door de bekende viroloog Marc van Ranst op zijn Facebook-pagina dat de geschreven pers een grote weerklank gaf aan dit ontluisterend nieuws. Daarentegen was de stilte hieromtrent van de \u00ab openbare \u00bb media, RTBF en VRT, alsook van hun commerci\u00eble tegenhangers, RTL en VTM, enigszins verwonderlijk. Men kan echter een band leggen met een fictief feest georganiseerd door oud-leden van de \u00ab Bende van Nijvel \u00bb.<\/p>\n<p>Le 4 janvier 2017, le B.U.B. a publi\u00e9 un article d\u00e9non\u00e7ant la participation d\u2019une mandataire N-VA et collaboratrice du \u00ab ministre-pr\u00e9sident \u00bb &#8220;flamand&#8221; Bourgeois, Karlijn Deene, \u00e0 une f\u00eate pro-nazi, le vriendenkring Sneyssens (\u201ccercle d\u2019amis Sneyssens\u201d). Gr\u00e2ce notamment \u00e0 une r\u00e9f\u00e9rence vers notre article publi\u00e9e par le virologue connu Marc Van Ranst sur sa page Facebook, la presse \u00e9crite a r\u00e9serv\u00e9 un large \u00e9cho \u00e0 cette nouvelle consternante. En revanche, le silence \u00e0 ce propos des cha\u00eenes \u201cpubliques\u201d, RTBF et VRT, et commerciales, RTL et VTM, a quelque peu \u00e9tonn\u00e9. On peut cependant \u00e9tablir un lien avec une f\u00eate fictive organis\u00e9e par les anciens membres des \u2018Tueurs du Brabant\u2019.<\/p>\n","protected":false},"author":2,"featured_media":0,"comment_status":"closed","ping_status":"closed","sticky":false,"template":"","format":"standard","meta":{"ngg_post_thumbnail":0,"jetpack_post_was_ever_published":false,"_jetpack_newsletter_access":"","_jetpack_dont_email_post_to_subs":true,"_jetpack_newsletter_tier_id":0,"_jetpack_memberships_contains_paywalled_content":false,"powered_cache_disable_cache":false,"_jetpack_memberships_contains_paid_content":false,"footnotes":"","jetpack_publicize_message":"","jetpack_publicize_feature_enabled":true,"jetpack_social_post_already_shared":true,"jetpack_social_options":{"image_generator_settings":{"template":"highway","default_image_id":0,"font":"","enabled":false},"version":2}},"categories":[1,5],"tags":[],"class_list":["post-11497","post","type-post","status-publish","format-standard","hentry","category-news0","category-opinions"],"jetpack_publicize_connections":[],"jetpack_featured_media_url":"","jetpack_sharing_enabled":true,"jetpack_shortlink":"https:\/\/wp.me\/p6Y7u0-2Zr","jetpack_likes_enabled":false,"_links":{"self":[{"href":"https:\/\/www.unionbelge.be\/index.php?rest_route=\/wp\/v2\/posts\/11497","targetHints":{"allow":["GET"]}}],"collection":[{"href":"https:\/\/www.unionbelge.be\/index.php?rest_route=\/wp\/v2\/posts"}],"about":[{"href":"https:\/\/www.unionbelge.be\/index.php?rest_route=\/wp\/v2\/types\/post"}],"author":[{"embeddable":true,"href":"https:\/\/www.unionbelge.be\/index.php?rest_route=\/wp\/v2\/users\/2"}],"replies":[{"embeddable":true,"href":"https:\/\/www.unionbelge.be\/index.php?rest_route=%2Fwp%2Fv2%2Fcomments&post=11497"}],"version-history":[{"count":5,"href":"https:\/\/www.unionbelge.be\/index.php?rest_route=\/wp\/v2\/posts\/11497\/revisions"}],"predecessor-version":[{"id":11506,"href":"https:\/\/www.unionbelge.be\/index.php?rest_route=\/wp\/v2\/posts\/11497\/revisions\/11506"}],"wp:attachment":[{"href":"https:\/\/www.unionbelge.be\/index.php?rest_route=%2Fwp%2Fv2%2Fmedia&parent=11497"}],"wp:term":[{"taxonomy":"category","embeddable":true,"href":"https:\/\/www.unionbelge.be\/index.php?rest_route=%2Fwp%2Fv2%2Fcategories&post=11497"},{"taxonomy":"post_tag","embeddable":true,"href":"https:\/\/www.unionbelge.be\/index.php?rest_route=%2Fwp%2Fv2%2Ftags&post=11497"}],"curies":[{"name":"wp","href":"https:\/\/api.w.org\/{rel}","templated":true}]}}