{"id":11494,"date":"2017-01-09T09:39:02","date_gmt":"2017-01-09T08:39:02","guid":{"rendered":"http:\/\/www.unionbelge.be\/?p=11494"},"modified":"2017-01-10T10:39:09","modified_gmt":"2017-01-10T09:39:09","slug":"drame-de-hert-trop-belge-pour-le-regime-flamingant-drama-de-hert-te-belgisch-voor-het-flamingantisch-regime","status":"publish","type":"post","link":"https:\/\/www.unionbelge.be\/?p=11494","title":{"rendered":"DRAME DE HERT: TROP BELGE POUR LE REGIME FLAMINGANT &#8211; DRAMA DE HERT: TE BELGISCH VOOR HET FLAMINGANTISCH REGIME"},"content":{"rendered":"<figure id=\"attachment_11495\" aria-describedby=\"caption-attachment-11495\" style=\"width: 568px\" class=\"wp-caption alignleft\"><a href=\"https:\/\/www.unionbelge.be\/?attachment_id=11495\" rel=\"attachment wp-att-11495\"><img loading=\"lazy\" decoding=\"async\" class=\"size-full wp-image-11495\" src=\"https:\/\/www.unionbelge.be\/wp-content\/uploads\/2017\/01\/robbe_pn.jpg\" alt=\"bron-source: www.standaard.be; foto-photo: Foto: Kris Van Exel\" width=\"568\" height=\"379\" data-wp-pid=\"11495\" \/><\/a><figcaption id=\"caption-attachment-11495\" class=\"wp-caption-text\">bron-source: www.standaard.be; foto-photo: Foto: Kris Van Exel<\/figcaption><\/figure>\n<p><strong>VICTIME DU NATIONALISME \u00ab\u00a0FLAMAND\u00a0\u00bb<\/strong><\/p>\n<p><strong>Le 2 janvier 2017, un article paru dans la presse du nord du pays a \u00e9tonn\u00e9 plus d\u2019un. Le c\u00e9l\u00e8bre r\u00e9gisseur anversois Robbe De Hert (\u00b0 1942) vit dans un petit appartement du CPAS parmi les souris. Il a besoin de 100.000 \u20ac pour terminer un documentaire nomm\u00e9 <em>Hollywood aan de Schelde<\/em> (\u00ab\u00a0Hollywood \u00e0 l\u2019Escaut\u00a0\u00bb).<\/strong><\/p>\n<p>Robbe De Hert a r\u00e9alis\u00e9 des films connus (h\u00e9las uniquement dans le nord de notre pays &#8211; scission de la culture oblige) comme \u00ab\u00a0De Witte van Zichem\u00a0\u00bb (1980), \u201cZware Jongens\u00a0\u00bb (1984) en \u201cLijmen\/Het Been\u201d (2000).<\/p>\n<p>Depuis qu\u2019il s\u2019\u00e9tait pr\u00e9sent\u00e9 \u00e0 Anvers lors des \u00e9lections communales de 2012 sur une liste \u00e9lectorale alternative, gauchiste et pro-belge appel\u00e9e \u00ab\u00a0Rood\u00a0\u00bb (liste qui \u00e9tait pour la plupart compos\u00e9e d\u2019anciens membres de la sp.a), il ne recevait plus de subsides du gouvernement \u00ab\u00a0flamand\u00a0\u00bb, ce qui a provoqu\u00e9 sa descente en enfer.<\/p>\n<p>Le programme \u00e9lectoral de \u201cRood\u201d de 2011 pr\u00e9cisait: \u201c<em>La situation politique en Belgique est explosive. L\u2019existence de notre pays est menac\u00e9e.<\/em> [\u2026] <em>La N-VA s\u00e9paratiste cherche \u00e0 d\u00e9stabiliser davantage le pays<\/em> \u00a0[\u2026]. <em>La t\u00e2che de la gauche est de formuler une r\u00e9ponse fondamentale \u00e0 la politique n\u00e9olib\u00e9rale et \u00e0 sa variante flamingante. Celles-ci veulent \u00a0porter atteinte \u00e0 la solidarit\u00e9 de mani\u00e8re fondamentale et irr\u00e9versible. Les nationalistes souhaitent une Flandre ind\u00e9pendante de droite et le d\u00e9tricotage de la Belgique ainsi que de sa protection sociale. La r\u00e9forme de l\u2019Etat est r\u00e9duite \u00e0 une op\u00e9ration de pure scission de comp\u00e9tences et de niveaux de pouvoir, ind\u00e9pendamment de l\u2019utilit\u00e9 ou de la rationalit\u00e9 de ces scissions<\/em> [\u2026] <em>On ne veut plus attendre le moment o\u00f9 le sp.a sortira de son coma<\/em>\u201d. (<a href=\"http:\/\/web.archive.org\/web\/20110620012718\/http:\/\/roodlinks.be\/wat-is-spa-rood\">lien<\/a>)<\/p>\n<p>On comprend \u00e0 quel point le gouvernement \u201cflamand\u201d de l\u2019\u00e9poque, au sein duquel si\u00e9geaient tant le Sp.a que la N-VA, fut agac\u00e9 par ces propos.<\/p>\n<p>Actuellement, De Hert n\u2019a plus de ressources financi\u00e8res ayant investi 100.000 \u20ac de sa propre poche dans son projet de documentaire.<\/p>\n<p>Entretemps, des citoyens se sont mobilis\u00e9s en d\u00e9marrant une campagne en faveur du r\u00e9gisseur sur internet. Ainsi, une somme de 25.000 \u20ac aurait d\u00e9j\u00e0 \u00e9t\u00e9 r\u00e9colt\u00e9e. Le B.U.B. esp\u00e8re que Robbe De Hert r\u00e9unira les fonds n\u00e9cessaires pour terminer son documentaire, qui ne va certainement pas plaire au r\u00e9gime en place \u00e0 Anvers et dans la r\u00e9gion des flamingants. Attention cependant\u00a0: comme d\u2019autres, le B.U.B. avertit de ne pas verser des dons sur le compte personnel de De Hert afin qu\u2019ils ne soient pas saisis par ses cr\u00e9anciers. Les promoteurs de l\u2019action devraient cr\u00e9er une ASBL ou une fondation priv\u00e9e ayant comme but sp\u00e9cifique le tournage du film.<\/p>\n<p><strong>Pour le B.U.B., Robbe De Hert est une victime du nationalisme \u00ab\u00a0flamand\u00a0\u00bb. En effet, le gouvernement \u2018flamand\u2019, n\u00e9cessairement compos\u00e9 de flamingants, se d\u00e9sint\u00e9resse d\u2019artistes pro-belges qui ne d\u00e9fendent pas les th\u00e8ses nationalistes flamingantes. Sinon, De Hert serait maintenant un r\u00e9gisseur nanti comme son coll\u00e8gue flamingant Jan Verheyen, un autre r\u00e9gisseur c\u00e9l\u00e8bre, qui n\u2019a jamais cach\u00e9 ses sympathies pour la N-VA. Dans ce r\u00e9gime flamingant, la culture et le talent sont sacrifi\u00e9s sur l\u2019autel du nationalisme linguistique.<\/strong><\/p>\n<p>&nbsp;<\/p>\n<p><strong>SLACHTOFFER VAN HET \u201aVLAAMS\u2018-NATIONALISME<\/strong><\/p>\n<p><strong>Op 4 januari 2017 liet een artikel in de pers van het noorden van het land velen niet onbetuigd. De bekende Antwerpse filmmaker Robbe De Hert (\u00b0 1942) woont in een klein appartement van het OCMW tussen de muizen. Hij heeft 100.000 \u20ac nodig om een documentaire genaamd \u201eHollywood aan de Schelde\u201c te be\u00ebindigen.<\/strong><\/p>\n<p>Robbe De Hert, die helaas enkel in het noorden van ons land bekend is &#8211; een gevolg van de splitsing van cultuur &#8211; heeft bekende films gemaakt zoals \u201eDe Witte Van Zichem\u201c (1980), \u201cZware Jongens (1984) en \u201cLijmen\/Het Been\u201d (2000).<\/p>\n<p>Sinds hij zich in Antwerpen kandidaat had gesteld op een alternatieve, linkse en pro-Belgische kieslijst \u201eRood\u201c (die voornamelijk bestond uit voormalige sp.a-leden) voor de gemeenteverkiezingen van 2012 ontving hij geen subsidies van de \u201eVlaamse\u201d regering meer, waardoor hij aan lager wal geraakte.<\/p>\n<p>Het kiesprogramma van \u201cRood\u201d uit 2011 stelde: \u201c<em>De politieke situatie in Belgi\u00eb is explosief. Ons land wordt in zijn voortbestaan bedreigd.<\/em> [\u2026] <em>De separatistische N-VA tracht het land verder te destabiliseren<\/em> [\u2026]. <em>Links heeft als taak een fundamenteel antwoord te bieden op het neoliberale beleid en zijn Vlaams-nationalistische variant die beide de solidariteit fundamenteel en onomkeerbaar willen aantasten. De nationalisten willen een onafhankelijk, rechts Vlaanderen en de ontmanteling van Belgi\u00eb en haar sociale bescherming. De staatshervorming wordt gereduceerd tot het steeds verder opsplitsen van bevoegdheden en bestuursniveaus, ongeacht de relevantie of de rationaliteit ervan.<\/em> [\u2026] <em>Wij willen niet langer wachten tot de Sp.a uit haar coma ontwaakt<\/em>\u201d. (<a href=\"http:\/\/web.archive.org\/web\/20110620012718\/http:\/\/roodlinks.be\/wat-is-spa-rood\">link<\/a>)<\/p>\n<p>Men begrijpt hoezeer de \u201cVlaamse\u201d regering, waar zowel de Sp.a als de N-VA toen deel van uitmaakten, hierdoor ge\u00ebrgergd was.<\/p>\n<p>Momenteel heeft De Hert geen financi\u00eble middelen meer nadat hij 100.000 \u20ac uit zijn eigen zak in zijn documentaireproject heeft ge\u00efnvesteerd.<\/p>\n<p>Ondertussen hebben burgers zich gemobiliseerd en zijn een internetcapagne ten voordele van de regisseur gestart. Zo zou reeds een som van 25.000 \u20ac opgehaald zijn. De B.U.B. hoopt dat Robbe De Hert de nodige fondsen zal kunnen verzamelen om zijn documentaire te kunnen afwerken, die het regime in Antwerpen en in de flamingantenregio zeker niet zal aanstaan. Maar opgelet: zoals anderen, wijst de B.U.B. erop dat er geen giften op de persoonlijke rekening van De Hert mogen gestort worden omdat die riskeren in beslag genomen te worden door zijn schuldeisers. De initiatiefnemers richten best een VZW of een private stichting op met als specifiek doel het draaien van de film.<\/p>\n<p><strong>Voor de B.U.B. is Robbe De Hert een slachtoffer van het \u201eVlaams\u201c-nationalisme. De \u201eVlaamse\u201c regering, noodzakelijkerwijze samengesteld uit flaminganten, heeft geen interesse voor pro-Belgische artiesten, die niet de flamingantische stellingen verdedigen. Anders zou De Hert vandaag een rijke regisseur zijn zoals zijn flamingantische collega Jan Verheyen, een andere bekende filmmaker, die zijn sympathie\u00ebn voor de N-VA nooit onder stoelen of banken heeft gestoken. In dit flamingantisch regime worden cultuur en talent opgeofferd op het altaar van het taalnationalisme.<\/strong><\/p>\n","protected":false},"excerpt":{"rendered":"<p>Le 2 janvier 2017, un article paru dans la presse du nord du pays a \u00e9tonn\u00e9 plus d\u2019un. Le c\u00e9l\u00e8bre r\u00e9gisseur anversois Robbe De Hert (\u00b0 1942) vit dans un petit appartement du CPAS parmi les souris. Il a besoin de 100.000 \u20ac pour terminer un documentaire nomm\u00e9 Hollywood aan de Schelde (\u00ab Hollywood \u00e0 l\u2019Escaut \u00bb).<\/p>\n<p>Op 4 januari 2017 liet een artikel in de pers van het noorden van het land velen niet onbetuigd. De bekende Antwerpse filmmaker Robbe De Hert (\u00b0 1942) woont in een klein appartement van het OCMW tussen de muizen. Hij heeft 100.000 \u20ac nodig om een documentaire genaamd \u201eHollywood aan de Schelde\u201c te be\u00ebindigen.<\/p>\n","protected":false},"author":2,"featured_media":0,"comment_status":"closed","ping_status":"closed","sticky":false,"template":"","format":"standard","meta":{"ngg_post_thumbnail":0,"jetpack_post_was_ever_published":false,"_jetpack_newsletter_access":"","_jetpack_dont_email_post_to_subs":true,"_jetpack_newsletter_tier_id":0,"_jetpack_memberships_contains_paywalled_content":false,"powered_cache_disable_cache":false,"_jetpack_memberships_contains_paid_content":false,"footnotes":"","jetpack_publicize_message":"","jetpack_publicize_feature_enabled":true,"jetpack_social_post_already_shared":true,"jetpack_social_options":{"image_generator_settings":{"template":"highway","default_image_id":0,"font":"","enabled":false},"version":2}},"categories":[1,5],"tags":[],"class_list":["post-11494","post","type-post","status-publish","format-standard","hentry","category-news0","category-opinions"],"jetpack_publicize_connections":[],"jetpack_featured_media_url":"","jetpack_sharing_enabled":true,"jetpack_shortlink":"https:\/\/wp.me\/p6Y7u0-2Zo","jetpack_likes_enabled":false,"_links":{"self":[{"href":"https:\/\/www.unionbelge.be\/index.php?rest_route=\/wp\/v2\/posts\/11494","targetHints":{"allow":["GET"]}}],"collection":[{"href":"https:\/\/www.unionbelge.be\/index.php?rest_route=\/wp\/v2\/posts"}],"about":[{"href":"https:\/\/www.unionbelge.be\/index.php?rest_route=\/wp\/v2\/types\/post"}],"author":[{"embeddable":true,"href":"https:\/\/www.unionbelge.be\/index.php?rest_route=\/wp\/v2\/users\/2"}],"replies":[{"embeddable":true,"href":"https:\/\/www.unionbelge.be\/index.php?rest_route=%2Fwp%2Fv2%2Fcomments&post=11494"}],"version-history":[{"count":1,"href":"https:\/\/www.unionbelge.be\/index.php?rest_route=\/wp\/v2\/posts\/11494\/revisions"}],"predecessor-version":[{"id":11496,"href":"https:\/\/www.unionbelge.be\/index.php?rest_route=\/wp\/v2\/posts\/11494\/revisions\/11496"}],"wp:attachment":[{"href":"https:\/\/www.unionbelge.be\/index.php?rest_route=%2Fwp%2Fv2%2Fmedia&parent=11494"}],"wp:term":[{"taxonomy":"category","embeddable":true,"href":"https:\/\/www.unionbelge.be\/index.php?rest_route=%2Fwp%2Fv2%2Fcategories&post=11494"},{"taxonomy":"post_tag","embeddable":true,"href":"https:\/\/www.unionbelge.be\/index.php?rest_route=%2Fwp%2Fv2%2Ftags&post=11494"}],"curies":[{"name":"wp","href":"https:\/\/api.w.org\/{rel}","templated":true}]}}