{"id":11453,"date":"2016-12-18T17:54:32","date_gmt":"2016-12-18T16:54:32","guid":{"rendered":"http:\/\/www.unionbelge.be\/?p=11453"},"modified":"2016-12-19T00:31:15","modified_gmt":"2016-12-18T23:31:15","slug":"2016-etait-une-annee-charniere-pour-la-belgique-2016-een-kanteljaar-voor-belgie","status":"publish","type":"post","link":"https:\/\/www.unionbelge.be\/?p=11453","title":{"rendered":"2016 ETAIT UNE ANNEE CHARNIERE POUR LA BELGIQUE &#8211; 2016 WAS EEN KANTELJAAR VOOR BELGIE"},"content":{"rendered":"<figure id=\"attachment_11455\" aria-describedby=\"caption-attachment-11455\" style=\"width: 300px\" class=\"wp-caption alignleft\"><a href=\"https:\/\/www.unionbelge.be\/?attachment_id=11455\" rel=\"attachment wp-att-11455\"><img loading=\"lazy\" decoding=\"async\" class=\"size-medium wp-image-11455\" src=\"https:\/\/www.unionbelge.be\/wp-content\/uploads\/2016\/12\/HVDC-300x300.jpg\" alt=\"Hans Van de Cauter, pr\u00e9sident du B.U.B. - voorzitter B.U.B. - Vorsitzender B.U.B.\" width=\"300\" height=\"300\" data-wp-pid=\"11455\" srcset=\"https:\/\/www.unionbelge.be\/wp-content\/uploads\/2016\/12\/HVDC-300x300.jpg 300w, https:\/\/www.unionbelge.be\/wp-content\/uploads\/2016\/12\/HVDC-420x420.jpg 420w, https:\/\/www.unionbelge.be\/wp-content\/uploads\/2016\/12\/HVDC-100x100.jpg 100w, https:\/\/www.unionbelge.be\/wp-content\/uploads\/2016\/12\/HVDC.jpg 600w, https:\/\/www.unionbelge.be\/wp-content\/uploads\/2016\/12\/HVDC-150x150.jpg 150w, https:\/\/www.unionbelge.be\/wp-content\/uploads\/2016\/12\/HVDC-200x200.jpg 200w\" sizes=\"auto, (max-width: 300px) 100vw, 300px\" \/><\/a><figcaption id=\"caption-attachment-11455\" class=\"wp-caption-text\">Hans Van de Cauter, pr\u00e9sident du B.U.B. &#8211; voorzitter B.U.B. &#8211; Vorsitzender B.U.B.<\/figcaption><\/figure>\n<p>Chers membres et sympathisants,<\/p>\n<p><strong>2016 fut une ann\u00e9e charni\u00e8re pour la Belgique.<\/strong> L\u2019ann\u00e9e a en effet \u00e9t\u00e9 caract\u00e9ris\u00e9e par les attentats meurtriers de l\u2019Etat Islamique perp\u00e9tr\u00e9s \u00e0 Bruxelles le 22 mars 2016 causant des dizaines de morts. Ces attentats ont \u2013 tout comme ceux de Paris du 13 novembre 2015 &#8211; soulev\u00e9 des interrogations sur l\u2019efficacit\u00e9 du syst\u00e8me \u00e9tatique en Belgique tant dans la presse nationale qu\u2019internationale parce que la plupart des terroristes vivaient en Belgique o\u00f9 le pouvoir f\u00e9d\u00e9ral et donc la police sont d\u00e9sargent\u00e9s en raison du f\u00e9d\u00e9ralisme, o\u00f9 la s\u00e9curit\u00e9 n\u2019est pas une priorit\u00e9 \u00e0 cause de disputes politico-communautaires et o\u00f9 le ministre de l\u2019int\u00e9rieur ne pouvait m\u00eame pas donner un ordre direct au gestionnaire du m\u00e9tro bruxellois afin de fermer celui-ci apr\u00e8s le premier attentat \u00e0 l\u2019a\u00e9roport de Zaventem de sorte qu&#8217;une seconde bombe a pu exploser dans une rame de m\u00e9tro bond\u00e9e une heure apr\u00e8s.<\/p>\n<p>Pour cette raison, mais aussi en raison de l\u2019inefficacit\u00e9 du syst\u00e8me f\u00e9d\u00e9ral en g\u00e9n\u00e9ral (pensons par exemple \u00e0 la quasi-impossibilit\u00e9 d\u2019arriver \u00e0 un accord belge sur le climat), plusieurs politiciens traditionnels issus du MR, du VLD, voire du CD&amp;V ont plaid\u00e9 pour des ref\u00e9d\u00e9ralisations de mati\u00e8res comme la mobilit\u00e9 et l\u2019environnement.<strong> On peut m\u00eame dire que plus aucun parti belge hormis la N-VA et le Vlaams Belang bien s\u00fbr s\u2019oppose encore \u00e0 des ref\u00e9d\u00e9ralisations de mati\u00e8res scind\u00e9es par les r\u00e9formes de l\u2019Etat pr\u00e9c\u00e9dentes.<\/strong> C\u2019est sans doute un tournant dans la politique belge, mais il reste \u00e0 voir si ce mouvement sera durable et suivi de succ\u00e8s concret. N\u00e9anmoins, cette \u00e9volution est surtout le m\u00e9rite du B.U.B. qui depuis 2002 lutte sans cesse contre le f\u00e9d\u00e9ralisme au moyen de textes politiques bien r\u00e9fl\u00e9chis. Par cons\u00e9quent, c\u2019est provisoirement en tant que mouvement id\u00e9ologique que le B.U.B. est un succ\u00e8s, beaucoup plus qu\u2019en tant que parti. <strong>Le B.U.B. traduit en effet le besoin d\u2019unit\u00e9 pr\u00e9sent chez la plupart des Belges en une id\u00e9ologie concr\u00e8te.<\/strong> C\u2019est important \u00e0 savoir lorsque vous payez votre cotisation du B.U.B..<\/p>\n<p><strong><u>Afin de donner encore plus de voix au message unitariste et de coordonner toutes les actions, le B.U.B. a besoin de votre aide. Nous vous demandons de devenir ou de rester sympathisant ou membre en suivant ce lien : <\/u>\u00a0<\/strong><\/p>\n<p><strong><a href=\"https:\/\/www.unionbelge.be\/?page_id=59\">https:\/\/www.unionbelge.be\/?page_id=59<\/a><\/strong><\/p>\n<p><strong><u>Veuillez remplir le formulaire et payer la cotisation pour 2017 au num\u00e9ro de compte\u00a0: BE91 068 24176 7776. Le montant est 10 \u20ac pour ceux qui ont moins de 25 ans et 20 \u20ac pour ceux qui ont 25 ans ou plus. <\/u><\/strong><\/p>\n<p>A la diff\u00e9rence des partis traditionnels et anti-belges qui re\u00e7oivent annuellement des millions d\u2019euros du contribuable, le B.U.B. ne re\u00e7oit aucun subside.<\/p>\n<p>Nous vous remercions d\u2019avance de votre don et nous nous r\u00e9jouissons d\u00e9j\u00e0 de vous voir \u00e0 notre prochaine r\u00e9union nationale du 25 f\u00e9vrier 2017.<\/p>\n<p>Le B.U.B. vous souhaite une merveilleuse ann\u00e9e 2017\u00a0!<\/p>\n<p>Vive la Belgique\u00a0!<\/p>\n<p>&nbsp;<\/p>\n<p>Salutations belges,<\/p>\n<p>Jeremy Longheval<\/p>\n<p>Secr\u00e9taire du B.U.B.<\/p>\n<p>&nbsp;<\/p>\n<p>Hans Van de Cauter<\/p>\n<p>Pr\u00e9sident du B.U.B.<\/p>\n<p><u><a href=\"https:\/\/www.unionbelge.be\">www.unionbelge.be<\/a><\/u><\/p>\n<p>&nbsp;<\/p>\n<p>Beste leden en sympathisanten,<\/p>\n<p><strong>2016 was een kanteljaar voor Belgi\u00eb.<\/strong> Het jaar werd immers gekenmerkt door de bloedige aanslagen van de Islamitische staat in Brussel op 22 maart 2016, die tientallen doden hebben gemaakt. Die aanslagen hebben \u2013 net zoals die van Parijs van 13 november 2015 \u2013 vragen doen rijzen over de effici\u00ebntie van de staatsstructuur in Belgi\u00eb zowel in de nationale als internationale pers aangezien de meeste terroristen in Belgi\u00eb woonden, waar de federale overheid en dus de politie wegens het federalisme over onvoldoende middelen beschikken, waar veiligheid door politiek-communautaire strubbelingen geen prioriteit is en waar de minister van binnenlandse zaken zelfs geen rechtstreeks bevel kon geven aan de beheerder van de Brusselse metro om deze na de eerste aanslag op de luchthaven van Zaventem te sluiten zodat een tweede bom \u00e9\u00e9n uur later in een boordevol metrostel kon ontploffen.<\/p>\n<p>Om deze reden, maar ook wegens de ineffici\u00ebntie van het federaal systeem in het algemeen (denken we bijvoorbeeld aan de quasi-onmogelijkheid om tot een Belgisch klimaatakkoord te komen), hebben verschillende traditionele politici van de MR, de VLD en zelfs van de CD&amp;V gepleit voor herfederaliseringen van materies zoals mobiliteit en milieu. <strong>Men kan zelfs stellen dat geen enkele Belgische partij buiten natuurlijk de N-VA en het Vlaams Belang nog gekant is tegen herfederaliseringen van bij vorige staatshervormingen gesplitste materies.<\/strong> Dit is ongetwijfeld een keerpunt in de Belgische politiek, maar het blijft afwachten of deze beweging duurzaam zal zijn en met concreet succes bekroond zal worden. Desalniettemin is dit vooral de verdienste van de B.U.B. die sinds 2002 onophoudelijk het federalisme door middel van doordachte politieke teksten bestrijdt. Het is dan ook voorlopig als ideologische beweging dat de B.U.B. successen boekt, veel meer dan als partij. <strong>De B.U.B. vertaalt immers de drang naar eenheid die bij de meeste Belgen leeft in een bruikbare ideologie<\/strong>. Dat is ook belangrijk voor ogen te houden wanneer u uw lidgeld van de B.U.B. betaalt.<\/p>\n<p><strong><u>Om een nog luidere stem aan de unitaristische boodschap te geven en alle acties te co\u00f6rdineren, heeft de B.U.B. uw hulp nodig. We vragen u sympathisant te worden of te blijven door op volgende link te klikken\u00a0: <\/u><\/strong><strong>\u00a0<\/strong><\/p>\n<p><strong><a href=\"https:\/\/www.unionbelge.be\/?page_id=59\">https:\/\/www.unionbelge.be\/?page_id=59<\/a><\/strong><\/p>\n<p><strong><u>Gelieve het formulier in te vullen en het lidgeld voor 2017 te betalen op ons rekeningnummer: BE91 068 24176 7776. Het bedrag is 10 \u20ac voor hen die minder dan 25 jaar oud zijn en 20 \u20ac voor hen die 25 jaar of ouder zijn.<\/u><\/strong><\/p>\n<p>In tegenstelling tot de traditionele en anti-Belgische partijen die jaarlijks miljoenen euro\u2019s\u00a0belastinggeld ontvangen, ontvangt de B.U.B. geen subsidies.<\/p>\n<p>Wij danken u bij voorbaat voor uw gift en kijken er al naar uit u te mogen ontvangen op onze volgende nationale vergadering van 25 februari 2017.<\/p>\n<p>De B.U.B. wenst u een prachtig jaar 2017 !<\/p>\n<p>Leve Belgi\u00eb !<\/p>\n<p>&nbsp;<\/p>\n<p>Met Belgische groeten,<\/p>\n<p>Jeremy Longheval<\/p>\n<p>Secretaris B.U.B.<\/p>\n<p>&nbsp;<\/p>\n<p>Hans Van de Cauter<\/p>\n<p>Voorzitter B.U.B.<\/p>\n<p><a href=\"http:\/\/www.belgischeunie.be\">www.belgischeunie.be<\/a><\/p>\n<p>&nbsp;<\/p>\n<p>&nbsp;<\/p>\n<p>&nbsp;<\/p>\n","protected":false},"excerpt":{"rendered":"<p>2016 fut une ann\u00e9e charni\u00e8re pour la Belgique. L\u2019ann\u00e9e a en effet \u00e9t\u00e9 caract\u00e9ris\u00e9e par les attentats meurtriers de l\u2019Etat Islamique perp\u00e9tr\u00e9s \u00e0 Bruxelles le 22 mars 2016 causant des dizaines de morts. Ces attentats ont \u2013 tout comme ceux de Paris du 13 novembre 2015 &#8211; soulev\u00e9 des interrogations sur l\u2019efficacit\u00e9 du syst\u00e8me \u00e9tatique en Belgique tant dans la presse nationale qu\u2019internationale parce que la plupart des terroristes vivaient en Belgique o\u00f9 le pouvoir f\u00e9d\u00e9ral et donc la police ne disposent pas de suffisamment de moyens \u00e0 cause du f\u00e9d\u00e9ralisme, o\u00f9 la s\u00e9curit\u00e9 n\u2019est pas une priorit\u00e9 \u00e0 cause de disputes politico-communautaires et o\u00f9 le ministre de l\u2019int\u00e9rieur ne pouvait m\u00eame pas donner un ordre direct au gestionnaire du m\u00e9tro bruxellois afin de fermer celui-ci apr\u00e8s le premier attentat \u00e0 l\u2019a\u00e9roport de Zaventem de sorte qu&#8217;une seconde bombe a pu exploser dans une rame de m\u00e9tro bond\u00e9e une heure apr\u00e8s.<\/p>\n<p>2016 was een kanteljaar voor Belgi\u00eb. Het jaar werd immers gekenmerkt door de bloedige aanslagen van de Islamitische staat in Brussel op 22 maart 2016, die tientallen doden hebben gemaakt. Die aanslagen hebben \u2013 net zoals die van Parijs van 13 november 2015 \u2013 vragen doen rijzen over de effici\u00ebntie van de staatsstructuur in Belgi\u00eb zowel in de nationale als internationale pers aangezien de meeste terroristen in Belgi\u00eb woonden, waar de federale overheid en dus de politie wegens het federalisme over onvoldoende middelen beschikken, waar veiligheid door politiek-communautaire strubbelingen geen prioriteit is en waar de minister van binnenlandse zaken zelfs geen rechtstreeks bevel kon geven aan de beheerder van de Brusselse metro om deze na de eerste aanslag op de luchthaven van Zaventem te sluiten zodat een tweede bom \u00e9\u00e9n uur later in een boordevol metrostel kon ontploffen.<\/p>\n","protected":false},"author":2,"featured_media":0,"comment_status":"closed","ping_status":"closed","sticky":false,"template":"","format":"standard","meta":{"ngg_post_thumbnail":0,"jetpack_post_was_ever_published":false,"_jetpack_newsletter_access":"","_jetpack_dont_email_post_to_subs":true,"_jetpack_newsletter_tier_id":0,"_jetpack_memberships_contains_paywalled_content":false,"powered_cache_disable_cache":false,"_jetpack_memberships_contains_paid_content":false,"footnotes":"","jetpack_publicize_message":"","jetpack_publicize_feature_enabled":true,"jetpack_social_post_already_shared":true,"jetpack_social_options":{"image_generator_settings":{"template":"highway","default_image_id":0,"font":"","enabled":false},"version":2}},"categories":[4],"tags":[],"class_list":["post-11453","post","type-post","status-publish","format-standard","hentry","category-info"],"jetpack_publicize_connections":[],"jetpack_featured_media_url":"","jetpack_sharing_enabled":true,"jetpack_shortlink":"https:\/\/wp.me\/p6Y7u0-2YJ","jetpack_likes_enabled":false,"_links":{"self":[{"href":"https:\/\/www.unionbelge.be\/index.php?rest_route=\/wp\/v2\/posts\/11453","targetHints":{"allow":["GET"]}}],"collection":[{"href":"https:\/\/www.unionbelge.be\/index.php?rest_route=\/wp\/v2\/posts"}],"about":[{"href":"https:\/\/www.unionbelge.be\/index.php?rest_route=\/wp\/v2\/types\/post"}],"author":[{"embeddable":true,"href":"https:\/\/www.unionbelge.be\/index.php?rest_route=\/wp\/v2\/users\/2"}],"replies":[{"embeddable":true,"href":"https:\/\/www.unionbelge.be\/index.php?rest_route=%2Fwp%2Fv2%2Fcomments&post=11453"}],"version-history":[{"count":6,"href":"https:\/\/www.unionbelge.be\/index.php?rest_route=\/wp\/v2\/posts\/11453\/revisions"}],"predecessor-version":[{"id":11461,"href":"https:\/\/www.unionbelge.be\/index.php?rest_route=\/wp\/v2\/posts\/11453\/revisions\/11461"}],"wp:attachment":[{"href":"https:\/\/www.unionbelge.be\/index.php?rest_route=%2Fwp%2Fv2%2Fmedia&parent=11453"}],"wp:term":[{"taxonomy":"category","embeddable":true,"href":"https:\/\/www.unionbelge.be\/index.php?rest_route=%2Fwp%2Fv2%2Fcategories&post=11453"},{"taxonomy":"post_tag","embeddable":true,"href":"https:\/\/www.unionbelge.be\/index.php?rest_route=%2Fwp%2Fv2%2Ftags&post=11453"}],"curies":[{"name":"wp","href":"https:\/\/api.w.org\/{rel}","templated":true}]}}