{"id":11446,"date":"2016-12-14T17:14:51","date_gmt":"2016-12-14T16:14:51","guid":{"rendered":"http:\/\/www.unionbelge.be\/?p=11446"},"modified":"2016-12-19T23:50:51","modified_gmt":"2016-12-19T22:50:51","slug":"bart-de-wever-poseert-met-de-belgische-vlag-bart-de-wever-pose-avec-le-drapeau-belge","status":"publish","type":"post","link":"https:\/\/www.unionbelge.be\/?p=11446","title":{"rendered":"BART DE WEVER POSEERT MET DE BELGISCHE VLAG &#8211; BART DE WEVER POSE AVEC LE DRAPEAU BELGE"},"content":{"rendered":"<figure id=\"attachment_11447\" aria-describedby=\"caption-attachment-11447\" style=\"width: 300px\" class=\"wp-caption alignleft\"><a href=\"https:\/\/www.unionbelge.be\/?attachment_id=11447\" rel=\"attachment wp-att-11447\"><img loading=\"lazy\" decoding=\"async\" class=\"size-medium wp-image-11447\" src=\"https:\/\/www.unionbelge.be\/wp-content\/uploads\/2016\/12\/BELG-VLAG-300x199.jpg\" alt=\"Bron-source: www.standaard.be; foto-photo: Kris Hossey\" width=\"300\" height=\"199\" data-wp-pid=\"11447\" \/><\/a><figcaption id=\"caption-attachment-11447\" class=\"wp-caption-text\">Bron-source: www.standaard.be; foto-photo: Kris Hossey<\/figcaption><\/figure>\n<p><strong>ZELFS FLAMINGANTEN KUNNEN BELGISCHE REALITEIT NIET ONTKENNEN<\/strong><\/p>\n<p><strong>N-VA- voorzitter en burgemeester van Antwerpen Bart de Wever kan niet aan de Belgische realiteit ontsnappen. Tijdens een Antwerpse handelsmissie in de Zuid-Koreaanse hoofdstad Seoul poseerde hij op 13 december 2016 op vraag van zijn museumgids met de Belgische vlag in een museum dat de Koreaanse oorlog van 1950 herdenkt. Tijdens deze oorlog kwamen ook Belgische soldaten om.<\/strong><\/p>\n<p>Zoals de VRT terecht opmerkte is dit een zeldzame foto. Bart De Wever is immers tot nader order een separatist, die bij hem thuis een affiche heeft hangen over de flamingantische onafhankelijkheidsverklaring van 1917, die gedaan werd in het kader van de \u201eFlamenpolitik\u201c van de Duitse bezetter.<\/p>\n<p>De B.U.B. stelt vast dat zelfs flaminganten de Belgische realiteit niet kunnen ontkennen.<\/p>\n<p>&nbsp;<\/p>\n<p><strong>MEME LES FLAMINGANTS NE PEUVENT PAS NIER LA REALITE BELGE<\/strong><\/p>\n<p><strong>Le pr\u00e9sident de la N-VA et bourgmestre d\u2019Anvers, Bart De Wever, ne sait pas s\u2019\u00e9chapper de la r\u00e9alit\u00e9 belge. Le 13 d\u00e9cembre 2016, lors d\u2019une mission commerciale dans la capitale sud-cor\u00e9enne S\u00e9oul, il a pos\u00e9 \u00e0 la demande de son guide avec le drapeau belge dans un mus\u00e9e consacr\u00e9 \u00e0 la guerre de Cor\u00e9e de 1950. Cette guerre a aussi co\u00fbt\u00e9 la vie \u00e0 des soldats belges.<\/strong><\/p>\n<p>Comme la VRT le remarquait \u00e0 juste titre, il s\u2019agit d\u2019une photo rare. Jusqu\u2019\u00e0 preuve du contraire, Bart De Wever est en effet un s\u00e9paratiste, qui a\u00a0 accroch\u00e9 dans sa maison une affiche sur la d\u00e9claration d\u2019ind\u00e9pendance flamingante de 1917, qui a \u00e9t\u00e9 faite dans le cadre de la \u00ab\u00a0Flamenpolitik\u00a0\u00bb de l\u2019occupant allemand.<\/p>\n<p>Le B.U.B. constate que m\u00eame les flamingants ne savent pas nier la r\u00e9alit\u00e9 belge.<\/p>\n","protected":false},"excerpt":{"rendered":"<p>N-VA- voorzitter en burgemeester van Antwerpen Bart de Wever kan niet aan de Belgische realiteit ontsnappen. Tijdens een Antwerpse handelsmissie in de Zuid-Koreaanse hoofdstad Seoul poseerde hij op 13 december 2016 op vraag van zijn museumgids met de Belgische vlag in een museum dat de Koreaanse oorlog van 1950 herdenkt. Tijdens deze oorlog kwamen ook Belgische soldaten om.<\/p>\n<p>Le pr\u00e9sident de la N-VA et bourgmestre d\u2019Anvers, Bart De Wever, ne sait pas s\u2019\u00e9chapper de la r\u00e9alit\u00e9 belge. Le 13 d\u00e9cembre 2016, lors d\u2019une mission commerciale dans la capitale sud-cor\u00e9enne S\u00e9oul, il a pos\u00e9 \u00e0 la demande de son guide avec le drapeau belge dans un mus\u00e9e consacr\u00e9 \u00e0 la guerre de Cor\u00e9e de 1950. Cette guerre a aussi co\u00fbt\u00e9 la vie \u00e0 des soldats belges.<\/p>\n","protected":false},"author":2,"featured_media":0,"comment_status":"closed","ping_status":"closed","sticky":false,"template":"","format":"standard","meta":{"ngg_post_thumbnail":0,"jetpack_post_was_ever_published":false,"_jetpack_newsletter_access":"","_jetpack_dont_email_post_to_subs":true,"_jetpack_newsletter_tier_id":0,"_jetpack_memberships_contains_paywalled_content":false,"powered_cache_disable_cache":false,"_jetpack_memberships_contains_paid_content":false,"footnotes":"","jetpack_publicize_message":"","jetpack_publicize_feature_enabled":true,"jetpack_social_post_already_shared":true,"jetpack_social_options":{"image_generator_settings":{"template":"highway","default_image_id":0,"font":"","enabled":false},"version":2}},"categories":[1],"tags":[],"class_list":["post-11446","post","type-post","status-publish","format-standard","hentry","category-news0"],"jetpack_publicize_connections":[],"jetpack_featured_media_url":"","jetpack_sharing_enabled":true,"jetpack_shortlink":"https:\/\/wp.me\/p6Y7u0-2YC","jetpack_likes_enabled":false,"_links":{"self":[{"href":"https:\/\/www.unionbelge.be\/index.php?rest_route=\/wp\/v2\/posts\/11446","targetHints":{"allow":["GET"]}}],"collection":[{"href":"https:\/\/www.unionbelge.be\/index.php?rest_route=\/wp\/v2\/posts"}],"about":[{"href":"https:\/\/www.unionbelge.be\/index.php?rest_route=\/wp\/v2\/types\/post"}],"author":[{"embeddable":true,"href":"https:\/\/www.unionbelge.be\/index.php?rest_route=\/wp\/v2\/users\/2"}],"replies":[{"embeddable":true,"href":"https:\/\/www.unionbelge.be\/index.php?rest_route=%2Fwp%2Fv2%2Fcomments&post=11446"}],"version-history":[{"count":3,"href":"https:\/\/www.unionbelge.be\/index.php?rest_route=\/wp\/v2\/posts\/11446\/revisions"}],"predecessor-version":[{"id":11466,"href":"https:\/\/www.unionbelge.be\/index.php?rest_route=\/wp\/v2\/posts\/11446\/revisions\/11466"}],"wp:attachment":[{"href":"https:\/\/www.unionbelge.be\/index.php?rest_route=%2Fwp%2Fv2%2Fmedia&parent=11446"}],"wp:term":[{"taxonomy":"category","embeddable":true,"href":"https:\/\/www.unionbelge.be\/index.php?rest_route=%2Fwp%2Fv2%2Fcategories&post=11446"},{"taxonomy":"post_tag","embeddable":true,"href":"https:\/\/www.unionbelge.be\/index.php?rest_route=%2Fwp%2Fv2%2Ftags&post=11446"}],"curies":[{"name":"wp","href":"https:\/\/api.w.org\/{rel}","templated":true}]}}