{"id":10531,"date":"2016-09-24T21:33:21","date_gmt":"2016-09-24T20:33:21","guid":{"rendered":"http:\/\/www.unionbelge.be\/?p=10531"},"modified":"2016-09-25T20:49:47","modified_gmt":"2016-09-25T19:49:47","slug":"taalfederalisme-ook-racisme-le-federalisme-linguistique-est-aussi-du-racisme","status":"publish","type":"post","link":"https:\/\/www.unionbelge.be\/?p=10531","title":{"rendered":"TAALFEDERALISME IS OOK RACISME &#8211; LE FEDERALISME LINGUISTIQUE EST AUSSI DU RACISME"},"content":{"rendered":"<figure id=\"attachment_10532\" aria-describedby=\"caption-attachment-10532\" style=\"width: 300px\" class=\"wp-caption alignleft\"><a href=\"https:\/\/www.unionbelge.be\/?attachment_id=10532\" rel=\"attachment wp-att-10532\"><img loading=\"lazy\" decoding=\"async\" class=\"size-medium wp-image-10532\" src=\"https:\/\/www.unionbelge.be\/wp-content\/uploads\/2016\/09\/19886758-7c1c-11e6-a066-6fa611021acb_web_scale_0.130988_0.130988__-300x200.jpg\" alt=\"bron-source: www.nieuwsblad.be, wver\/Belga\" width=\"300\" height=\"200\" data-wp-pid=\"10532\" srcset=\"https:\/\/www.unionbelge.be\/wp-content\/uploads\/2016\/09\/19886758-7c1c-11e6-a066-6fa611021acb_web_scale_0.130988_0.130988__-300x200.jpg 300w, https:\/\/www.unionbelge.be\/wp-content\/uploads\/2016\/09\/19886758-7c1c-11e6-a066-6fa611021acb_web_scale_0.130988_0.130988__.jpg 629w\" sizes=\"auto, (max-width: 300px) 100vw, 300px\" \/><\/a><figcaption id=\"caption-attachment-10532\" class=\"wp-caption-text\">bron-source: www.nieuwsblad.be, wver\/Belga<\/figcaption><\/figure>\n<p><strong>VAN BIESEN: HYPOCRIETE REACTIES<\/strong><\/p>\n<p><strong>Op 15 september 2016\u00a0zou\u00a0Luk Van Biesen, volksvertegenwoordiger voor de\u00a0VLD, \u00a0\u00ab <em>Ga terug naar Marokko\u00a0!<\/em>\u00a0\u00bb geroepen hebben naar Meryame Kitir (sp.a), een parlementair van Marokkaanse origine. Bijna alle partijen en hun media hebben deze uitspraken veroordeeld. De B.U.B. kant zich tegen <span style=\"text-decoration: underline;\">elke<\/span> vorm van racisme, maar klaagt de enorme <span style=\"text-decoration: underline;\">hypocrisie<\/span> van de parti- en mediacratie aan.\u00a0\u00a0<\/strong><\/p>\n<p>Terecht hebben heel wat politici en journalisten het\u00a0gedrag van de liberaal gehekeld. Nochtans vergeten ze iets belangrijks. Sedert de jaren 60\u00a0wordt de Belgische politiek enerzijds\u00a0overstelpt door taalracistische uitlatingen en daden van particratische flaminganten tegen Belgische Franstaligen, die men ook en ten onrechte &#8221;Walen&#8221; noemt, en van wallingantische particraten tegen Nederlandstalige Belgen, die al even verkeerd als &#8221;Vlamingen&#8221; bestempeld worden.<\/p>\n<p>Dit taalracisme wordt nooit bestraft en geeft zelfs geen aanleiding tot negatieve reacties vanwege politici van dezelfde taalgroep. Meer nog, sedert 1970 heeft de particratie een federaal systeem uitgebouwd gebaseerd op gemeenschappen en gewesten die op hun beurt weer op taalgrenzen berusten. Niet alleen is het taalracisme dus politiek correct, het is ook nog eens ge\u00efnstitutionaliseerd.<\/p>\n<p>Toen bv.\u00a0de zesde ( ! ) staatshervorming\u00a0in 2012 gestemd werd, hebben bijna alle politici dit akkoord toegejuicht. Nochtans heeft deze &#8216;staatshervorming&#8217; Belgi\u00eb nog meer versnipperd en de kloof tussen de rechten van de\u00a0Nederlandstaligen, Franstaligen en Duitstaligen\u00a0nog meer uitgediept. Alleen de B.U.B. heeft totnogtoe deze racistische feiten veroordeeld.\u00a0Hoe kan men overigens voorstander zijn van het samenleven met andere nationaliteiten en religies in \u00e9\u00e9n staat, maar niet met eigen landgenoten die een andere taal spreken?<\/p>\n<p><strong>De B.U.B. is daarom van mening dat de kritiek t.a.v. Van Biesen,\u00a0hoewel gerechtvaardigd,\u00a0tegelijk bijzonder hypocriet is omdat andere racistische daden tussen Belgen (!) getolereerd, ja zelfs aangemoedigd en ge\u00efnstitutionaliseerd worden.\u00a0<\/strong><\/p>\n<p>&nbsp;<\/p>\n<p><strong>VAN BESIEN\u00a0: DES REACTIONS HYPOCRITES\u00a0<\/strong><\/p>\n<p><strong>Le 15 septembre 2016, le repr\u00e9sentant \u00e0 la Chambre Luk Van Biesen (VLD) aurait cri\u00e9 \u00ab\u00a0<em>Retourne au Maroc\u00a0!<\/em>\u00a0\u00bb \u00e0 une parlementaire d\u2019origine marocaine Meryame Kitir (SP.a). Presque tous les partis et leurs m\u00e9dias ont condamn\u00e9 ces propos. Le B.U.B. s\u2019oppose \u00e0 <span style=\"text-decoration: underline;\">toute<\/span> forme de racisme, mais souligne l\u2019\u00e9norme <span style=\"text-decoration: underline;\">hypocrisie<\/span> de la particratie et de la m\u00e9diacratie.\u00a0<\/strong><\/p>\n<p>Bon nombre de politiciens et de journalistes ont fustig\u00e9 \u00e0 juste titre le comportement du parlementaire lib\u00e9ral. Toutefois, ils oublient une chose importante. Depuis les ann\u00e9es 60, la politique belge est \u00e9maill\u00e9e de d\u00e9clarations et actes racistes sur le plan linguistique de la part de particrates flamingants contre les Belges francophones, appel\u00e9s faussement \u00ab\u00a0Wallons\u00a0\u00bb, et de la part de particrates wallingants \u00e0 l\u2019encontre des Belges n\u00e9erlandophones, appel\u00e9s tout aussi faussement \u00ab\u00a0Flamands\u00a0\u00bb.<\/p>\n<p>Ce racisme linguistique n\u2019est jamais puni et ne donne m\u00eame pas lieu \u00e0 des r\u00e9actions n\u00e9gatives de la part des autres politiciens du m\u00eame groupe linguistique. Qui plus est, depuis 1970, la particratie a construit tout un syst\u00e8me f\u00e9d\u00e9ral sur base de r\u00e9gions et communaut\u00e9s, qui sont elles-m\u00eames construites sur base de fronti\u00e8res linguistiques. Le racisme linguistique n\u2019est donc pas seulement politiquement correct, mais aussi institutionnalis\u00e9. Par exemple, lors du vote sur la sixi\u00e8me ( ! )\u00a0r\u00e9forme de l\u2019Etat en 2012, presque tous les politiciens ont applaudi cet accord. N\u00e9anmoins, cette r\u00e9forme de l\u2019Etat a encore plus morcel\u00e9 la Belgique et encore plus creus\u00e9 le foss\u00e9 entre les droits des Belges n\u00e9erlandophones,\u00a0francophones et germanophones.<\/p>\n<p>Seul le B.U.B. a condamn\u00e9 ces faits racistes jusqu\u2019ici. Comment peut-on d&#8217;ailleurs \u00eatre favorable \u00e0 une soci\u00e9t\u00e9 o\u00f9 l\u2019on vit ensemble avec d\u2019autres nationalit\u00e9s et d&#8217;autres religions\u00a0tout en rejetant de vivre ensemble avec ses propres compatriotes qui parlent une autre langue?<\/p>\n<p><strong>Le B.U.B. est d\u00e8s lors d\u2019avis que la critique \u00e0 l\u2019\u00e9gard de Van Biesen est justifi\u00e9e, mais en m\u00eame temps particuli\u00e8rement hypocrite parce que d\u2019autres actes racistes entre Belges (!) sont tol\u00e9r\u00e9s, voire stimul\u00e9s et institutionnalis\u00e9s.<\/strong><\/p>\n","protected":false},"excerpt":{"rendered":"<p>Op 15 september 2016 zou Luk Van Biesen, volksvertegenwoordiger voor de VLD,  \u00ab Ga terug naar Marokko ! \u00bb geroepen hebben naar Meryame Kitir (sp.a), een parlementair van Marokkaanse origine. Bijna alle partijen en hun media hebben deze uitspraken veroordeeld. De B.U.B. kant zich tegen elke vorm van racisme, maar klaagt de enorme hypocrisie van de parti- en mediacratie aan.  <\/p>\n<p>Le 15 septembre 2016, le repr\u00e9sentant \u00e0 la Chambre Luk Van Biesen (VLD) aurait cri\u00e9 \u00ab Retourne au Maroc ! \u00bb \u00e0 une parlementaire d\u2019origine marocaine Meryame Kitir (SP.a). Presque tous les partis et leurs m\u00e9dias ont condamn\u00e9 ces propos. Le B.U.B. s\u2019oppose \u00e0 toute forme de racisme, mais souligne l\u2019\u00e9norme hypocrisie de la particratie et de la m\u00e9diacratie. <\/p>\n","protected":false},"author":2,"featured_media":0,"comment_status":"closed","ping_status":"closed","sticky":false,"template":"","format":"standard","meta":{"ngg_post_thumbnail":0,"jetpack_post_was_ever_published":false,"_jetpack_newsletter_access":"","_jetpack_dont_email_post_to_subs":false,"_jetpack_newsletter_tier_id":0,"_jetpack_memberships_contains_paywalled_content":false,"powered_cache_disable_cache":false,"_jetpack_memberships_contains_paid_content":false,"footnotes":"","jetpack_publicize_message":"","jetpack_publicize_feature_enabled":true,"jetpack_social_post_already_shared":true,"jetpack_social_options":{"image_generator_settings":{"template":"highway","default_image_id":0,"font":"","enabled":false},"version":2}},"categories":[1,5],"tags":[],"class_list":["post-10531","post","type-post","status-publish","format-standard","hentry","category-news0","category-opinions"],"jetpack_publicize_connections":[],"jetpack_featured_media_url":"","jetpack_sharing_enabled":true,"jetpack_shortlink":"https:\/\/wp.me\/p6Y7u0-2JR","jetpack_likes_enabled":false,"_links":{"self":[{"href":"https:\/\/www.unionbelge.be\/index.php?rest_route=\/wp\/v2\/posts\/10531","targetHints":{"allow":["GET"]}}],"collection":[{"href":"https:\/\/www.unionbelge.be\/index.php?rest_route=\/wp\/v2\/posts"}],"about":[{"href":"https:\/\/www.unionbelge.be\/index.php?rest_route=\/wp\/v2\/types\/post"}],"author":[{"embeddable":true,"href":"https:\/\/www.unionbelge.be\/index.php?rest_route=\/wp\/v2\/users\/2"}],"replies":[{"embeddable":true,"href":"https:\/\/www.unionbelge.be\/index.php?rest_route=%2Fwp%2Fv2%2Fcomments&post=10531"}],"version-history":[{"count":2,"href":"https:\/\/www.unionbelge.be\/index.php?rest_route=\/wp\/v2\/posts\/10531\/revisions"}],"predecessor-version":[{"id":10534,"href":"https:\/\/www.unionbelge.be\/index.php?rest_route=\/wp\/v2\/posts\/10531\/revisions\/10534"}],"wp:attachment":[{"href":"https:\/\/www.unionbelge.be\/index.php?rest_route=%2Fwp%2Fv2%2Fmedia&parent=10531"}],"wp:term":[{"taxonomy":"category","embeddable":true,"href":"https:\/\/www.unionbelge.be\/index.php?rest_route=%2Fwp%2Fv2%2Fcategories&post=10531"},{"taxonomy":"post_tag","embeddable":true,"href":"https:\/\/www.unionbelge.be\/index.php?rest_route=%2Fwp%2Fv2%2Ftags&post=10531"}],"curies":[{"name":"wp","href":"https:\/\/api.w.org\/{rel}","templated":true}]}}