{"id":10518,"date":"2016-09-16T11:00:35","date_gmt":"2016-09-16T10:00:35","guid":{"rendered":"http:\/\/www.unionbelge.be\/?p=10518"},"modified":"2016-09-18T11:55:57","modified_gmt":"2016-09-18T10:55:57","slug":"de-klucht-van-het-vlaams-nationalisme-la-farce-du-nationalisme-flamand","status":"publish","type":"post","link":"https:\/\/www.unionbelge.be\/?p=10518","title":{"rendered":"DE KLUCHT VAN HET \u2018VLAAMS\u2019-NATIONALISME &#8211; LA FARCE DU NATIONALISME \u201cFLAMAND\u201d"},"content":{"rendered":"<figure id=\"attachment_10519\" aria-describedby=\"caption-attachment-10519\" style=\"width: 300px\" class=\"wp-caption alignleft\"><a href=\"https:\/\/www.unionbelge.be\/?attachment_id=10519\" rel=\"attachment wp-att-10519\"><img loading=\"lazy\" decoding=\"async\" class=\"size-medium wp-image-10519\" src=\"https:\/\/www.unionbelge.be\/wp-content\/uploads\/2016\/09\/collagebourgeois-300x201.jpg\" alt=\"bron-source: gva.be, Belga\" width=\"300\" height=\"201\" data-wp-pid=\"10519\" \/><\/a><figcaption id=\"caption-attachment-10519\" class=\"wp-caption-text\">bron-source: gva.be, Belga<\/figcaption><\/figure>\n<p><strong>TERREUR OP DE GORDEL<\/strong><\/p>\n<p><strong>Op zondag 4 september 2016 organiseerden de flaminganten hun traditionele Gordel. Wat vroeger een redelijk populair gebeuren was, is nu verworden tot een zielige vertoning, die aangeeft hoe zeer het \u201cVlaams\u201d-nationalisme verzwakt en zelfs stervende is.<\/strong><\/p>\n<p>Op het terrein is het \u201cVlaams\u201d-nationalisme al morsdood. Ten bewijze: in 1999 trok de Ijzerbedevaart nog 15.000 toeschouwers (DS, 30.08.99).\u00a0\u00a0In 2003 werd het evenement opgesplitst (op zich al grappig)\u00a0in een extreem-radicale Ijzerwake en een zogezegd &#8216;gematigde&#8217; Ijzerbedevaart. Maar dat zorgde niet voor de verhoopte\u00a0verbetering. Zo trok de Ijzerbedevaart in 2015 nog enkele honderden toeschouwers (<a href=\"http:\/\/deredactie.be\">deredactie.be<\/a>, 11.11.15), terwijl de Ijzerwake dit jaar nog zo&#8217;n 3.500 man op de been bracht (<a href=\"http:\/\/deredactie.be\">deredactie.be<\/a>, 26.08.16).<\/p>\n<p>11 juli wordt ook niet gevierd, tenzij door de flamingantische overheid. De Gordel vergaat het al niet veel beter, maar die zorgt wel voor wat animo.<\/p>\n<p>De Gordel is tegelijk een sportief en politiek evenement. Het betreft een fietstocht rond Brussel die het zogezegd\u00a0 \u201cVlaamse\u201d karakter van de Rand wil benadrukken. Imperialisme dus: de Brusselse rand was immers\u00a0nooit &#8216;Vlaams&#8217;, wel Brabants. Wat er bovendien zo \u201cVlaams\u201d is aan gemeenten die voor 75% door Franstaligen bewoond worden (<em>Antwoord op de Parl. vraag nr. 1027 m.b.t. het aantal belastingplichtigen in de personenbelasting die hun aanslagbiljet respectievelijk in het Nederlands en het Frans gekregen hebben in elk van de faciliteitengemeenten van het Nederlandstalige taalgebied<\/em> d.d. 08.06.16) is ook een raadsel.<\/p>\n<p>Hoe dan ook spreken de cijfers ook hier voor zich. In 1993 deden 110.000 mensen mee aan de Gordel. In 2000 slonk dat aantal tot 80.0000. In 2012 waren er nog 30.000 deelnemers en dit jaar 16.000 (bronnen: <a href=\"http:\/\/sportvlaanderen.be\">sportvlaanderen.be<\/a>, DS 02.09.12,\u00a0<a href=\"http:\/\/deredactie.be\">deredactie.be<\/a>, 4.09.16). Een pijlsnelle daling dus. Een enkele\u00a0thuiswedstrijd van de Rode Duivels trekt moeiteloos\u00a0tweemaal meer toeschouwers dan alle flamingantische manifestaties samen.<\/p>\n<p>In de, net als het \u201cVlaams\u201d-nationalisme, stilaan verdampende Gordel zorgde het incident tussen de zelfverklaarde &#8216;Vlaamse&#8217;\u00a0&#8216;minister-president&#8217; Geert Bourgeois (N-VA) en de voorzitter van het &#8216;Vlaams&#8217; Belang, Tom Van Grieken, dit jaar gelukkig voor een ludieke noot. Het\u00a0blijkt nu\u00a0dat de\u00a0onderlinge\u00a0baldadigheden\u00a0tussen de flaminganten\u00a0alleszins een stuk bitsiger verlopen dan de acties van het FDF die de voorbije jaren weleens duimspijkers op het parcours strooide.<\/p>\n<p>De partij van Van Grieken voerde, aldus <em>De Standaard<\/em> (04.09.16), actie tegen de &#8216;<em>ontnederlandsing<\/em>&#8216; van de Rand\u00a0(bepaalde flaminganten \u2013 de meest extreme <em>nota bene<\/em> \u2013 of de geschreven pers worden blijkbaar voorzichtiger in hun woordgebruik). Na enkele tientallen meters kwam Bourgeois in botsing met Van Grieken. <strong>Het leek wel een min of meer moderne mini-versie van de Guldensporenslag: de fiets tegen de soldaat te voet.<\/strong><\/p>\n<p>Twee versies van de feiten doen de ronde. Volgens Van Grieken reed Bourgeois opzettelijk op hem af met als doel een incident voor de camera&#8217;s te cre\u00ebren. Daarom zou hij zich met opzet hebben laten vallen.<\/p>\n<p>Zeker is alvast dat indien het om een ongeval ging, Bourgeois wel spijt zal gehad hebben dat hij niet gehinderd werd door &#8216;<em>een verdomde Waal<\/em>&#8216;, op wie hij had kunnen &#8216;<em>spuwen<\/em>&#8216; (<a href=\"https:\/\/www.unionbelge.be\/?p=10418\">zie onze tekst<\/a>).<\/p>\n<p>Bourgeois daarentegen\u00a0houdt vol dat Van Grieken voor zijn fiets was gaan staan, dat hij hem blokkeerde. Een echte Blokker dus, die Van Grieken.<\/p>\n<p><strong>Belangrijker zijn de steeds weer terugkerende commentaren van de steeds minder talrijke deelnemers die in de media verkondigen dat ze alleen aan de Gordel meedoen voor de sport, maar niet voor de politiek. Binnenkort wordt hun schaamte zo groot dat ze op die eerste septemberzondag zonder twijfel wel ergens anders gaan fietsen.<\/strong><\/p>\n<p>&nbsp;<\/p>\n<p><strong>LA TERREUR SUR LE PARCOURS DU \u201cGORDEL\u201d<\/strong><\/p>\n<p><strong>Le dimanche 4 septembre 2016, les flamingants ont organis\u00e9 traditionnellement leur \u201c<em>Gordel<\/em>\u201d (Boucle en p\u00e9riph\u00e9rie bruxelloise). Ce qui fut autrefois un \u00e9v\u00e9nement assez populaire s\u2019est d\u00e9grad\u00e9 en un spectacle pitoyable, d\u00e9montrant dans quelle mesure le nationalisme \u201cflamand\u201d est affaibli, voire moribond.\u00a0 \u00a0<\/strong><\/p>\n<p>Sur le terrain, le nationalisme \u201cflamand\u201d est d\u00e9j\u00e0 quasiment mort. Pour preuve: en 1999 le P\u00e8lerinage de l\u2019Yser (\u201c<em>Ijzerbedevaart<\/em>\u201d) attirait encore 15.000 participants (DS, 30.08.99).\u00a0\u00a0En 2003, l\u2019\u00e9v\u00e9nement fut scind\u00e9 (ce qui est en soi d\u00e9j\u00e0 marrant) en une Veill\u00e9e de l&#8217;Yser (\u201c<em>Ijzerwake<\/em>\u201d) ultra-radicale d\u2019une part et un P\u00e8lerinage de l\u2019Yser soi-disant mod\u00e9r\u00e9 d\u2019autre part. Toutefois, cela n\u2019a pas apport\u00e9 l\u2019am\u00e9lioration attendue. Ainsi, le P\u00e8lerinage de l\u2019Yser ne rassemblait plus que quelques centaines de personnes en 2015 (<a href=\"http:\/\/deredactie.be\">deredactie.be<\/a>, 11.11.15). La Veill\u00e9e de l\u2019Yser, quant \u00e0 elle, a mobilis\u00e9 encore plus ou moins 3.500 personnes cette ann\u00e9e (<a href=\"http:\/\/deredactie.be\">deredactie.be<\/a>, 26.08.16). Le 11 juillet n\u2019est pas non plus c\u00e9l\u00e9br\u00e9 si ce n\u2019est que par les autorit\u00e9s flamingantes. Bien que le \u201cGordel\u201d ne se porte gu\u00e8re mieux, il a au moins le m\u00e9rite de susciter une certaine hilarit\u00e9.<\/p>\n<p>Le \u201c<em>Gordel<\/em>\u201d est \u00e0 la fois un \u00e9v\u00e9nement sportif et politique. Il s\u2019agit d\u2019une excursion \u00e0 v\u00e9lo autour de Bruxelles, visant \u00e0 souligner le caract\u00e8re soi-disant \u201cflamand\u201d de la p\u00e9riph\u00e9rie: une action imp\u00e9rialiste de la plus belle eau donc. En effet, la p\u00e9riph\u00e9rie bruxelloise n\u2019a jamais \u00e9t\u00e9 flamande. Elle \u00e9tait et elle est braban\u00e7onne.<\/p>\n<p>Qu\u2019y a-t-il d\u2019ailleurs de \u201cflamand\u201d \u00e0 des communes qui sont habit\u00e9es par 75% de francophones? Cela reste\u00a0 particuli\u00e8rement \u00e9nigmatique (<em>R\u00e9ponse \u00e0 la Question parlementaire n\u00b0 1027 concernant le nombre de contribuables assujettis \u00e0 l&#8217;imp\u00f4t des personnes physiques qui ont re\u00e7u leur avertissement-extrait de r\u00f4le, respectivement en fran\u00e7ais et en n\u00e9erlandais, dans chacune des communes \u00e0 facilit\u00e9s de la r\u00e9gion de langue n\u00e9erlandaise<\/em> du 08.06.16).<\/p>\n<p>Quoi qu\u2019il en soit, les chiffres parlent de nouveau d\u2019eux-m\u00eames. En 1993, 110.000 personnes participaient au \u201c<em>Gordel<\/em>\u201d, un nombre qui descendait \u00e0 80.000 en 2000. En 2012, 30.000 cyclistes y ont encore particip\u00e9 et cette ann\u00e9e-ci il y en avait encore 16.000 (sources: <a href=\"http:\/\/sportvlaanderen.be\">sportvlaanderen.be<\/a>, DS 02.09.12,\u00a0<a href=\"http:\/\/deredactie.be\">deredactie.be<\/a>, 4.09.16). Une descente en fl\u00e8che, donc. Un seul match \u00e0 domicile des Diables Rouges attire facilement deux fois plus de spectateurs que l\u2019ensemble de toutes les manifestations flamingantes.<\/p>\n<p>Fort heureusement, ce \u201c<em>Gordel<\/em>\u201d qui, \u00e0 l\u2019image du nationalisme \u201cflamand\u201d, s\u2019\u00e9vapore peu \u00e0 peu fut embelli cette ann\u00e9e par un incident entre l\u2019auto-proclam\u00e9 \u201cministre-pr\u00e9sident\u201d \u201cflamand\u201d Geert Bourgeois (N-VA) et le pr\u00e9sident du &#8216;Vlaams&#8217; Belang, Tom Van Grieken.<\/p>\n<p>Il s\u2019av\u00e8re maintenant que les polissonneries mutuelles entre les flamingants sont de toute fa\u00e7on beaucoup plus acides que les actions du FDF, qui a occasionnellement r\u00e9pandu des punaises le long du parcours les derni\u00e8res ann\u00e9es.<\/p>\n<p>Selon <em>De Standaard<\/em> (04.09.16), le parti de Van Grieken menait une campagne contre le \u201contnederlandsing\u201d de la P\u00e9riph\u00e9rie (la \u201cd\u00e9-n\u00e9\u00e9rlandisation\u201d donc) (certains flamingants \u2013 notamment les plus radicaux \u2013 ou la presse \u00e9crite deviennent apparemment plus prudent au niveau de la terminologie). Quelques dizaines de m\u00e8tres apr\u00e8s son d\u00e9part, Bourgeois a chut\u00e9 apr\u00e8s avoir roul\u00e9 sur Van Grieken. <strong>On semblait assister \u00e0 une version en miniature et plus ou moins modernis\u00e9e de la Bataille des Eperons d\u2019Or\u00a0: la bicyclette oppos\u00e9e au soldat \u00e0 pied.\u00a0<\/strong><\/p>\n<p>Deux versions des faits circulent. Selon Van Grieken, Bourgeois l&#8217;a intentionnellement vis\u00e9 afin de cr\u00e9er un incident devant les cam\u00e9ras. C\u2019est pourquoi il se serait laiss\u00e9 tomber d\u00e9lib\u00e9r\u00e9ment. Geert Bourgeois de sa part soutient que Van Grieken s&#8217;\u00e9tait plac\u00e9 expr\u00e8s devant sa roue, le bloquant ainsi. Un vrai \u00ab\u00a0<em>Blokker<\/em>\u00a0\u00bb donc, ce Van Grieken.<\/p>\n<p>Il est toutefois s\u00fbr que s\u2019il s\u2019agissait d\u2019un accident, Bourgeois a sans doute regrett\u00e9 de ne pas avoir \u00e9t\u00e9 g\u00ean\u00e9 par \u00ab\u00a0<em>un putain de Wallon<\/em>\u00a0\u00bb sur qui il aurait pu \u00ab\u00a0<em>cracher<\/em>\u00a0\u00bb (<a href=\"https:\/\/www.unionbelge.be\/?p=10418\">voir notre texte<\/a>).<\/p>\n<p><strong>Plus importants sont les commentaires r\u00e9currents des participants toujours moins nombreux d\u00e9clarant dans les m\u00e9dias qu\u2019ils ne participent au \u201c<em>Gordel<\/em>\u201d que pour l\u2019aspect sportif, mais non pour des raisons politiques. D\u2019ici peu, leur honte deviendra tellement grande, qu\u2019ils iront sans doute faire du v\u00e9lo ailleurs le premier dimanche de septembre.<\/strong><\/p>\n","protected":false},"excerpt":{"rendered":"<p>Op zondag 4 september 2016 organiseerden de flaminganten hun traditionele Gordel. Wat vroeger een redelijk populair gebeuren was, is nu verworden tot een zielige vertoning, die aangeeft hoe zeer het \u201cVlaams\u201d-nationalisme verzwakt en zelfs stervende is.<\/p>\n<p>Le dimanche 4 septembre 2016, les flamingants ont organis\u00e9 traditionnellement leur \u201cGordel\u201d (Boucle en p\u00e9riph\u00e9rie bruxelloise). Ce qui fut autrefois un \u00e9v\u00e9nement assez populaire s\u2019est d\u00e9grad\u00e9 en un spectacle pitoyable, d\u00e9montrant dans quelle mesure le nationalisme \u201cflamand\u201d est affaibli, voire moribond. <\/p>\n","protected":false},"author":2,"featured_media":0,"comment_status":"closed","ping_status":"closed","sticky":false,"template":"","format":"standard","meta":{"ngg_post_thumbnail":0,"jetpack_post_was_ever_published":false,"_jetpack_newsletter_access":"","_jetpack_dont_email_post_to_subs":false,"_jetpack_newsletter_tier_id":0,"_jetpack_memberships_contains_paywalled_content":false,"powered_cache_disable_cache":false,"_jetpack_memberships_contains_paid_content":false,"footnotes":"","jetpack_publicize_message":"","jetpack_publicize_feature_enabled":true,"jetpack_social_post_already_shared":true,"jetpack_social_options":{"image_generator_settings":{"template":"highway","default_image_id":0,"font":"","enabled":false},"version":2}},"categories":[1,5],"tags":[],"class_list":["post-10518","post","type-post","status-publish","format-standard","hentry","category-news0","category-opinions"],"jetpack_publicize_connections":[],"jetpack_featured_media_url":"","jetpack_sharing_enabled":true,"jetpack_shortlink":"https:\/\/wp.me\/p6Y7u0-2JE","jetpack_likes_enabled":false,"_links":{"self":[{"href":"https:\/\/www.unionbelge.be\/index.php?rest_route=\/wp\/v2\/posts\/10518","targetHints":{"allow":["GET"]}}],"collection":[{"href":"https:\/\/www.unionbelge.be\/index.php?rest_route=\/wp\/v2\/posts"}],"about":[{"href":"https:\/\/www.unionbelge.be\/index.php?rest_route=\/wp\/v2\/types\/post"}],"author":[{"embeddable":true,"href":"https:\/\/www.unionbelge.be\/index.php?rest_route=\/wp\/v2\/users\/2"}],"replies":[{"embeddable":true,"href":"https:\/\/www.unionbelge.be\/index.php?rest_route=%2Fwp%2Fv2%2Fcomments&post=10518"}],"version-history":[{"count":1,"href":"https:\/\/www.unionbelge.be\/index.php?rest_route=\/wp\/v2\/posts\/10518\/revisions"}],"predecessor-version":[{"id":10520,"href":"https:\/\/www.unionbelge.be\/index.php?rest_route=\/wp\/v2\/posts\/10518\/revisions\/10520"}],"wp:attachment":[{"href":"https:\/\/www.unionbelge.be\/index.php?rest_route=%2Fwp%2Fv2%2Fmedia&parent=10518"}],"wp:term":[{"taxonomy":"category","embeddable":true,"href":"https:\/\/www.unionbelge.be\/index.php?rest_route=%2Fwp%2Fv2%2Fcategories&post=10518"},{"taxonomy":"post_tag","embeddable":true,"href":"https:\/\/www.unionbelge.be\/index.php?rest_route=%2Fwp%2Fv2%2Ftags&post=10518"}],"curies":[{"name":"wp","href":"https:\/\/api.w.org\/{rel}","templated":true}]}}