{"id":10511,"date":"2016-09-03T15:19:43","date_gmt":"2016-09-03T14:19:43","guid":{"rendered":"http:\/\/www.unionbelge.be\/?p=10511"},"modified":"2016-09-04T09:50:27","modified_gmt":"2016-09-04T08:50:27","slug":"caterpillar-aux-multinationales-sans-scrupules-caterpillar-neen-tegen-multinationals-zonder-scrupules","status":"publish","type":"post","link":"https:\/\/www.unionbelge.be\/?p=10511","title":{"rendered":"CATERPILLAR : NON AUX MULTINATIONALES SANS SCRUPULES ! &#8211; CATERPILLAR : NEEN TEGEN MULTINATIONALS ZONDER SCRUPULES !"},"content":{"rendered":"<figure id=\"attachment_10512\" aria-describedby=\"caption-attachment-10512\" style=\"width: 300px\" class=\"wp-caption alignleft\"><a href=\"https:\/\/www.unionbelge.be\/?attachment_id=10512\" rel=\"attachment wp-att-10512\"><img loading=\"lazy\" decoding=\"async\" class=\"size-medium wp-image-10512\" src=\"https:\/\/www.unionbelge.be\/wp-content\/uploads\/2016\/09\/323110868569bc944823102367c649d1-1472739039-300x169.jpg\" alt=\"bron-source: belga, www.rtbf.be\" width=\"300\" height=\"169\" data-wp-pid=\"10512\" srcset=\"https:\/\/www.unionbelge.be\/wp-content\/uploads\/2016\/09\/323110868569bc944823102367c649d1-1472739039-300x169.jpg 300w, https:\/\/www.unionbelge.be\/wp-content\/uploads\/2016\/09\/323110868569bc944823102367c649d1-1472739039-768x431.jpg 768w, https:\/\/www.unionbelge.be\/wp-content\/uploads\/2016\/09\/323110868569bc944823102367c649d1-1472739039-1024x575.jpg 1024w, https:\/\/www.unionbelge.be\/wp-content\/uploads\/2016\/09\/323110868569bc944823102367c649d1-1472739039-800x449.jpg 800w, https:\/\/www.unionbelge.be\/wp-content\/uploads\/2016\/09\/323110868569bc944823102367c649d1-1472739039.jpg 1248w\" sizes=\"auto, (max-width: 300px) 100vw, 300px\" \/><\/a><figcaption id=\"caption-attachment-10512\" class=\"wp-caption-text\">bron-source: belga, www.rtbf.be<\/figcaption><\/figure>\n<p><strong>IL NOUS FAUT UN PROTECTIONNISME MESURE <\/strong><\/p>\n<p><strong>Le 2 septembre 2016, la soci\u00e9t\u00e9 am\u00e9ricaine Caterpillar, un grand producteur d\u2019engins de construction, a d\u00e9cid\u00e9 de fermer son usine de Gosselies en province du Hainaut causant la perte de 2.200 emplois directs et encore environ 6.000 emplois indirects. Ce n\u2019est pas la premi\u00e8re fermeture totale de grandes entreprises en Belgique. Le B.U.B. estime que l\u2019UE et la Belgique doivent prendre des mesures drastiques.<\/strong><\/p>\n<p>Apr\u00e8s les fermetures de Renault Vilvorde en 1997, d\u2019Opel Anvers en 2010 et de Ford Genk en 2014, les particrates r\u00e9agissaient tous de la m\u00eame fa\u00e7on. Ils trouvaient la d\u00e9cision scandaleuse sans prendre des mesures concr\u00e8tes. Si la soci\u00e9t\u00e9 commerciale est europ\u00e9enne comme Renault, les r\u00e8gles de l\u2019UE (la libre circulation des marchandises et des services) interdisent de sanctionner cette entreprise, mais si elle est extra-europ\u00e9enne, l\u2019UE et le pays touch\u00e9 par la fermeture brusque sans compensations doivent oser prendre des mesures drastiques parce que toutes ces entreprises, malgr\u00e9 la fermeture de leur usine locale, continuent \u00e0 vendre leurs produits sur le march\u00e9 concern\u00e9.<\/p>\n<p>Le B.U.B. propose donc de rehausser les droits d\u2019importation sur les produits de ces entreprises qui d\u00e9cident de fermer une usine ou de r\u00e9duire le nombre de travailleurs de fa\u00e7on drastique dans un pays de l\u2019UE, \u00e0 moins que ces entreprises n\u2019offrent des compensations financi\u00e8res ou des investissements en termes d\u2019emploi au pays touch\u00e9. Notre march\u00e9 reste donc ouvert aux produits de ces grandes entreprises, mais celles-ci ne pourront plus les vendre au prix de march\u00e9, ce qui les rendra moins concurrentielles en Europe.<\/p>\n<p><strong>Il s\u2019agit d\u2019une mesure protectionniste mesur\u00e9e et simple qui peut \u00eatre appliqu\u00e9e tr\u00e8s rapidement. Gr\u00e2ce \u00e0 cette mesure, le B.U.B. esp\u00e8re qu\u2019\u00e0 l\u2019avenir les entreprises multinationales sans scrupules r\u00e9fl\u00e9chiront deux fois avant de proc\u00e9der \u00e0 une fermeture d\u2019entreprise ou \u00e0 un licenciement massif.<\/strong><\/p>\n<p>&nbsp;<\/p>\n<p><strong>WE HEBBEN NOOD AAN EEN GEMATIGD PROTECTIONISME <\/strong><\/p>\n<p><strong>Op 2 september 2016 besloot de Amerikaanse vennootschap Caterpillar, een grote producent van bouwmachines, zijn fabriek van Gosselies in de provincie Henegouwen te sluiten waardoor 2.200 rechtstreekse en nog eens ongeveer 6.000 onrechtstreekse banen verloren geraken. Dit is niet de eerste totale sluiting van grote bedrijven in Belgi\u00eb. De B.U.B. is van mening dat de EU en Belgi\u00eb drastische maatregelen moeten nemen.<\/strong><\/p>\n<p>Na de sluitingen van Renault Vilvoorde in 1997, Opel Antwerpen in 2010 en Ford Genk in 2014 reageerden de particraten allen op dezelfde manier. Ze vonden de beslissing schandalig zonder concrete handelingen te stellen. Wanneer de onderneming Europees is zoals Renault, verbieden de regels van de EU (vrij verkeer van goederen en diensten) dit bedrijf te bestraffen, maar als het niet-Europees is moeten de EU en het land, dat door de bruuske sluiting zonder compensaties getroffen wordt, drastische maatregelen durven nemen omdat al die ondernemingen, ondanks de sluiting van hun lokale fabriek, verder hun producten op de betrokken markt blijven verkopen.<\/p>\n<p>De B.U.B. stelt dan ook voor de invoerrechten te verhogen op de producten van deze ondernemingen, die beslissen een fabriek te sluiten of hun aantal werknemers in een land van de EU drastisch te verlagen, tenzij deze ondernemingen financi\u00eble compensaties aanbieden of investeringen in arbeid aan het getroffen land. Onze markt blijft dus open voor de producten van die grote ondernemingen, maar zij zullen hun producten niet meer aan de marktprijs kunnen verkopen, wat ze minder concurrentieel in Europa zal maken.<\/p>\n<p><strong>Het gaat om een gematigde en simpele protectionistische maatregel die vanaf zeer snel kan toegepast worden. Dankzij die maatregel hoopt de B.U.B. dat in de toekomst de multinationals zonder scrupules twee keer zullen nadenken alvorens een fabriek te sluiten of massaal personeel te ontslaan.<\/strong><\/p>\n","protected":false},"excerpt":{"rendered":"<p>Le 2 septembre 2016, la soci\u00e9t\u00e9 am\u00e9ricaine Caterpillar, un grand producteur d\u2019engins de construction, a d\u00e9cid\u00e9 de fermer son usine de Gosselies en province du Hainaut causant la perte de 2.200 emplois directs et encore environ 6.000 emplois indirects. Ce n\u2019est pas la premi\u00e8re fermeture totale de grandes entreprises en Belgique. Le B.U.B. estime que l\u2019UE et la Belgique doivent prendre des mesures drastiques.<\/p>\n<p>Op 2 september 2016 besloot de Amerikaanse vennootschap Caterpillar, een grote producent van bouwmachines, zijn fabriek van Gosselies in de provincie Henegouwen te sluiten waardoor 2.200 rechtstreekse en nog eens ongeveer 6.000 onrechtstreekse banen verloren geraken. Dit is niet de eerste totale sluiting van grote bedrijven in Belgi\u00eb. De B.U.B. is van mening dat de EU en Belgi\u00eb drastische maatregelen moeten nemen.<\/p>\n","protected":false},"author":2,"featured_media":0,"comment_status":"closed","ping_status":"closed","sticky":false,"template":"","format":"standard","meta":{"ngg_post_thumbnail":0,"jetpack_post_was_ever_published":false,"_jetpack_newsletter_access":"","_jetpack_dont_email_post_to_subs":false,"_jetpack_newsletter_tier_id":0,"_jetpack_memberships_contains_paywalled_content":false,"powered_cache_disable_cache":false,"_jetpack_memberships_contains_paid_content":false,"footnotes":"","jetpack_publicize_message":"","jetpack_publicize_feature_enabled":true,"jetpack_social_post_already_shared":true,"jetpack_social_options":{"image_generator_settings":{"template":"highway","default_image_id":0,"font":"","enabled":false},"version":2}},"categories":[23,1],"tags":[],"class_list":["post-10511","post","type-post","status-publish","format-standard","hentry","category-economy","category-news0"],"jetpack_publicize_connections":[],"jetpack_featured_media_url":"","jetpack_sharing_enabled":true,"jetpack_shortlink":"https:\/\/wp.me\/p6Y7u0-2Jx","jetpack_likes_enabled":false,"_links":{"self":[{"href":"https:\/\/www.unionbelge.be\/index.php?rest_route=\/wp\/v2\/posts\/10511","targetHints":{"allow":["GET"]}}],"collection":[{"href":"https:\/\/www.unionbelge.be\/index.php?rest_route=\/wp\/v2\/posts"}],"about":[{"href":"https:\/\/www.unionbelge.be\/index.php?rest_route=\/wp\/v2\/types\/post"}],"author":[{"embeddable":true,"href":"https:\/\/www.unionbelge.be\/index.php?rest_route=\/wp\/v2\/users\/2"}],"replies":[{"embeddable":true,"href":"https:\/\/www.unionbelge.be\/index.php?rest_route=%2Fwp%2Fv2%2Fcomments&post=10511"}],"version-history":[{"count":3,"href":"https:\/\/www.unionbelge.be\/index.php?rest_route=\/wp\/v2\/posts\/10511\/revisions"}],"predecessor-version":[{"id":10516,"href":"https:\/\/www.unionbelge.be\/index.php?rest_route=\/wp\/v2\/posts\/10511\/revisions\/10516"}],"wp:attachment":[{"href":"https:\/\/www.unionbelge.be\/index.php?rest_route=%2Fwp%2Fv2%2Fmedia&parent=10511"}],"wp:term":[{"taxonomy":"category","embeddable":true,"href":"https:\/\/www.unionbelge.be\/index.php?rest_route=%2Fwp%2Fv2%2Fcategories&post=10511"},{"taxonomy":"post_tag","embeddable":true,"href":"https:\/\/www.unionbelge.be\/index.php?rest_route=%2Fwp%2Fv2%2Ftags&post=10511"}],"curies":[{"name":"wp","href":"https:\/\/api.w.org\/{rel}","templated":true}]}}